{"id":1236,"date":"2023-06-06T00:00:14","date_gmt":"2023-06-05T22:00:14","guid":{"rendered":"http:\/\/www.joseph-wresinski.org\/de\/?p=1236"},"modified":"2023-06-04T18:03:34","modified_gmt":"2023-06-04T16:03:34","slug":"partizipation","status":"publish","type":"post","link":"https:\/\/www.joseph-wresinski.org\/de\/partizipation\/","title":{"rendered":"Teilnehmen und teilhaben"},"content":{"rendered":"<p>Was die Familien und mich selbst immer wieder entz\u00fcckt, ist die Entdeckung, dass Christus st\u00e4ndig am Leben der Armen teilnimmt. Die Beteiligung der Armen <em>an unseren Projekten<\/em> ist eine Erfindung unserer Zeit. Sie scheint mir von einem Missverst\u00e4ndnis \u00fcber die Ann\u00e4herung zwischen Reichen und Armen herzur\u00fchren. Wer soll sich von wem inspirieren lassen? Wer besitzt die Lebenserfahrungen und die wesentlichen Einsichten, die zur Erneuerung der Welt, unserer Institutionen, unserer Religion und unseres Glaubens unentbehrlich sind?<\/p>\n<p>Jesus vertritt keinen &#8222;partizipativen Ansatz&#8220;. Er ist mit den Menschen v\u00f6llig verbunden. Und so geht von den Gespr\u00e4chen, denen wir beiwohnen d\u00fcrfen, jedes Mal ein erstaunliches Licht aus. Ein Licht, das gerade deshalb \u00fcberrascht, weil die \u00c4rmsten nicht nur an einem ohne sie erarbeiteten Denken Anteil bekommen. Sie sind Sch\u00f6pfer eines Denkens und dieses entspringt ihrer Erfahrung der extremen Armut. Es \u00fcberrascht unweigerlich die Wohlhabenden. Das scheint mit der ureigenen Logik des Evangeliums \u00fcbereinzustimmen.<\/p>\n<p>&nbsp;<\/p>\n","protected":false},"excerpt":{"rendered":"<p>Was die Familien und mich selbst immer wieder entz\u00fcckt, ist die Entdeckung, dass Christus st\u00e4ndig am Leben der Armen teilnimmt. (&#8230;) <a class=\"more-link\" href=\"https:\/\/www.joseph-wresinski.org\/de\/partizipation\/\">Weiterlesen &#8230; <span class=\"meta-nav\">&rarr;<\/span><\/a><\/p>\n","protected":false},"author":9,"featured_media":3129,"comment_status":"open","ping_status":"open","sticky":false,"template":"","format":"standard","meta":{"_acf_changed":false,"ep_exclude_from_search":false,"footnotes":""},"categories":[81,70],"tags":[90,95],"class_list":["post-1236","post","type-post","status-publish","format-standard","has-post-thumbnail","hentry","category-ausschnitte-aus-buechern","category-schriften","tag-partizipation","tag-spiritualitaet"],"acf":[],"yoast_head":"<!-- This site is optimized with the Yoast SEO plugin v27.5 - https:\/\/yoast.com\/product\/yoast-seo-wordpress\/ -->\n<title>Teilnehmen und teilhaben - Joseph Wresinski DE<\/title>\n<meta name=\"robots\" content=\"index, follow, max-snippet:-1, max-image-preview:large, max-video-preview:-1\" \/>\n<link rel=\"canonical\" href=\"https:\/\/www.joseph-wresinski.org\/de\/partizipation\/\" \/>\n<meta property=\"og:locale\" content=\"de_DE\" \/>\n<meta property=\"og:type\" content=\"article\" \/>\n<meta property=\"og:title\" content=\"Teilnehmen und teilhaben - Joseph Wresinski DE\" \/>\n<meta property=\"og:description\" content=\"Was die Familien und mich selbst immer wieder entz\u00fcckt, ist die Entdeckung, dass Christus st\u00e4ndig am Leben der Armen teilnimmt. (...) Weiterlesen ... &rarr;\" \/>\n<meta property=\"og:url\" content=\"https:\/\/www.joseph-wresinski.org\/de\/partizipation\/\" \/>\n<meta property=\"og:site_name\" content=\"Joseph Wresinski DE\" \/>\n<meta property=\"article:published_time\" content=\"2023-06-05T22:00:14+00:00\" \/>\n<meta property=\"og:image\" content=\"https:\/\/www.joseph-wresinski.org\/de\/wp-content\/uploads\/sites\/17\/2023\/06\/839px-Prodigal_son_by_Rembrandt_drawing_1642.jpeg\" \/>\n\t<meta property=\"og:image:width\" content=\"839\" \/>\n\t<meta property=\"og:image:height\" content=\"720\" \/>\n\t<meta property=\"og:image:type\" content=\"image\/jpeg\" \/>\n<meta name=\"author\" content=\"marierose\" \/>\n<meta name=\"twitter:card\" content=\"summary_large_image\" \/>\n<meta name=\"twitter:label1\" content=\"Verfasst von\" \/>\n\t<meta name=\"twitter:data1\" content=\"marierose\" \/>\n\t<meta name=\"twitter:label2\" content=\"Gesch\u00e4tzte Lesezeit\" \/>\n\t<meta name=\"twitter:data2\" content=\"1\u00a0Minute\" \/>\n<script type=\"application\/ld+json\" class=\"yoast-schema-graph\">{\"@context\":\"https:\\\/\\\/schema.org\",\"@graph\":[{\"@type\":\"Article\",\"@id\":\"https:\\\/\\\/www.joseph-wresinski.org\\\/de\\\/partizipation\\\/#article\",\"isPartOf\":{\"@id\":\"https:\\\/\\\/www.joseph-wresinski.org\\\/de\\\/partizipation\\\/\"},\"author\":{\"name\":\"marierose\",\"@id\":\"https:\\\/\\\/www.joseph-wresinski.org\\\/de\\\/#\\\/schema\\\/person\\\/b109719571a37c1b82861ad6a5e5626d\"},\"headline\":\"Teilnehmen und teilhaben\",\"datePublished\":\"2023-06-05T22:00:14+00:00\",\"mainEntityOfPage\":{\"@id\":\"https:\\\/\\\/www.joseph-wresinski.org\\\/de\\\/partizipation\\\/\"},\"wordCount\":162,\"commentCount\":0,\"image\":{\"@id\":\"https:\\\/\\\/www.joseph-wresinski.org\\\/de\\\/partizipation\\\/#primaryimage\"},\"thumbnailUrl\":\"https:\\\/\\\/www.joseph-wresinski.org\\\/de\\\/wp-content\\\/uploads\\\/sites\\\/17\\\/2023\\\/06\\\/839px-Prodigal_son_by_Rembrandt_drawing_1642.jpeg\",\"keywords\":[\"Partizipation\",\"Spiritualit\u00e4t\"],\"articleSection\":[\"Ausschnitte aus B\u00fcchern\",\"Schriften\"],\"inLanguage\":\"de\",\"potentialAction\":[{\"@type\":\"CommentAction\",\"name\":\"Comment\",\"target\":[\"https:\\\/\\\/www.joseph-wresinski.org\\\/de\\\/partizipation\\\/#respond\"]}]},{\"@type\":\"WebPage\",\"@id\":\"https:\\\/\\\/www.joseph-wresinski.org\\\/de\\\/partizipation\\\/\",\"url\":\"https:\\\/\\\/www.joseph-wresinski.org\\\/de\\\/partizipation\\\/\",\"name\":\"Teilnehmen und teilhaben - Joseph Wresinski DE\",\"isPartOf\":{\"@id\":\"https:\\\/\\\/www.joseph-wresinski.org\\\/de\\\/#website\"},\"primaryImageOfPage\":{\"@id\":\"https:\\\/\\\/www.joseph-wresinski.org\\\/de\\\/partizipation\\\/#primaryimage\"},\"image\":{\"@id\":\"https:\\\/\\\/www.joseph-wresinski.org\\\/de\\\/partizipation\\\/#primaryimage\"},\"thumbnailUrl\":\"https:\\\/\\\/www.joseph-wresinski.org\\\/de\\\/wp-content\\\/uploads\\\/sites\\\/17\\\/2023\\\/06\\\/839px-Prodigal_son_by_Rembrandt_drawing_1642.jpeg\",\"datePublished\":\"2023-06-05T22:00:14+00:00\",\"author\":{\"@id\":\"https:\\\/\\\/www.joseph-wresinski.org\\\/de\\\/#\\\/schema\\\/person\\\/b109719571a37c1b82861ad6a5e5626d\"},\"breadcrumb\":{\"@id\":\"https:\\\/\\\/www.joseph-wresinski.org\\\/de\\\/partizipation\\\/#breadcrumb\"},\"inLanguage\":\"de\",\"potentialAction\":[{\"@type\":\"ReadAction\",\"target\":[\"https:\\\/\\\/www.joseph-wresinski.org\\\/de\\\/partizipation\\\/\"]}]},{\"@type\":\"ImageObject\",\"inLanguage\":\"de\",\"@id\":\"https:\\\/\\\/www.joseph-wresinski.org\\\/de\\\/partizipation\\\/#primaryimage\",\"url\":\"https:\\\/\\\/www.joseph-wresinski.org\\\/de\\\/wp-content\\\/uploads\\\/sites\\\/17\\\/2023\\\/06\\\/839px-Prodigal_son_by_Rembrandt_drawing_1642.jpeg\",\"contentUrl\":\"https:\\\/\\\/www.joseph-wresinski.org\\\/de\\\/wp-content\\\/uploads\\\/sites\\\/17\\\/2023\\\/06\\\/839px-Prodigal_son_by_Rembrandt_drawing_1642.jpeg\",\"width\":839,\"height\":720,\"caption\":\"O+ 048, 15-07-2005, 10:33, 8C, 7992x7281 (0+1412), 100%, Dinsdag, 1\\\/120 s, R62.7, G33.7, B39.2\"},{\"@type\":\"BreadcrumbList\",\"@id\":\"https:\\\/\\\/www.joseph-wresinski.org\\\/de\\\/partizipation\\\/#breadcrumb\",\"itemListElement\":[{\"@type\":\"ListItem\",\"position\":1,\"name\":\"Startseite\",\"item\":\"https:\\\/\\\/www.joseph-wresinski.org\\\/de\\\/\"},{\"@type\":\"ListItem\",\"position\":2,\"name\":\"Teilnehmen und teilhaben\"}]},{\"@type\":\"WebSite\",\"@id\":\"https:\\\/\\\/www.joseph-wresinski.org\\\/de\\\/#website\",\"url\":\"https:\\\/\\\/www.joseph-wresinski.org\\\/de\\\/\",\"name\":\"Joseph Wresinski DE\",\"description\":\"Eine Webseite des  Joseph-Wresinski-Zentrums\",\"potentialAction\":[{\"@type\":\"SearchAction\",\"target\":{\"@type\":\"EntryPoint\",\"urlTemplate\":\"https:\\\/\\\/www.joseph-wresinski.org\\\/de\\\/?s={search_term_string}\"},\"query-input\":{\"@type\":\"PropertyValueSpecification\",\"valueRequired\":true,\"valueName\":\"search_term_string\"}}],\"inLanguage\":\"de\"},{\"@type\":\"Person\",\"@id\":\"https:\\\/\\\/www.joseph-wresinski.org\\\/de\\\/#\\\/schema\\\/person\\\/b109719571a37c1b82861ad6a5e5626d\",\"name\":\"marierose\",\"image\":{\"@type\":\"ImageObject\",\"inLanguage\":\"de\",\"@id\":\"https:\\\/\\\/secure.gravatar.com\\\/avatar\\\/f95cff9f685fb88e8d5f8b06a21a1fa123c2d2c32fb5ae7520a100d4365f3ee7?s=96&d=mm&r=g\",\"url\":\"https:\\\/\\\/secure.gravatar.com\\\/avatar\\\/f95cff9f685fb88e8d5f8b06a21a1fa123c2d2c32fb5ae7520a100d4365f3ee7?s=96&d=mm&r=g\",\"contentUrl\":\"https:\\\/\\\/secure.gravatar.com\\\/avatar\\\/f95cff9f685fb88e8d5f8b06a21a1fa123c2d2c32fb5ae7520a100d4365f3ee7?s=96&d=mm&r=g\",\"caption\":\"marierose\"},\"description\":\"Volontaire-permanente du Mouvement international ATD Quart Monde depuis 1987, domicili\u00e9e \u00e0 Fribourg, Suisse, j'ai traduit en allemand plusieurs livres et textes de Joseph Wresinski. J'ai publi\u00e9 en 2005 une th\u00e8se en th\u00e9ologie intitul\u00e9e \\\"Joseph Wresinski, Wortf\u00fchrer der \u00c4rmsten im theologischen Diskurs\\\".\",\"url\":\"https:\\\/\\\/www.joseph-wresinski.org\\\/de\\\/author\\\/marierose\\\/\"}]}<\/script>\n<!-- \/ Yoast SEO plugin. -->","yoast_head_json":{"title":"Teilnehmen und teilhaben - Joseph Wresinski DE","robots":{"index":"index","follow":"follow","max-snippet":"max-snippet:-1","max-image-preview":"max-image-preview:large","max-video-preview":"max-video-preview:-1"},"canonical":"https:\/\/www.joseph-wresinski.org\/de\/partizipation\/","og_locale":"de_DE","og_type":"article","og_title":"Teilnehmen und teilhaben - Joseph Wresinski DE","og_description":"Was die Familien und mich selbst immer wieder entz\u00fcckt, ist die Entdeckung, dass Christus st\u00e4ndig am Leben der Armen teilnimmt. (...) Weiterlesen ... &rarr;","og_url":"https:\/\/www.joseph-wresinski.org\/de\/partizipation\/","og_site_name":"Joseph Wresinski DE","article_published_time":"2023-06-05T22:00:14+00:00","og_image":[{"width":839,"height":720,"url":"https:\/\/www.joseph-wresinski.org\/de\/wp-content\/uploads\/sites\/17\/2023\/06\/839px-Prodigal_son_by_Rembrandt_drawing_1642.jpeg","type":"image\/jpeg"}],"author":"marierose","twitter_card":"summary_large_image","twitter_misc":{"Verfasst von":"marierose","Gesch\u00e4tzte Lesezeit":"1\u00a0Minute"},"schema":{"@context":"https:\/\/schema.org","@graph":[{"@type":"Article","@id":"https:\/\/www.joseph-wresinski.org\/de\/partizipation\/#article","isPartOf":{"@id":"https:\/\/www.joseph-wresinski.org\/de\/partizipation\/"},"author":{"name":"marierose","@id":"https:\/\/www.joseph-wresinski.org\/de\/#\/schema\/person\/b109719571a37c1b82861ad6a5e5626d"},"headline":"Teilnehmen und teilhaben","datePublished":"2023-06-05T22:00:14+00:00","mainEntityOfPage":{"@id":"https:\/\/www.joseph-wresinski.org\/de\/partizipation\/"},"wordCount":162,"commentCount":0,"image":{"@id":"https:\/\/www.joseph-wresinski.org\/de\/partizipation\/#primaryimage"},"thumbnailUrl":"https:\/\/www.joseph-wresinski.org\/de\/wp-content\/uploads\/sites\/17\/2023\/06\/839px-Prodigal_son_by_Rembrandt_drawing_1642.jpeg","keywords":["Partizipation","Spiritualit\u00e4t"],"articleSection":["Ausschnitte aus B\u00fcchern","Schriften"],"inLanguage":"de","potentialAction":[{"@type":"CommentAction","name":"Comment","target":["https:\/\/www.joseph-wresinski.org\/de\/partizipation\/#respond"]}]},{"@type":"WebPage","@id":"https:\/\/www.joseph-wresinski.org\/de\/partizipation\/","url":"https:\/\/www.joseph-wresinski.org\/de\/partizipation\/","name":"Teilnehmen und teilhaben - Joseph Wresinski DE","isPartOf":{"@id":"https:\/\/www.joseph-wresinski.org\/de\/#website"},"primaryImageOfPage":{"@id":"https:\/\/www.joseph-wresinski.org\/de\/partizipation\/#primaryimage"},"image":{"@id":"https:\/\/www.joseph-wresinski.org\/de\/partizipation\/#primaryimage"},"thumbnailUrl":"https:\/\/www.joseph-wresinski.org\/de\/wp-content\/uploads\/sites\/17\/2023\/06\/839px-Prodigal_son_by_Rembrandt_drawing_1642.jpeg","datePublished":"2023-06-05T22:00:14+00:00","author":{"@id":"https:\/\/www.joseph-wresinski.org\/de\/#\/schema\/person\/b109719571a37c1b82861ad6a5e5626d"},"breadcrumb":{"@id":"https:\/\/www.joseph-wresinski.org\/de\/partizipation\/#breadcrumb"},"inLanguage":"de","potentialAction":[{"@type":"ReadAction","target":["https:\/\/www.joseph-wresinski.org\/de\/partizipation\/"]}]},{"@type":"ImageObject","inLanguage":"de","@id":"https:\/\/www.joseph-wresinski.org\/de\/partizipation\/#primaryimage","url":"https:\/\/www.joseph-wresinski.org\/de\/wp-content\/uploads\/sites\/17\/2023\/06\/839px-Prodigal_son_by_Rembrandt_drawing_1642.jpeg","contentUrl":"https:\/\/www.joseph-wresinski.org\/de\/wp-content\/uploads\/sites\/17\/2023\/06\/839px-Prodigal_son_by_Rembrandt_drawing_1642.jpeg","width":839,"height":720,"caption":"O+ 048, 15-07-2005, 10:33, 8C, 7992x7281 (0+1412), 100%, Dinsdag, 1\/120 s, R62.7, G33.7, B39.2"},{"@type":"BreadcrumbList","@id":"https:\/\/www.joseph-wresinski.org\/de\/partizipation\/#breadcrumb","itemListElement":[{"@type":"ListItem","position":1,"name":"Startseite","item":"https:\/\/www.joseph-wresinski.org\/de\/"},{"@type":"ListItem","position":2,"name":"Teilnehmen und teilhaben"}]},{"@type":"WebSite","@id":"https:\/\/www.joseph-wresinski.org\/de\/#website","url":"https:\/\/www.joseph-wresinski.org\/de\/","name":"Joseph Wresinski DE","description":"Eine Webseite des  Joseph-Wresinski-Zentrums","potentialAction":[{"@type":"SearchAction","target":{"@type":"EntryPoint","urlTemplate":"https:\/\/www.joseph-wresinski.org\/de\/?s={search_term_string}"},"query-input":{"@type":"PropertyValueSpecification","valueRequired":true,"valueName":"search_term_string"}}],"inLanguage":"de"},{"@type":"Person","@id":"https:\/\/www.joseph-wresinski.org\/de\/#\/schema\/person\/b109719571a37c1b82861ad6a5e5626d","name":"marierose","image":{"@type":"ImageObject","inLanguage":"de","@id":"https:\/\/secure.gravatar.com\/avatar\/f95cff9f685fb88e8d5f8b06a21a1fa123c2d2c32fb5ae7520a100d4365f3ee7?s=96&d=mm&r=g","url":"https:\/\/secure.gravatar.com\/avatar\/f95cff9f685fb88e8d5f8b06a21a1fa123c2d2c32fb5ae7520a100d4365f3ee7?s=96&d=mm&r=g","contentUrl":"https:\/\/secure.gravatar.com\/avatar\/f95cff9f685fb88e8d5f8b06a21a1fa123c2d2c32fb5ae7520a100d4365f3ee7?s=96&d=mm&r=g","caption":"marierose"},"description":"Volontaire-permanente du Mouvement international ATD Quart Monde depuis 1987, domicili\u00e9e \u00e0 Fribourg, Suisse, j'ai traduit en allemand plusieurs livres et textes de Joseph Wresinski. J'ai publi\u00e9 en 2005 une th\u00e8se en th\u00e9ologie intitul\u00e9e \"Joseph Wresinski, Wortf\u00fchrer der \u00c4rmsten im theologischen Diskurs\".","url":"https:\/\/www.joseph-wresinski.org\/de\/author\/marierose\/"}]}},"_links":{"self":[{"href":"https:\/\/www.joseph-wresinski.org\/de\/wp-json\/wp\/v2\/posts\/1236","targetHints":{"allow":["GET"]}}],"collection":[{"href":"https:\/\/www.joseph-wresinski.org\/de\/wp-json\/wp\/v2\/posts"}],"about":[{"href":"https:\/\/www.joseph-wresinski.org\/de\/wp-json\/wp\/v2\/types\/post"}],"author":[{"embeddable":true,"href":"https:\/\/www.joseph-wresinski.org\/de\/wp-json\/wp\/v2\/users\/9"}],"replies":[{"embeddable":true,"href":"https:\/\/www.joseph-wresinski.org\/de\/wp-json\/wp\/v2\/comments?post=1236"}],"version-history":[{"count":10,"href":"https:\/\/www.joseph-wresinski.org\/de\/wp-json\/wp\/v2\/posts\/1236\/revisions"}],"predecessor-version":[{"id":3130,"href":"https:\/\/www.joseph-wresinski.org\/de\/wp-json\/wp\/v2\/posts\/1236\/revisions\/3130"}],"wp:featuredmedia":[{"embeddable":true,"href":"https:\/\/www.joseph-wresinski.org\/de\/wp-json\/wp\/v2\/media\/3129"}],"wp:attachment":[{"href":"https:\/\/www.joseph-wresinski.org\/de\/wp-json\/wp\/v2\/media?parent=1236"}],"wp:term":[{"taxonomy":"category","embeddable":true,"href":"https:\/\/www.joseph-wresinski.org\/de\/wp-json\/wp\/v2\/categories?post=1236"},{"taxonomy":"post_tag","embeddable":true,"href":"https:\/\/www.joseph-wresinski.org\/de\/wp-json\/wp\/v2\/tags?post=1236"}],"curies":[{"name":"wp","href":"https:\/\/api.w.org\/{rel}","templated":true}]}}