{"id":1293,"date":"2017-04-02T22:55:56","date_gmt":"2017-04-02T20:55:56","guid":{"rendered":"http:\/\/www.joseph-wresinski.org\/de\/?p=1293"},"modified":"2018-08-20T12:09:28","modified_gmt":"2018-08-20T10:09:28","slug":"wir-werden-respektiert-wenn-wir-die-sprache-beherrschen","status":"publish","type":"post","link":"https:\/\/www.joseph-wresinski.org\/de\/wir-werden-respektiert-wenn-wir-die-sprache-beherrschen\/","title":{"rendered":"&#8222;Wir werden respektiert, wenn wir die Sprache beherrschen&#8220;"},"content":{"rendered":"<p><strong>Joseph Wresinski an der Volksuniversit\u00e4t Vierte Welt, Paris, 1982.<\/strong><\/p>\n<figure class=\"video-embed\" style=\"width:474px;height:356px;max-width: 100%;\" onclick=\"this.outerHTML='&lt;iframe title=&quot;On sera respect&eacute;s si on sait parler - ATD Quart Monde&quot; width=&quot;474&quot; height=&quot;356&quot; src=&quot;https:\/\/www.youtube.com\/embed\/LTLXJQZ-M2A?feature=oembed&amp;autoplay=1&quot; frameborder=&quot;0&quot; allow=&quot;accelerometer; autoplay; clipboard-write; encrypted-media; gyroscope; picture-in-picture; web-share&quot; referrerpolicy=&quot;strict-origin-when-cross-origin&quot; allowfullscreen&gt;&lt;\/iframe&gt;'\"><img decoding=\"async\" src=\"https:\/\/i.ytimg.com\/vi\/LTLXJQZ-M2A\/hqdefault.jpg\" title=\"On sera respect\u00e9s si on sait parler - ATD Quart Monde\" class=\"video-thumbnail\"><img decoding=\"async\" src=\"https:\/\/www.joseph-wresinski.org\/de\/wp-content\/themes\/ATDJW\/images\/play_video.png\" class=\"video-play\"><figcaption>\n<h1>Play with YouTube<\/h1>\n<p>By clicking the video, you accept that YouTube places cookies on your computer.<\/p>\n<\/figcaption><\/figure>\n<p><em>Zum Abspielen klicken Sie bitte auf das Video. Sollten die Untertitel nicht automatisch erscheinen, klicken Sie auf \u201eEinstellungen\u201c (Zahnradsymbol unten rechts) und dann auf Untertitel &gt; deutsch.<\/em><\/p>\n<p style=\"text-align: center\"><strong>Transkription<\/strong>:<br \/>\n&#8222;Ihr m\u00fcsst begreifen, dass wir von nun an respektiert werden wollen.<br \/>\nWir werden respektiert, wenn wir uns ausdr\u00fccken k\u00f6nnen.<br \/>\nUnd wenn wir reden k\u00f6nnen, werden wir als Sozialpartner anerkannt.<br \/>\nAls Sozialpartner werden wir nicht nur unsere Rechte verteidigen, sondern die Rechte aller.<br \/>\nAls Partner in der Gesellschaft sind wir \u00e4hnlich wie Gewerkschaften oder Familienverb\u00e4nde.<br \/>\nWir k\u00f6nnen das Land dazu bringen, sich zu ver\u00e4ndern.&#8220;<\/p>\n","protected":false},"excerpt":{"rendered":"<p>Joseph Wresinski an der Volksuniversit\u00e4t Vierte Welt, Paris, 1982. Play with YouTube By clicking the video, you accept that YouTube (&#8230;) <a class=\"more-link\" href=\"https:\/\/www.joseph-wresinski.org\/de\/wir-werden-respektiert-wenn-wir-die-sprache-beherrschen\/\">Weiterlesen &#8230; <span class=\"meta-nav\">&rarr;<\/span><\/a><\/p>\n","protected":false},"author":9,"featured_media":1305,"comment_status":"open","ping_status":"open","sticky":false,"template":"","format":"standard","meta":{"_acf_changed":false,"ep_exclude_from_search":false,"footnotes":""},"categories":[12,72],"tags":[],"class_list":["post-1293","post","type-post","status-publish","format-standard","has-post-thumbnail","hentry","category-news","category-video"],"acf":[],"yoast_head":"<!-- This site is optimized with the Yoast SEO plugin v27.5 - https:\/\/yoast.com\/product\/yoast-seo-wordpress\/ -->\n<title>&quot;Wir werden respektiert, wenn wir die Sprache beherrschen&quot; - Joseph Wresinski DE<\/title>\n<meta name=\"robots\" content=\"index, follow, max-snippet:-1, max-image-preview:large, max-video-preview:-1\" \/>\n<link rel=\"canonical\" href=\"https:\/\/www.joseph-wresinski.org\/de\/wir-werden-respektiert-wenn-wir-die-sprache-beherrschen\/\" \/>\n<meta property=\"og:locale\" content=\"de_DE\" \/>\n<meta property=\"og:type\" content=\"article\" \/>\n<meta property=\"og:title\" content=\"&quot;Wir werden respektiert, wenn wir die Sprache beherrschen&quot; - Joseph Wresinski DE\" \/>\n<meta property=\"og:description\" content=\"Joseph Wresinski an der Volksuniversit\u00e4t Vierte Welt, Paris, 1982. Play with YouTube By clicking the video, you accept that YouTube (...) Weiterlesen ... &rarr;\" \/>\n<meta property=\"og:url\" content=\"https:\/\/www.joseph-wresinski.org\/de\/wir-werden-respektiert-wenn-wir-die-sprache-beherrschen\/\" \/>\n<meta property=\"og:site_name\" content=\"Joseph Wresinski DE\" \/>\n<meta property=\"article:published_time\" content=\"2017-04-02T20:55:56+00:00\" \/>\n<meta property=\"article:modified_time\" content=\"2018-08-20T10:09:28+00:00\" \/>\n<meta property=\"og:image\" content=\"https:\/\/www.joseph-wresinski.org\/de\/wp-content\/uploads\/sites\/17\/2017\/04\/UP_22_12_1987-1-814x530.jpg\" \/>\n\t<meta property=\"og:image:width\" content=\"814\" \/>\n\t<meta property=\"og:image:height\" content=\"530\" \/>\n\t<meta property=\"og:image:type\" content=\"image\/jpeg\" \/>\n<meta name=\"author\" content=\"marierose\" \/>\n<meta name=\"twitter:card\" content=\"summary_large_image\" \/>\n<meta name=\"twitter:label1\" content=\"Verfasst von\" \/>\n\t<meta name=\"twitter:data1\" content=\"marierose\" \/>\n\t<meta name=\"twitter:label2\" content=\"Gesch\u00e4tzte Lesezeit\" \/>\n\t<meta name=\"twitter:data2\" content=\"1\u00a0Minute\" \/>\n<script type=\"application\/ld+json\" class=\"yoast-schema-graph\">{\"@context\":\"https:\\\/\\\/schema.org\",\"@graph\":[{\"@type\":\"Article\",\"@id\":\"https:\\\/\\\/www.joseph-wresinski.org\\\/de\\\/wir-werden-respektiert-wenn-wir-die-sprache-beherrschen\\\/#article\",\"isPartOf\":{\"@id\":\"https:\\\/\\\/www.joseph-wresinski.org\\\/de\\\/wir-werden-respektiert-wenn-wir-die-sprache-beherrschen\\\/\"},\"author\":{\"name\":\"marierose\",\"@id\":\"https:\\\/\\\/www.joseph-wresinski.org\\\/de\\\/#\\\/schema\\\/person\\\/b109719571a37c1b82861ad6a5e5626d\"},\"headline\":\"&#8222;Wir werden respektiert, wenn wir die Sprache beherrschen&#8220;\",\"datePublished\":\"2017-04-02T20:55:56+00:00\",\"dateModified\":\"2018-08-20T10:09:28+00:00\",\"mainEntityOfPage\":{\"@id\":\"https:\\\/\\\/www.joseph-wresinski.org\\\/de\\\/wir-werden-respektiert-wenn-wir-die-sprache-beherrschen\\\/\"},\"wordCount\":120,\"commentCount\":0,\"image\":{\"@id\":\"https:\\\/\\\/www.joseph-wresinski.org\\\/de\\\/wir-werden-respektiert-wenn-wir-die-sprache-beherrschen\\\/#primaryimage\"},\"thumbnailUrl\":\"https:\\\/\\\/www.joseph-wresinski.org\\\/de\\\/wp-content\\\/uploads\\\/sites\\\/17\\\/2017\\\/04\\\/UP_22_12_1987-1-814x530.jpg\",\"articleSection\":[\"Aktuell\",\"Video\"],\"inLanguage\":\"de\",\"potentialAction\":[{\"@type\":\"CommentAction\",\"name\":\"Comment\",\"target\":[\"https:\\\/\\\/www.joseph-wresinski.org\\\/de\\\/wir-werden-respektiert-wenn-wir-die-sprache-beherrschen\\\/#respond\"]}]},{\"@type\":\"WebPage\",\"@id\":\"https:\\\/\\\/www.joseph-wresinski.org\\\/de\\\/wir-werden-respektiert-wenn-wir-die-sprache-beherrschen\\\/\",\"url\":\"https:\\\/\\\/www.joseph-wresinski.org\\\/de\\\/wir-werden-respektiert-wenn-wir-die-sprache-beherrschen\\\/\",\"name\":\"\\\"Wir werden respektiert, wenn wir die Sprache beherrschen\\\" - Joseph Wresinski DE\",\"isPartOf\":{\"@id\":\"https:\\\/\\\/www.joseph-wresinski.org\\\/de\\\/#website\"},\"primaryImageOfPage\":{\"@id\":\"https:\\\/\\\/www.joseph-wresinski.org\\\/de\\\/wir-werden-respektiert-wenn-wir-die-sprache-beherrschen\\\/#primaryimage\"},\"image\":{\"@id\":\"https:\\\/\\\/www.joseph-wresinski.org\\\/de\\\/wir-werden-respektiert-wenn-wir-die-sprache-beherrschen\\\/#primaryimage\"},\"thumbnailUrl\":\"https:\\\/\\\/www.joseph-wresinski.org\\\/de\\\/wp-content\\\/uploads\\\/sites\\\/17\\\/2017\\\/04\\\/UP_22_12_1987-1-814x530.jpg\",\"datePublished\":\"2017-04-02T20:55:56+00:00\",\"dateModified\":\"2018-08-20T10:09:28+00:00\",\"author\":{\"@id\":\"https:\\\/\\\/www.joseph-wresinski.org\\\/de\\\/#\\\/schema\\\/person\\\/b109719571a37c1b82861ad6a5e5626d\"},\"breadcrumb\":{\"@id\":\"https:\\\/\\\/www.joseph-wresinski.org\\\/de\\\/wir-werden-respektiert-wenn-wir-die-sprache-beherrschen\\\/#breadcrumb\"},\"inLanguage\":\"de\",\"potentialAction\":[{\"@type\":\"ReadAction\",\"target\":[\"https:\\\/\\\/www.joseph-wresinski.org\\\/de\\\/wir-werden-respektiert-wenn-wir-die-sprache-beherrschen\\\/\"]}]},{\"@type\":\"ImageObject\",\"inLanguage\":\"de\",\"@id\":\"https:\\\/\\\/www.joseph-wresinski.org\\\/de\\\/wir-werden-respektiert-wenn-wir-die-sprache-beherrschen\\\/#primaryimage\",\"url\":\"https:\\\/\\\/www.joseph-wresinski.org\\\/de\\\/wp-content\\\/uploads\\\/sites\\\/17\\\/2017\\\/04\\\/UP_22_12_1987-1-814x530.jpg\",\"contentUrl\":\"https:\\\/\\\/www.joseph-wresinski.org\\\/de\\\/wp-content\\\/uploads\\\/sites\\\/17\\\/2017\\\/04\\\/UP_22_12_1987-1-814x530.jpg\",\"width\":814,\"height\":530},{\"@type\":\"BreadcrumbList\",\"@id\":\"https:\\\/\\\/www.joseph-wresinski.org\\\/de\\\/wir-werden-respektiert-wenn-wir-die-sprache-beherrschen\\\/#breadcrumb\",\"itemListElement\":[{\"@type\":\"ListItem\",\"position\":1,\"name\":\"Startseite\",\"item\":\"https:\\\/\\\/www.joseph-wresinski.org\\\/de\\\/\"},{\"@type\":\"ListItem\",\"position\":2,\"name\":\"&#8222;Wir werden respektiert, wenn wir die Sprache beherrschen&#8220;\"}]},{\"@type\":\"WebSite\",\"@id\":\"https:\\\/\\\/www.joseph-wresinski.org\\\/de\\\/#website\",\"url\":\"https:\\\/\\\/www.joseph-wresinski.org\\\/de\\\/\",\"name\":\"Joseph Wresinski DE\",\"description\":\"Eine Webseite des  Joseph-Wresinski-Zentrums\",\"potentialAction\":[{\"@type\":\"SearchAction\",\"target\":{\"@type\":\"EntryPoint\",\"urlTemplate\":\"https:\\\/\\\/www.joseph-wresinski.org\\\/de\\\/?s={search_term_string}\"},\"query-input\":{\"@type\":\"PropertyValueSpecification\",\"valueRequired\":true,\"valueName\":\"search_term_string\"}}],\"inLanguage\":\"de\"},{\"@type\":\"Person\",\"@id\":\"https:\\\/\\\/www.joseph-wresinski.org\\\/de\\\/#\\\/schema\\\/person\\\/b109719571a37c1b82861ad6a5e5626d\",\"name\":\"marierose\",\"image\":{\"@type\":\"ImageObject\",\"inLanguage\":\"de\",\"@id\":\"https:\\\/\\\/secure.gravatar.com\\\/avatar\\\/f95cff9f685fb88e8d5f8b06a21a1fa123c2d2c32fb5ae7520a100d4365f3ee7?s=96&d=mm&r=g\",\"url\":\"https:\\\/\\\/secure.gravatar.com\\\/avatar\\\/f95cff9f685fb88e8d5f8b06a21a1fa123c2d2c32fb5ae7520a100d4365f3ee7?s=96&d=mm&r=g\",\"contentUrl\":\"https:\\\/\\\/secure.gravatar.com\\\/avatar\\\/f95cff9f685fb88e8d5f8b06a21a1fa123c2d2c32fb5ae7520a100d4365f3ee7?s=96&d=mm&r=g\",\"caption\":\"marierose\"},\"description\":\"Volontaire-permanente du Mouvement international ATD Quart Monde depuis 1987, domicili\u00e9e \u00e0 Fribourg, Suisse, j'ai traduit en allemand plusieurs livres et textes de Joseph Wresinski. J'ai publi\u00e9 en 2005 une th\u00e8se en th\u00e9ologie intitul\u00e9e \\\"Joseph Wresinski, Wortf\u00fchrer der \u00c4rmsten im theologischen Diskurs\\\".\",\"url\":\"https:\\\/\\\/www.joseph-wresinski.org\\\/de\\\/author\\\/marierose\\\/\"}]}<\/script>\n<!-- \/ Yoast SEO plugin. -->","yoast_head_json":{"title":"\"Wir werden respektiert, wenn wir die Sprache beherrschen\" - Joseph Wresinski DE","robots":{"index":"index","follow":"follow","max-snippet":"max-snippet:-1","max-image-preview":"max-image-preview:large","max-video-preview":"max-video-preview:-1"},"canonical":"https:\/\/www.joseph-wresinski.org\/de\/wir-werden-respektiert-wenn-wir-die-sprache-beherrschen\/","og_locale":"de_DE","og_type":"article","og_title":"\"Wir werden respektiert, wenn wir die Sprache beherrschen\" - Joseph Wresinski DE","og_description":"Joseph Wresinski an der Volksuniversit\u00e4t Vierte Welt, Paris, 1982. Play with YouTube By clicking the video, you accept that YouTube (...) Weiterlesen ... &rarr;","og_url":"https:\/\/www.joseph-wresinski.org\/de\/wir-werden-respektiert-wenn-wir-die-sprache-beherrschen\/","og_site_name":"Joseph Wresinski DE","article_published_time":"2017-04-02T20:55:56+00:00","article_modified_time":"2018-08-20T10:09:28+00:00","og_image":[{"width":814,"height":530,"url":"https:\/\/www.joseph-wresinski.org\/de\/wp-content\/uploads\/sites\/17\/2017\/04\/UP_22_12_1987-1-814x530.jpg","type":"image\/jpeg"}],"author":"marierose","twitter_card":"summary_large_image","twitter_misc":{"Verfasst von":"marierose","Gesch\u00e4tzte Lesezeit":"1\u00a0Minute"},"schema":{"@context":"https:\/\/schema.org","@graph":[{"@type":"Article","@id":"https:\/\/www.joseph-wresinski.org\/de\/wir-werden-respektiert-wenn-wir-die-sprache-beherrschen\/#article","isPartOf":{"@id":"https:\/\/www.joseph-wresinski.org\/de\/wir-werden-respektiert-wenn-wir-die-sprache-beherrschen\/"},"author":{"name":"marierose","@id":"https:\/\/www.joseph-wresinski.org\/de\/#\/schema\/person\/b109719571a37c1b82861ad6a5e5626d"},"headline":"&#8222;Wir werden respektiert, wenn wir die Sprache beherrschen&#8220;","datePublished":"2017-04-02T20:55:56+00:00","dateModified":"2018-08-20T10:09:28+00:00","mainEntityOfPage":{"@id":"https:\/\/www.joseph-wresinski.org\/de\/wir-werden-respektiert-wenn-wir-die-sprache-beherrschen\/"},"wordCount":120,"commentCount":0,"image":{"@id":"https:\/\/www.joseph-wresinski.org\/de\/wir-werden-respektiert-wenn-wir-die-sprache-beherrschen\/#primaryimage"},"thumbnailUrl":"https:\/\/www.joseph-wresinski.org\/de\/wp-content\/uploads\/sites\/17\/2017\/04\/UP_22_12_1987-1-814x530.jpg","articleSection":["Aktuell","Video"],"inLanguage":"de","potentialAction":[{"@type":"CommentAction","name":"Comment","target":["https:\/\/www.joseph-wresinski.org\/de\/wir-werden-respektiert-wenn-wir-die-sprache-beherrschen\/#respond"]}]},{"@type":"WebPage","@id":"https:\/\/www.joseph-wresinski.org\/de\/wir-werden-respektiert-wenn-wir-die-sprache-beherrschen\/","url":"https:\/\/www.joseph-wresinski.org\/de\/wir-werden-respektiert-wenn-wir-die-sprache-beherrschen\/","name":"\"Wir werden respektiert, wenn wir die Sprache beherrschen\" - Joseph Wresinski DE","isPartOf":{"@id":"https:\/\/www.joseph-wresinski.org\/de\/#website"},"primaryImageOfPage":{"@id":"https:\/\/www.joseph-wresinski.org\/de\/wir-werden-respektiert-wenn-wir-die-sprache-beherrschen\/#primaryimage"},"image":{"@id":"https:\/\/www.joseph-wresinski.org\/de\/wir-werden-respektiert-wenn-wir-die-sprache-beherrschen\/#primaryimage"},"thumbnailUrl":"https:\/\/www.joseph-wresinski.org\/de\/wp-content\/uploads\/sites\/17\/2017\/04\/UP_22_12_1987-1-814x530.jpg","datePublished":"2017-04-02T20:55:56+00:00","dateModified":"2018-08-20T10:09:28+00:00","author":{"@id":"https:\/\/www.joseph-wresinski.org\/de\/#\/schema\/person\/b109719571a37c1b82861ad6a5e5626d"},"breadcrumb":{"@id":"https:\/\/www.joseph-wresinski.org\/de\/wir-werden-respektiert-wenn-wir-die-sprache-beherrschen\/#breadcrumb"},"inLanguage":"de","potentialAction":[{"@type":"ReadAction","target":["https:\/\/www.joseph-wresinski.org\/de\/wir-werden-respektiert-wenn-wir-die-sprache-beherrschen\/"]}]},{"@type":"ImageObject","inLanguage":"de","@id":"https:\/\/www.joseph-wresinski.org\/de\/wir-werden-respektiert-wenn-wir-die-sprache-beherrschen\/#primaryimage","url":"https:\/\/www.joseph-wresinski.org\/de\/wp-content\/uploads\/sites\/17\/2017\/04\/UP_22_12_1987-1-814x530.jpg","contentUrl":"https:\/\/www.joseph-wresinski.org\/de\/wp-content\/uploads\/sites\/17\/2017\/04\/UP_22_12_1987-1-814x530.jpg","width":814,"height":530},{"@type":"BreadcrumbList","@id":"https:\/\/www.joseph-wresinski.org\/de\/wir-werden-respektiert-wenn-wir-die-sprache-beherrschen\/#breadcrumb","itemListElement":[{"@type":"ListItem","position":1,"name":"Startseite","item":"https:\/\/www.joseph-wresinski.org\/de\/"},{"@type":"ListItem","position":2,"name":"&#8222;Wir werden respektiert, wenn wir die Sprache beherrschen&#8220;"}]},{"@type":"WebSite","@id":"https:\/\/www.joseph-wresinski.org\/de\/#website","url":"https:\/\/www.joseph-wresinski.org\/de\/","name":"Joseph Wresinski DE","description":"Eine Webseite des  Joseph-Wresinski-Zentrums","potentialAction":[{"@type":"SearchAction","target":{"@type":"EntryPoint","urlTemplate":"https:\/\/www.joseph-wresinski.org\/de\/?s={search_term_string}"},"query-input":{"@type":"PropertyValueSpecification","valueRequired":true,"valueName":"search_term_string"}}],"inLanguage":"de"},{"@type":"Person","@id":"https:\/\/www.joseph-wresinski.org\/de\/#\/schema\/person\/b109719571a37c1b82861ad6a5e5626d","name":"marierose","image":{"@type":"ImageObject","inLanguage":"de","@id":"https:\/\/secure.gravatar.com\/avatar\/f95cff9f685fb88e8d5f8b06a21a1fa123c2d2c32fb5ae7520a100d4365f3ee7?s=96&d=mm&r=g","url":"https:\/\/secure.gravatar.com\/avatar\/f95cff9f685fb88e8d5f8b06a21a1fa123c2d2c32fb5ae7520a100d4365f3ee7?s=96&d=mm&r=g","contentUrl":"https:\/\/secure.gravatar.com\/avatar\/f95cff9f685fb88e8d5f8b06a21a1fa123c2d2c32fb5ae7520a100d4365f3ee7?s=96&d=mm&r=g","caption":"marierose"},"description":"Volontaire-permanente du Mouvement international ATD Quart Monde depuis 1987, domicili\u00e9e \u00e0 Fribourg, Suisse, j'ai traduit en allemand plusieurs livres et textes de Joseph Wresinski. J'ai publi\u00e9 en 2005 une th\u00e8se en th\u00e9ologie intitul\u00e9e \"Joseph Wresinski, Wortf\u00fchrer der \u00c4rmsten im theologischen Diskurs\".","url":"https:\/\/www.joseph-wresinski.org\/de\/author\/marierose\/"}]}},"_links":{"self":[{"href":"https:\/\/www.joseph-wresinski.org\/de\/wp-json\/wp\/v2\/posts\/1293","targetHints":{"allow":["GET"]}}],"collection":[{"href":"https:\/\/www.joseph-wresinski.org\/de\/wp-json\/wp\/v2\/posts"}],"about":[{"href":"https:\/\/www.joseph-wresinski.org\/de\/wp-json\/wp\/v2\/types\/post"}],"author":[{"embeddable":true,"href":"https:\/\/www.joseph-wresinski.org\/de\/wp-json\/wp\/v2\/users\/9"}],"replies":[{"embeddable":true,"href":"https:\/\/www.joseph-wresinski.org\/de\/wp-json\/wp\/v2\/comments?post=1293"}],"version-history":[{"count":16,"href":"https:\/\/www.joseph-wresinski.org\/de\/wp-json\/wp\/v2\/posts\/1293\/revisions"}],"predecessor-version":[{"id":1614,"href":"https:\/\/www.joseph-wresinski.org\/de\/wp-json\/wp\/v2\/posts\/1293\/revisions\/1614"}],"wp:featuredmedia":[{"embeddable":true,"href":"https:\/\/www.joseph-wresinski.org\/de\/wp-json\/wp\/v2\/media\/1305"}],"wp:attachment":[{"href":"https:\/\/www.joseph-wresinski.org\/de\/wp-json\/wp\/v2\/media?parent=1293"}],"wp:term":[{"taxonomy":"category","embeddable":true,"href":"https:\/\/www.joseph-wresinski.org\/de\/wp-json\/wp\/v2\/categories?post=1293"},{"taxonomy":"post_tag","embeddable":true,"href":"https:\/\/www.joseph-wresinski.org\/de\/wp-json\/wp\/v2\/tags?post=1293"}],"curies":[{"name":"wp","href":"https:\/\/api.w.org\/{rel}","templated":true}]}}