{"id":1447,"date":"2018-04-20T16:08:56","date_gmt":"2018-04-20T14:08:56","guid":{"rendered":"http:\/\/www.joseph-wresinski.org\/de\/?p=1447"},"modified":"2018-08-20T10:06:43","modified_gmt":"2018-08-20T08:06:43","slug":"was-werden-wir-nun-tun-audio-schlusswort-von-joseph-wresinski-am-17-oktober-1987","status":"publish","type":"post","link":"https:\/\/www.joseph-wresinski.org\/de\/was-werden-wir-nun-tun-audio-schlusswort-von-joseph-wresinski-am-17-oktober-1987\/","title":{"rendered":"Was werden wir nun tun? &#8211; Schlusswort von Wresinski am 17. Oktober 1987 &#8211; Audio"},"content":{"rendered":"<p><strong>Zum Abschluss der Versammlung vom 17. Oktober 1987 in Paris richtete Joseph Wresinski den folgenden Aufruf an die Verteidiger der Menschenrechte<\/strong>. <em>Eine Aufnahme der Rede findet sich weiter unten.<\/em><\/p>\n<p style=\"text-align: center\">&#8220; Jetzt ist die Nacht zu ende. Der Morgen ist da. Zu ende ist diese Nacht, in der die Kinder freudig zur Schule gingen, die V\u00e4ter in der Gewerkschaft mitmachten und die Jugendlichen einen Beruf lernten.<\/p>\n<p style=\"text-align: center\">Heute Nacht haben wir &#8211; B\u00fcrger, Minister, Abgeordnete, Beamte und alle anderen &#8211; ein B\u00fcndnis mit den Arbeitslosen, den Analphabeten, den Bed\u00fcrftigen und den Obdachlosen geschlossen. <strong>Nicht blo\u00df ein B\u00fcndnis f\u00fcr eine Nacht, sondern ein B\u00fcndnis f\u00fcr die Zukunft.<\/strong><\/p>\n<p style=\"text-align: center\">Was werden wir B\u00fcrger nun tun? Was werden wir Familien der Vierten Welt nun tun, damit &#8211; gemeinsam &#8211; unsere Wohnviertel und unser Alltagsleben endlich der Menschenw\u00fcrde, die wir in uns tragen, gerecht werden?<\/p>\n<p style=\"text-align: center\">Und ihr jungen Leute, die ihr so dringend nach Gerechtigkeit und Wahrheit verlangt, was werdet ihr in euren Schulen, euren Universit\u00e4ten und euren Jugendh\u00e4usern tun?<\/p>\n<p style=\"text-align: center\">Werdet ihr diesen neuen Weg bahnen, auf dem Gerechtigkeit \u00fcber Profitmache und Ausbeutung siegt und Frieden den Krieg \u00fcberwindet, einen Weg, auf dem Gerechtigkeit und Liebe endlich Hand in Hand gehen?<\/p>\n<p style=\"text-align: center\"><strong>Wir m\u00fcssen mit der Zukunft leben, die Zukunft liegt in euren H\u00e4nden. Die Welt von morgen wird euch geh\u00f6ren.&#8220;<\/strong><\/p>\n<p><em>Hier k\u00f6nnen Sie die Rede im franz\u00f6sischen Originalton h\u00f6ren:<\/em><\/p>\n<audio class=\"wp-audio-shortcode\" id=\"audio-1447-1\" preload=\"none\" style=\"width: 100%;\" controls=\"controls\"><source type=\"audio\/mpeg\" src=\"http:\/\/www.joseph-wresinski.org\/de\/wp-content\/uploads\/sites\/17\/2018\/04\/Abend-17-oktober-1987-Paris-Wresinski.mp3?_=1\" \/><a href=\"http:\/\/www.joseph-wresinski.org\/de\/wp-content\/uploads\/sites\/17\/2018\/04\/Abend-17-oktober-1987-Paris-Wresinski.mp3\">http:\/\/www.joseph-wresinski.org\/de\/wp-content\/uploads\/sites\/17\/2018\/04\/Abend-17-oktober-1987-Paris-Wresinski.mp3<\/a><\/audio>\n","protected":false},"excerpt":{"rendered":"<p>Zum Abschluss der Versammlung vom 17. Oktober 1987 in Paris richtete Joseph Wresinski den folgenden Aufruf an die Verteidiger der (&#8230;) <a class=\"more-link\" href=\"https:\/\/www.joseph-wresinski.org\/de\/was-werden-wir-nun-tun-audio-schlusswort-von-joseph-wresinski-am-17-oktober-1987\/\">Weiterlesen &#8230; <span class=\"meta-nav\">&rarr;<\/span><\/a><\/p>\n","protected":false},"author":7,"featured_media":1433,"comment_status":"open","ping_status":"open","sticky":false,"template":"","format":"standard","meta":{"_acf_changed":false,"ep_exclude_from_search":false,"footnotes":""},"categories":[12,71],"tags":[],"class_list":["post-1447","post","type-post","status-publish","format-standard","has-post-thumbnail","hentry","category-news","category-audios"],"acf":[],"yoast_head":"<!-- This site is optimized with the Yoast SEO plugin v27.5 - https:\/\/yoast.com\/product\/yoast-seo-wordpress\/ -->\n<title>Was werden wir nun tun? - Schlusswort von Wresinski am 17. Oktober 1987 - Audio - Joseph Wresinski DE<\/title>\n<meta name=\"robots\" content=\"index, follow, max-snippet:-1, max-image-preview:large, max-video-preview:-1\" \/>\n<link rel=\"canonical\" href=\"https:\/\/www.joseph-wresinski.org\/de\/was-werden-wir-nun-tun-audio-schlusswort-von-joseph-wresinski-am-17-oktober-1987\/\" \/>\n<meta property=\"og:locale\" content=\"de_DE\" \/>\n<meta property=\"og:type\" content=\"article\" \/>\n<meta property=\"og:title\" content=\"Was werden wir nun tun? - Schlusswort von Wresinski am 17. Oktober 1987 - Audio - Joseph Wresinski DE\" \/>\n<meta property=\"og:description\" content=\"Zum Abschluss der Versammlung vom 17. Oktober 1987 in Paris richtete Joseph Wresinski den folgenden Aufruf an die Verteidiger der (...) Weiterlesen ... &rarr;\" \/>\n<meta property=\"og:url\" content=\"https:\/\/www.joseph-wresinski.org\/de\/was-werden-wir-nun-tun-audio-schlusswort-von-joseph-wresinski-am-17-oktober-1987\/\" \/>\n<meta property=\"og:site_name\" content=\"Joseph Wresinski DE\" \/>\n<meta property=\"article:published_time\" content=\"2018-04-20T14:08:56+00:00\" \/>\n<meta property=\"article:modified_time\" content=\"2018-08-20T08:06:43+00:00\" \/>\n<meta property=\"og:image\" content=\"https:\/\/www.joseph-wresinski.org\/de\/wp-content\/uploads\/sites\/17\/2018\/04\/Abend-17-Okt-1987-Paris-692x530.jpg\" \/>\n\t<meta property=\"og:image:width\" content=\"692\" \/>\n\t<meta property=\"og:image:height\" content=\"530\" \/>\n\t<meta property=\"og:image:type\" content=\"image\/jpeg\" \/>\n<meta name=\"author\" content=\"katia\" \/>\n<meta name=\"twitter:card\" content=\"summary_large_image\" \/>\n<meta name=\"twitter:label1\" content=\"Verfasst von\" \/>\n\t<meta name=\"twitter:data1\" content=\"katia\" \/>\n\t<meta name=\"twitter:label2\" content=\"Gesch\u00e4tzte Lesezeit\" \/>\n\t<meta name=\"twitter:data2\" content=\"1\u00a0Minute\" \/>\n<script type=\"application\/ld+json\" class=\"yoast-schema-graph\">{\"@context\":\"https:\\\/\\\/schema.org\",\"@graph\":[{\"@type\":\"Article\",\"@id\":\"https:\\\/\\\/www.joseph-wresinski.org\\\/de\\\/was-werden-wir-nun-tun-audio-schlusswort-von-joseph-wresinski-am-17-oktober-1987\\\/#article\",\"isPartOf\":{\"@id\":\"https:\\\/\\\/www.joseph-wresinski.org\\\/de\\\/was-werden-wir-nun-tun-audio-schlusswort-von-joseph-wresinski-am-17-oktober-1987\\\/\"},\"author\":{\"name\":\"katia\",\"@id\":\"https:\\\/\\\/www.joseph-wresinski.org\\\/de\\\/#\\\/schema\\\/person\\\/bb3b9e9d350ddd2953416f14af30b1aa\"},\"headline\":\"Was werden wir nun tun? &#8211; Schlusswort von Wresinski am 17. Oktober 1987 &#8211; Audio\",\"datePublished\":\"2018-04-20T14:08:56+00:00\",\"dateModified\":\"2018-08-20T08:06:43+00:00\",\"mainEntityOfPage\":{\"@id\":\"https:\\\/\\\/www.joseph-wresinski.org\\\/de\\\/was-werden-wir-nun-tun-audio-schlusswort-von-joseph-wresinski-am-17-oktober-1987\\\/\"},\"wordCount\":265,\"commentCount\":0,\"image\":{\"@id\":\"https:\\\/\\\/www.joseph-wresinski.org\\\/de\\\/was-werden-wir-nun-tun-audio-schlusswort-von-joseph-wresinski-am-17-oktober-1987\\\/#primaryimage\"},\"thumbnailUrl\":\"https:\\\/\\\/www.joseph-wresinski.org\\\/de\\\/wp-content\\\/uploads\\\/sites\\\/17\\\/2018\\\/04\\\/Abend-17-Okt-1987-Paris-692x530.jpg\",\"articleSection\":[\"Aktuell\",\"Audio\"],\"inLanguage\":\"de\",\"potentialAction\":[{\"@type\":\"CommentAction\",\"name\":\"Comment\",\"target\":[\"https:\\\/\\\/www.joseph-wresinski.org\\\/de\\\/was-werden-wir-nun-tun-audio-schlusswort-von-joseph-wresinski-am-17-oktober-1987\\\/#respond\"]}]},{\"@type\":\"WebPage\",\"@id\":\"https:\\\/\\\/www.joseph-wresinski.org\\\/de\\\/was-werden-wir-nun-tun-audio-schlusswort-von-joseph-wresinski-am-17-oktober-1987\\\/\",\"url\":\"https:\\\/\\\/www.joseph-wresinski.org\\\/de\\\/was-werden-wir-nun-tun-audio-schlusswort-von-joseph-wresinski-am-17-oktober-1987\\\/\",\"name\":\"Was werden wir nun tun? - Schlusswort von Wresinski am 17. Oktober 1987 - Audio - Joseph Wresinski DE\",\"isPartOf\":{\"@id\":\"https:\\\/\\\/www.joseph-wresinski.org\\\/de\\\/#website\"},\"primaryImageOfPage\":{\"@id\":\"https:\\\/\\\/www.joseph-wresinski.org\\\/de\\\/was-werden-wir-nun-tun-audio-schlusswort-von-joseph-wresinski-am-17-oktober-1987\\\/#primaryimage\"},\"image\":{\"@id\":\"https:\\\/\\\/www.joseph-wresinski.org\\\/de\\\/was-werden-wir-nun-tun-audio-schlusswort-von-joseph-wresinski-am-17-oktober-1987\\\/#primaryimage\"},\"thumbnailUrl\":\"https:\\\/\\\/www.joseph-wresinski.org\\\/de\\\/wp-content\\\/uploads\\\/sites\\\/17\\\/2018\\\/04\\\/Abend-17-Okt-1987-Paris-692x530.jpg\",\"datePublished\":\"2018-04-20T14:08:56+00:00\",\"dateModified\":\"2018-08-20T08:06:43+00:00\",\"author\":{\"@id\":\"https:\\\/\\\/www.joseph-wresinski.org\\\/de\\\/#\\\/schema\\\/person\\\/bb3b9e9d350ddd2953416f14af30b1aa\"},\"breadcrumb\":{\"@id\":\"https:\\\/\\\/www.joseph-wresinski.org\\\/de\\\/was-werden-wir-nun-tun-audio-schlusswort-von-joseph-wresinski-am-17-oktober-1987\\\/#breadcrumb\"},\"inLanguage\":\"de\",\"potentialAction\":[{\"@type\":\"ReadAction\",\"target\":[\"https:\\\/\\\/www.joseph-wresinski.org\\\/de\\\/was-werden-wir-nun-tun-audio-schlusswort-von-joseph-wresinski-am-17-oktober-1987\\\/\"]}]},{\"@type\":\"ImageObject\",\"inLanguage\":\"de\",\"@id\":\"https:\\\/\\\/www.joseph-wresinski.org\\\/de\\\/was-werden-wir-nun-tun-audio-schlusswort-von-joseph-wresinski-am-17-oktober-1987\\\/#primaryimage\",\"url\":\"https:\\\/\\\/www.joseph-wresinski.org\\\/de\\\/wp-content\\\/uploads\\\/sites\\\/17\\\/2018\\\/04\\\/Abend-17-Okt-1987-Paris-692x530.jpg\",\"contentUrl\":\"https:\\\/\\\/www.joseph-wresinski.org\\\/de\\\/wp-content\\\/uploads\\\/sites\\\/17\\\/2018\\\/04\\\/Abend-17-Okt-1987-Paris-692x530.jpg\",\"width\":692,\"height\":530},{\"@type\":\"BreadcrumbList\",\"@id\":\"https:\\\/\\\/www.joseph-wresinski.org\\\/de\\\/was-werden-wir-nun-tun-audio-schlusswort-von-joseph-wresinski-am-17-oktober-1987\\\/#breadcrumb\",\"itemListElement\":[{\"@type\":\"ListItem\",\"position\":1,\"name\":\"Startseite\",\"item\":\"https:\\\/\\\/www.joseph-wresinski.org\\\/de\\\/\"},{\"@type\":\"ListItem\",\"position\":2,\"name\":\"Was werden wir nun tun? &#8211; Schlusswort von Wresinski am 17. Oktober 1987 &#8211; Audio\"}]},{\"@type\":\"WebSite\",\"@id\":\"https:\\\/\\\/www.joseph-wresinski.org\\\/de\\\/#website\",\"url\":\"https:\\\/\\\/www.joseph-wresinski.org\\\/de\\\/\",\"name\":\"Joseph Wresinski DE\",\"description\":\"Eine Webseite des  Joseph-Wresinski-Zentrums\",\"potentialAction\":[{\"@type\":\"SearchAction\",\"target\":{\"@type\":\"EntryPoint\",\"urlTemplate\":\"https:\\\/\\\/www.joseph-wresinski.org\\\/de\\\/?s={search_term_string}\"},\"query-input\":{\"@type\":\"PropertyValueSpecification\",\"valueRequired\":true,\"valueName\":\"search_term_string\"}}],\"inLanguage\":\"de\"},{\"@type\":\"Person\",\"@id\":\"https:\\\/\\\/www.joseph-wresinski.org\\\/de\\\/#\\\/schema\\\/person\\\/bb3b9e9d350ddd2953416f14af30b1aa\",\"name\":\"katia\",\"image\":{\"@type\":\"ImageObject\",\"inLanguage\":\"de\",\"@id\":\"https:\\\/\\\/secure.gravatar.com\\\/avatar\\\/36a6c89672713f92abd7f6e92cad0796e903bcb2b77995623d5f160ed0a2209e?s=96&d=mm&r=g\",\"url\":\"https:\\\/\\\/secure.gravatar.com\\\/avatar\\\/36a6c89672713f92abd7f6e92cad0796e903bcb2b77995623d5f160ed0a2209e?s=96&d=mm&r=g\",\"contentUrl\":\"https:\\\/\\\/secure.gravatar.com\\\/avatar\\\/36a6c89672713f92abd7f6e92cad0796e903bcb2b77995623d5f160ed0a2209e?s=96&d=mm&r=g\",\"caption\":\"katia\"},\"url\":\"https:\\\/\\\/www.joseph-wresinski.org\\\/de\\\/author\\\/katia\\\/\"}]}<\/script>\n<!-- \/ Yoast SEO plugin. -->","yoast_head_json":{"title":"Was werden wir nun tun? - Schlusswort von Wresinski am 17. Oktober 1987 - Audio - Joseph Wresinski DE","robots":{"index":"index","follow":"follow","max-snippet":"max-snippet:-1","max-image-preview":"max-image-preview:large","max-video-preview":"max-video-preview:-1"},"canonical":"https:\/\/www.joseph-wresinski.org\/de\/was-werden-wir-nun-tun-audio-schlusswort-von-joseph-wresinski-am-17-oktober-1987\/","og_locale":"de_DE","og_type":"article","og_title":"Was werden wir nun tun? - Schlusswort von Wresinski am 17. Oktober 1987 - Audio - Joseph Wresinski DE","og_description":"Zum Abschluss der Versammlung vom 17. Oktober 1987 in Paris richtete Joseph Wresinski den folgenden Aufruf an die Verteidiger der (...) Weiterlesen ... &rarr;","og_url":"https:\/\/www.joseph-wresinski.org\/de\/was-werden-wir-nun-tun-audio-schlusswort-von-joseph-wresinski-am-17-oktober-1987\/","og_site_name":"Joseph Wresinski DE","article_published_time":"2018-04-20T14:08:56+00:00","article_modified_time":"2018-08-20T08:06:43+00:00","og_image":[{"width":692,"height":530,"url":"https:\/\/www.joseph-wresinski.org\/de\/wp-content\/uploads\/sites\/17\/2018\/04\/Abend-17-Okt-1987-Paris-692x530.jpg","type":"image\/jpeg"}],"author":"katia","twitter_card":"summary_large_image","twitter_misc":{"Verfasst von":"katia","Gesch\u00e4tzte Lesezeit":"1\u00a0Minute"},"schema":{"@context":"https:\/\/schema.org","@graph":[{"@type":"Article","@id":"https:\/\/www.joseph-wresinski.org\/de\/was-werden-wir-nun-tun-audio-schlusswort-von-joseph-wresinski-am-17-oktober-1987\/#article","isPartOf":{"@id":"https:\/\/www.joseph-wresinski.org\/de\/was-werden-wir-nun-tun-audio-schlusswort-von-joseph-wresinski-am-17-oktober-1987\/"},"author":{"name":"katia","@id":"https:\/\/www.joseph-wresinski.org\/de\/#\/schema\/person\/bb3b9e9d350ddd2953416f14af30b1aa"},"headline":"Was werden wir nun tun? &#8211; Schlusswort von Wresinski am 17. Oktober 1987 &#8211; Audio","datePublished":"2018-04-20T14:08:56+00:00","dateModified":"2018-08-20T08:06:43+00:00","mainEntityOfPage":{"@id":"https:\/\/www.joseph-wresinski.org\/de\/was-werden-wir-nun-tun-audio-schlusswort-von-joseph-wresinski-am-17-oktober-1987\/"},"wordCount":265,"commentCount":0,"image":{"@id":"https:\/\/www.joseph-wresinski.org\/de\/was-werden-wir-nun-tun-audio-schlusswort-von-joseph-wresinski-am-17-oktober-1987\/#primaryimage"},"thumbnailUrl":"https:\/\/www.joseph-wresinski.org\/de\/wp-content\/uploads\/sites\/17\/2018\/04\/Abend-17-Okt-1987-Paris-692x530.jpg","articleSection":["Aktuell","Audio"],"inLanguage":"de","potentialAction":[{"@type":"CommentAction","name":"Comment","target":["https:\/\/www.joseph-wresinski.org\/de\/was-werden-wir-nun-tun-audio-schlusswort-von-joseph-wresinski-am-17-oktober-1987\/#respond"]}]},{"@type":"WebPage","@id":"https:\/\/www.joseph-wresinski.org\/de\/was-werden-wir-nun-tun-audio-schlusswort-von-joseph-wresinski-am-17-oktober-1987\/","url":"https:\/\/www.joseph-wresinski.org\/de\/was-werden-wir-nun-tun-audio-schlusswort-von-joseph-wresinski-am-17-oktober-1987\/","name":"Was werden wir nun tun? - Schlusswort von Wresinski am 17. Oktober 1987 - Audio - Joseph Wresinski DE","isPartOf":{"@id":"https:\/\/www.joseph-wresinski.org\/de\/#website"},"primaryImageOfPage":{"@id":"https:\/\/www.joseph-wresinski.org\/de\/was-werden-wir-nun-tun-audio-schlusswort-von-joseph-wresinski-am-17-oktober-1987\/#primaryimage"},"image":{"@id":"https:\/\/www.joseph-wresinski.org\/de\/was-werden-wir-nun-tun-audio-schlusswort-von-joseph-wresinski-am-17-oktober-1987\/#primaryimage"},"thumbnailUrl":"https:\/\/www.joseph-wresinski.org\/de\/wp-content\/uploads\/sites\/17\/2018\/04\/Abend-17-Okt-1987-Paris-692x530.jpg","datePublished":"2018-04-20T14:08:56+00:00","dateModified":"2018-08-20T08:06:43+00:00","author":{"@id":"https:\/\/www.joseph-wresinski.org\/de\/#\/schema\/person\/bb3b9e9d350ddd2953416f14af30b1aa"},"breadcrumb":{"@id":"https:\/\/www.joseph-wresinski.org\/de\/was-werden-wir-nun-tun-audio-schlusswort-von-joseph-wresinski-am-17-oktober-1987\/#breadcrumb"},"inLanguage":"de","potentialAction":[{"@type":"ReadAction","target":["https:\/\/www.joseph-wresinski.org\/de\/was-werden-wir-nun-tun-audio-schlusswort-von-joseph-wresinski-am-17-oktober-1987\/"]}]},{"@type":"ImageObject","inLanguage":"de","@id":"https:\/\/www.joseph-wresinski.org\/de\/was-werden-wir-nun-tun-audio-schlusswort-von-joseph-wresinski-am-17-oktober-1987\/#primaryimage","url":"https:\/\/www.joseph-wresinski.org\/de\/wp-content\/uploads\/sites\/17\/2018\/04\/Abend-17-Okt-1987-Paris-692x530.jpg","contentUrl":"https:\/\/www.joseph-wresinski.org\/de\/wp-content\/uploads\/sites\/17\/2018\/04\/Abend-17-Okt-1987-Paris-692x530.jpg","width":692,"height":530},{"@type":"BreadcrumbList","@id":"https:\/\/www.joseph-wresinski.org\/de\/was-werden-wir-nun-tun-audio-schlusswort-von-joseph-wresinski-am-17-oktober-1987\/#breadcrumb","itemListElement":[{"@type":"ListItem","position":1,"name":"Startseite","item":"https:\/\/www.joseph-wresinski.org\/de\/"},{"@type":"ListItem","position":2,"name":"Was werden wir nun tun? &#8211; Schlusswort von Wresinski am 17. Oktober 1987 &#8211; Audio"}]},{"@type":"WebSite","@id":"https:\/\/www.joseph-wresinski.org\/de\/#website","url":"https:\/\/www.joseph-wresinski.org\/de\/","name":"Joseph Wresinski DE","description":"Eine Webseite des  Joseph-Wresinski-Zentrums","potentialAction":[{"@type":"SearchAction","target":{"@type":"EntryPoint","urlTemplate":"https:\/\/www.joseph-wresinski.org\/de\/?s={search_term_string}"},"query-input":{"@type":"PropertyValueSpecification","valueRequired":true,"valueName":"search_term_string"}}],"inLanguage":"de"},{"@type":"Person","@id":"https:\/\/www.joseph-wresinski.org\/de\/#\/schema\/person\/bb3b9e9d350ddd2953416f14af30b1aa","name":"katia","image":{"@type":"ImageObject","inLanguage":"de","@id":"https:\/\/secure.gravatar.com\/avatar\/36a6c89672713f92abd7f6e92cad0796e903bcb2b77995623d5f160ed0a2209e?s=96&d=mm&r=g","url":"https:\/\/secure.gravatar.com\/avatar\/36a6c89672713f92abd7f6e92cad0796e903bcb2b77995623d5f160ed0a2209e?s=96&d=mm&r=g","contentUrl":"https:\/\/secure.gravatar.com\/avatar\/36a6c89672713f92abd7f6e92cad0796e903bcb2b77995623d5f160ed0a2209e?s=96&d=mm&r=g","caption":"katia"},"url":"https:\/\/www.joseph-wresinski.org\/de\/author\/katia\/"}]}},"_links":{"self":[{"href":"https:\/\/www.joseph-wresinski.org\/de\/wp-json\/wp\/v2\/posts\/1447","targetHints":{"allow":["GET"]}}],"collection":[{"href":"https:\/\/www.joseph-wresinski.org\/de\/wp-json\/wp\/v2\/posts"}],"about":[{"href":"https:\/\/www.joseph-wresinski.org\/de\/wp-json\/wp\/v2\/types\/post"}],"author":[{"embeddable":true,"href":"https:\/\/www.joseph-wresinski.org\/de\/wp-json\/wp\/v2\/users\/7"}],"replies":[{"embeddable":true,"href":"https:\/\/www.joseph-wresinski.org\/de\/wp-json\/wp\/v2\/comments?post=1447"}],"version-history":[{"count":8,"href":"https:\/\/www.joseph-wresinski.org\/de\/wp-json\/wp\/v2\/posts\/1447\/revisions"}],"predecessor-version":[{"id":1598,"href":"https:\/\/www.joseph-wresinski.org\/de\/wp-json\/wp\/v2\/posts\/1447\/revisions\/1598"}],"wp:featuredmedia":[{"embeddable":true,"href":"https:\/\/www.joseph-wresinski.org\/de\/wp-json\/wp\/v2\/media\/1433"}],"wp:attachment":[{"href":"https:\/\/www.joseph-wresinski.org\/de\/wp-json\/wp\/v2\/media?parent=1447"}],"wp:term":[{"taxonomy":"category","embeddable":true,"href":"https:\/\/www.joseph-wresinski.org\/de\/wp-json\/wp\/v2\/categories?post=1447"},{"taxonomy":"post_tag","embeddable":true,"href":"https:\/\/www.joseph-wresinski.org\/de\/wp-json\/wp\/v2\/tags?post=1447"}],"curies":[{"name":"wp","href":"https:\/\/api.w.org\/{rel}","templated":true}]}}