{"id":2349,"date":"2021-04-01T08:00:24","date_gmt":"2021-04-01T06:00:24","guid":{"rendered":"https:\/\/www.joseph-wresinski.org\/de\/?p=2349"},"modified":"2021-04-01T08:39:36","modified_gmt":"2021-04-01T06:39:36","slug":"glauben-sie-mir-vergeben-ist-schwer","status":"publish","type":"post","link":"https:\/\/www.joseph-wresinski.org\/de\/glauben-sie-mir-vergeben-ist-schwer\/","title":{"rendered":"Glauben Sie mir, vergeben ist schwer"},"content":{"rendered":"<p><span style=\"color: #333333\"><strong>Im folgenden Text aus dem Jahr 1984 erz\u00e4hlt Joseph Wresinski Begebenheiten, wie sie sich auch in der aktuellen Krisenzeit zutragen k\u00f6nnen. Er verbindet damit einen Aufruf: &#8222;Freunde, k\u00f6nnen diese Kinder, diese M\u00fctter, diese Eheleute, kann dieses Volk im Elend morgen auf Sie z\u00e4hlen?&#8220; <\/strong>(Worte f\u00fcr morgen, S. 139)<\/span><\/p>\n<p><span lang=\"de-DE\" style=\"color: #333333\">Vor kurzem durchw\u00fchlten junge Frauen<br \/>\nzwischen f\u00fcnfundzwanzig und drei\u00dfig<br \/>\nan der Kreuzung Rue Cadet und Boulevard Montmartre in Paris<br \/>\neinen Haufen Kartonschachteln vom nahegelegenen Markt.<\/p>\n<p><\/span><span lang=\"de-DE\" style=\"color: #333333\">Eine von ihnen fischte zwei halb gegessene Kuchen heraus<br \/>\nund steckte sie hastig in ihre Tasche.<\/span><br \/>\n<span lang=\"de-DE\" style=\"color: #333333\">Sofort tauchten zwei Kinder auf,<br \/>\ndenen sie einen der Kuchen teilte.<\/span><\/p>\n<p><span lang=\"de-DE\" style=\"color: #333333\">Ich war so ersch\u00fcttert, dass es mir die Sprache verschlug.<\/span><br \/>\n<span lang=\"de-DE\" style=\"color: #333333\">Bilder aus den sechziger Jahren stiegen vor mir auf:<br \/>\nich sah jene Kinder im Lager von Noisy-le-Grand,<br \/>\ndie genauso im M\u00fcll nach Essbarem gesucht hatten.<\/span><br \/>\n<span lang=\"de-DE\" style=\"color: #333333\">Ich erinnerte mich an die Jungen,<br \/>\ndie ihre Murmeln verkauft hatten,<br \/>\num ihrer Mutter ein Brot zum Geburtstag zu schenken.<\/span><br \/>\n<span lang=\"de-DE\" style=\"color: #333333\">Ich hatte geglaubt, diese Zeiten seien vorbei.<\/span><br \/>\n<span lang=\"de-DE\" style=\"color: #333333\">Doch hier war eine Mutter, die ihre Kinder<br \/>\nmit verdorbenem Kuchen ern\u00e4hrte.<\/span><\/p>\n<p><span lang=\"de-DE\" style=\"color: #333333\">Ich h\u00e4tte nicht geglaubt,<br \/>\nim September 1984 den Alptraum miterleben zu m\u00fcssen,<br \/>\nwie vier kleine Kinder<br \/>\nzwischen acht Monaten und acht Jahren<br \/>\nvon einem gemeindeeigenen Grundst\u00fcck verjagt wurden.<\/span><br \/>\n<span lang=\"de-DE\" style=\"color: #333333\">Das geschah gestern morgen.<br \/>\nIm Juli hatte ihre Familie dort<br \/>\nin einem geliehenen Zelt Zuflucht gefunden.<\/span><br \/>\n<span lang=\"de-DE\" style=\"color: #333333\">Weder der B\u00fcrgermeister noch die Sozialarbeiterin,<br \/>\nnoch der Pr\u00e4fekt hatten etwas f\u00fcr sie getan,<br \/>\nau\u00dfer, dass sie die Kinder ins Heim eingewiesen hatten,<\/span><br \/>\n<span lang=\"de-DE\" style=\"color: #333333\">f\u00fcrs erste, bis sich eine L\u00f6sung finden w\u00fcrde.<\/span><\/p>\n<p><span lang=\"de-DE\" style=\"color: #333333\">Und dennoch ist die Vierte Welt nicht nur Trostlosigkeit.<br \/>\nEs gibt dort Frieden und Verzeihung,<br \/>\nallem Elend zum Trotz.<\/span><br \/>\n<span lang=\"de-DE\" style=\"color: #333333\">Ich denke an den Mann,<br \/>\nden ich letzten August auf dem Friedhof traf.<\/span><br \/>\n<span lang=\"de-DE\" style=\"color: #333333\">Seine neunj\u00e4hrige Tochter<br \/>\nwar auf dem Gehsteig von einem Auto erfasst worden.<\/span><br \/>\n<span lang=\"de-DE\" style=\"color: #333333\">Das Kind war gestorben.<\/span><br \/>\n<span lang=\"de-DE\" style=\"color: #333333\">Nach dem Begr\u00e4bnis sagte der Vater zu mir:<br \/>\n\u201eVerstehen Sie, ich h\u00e4tte den Kerl erw\u00fcrgen k\u00f6nnen,<br \/>\nder meine Tochter \u00fcberfahren hat.<\/span><br \/>\n<span lang=\"de-DE\" style=\"color: #333333\">Als ich aber auf der Polizeistation sah,<br \/>\ndass die Frau, die den Unfall verursacht hatte, behindert war,<br \/>\nda wusste ich nicht, was ich ihr sagen sollte.<\/span><br \/>\n<span lang=\"de-DE\" style=\"color: #333333\">Ich dachte nur, dass es f\u00fcr sie auch schrecklich sein musste,<br \/>\nmein Kind get\u00f6tet zu haben.<\/span><br \/>\n<span lang=\"de-DE\" style=\"color: #333333\">Wir haben zusammen geweint,<br \/>\nund ich sagte mir, dass man verzeihen muss.<br \/>\nAber glauben Sie mir, Herr Pfarrer, vergeben ist schwer.\u201c<\/span><\/p>\n","protected":false},"excerpt":{"rendered":"<p>Im folgenden Text aus dem Jahr 1984 erz\u00e4hlt Joseph Wresinski Begebenheiten, wie sie sich auch in der aktuellen Krisenzeit zutragen (&#8230;) <a class=\"more-link\" href=\"https:\/\/www.joseph-wresinski.org\/de\/glauben-sie-mir-vergeben-ist-schwer\/\">Weiterlesen &#8230; <span class=\"meta-nav\">&rarr;<\/span><\/a><\/p>\n","protected":false},"author":9,"featured_media":2365,"comment_status":"open","ping_status":"open","sticky":false,"template":"","format":"standard","meta":{"_acf_changed":false,"ep_exclude_from_search":false,"footnotes":""},"categories":[12,81,70],"tags":[106,94,95],"class_list":["post-2349","post","type-post","status-publish","format-standard","has-post-thumbnail","hentry","category-news","category-ausschnitte-aus-buechern","category-schriften","tag-hunger","tag-kinderrechte","tag-spiritualitaet"],"acf":[],"yoast_head":"<!-- This site is optimized with the Yoast SEO plugin v27.5 - https:\/\/yoast.com\/product\/yoast-seo-wordpress\/ -->\n<title>Glauben Sie mir, vergeben ist schwer - Joseph Wresinski DE<\/title>\n<meta name=\"robots\" content=\"index, follow, max-snippet:-1, max-image-preview:large, max-video-preview:-1\" \/>\n<link rel=\"canonical\" href=\"https:\/\/www.joseph-wresinski.org\/de\/glauben-sie-mir-vergeben-ist-schwer\/\" \/>\n<meta property=\"og:locale\" content=\"de_DE\" \/>\n<meta property=\"og:type\" content=\"article\" \/>\n<meta property=\"og:title\" content=\"Glauben Sie mir, vergeben ist schwer - Joseph Wresinski DE\" \/>\n<meta property=\"og:description\" content=\"Im folgenden Text aus dem Jahr 1984 erz\u00e4hlt Joseph Wresinski Begebenheiten, wie sie sich auch in der aktuellen Krisenzeit zutragen (...) Weiterlesen ... &rarr;\" \/>\n<meta property=\"og:url\" content=\"https:\/\/www.joseph-wresinski.org\/de\/glauben-sie-mir-vergeben-ist-schwer\/\" \/>\n<meta property=\"og:site_name\" content=\"Joseph Wresinski DE\" \/>\n<meta property=\"article:published_time\" content=\"2021-04-01T06:00:24+00:00\" \/>\n<meta property=\"article:modified_time\" content=\"2021-04-01T06:39:36+00:00\" \/>\n<meta property=\"og:image\" content=\"https:\/\/www.joseph-wresinski.org\/de\/wp-content\/uploads\/sites\/17\/2021\/03\/Jules-Bastien-Lepage-1878-Recolte-de-pommes-de-terre-National-Gallery-of-Victoria.jpg\" \/>\n\t<meta property=\"og:image:width\" content=\"433\" \/>\n\t<meta property=\"og:image:height\" content=\"400\" \/>\n\t<meta property=\"og:image:type\" content=\"image\/jpeg\" \/>\n<meta name=\"author\" content=\"marierose\" \/>\n<meta name=\"twitter:card\" content=\"summary_large_image\" \/>\n<meta name=\"twitter:label1\" content=\"Verfasst von\" \/>\n\t<meta name=\"twitter:data1\" content=\"marierose\" \/>\n\t<meta name=\"twitter:label2\" content=\"Gesch\u00e4tzte Lesezeit\" \/>\n\t<meta name=\"twitter:data2\" content=\"2\u00a0Minuten\" \/>\n<script type=\"application\/ld+json\" class=\"yoast-schema-graph\">{\"@context\":\"https:\\\/\\\/schema.org\",\"@graph\":[{\"@type\":\"Article\",\"@id\":\"https:\\\/\\\/www.joseph-wresinski.org\\\/de\\\/glauben-sie-mir-vergeben-ist-schwer\\\/#article\",\"isPartOf\":{\"@id\":\"https:\\\/\\\/www.joseph-wresinski.org\\\/de\\\/glauben-sie-mir-vergeben-ist-schwer\\\/\"},\"author\":{\"name\":\"marierose\",\"@id\":\"https:\\\/\\\/www.joseph-wresinski.org\\\/de\\\/#\\\/schema\\\/person\\\/b109719571a37c1b82861ad6a5e5626d\"},\"headline\":\"Glauben Sie mir, vergeben ist schwer\",\"datePublished\":\"2021-04-01T06:00:24+00:00\",\"dateModified\":\"2021-04-01T06:39:36+00:00\",\"mainEntityOfPage\":{\"@id\":\"https:\\\/\\\/www.joseph-wresinski.org\\\/de\\\/glauben-sie-mir-vergeben-ist-schwer\\\/\"},\"wordCount\":413,\"commentCount\":0,\"image\":{\"@id\":\"https:\\\/\\\/www.joseph-wresinski.org\\\/de\\\/glauben-sie-mir-vergeben-ist-schwer\\\/#primaryimage\"},\"thumbnailUrl\":\"https:\\\/\\\/www.joseph-wresinski.org\\\/de\\\/wp-content\\\/uploads\\\/sites\\\/17\\\/2021\\\/03\\\/Jules-Bastien-Lepage-1878-Recolte-de-pommes-de-terre-National-Gallery-of-Victoria.jpg\",\"keywords\":[\"Hunger\",\"Kinderrechte\",\"Spiritualit\u00e4t\"],\"articleSection\":[\"Aktuell\",\"Ausschnitte aus B\u00fcchern\",\"Schriften\"],\"inLanguage\":\"de\",\"potentialAction\":[{\"@type\":\"CommentAction\",\"name\":\"Comment\",\"target\":[\"https:\\\/\\\/www.joseph-wresinski.org\\\/de\\\/glauben-sie-mir-vergeben-ist-schwer\\\/#respond\"]}]},{\"@type\":\"WebPage\",\"@id\":\"https:\\\/\\\/www.joseph-wresinski.org\\\/de\\\/glauben-sie-mir-vergeben-ist-schwer\\\/\",\"url\":\"https:\\\/\\\/www.joseph-wresinski.org\\\/de\\\/glauben-sie-mir-vergeben-ist-schwer\\\/\",\"name\":\"Glauben Sie mir, vergeben ist schwer - Joseph Wresinski DE\",\"isPartOf\":{\"@id\":\"https:\\\/\\\/www.joseph-wresinski.org\\\/de\\\/#website\"},\"primaryImageOfPage\":{\"@id\":\"https:\\\/\\\/www.joseph-wresinski.org\\\/de\\\/glauben-sie-mir-vergeben-ist-schwer\\\/#primaryimage\"},\"image\":{\"@id\":\"https:\\\/\\\/www.joseph-wresinski.org\\\/de\\\/glauben-sie-mir-vergeben-ist-schwer\\\/#primaryimage\"},\"thumbnailUrl\":\"https:\\\/\\\/www.joseph-wresinski.org\\\/de\\\/wp-content\\\/uploads\\\/sites\\\/17\\\/2021\\\/03\\\/Jules-Bastien-Lepage-1878-Recolte-de-pommes-de-terre-National-Gallery-of-Victoria.jpg\",\"datePublished\":\"2021-04-01T06:00:24+00:00\",\"dateModified\":\"2021-04-01T06:39:36+00:00\",\"author\":{\"@id\":\"https:\\\/\\\/www.joseph-wresinski.org\\\/de\\\/#\\\/schema\\\/person\\\/b109719571a37c1b82861ad6a5e5626d\"},\"breadcrumb\":{\"@id\":\"https:\\\/\\\/www.joseph-wresinski.org\\\/de\\\/glauben-sie-mir-vergeben-ist-schwer\\\/#breadcrumb\"},\"inLanguage\":\"de\",\"potentialAction\":[{\"@type\":\"ReadAction\",\"target\":[\"https:\\\/\\\/www.joseph-wresinski.org\\\/de\\\/glauben-sie-mir-vergeben-ist-schwer\\\/\"]}]},{\"@type\":\"ImageObject\",\"inLanguage\":\"de\",\"@id\":\"https:\\\/\\\/www.joseph-wresinski.org\\\/de\\\/glauben-sie-mir-vergeben-ist-schwer\\\/#primaryimage\",\"url\":\"https:\\\/\\\/www.joseph-wresinski.org\\\/de\\\/wp-content\\\/uploads\\\/sites\\\/17\\\/2021\\\/03\\\/Jules-Bastien-Lepage-1878-Recolte-de-pommes-de-terre-National-Gallery-of-Victoria.jpg\",\"contentUrl\":\"https:\\\/\\\/www.joseph-wresinski.org\\\/de\\\/wp-content\\\/uploads\\\/sites\\\/17\\\/2021\\\/03\\\/Jules-Bastien-Lepage-1878-Recolte-de-pommes-de-terre-National-Gallery-of-Victoria.jpg\",\"width\":433,\"height\":400},{\"@type\":\"BreadcrumbList\",\"@id\":\"https:\\\/\\\/www.joseph-wresinski.org\\\/de\\\/glauben-sie-mir-vergeben-ist-schwer\\\/#breadcrumb\",\"itemListElement\":[{\"@type\":\"ListItem\",\"position\":1,\"name\":\"Startseite\",\"item\":\"https:\\\/\\\/www.joseph-wresinski.org\\\/de\\\/\"},{\"@type\":\"ListItem\",\"position\":2,\"name\":\"Glauben Sie mir, vergeben ist schwer\"}]},{\"@type\":\"WebSite\",\"@id\":\"https:\\\/\\\/www.joseph-wresinski.org\\\/de\\\/#website\",\"url\":\"https:\\\/\\\/www.joseph-wresinski.org\\\/de\\\/\",\"name\":\"Joseph Wresinski DE\",\"description\":\"Eine Webseite des  Joseph-Wresinski-Zentrums\",\"potentialAction\":[{\"@type\":\"SearchAction\",\"target\":{\"@type\":\"EntryPoint\",\"urlTemplate\":\"https:\\\/\\\/www.joseph-wresinski.org\\\/de\\\/?s={search_term_string}\"},\"query-input\":{\"@type\":\"PropertyValueSpecification\",\"valueRequired\":true,\"valueName\":\"search_term_string\"}}],\"inLanguage\":\"de\"},{\"@type\":\"Person\",\"@id\":\"https:\\\/\\\/www.joseph-wresinski.org\\\/de\\\/#\\\/schema\\\/person\\\/b109719571a37c1b82861ad6a5e5626d\",\"name\":\"marierose\",\"image\":{\"@type\":\"ImageObject\",\"inLanguage\":\"de\",\"@id\":\"https:\\\/\\\/secure.gravatar.com\\\/avatar\\\/f95cff9f685fb88e8d5f8b06a21a1fa123c2d2c32fb5ae7520a100d4365f3ee7?s=96&d=mm&r=g\",\"url\":\"https:\\\/\\\/secure.gravatar.com\\\/avatar\\\/f95cff9f685fb88e8d5f8b06a21a1fa123c2d2c32fb5ae7520a100d4365f3ee7?s=96&d=mm&r=g\",\"contentUrl\":\"https:\\\/\\\/secure.gravatar.com\\\/avatar\\\/f95cff9f685fb88e8d5f8b06a21a1fa123c2d2c32fb5ae7520a100d4365f3ee7?s=96&d=mm&r=g\",\"caption\":\"marierose\"},\"description\":\"Volontaire-permanente du Mouvement international ATD Quart Monde depuis 1987, domicili\u00e9e \u00e0 Fribourg, Suisse, j'ai traduit en allemand plusieurs livres et textes de Joseph Wresinski. J'ai publi\u00e9 en 2005 une th\u00e8se en th\u00e9ologie intitul\u00e9e \\\"Joseph Wresinski, Wortf\u00fchrer der \u00c4rmsten im theologischen Diskurs\\\".\",\"url\":\"https:\\\/\\\/www.joseph-wresinski.org\\\/de\\\/author\\\/marierose\\\/\"}]}<\/script>\n<!-- \/ Yoast SEO plugin. -->","yoast_head_json":{"title":"Glauben Sie mir, vergeben ist schwer - Joseph Wresinski DE","robots":{"index":"index","follow":"follow","max-snippet":"max-snippet:-1","max-image-preview":"max-image-preview:large","max-video-preview":"max-video-preview:-1"},"canonical":"https:\/\/www.joseph-wresinski.org\/de\/glauben-sie-mir-vergeben-ist-schwer\/","og_locale":"de_DE","og_type":"article","og_title":"Glauben Sie mir, vergeben ist schwer - Joseph Wresinski DE","og_description":"Im folgenden Text aus dem Jahr 1984 erz\u00e4hlt Joseph Wresinski Begebenheiten, wie sie sich auch in der aktuellen Krisenzeit zutragen (...) Weiterlesen ... &rarr;","og_url":"https:\/\/www.joseph-wresinski.org\/de\/glauben-sie-mir-vergeben-ist-schwer\/","og_site_name":"Joseph Wresinski DE","article_published_time":"2021-04-01T06:00:24+00:00","article_modified_time":"2021-04-01T06:39:36+00:00","og_image":[{"width":433,"height":400,"url":"https:\/\/www.joseph-wresinski.org\/de\/wp-content\/uploads\/sites\/17\/2021\/03\/Jules-Bastien-Lepage-1878-Recolte-de-pommes-de-terre-National-Gallery-of-Victoria.jpg","type":"image\/jpeg"}],"author":"marierose","twitter_card":"summary_large_image","twitter_misc":{"Verfasst von":"marierose","Gesch\u00e4tzte Lesezeit":"2\u00a0Minuten"},"schema":{"@context":"https:\/\/schema.org","@graph":[{"@type":"Article","@id":"https:\/\/www.joseph-wresinski.org\/de\/glauben-sie-mir-vergeben-ist-schwer\/#article","isPartOf":{"@id":"https:\/\/www.joseph-wresinski.org\/de\/glauben-sie-mir-vergeben-ist-schwer\/"},"author":{"name":"marierose","@id":"https:\/\/www.joseph-wresinski.org\/de\/#\/schema\/person\/b109719571a37c1b82861ad6a5e5626d"},"headline":"Glauben Sie mir, vergeben ist schwer","datePublished":"2021-04-01T06:00:24+00:00","dateModified":"2021-04-01T06:39:36+00:00","mainEntityOfPage":{"@id":"https:\/\/www.joseph-wresinski.org\/de\/glauben-sie-mir-vergeben-ist-schwer\/"},"wordCount":413,"commentCount":0,"image":{"@id":"https:\/\/www.joseph-wresinski.org\/de\/glauben-sie-mir-vergeben-ist-schwer\/#primaryimage"},"thumbnailUrl":"https:\/\/www.joseph-wresinski.org\/de\/wp-content\/uploads\/sites\/17\/2021\/03\/Jules-Bastien-Lepage-1878-Recolte-de-pommes-de-terre-National-Gallery-of-Victoria.jpg","keywords":["Hunger","Kinderrechte","Spiritualit\u00e4t"],"articleSection":["Aktuell","Ausschnitte aus B\u00fcchern","Schriften"],"inLanguage":"de","potentialAction":[{"@type":"CommentAction","name":"Comment","target":["https:\/\/www.joseph-wresinski.org\/de\/glauben-sie-mir-vergeben-ist-schwer\/#respond"]}]},{"@type":"WebPage","@id":"https:\/\/www.joseph-wresinski.org\/de\/glauben-sie-mir-vergeben-ist-schwer\/","url":"https:\/\/www.joseph-wresinski.org\/de\/glauben-sie-mir-vergeben-ist-schwer\/","name":"Glauben Sie mir, vergeben ist schwer - Joseph Wresinski DE","isPartOf":{"@id":"https:\/\/www.joseph-wresinski.org\/de\/#website"},"primaryImageOfPage":{"@id":"https:\/\/www.joseph-wresinski.org\/de\/glauben-sie-mir-vergeben-ist-schwer\/#primaryimage"},"image":{"@id":"https:\/\/www.joseph-wresinski.org\/de\/glauben-sie-mir-vergeben-ist-schwer\/#primaryimage"},"thumbnailUrl":"https:\/\/www.joseph-wresinski.org\/de\/wp-content\/uploads\/sites\/17\/2021\/03\/Jules-Bastien-Lepage-1878-Recolte-de-pommes-de-terre-National-Gallery-of-Victoria.jpg","datePublished":"2021-04-01T06:00:24+00:00","dateModified":"2021-04-01T06:39:36+00:00","author":{"@id":"https:\/\/www.joseph-wresinski.org\/de\/#\/schema\/person\/b109719571a37c1b82861ad6a5e5626d"},"breadcrumb":{"@id":"https:\/\/www.joseph-wresinski.org\/de\/glauben-sie-mir-vergeben-ist-schwer\/#breadcrumb"},"inLanguage":"de","potentialAction":[{"@type":"ReadAction","target":["https:\/\/www.joseph-wresinski.org\/de\/glauben-sie-mir-vergeben-ist-schwer\/"]}]},{"@type":"ImageObject","inLanguage":"de","@id":"https:\/\/www.joseph-wresinski.org\/de\/glauben-sie-mir-vergeben-ist-schwer\/#primaryimage","url":"https:\/\/www.joseph-wresinski.org\/de\/wp-content\/uploads\/sites\/17\/2021\/03\/Jules-Bastien-Lepage-1878-Recolte-de-pommes-de-terre-National-Gallery-of-Victoria.jpg","contentUrl":"https:\/\/www.joseph-wresinski.org\/de\/wp-content\/uploads\/sites\/17\/2021\/03\/Jules-Bastien-Lepage-1878-Recolte-de-pommes-de-terre-National-Gallery-of-Victoria.jpg","width":433,"height":400},{"@type":"BreadcrumbList","@id":"https:\/\/www.joseph-wresinski.org\/de\/glauben-sie-mir-vergeben-ist-schwer\/#breadcrumb","itemListElement":[{"@type":"ListItem","position":1,"name":"Startseite","item":"https:\/\/www.joseph-wresinski.org\/de\/"},{"@type":"ListItem","position":2,"name":"Glauben Sie mir, vergeben ist schwer"}]},{"@type":"WebSite","@id":"https:\/\/www.joseph-wresinski.org\/de\/#website","url":"https:\/\/www.joseph-wresinski.org\/de\/","name":"Joseph Wresinski DE","description":"Eine Webseite des  Joseph-Wresinski-Zentrums","potentialAction":[{"@type":"SearchAction","target":{"@type":"EntryPoint","urlTemplate":"https:\/\/www.joseph-wresinski.org\/de\/?s={search_term_string}"},"query-input":{"@type":"PropertyValueSpecification","valueRequired":true,"valueName":"search_term_string"}}],"inLanguage":"de"},{"@type":"Person","@id":"https:\/\/www.joseph-wresinski.org\/de\/#\/schema\/person\/b109719571a37c1b82861ad6a5e5626d","name":"marierose","image":{"@type":"ImageObject","inLanguage":"de","@id":"https:\/\/secure.gravatar.com\/avatar\/f95cff9f685fb88e8d5f8b06a21a1fa123c2d2c32fb5ae7520a100d4365f3ee7?s=96&d=mm&r=g","url":"https:\/\/secure.gravatar.com\/avatar\/f95cff9f685fb88e8d5f8b06a21a1fa123c2d2c32fb5ae7520a100d4365f3ee7?s=96&d=mm&r=g","contentUrl":"https:\/\/secure.gravatar.com\/avatar\/f95cff9f685fb88e8d5f8b06a21a1fa123c2d2c32fb5ae7520a100d4365f3ee7?s=96&d=mm&r=g","caption":"marierose"},"description":"Volontaire-permanente du Mouvement international ATD Quart Monde depuis 1987, domicili\u00e9e \u00e0 Fribourg, Suisse, j'ai traduit en allemand plusieurs livres et textes de Joseph Wresinski. J'ai publi\u00e9 en 2005 une th\u00e8se en th\u00e9ologie intitul\u00e9e \"Joseph Wresinski, Wortf\u00fchrer der \u00c4rmsten im theologischen Diskurs\".","url":"https:\/\/www.joseph-wresinski.org\/de\/author\/marierose\/"}]}},"_links":{"self":[{"href":"https:\/\/www.joseph-wresinski.org\/de\/wp-json\/wp\/v2\/posts\/2349","targetHints":{"allow":["GET"]}}],"collection":[{"href":"https:\/\/www.joseph-wresinski.org\/de\/wp-json\/wp\/v2\/posts"}],"about":[{"href":"https:\/\/www.joseph-wresinski.org\/de\/wp-json\/wp\/v2\/types\/post"}],"author":[{"embeddable":true,"href":"https:\/\/www.joseph-wresinski.org\/de\/wp-json\/wp\/v2\/users\/9"}],"replies":[{"embeddable":true,"href":"https:\/\/www.joseph-wresinski.org\/de\/wp-json\/wp\/v2\/comments?post=2349"}],"version-history":[{"count":24,"href":"https:\/\/www.joseph-wresinski.org\/de\/wp-json\/wp\/v2\/posts\/2349\/revisions"}],"predecessor-version":[{"id":2382,"href":"https:\/\/www.joseph-wresinski.org\/de\/wp-json\/wp\/v2\/posts\/2349\/revisions\/2382"}],"wp:featuredmedia":[{"embeddable":true,"href":"https:\/\/www.joseph-wresinski.org\/de\/wp-json\/wp\/v2\/media\/2365"}],"wp:attachment":[{"href":"https:\/\/www.joseph-wresinski.org\/de\/wp-json\/wp\/v2\/media?parent=2349"}],"wp:term":[{"taxonomy":"category","embeddable":true,"href":"https:\/\/www.joseph-wresinski.org\/de\/wp-json\/wp\/v2\/categories?post=2349"},{"taxonomy":"post_tag","embeddable":true,"href":"https:\/\/www.joseph-wresinski.org\/de\/wp-json\/wp\/v2\/tags?post=2349"}],"curies":[{"name":"wp","href":"https:\/\/api.w.org\/{rel}","templated":true}]}}