{"id":2394,"date":"2021-05-01T06:30:27","date_gmt":"2021-05-01T04:30:27","guid":{"rendered":"https:\/\/www.joseph-wresinski.org\/de\/?p=2394"},"modified":"2023-11-22T12:17:54","modified_gmt":"2023-11-22T11:17:54","slug":"die-menschliche-taetigkeit-neu-ueberdenken","status":"publish","type":"post","link":"https:\/\/www.joseph-wresinski.org\/de\/die-menschliche-taetigkeit-neu-ueberdenken\/","title":{"rendered":"Die menschliche T\u00e4tigkeit neu \u00fcberdenken"},"content":{"rendered":"<p><em>Die folgende Botschaft an das von der Arbeitslosenbewegung <a href=\"https:\/\/www.mncp.fr\/qui-sommes-nous\/presentation\/\">MNCP<\/a> veranstaltete Forum \u201eEtats g\u00e9n\u00e9raux du ch\u00f4mage et de l\u2019emploi\u201c vom 5. und 6. M\u00e4rz 1988 in Paris hat Joseph Wresinski kurz vor dem chirurgischen Eingriff, von dem er nicht mehr aufwachen sollte, auf Tonband gesprochen. Nach seinem Tod am 14. Februar 1988 beschlossen die Veranstalter, seinen Beitrag an der Er\u00f6ffnungssitzung zu verbreiten.<\/em><\/p>\n<p><em>In dieser Zeit, wo viele Menschen auch im Zusammenhang mit der Covid-19-Pandemie arbeitslos werden, l\u00e4dt dieser Text dazu ein, die menschliche T\u00e4tigkeit neu zu \u00fcberdenken, damit jeder Mensch gleichzeitig Zugang zu einer menschenw\u00fcrdigen Arbeit und zu Kultur und Bildung erh\u00e4lt, um sich voll am gesellschaftlichen Leben beteiligen zu k\u00f6nnen.<\/em><\/p>\n<p><strong>I Recht auf Arbeit und Menschenrechte<\/strong><\/p>\n<p>Die Bedeutung der <em>Etats g\u00e9n\u00e9raux<\/em><sup>\u00a0<\/sup>\u00a0 <span id='easy-footnote-1-2394' class='easy-footnote-margin-adjust'><\/span><span class='easy-footnote'><a href='https:\/\/www.joseph-wresinski.org\/de\/die-menschliche-taetigkeit-neu-ueberdenken\/#easy-footnote-bottom-1-2394' title='In Frankreich bezeichnet der Ausdruck \u201e\u00c9tats g\u00e9n\u00e9raux\u201c (Generalst\u00e4nde) heute eine offizielle Befragung von B\u00fcrgerinitiativen oder Organisationen zu einem bestimmten Thema. Im vorliegenden Falle ging es um Arbeitslosigkeit und die Mitwirkung von Arbeitgeber- und Arbeitnehmerorganisationen, aber es gibt auch entsprechende Veranstaltungen zur Bildung, zur Umwelt und zu anderen Fragen. Der Name bezieht sich auf die Generalst\u00e4nde, die unter der alten Staatsform eine gesetzgebende und beratende Versammlung der verschiedenen Klassen (oder St\u00e4nde) der franz\u00f6sischen Staatsangeh\u00f6rigen darstellten. Es gab eine unterschiedliche Versammlung f\u00fcr jeden der drei St\u00e4nde (Klerus, Adel und Dritter Stand), die vom K\u00f6nig ernannt und aufgel\u00f6st wurden. Im April 1789 forderten einige erfolglos die Einberufung von Vertretern des \u201eVierten Standes\u201c, der Klasse der Armen und der Ungl\u00fccklichen. Der Ausdruck \u201eVierte Welt\u201c, den die ATD-Vierte-Welt-Bewegung Mitte der 1960er Jahre gepr\u00e4gt hat, ist eine zeitgem\u00e4\u00dfe Weiterentwicklung dieser Episode in der Geschichte der Franz\u00f6sischen Revolution'><sup>1<\/sup><\/a><\/span>\u201eArbeitslosigkeit und Besch\u00e4ftigung\u201c und der Fragen, die dort diskutiert werden sollen, ist offensichtlich. Dies gilt f\u00fcr Arbeitnehmerinnen und Arbeitnehmer, die jetzt arbeitslos sind oder Gefahr laufen, ihre Arbeit zu verlieren. Aber dar\u00fcber hinaus gilt es auch f\u00fcr die gesamte Gesellschaft, die heute vor der Herausforderung steht, das Recht auf Arbeit und das Recht auf Partizipation im Rahmen der Verwirklichung der Gesamtheit der Menschenrechte neu zu \u00fcberdenken. Diese <em>\u00c9tats G\u00e9n\u00e9raux<\/em> werden uns weiterbringen, sofern es gelingt, die Realisierung des Rechts auf Arbeit im Zusammenhang mit der Unteilbarkeit der Freiheiten und Rechte des Menschen und B\u00fcrgers zu \u00fcberpr\u00fcfen.<\/p>\n<p>Wo stehen wir in dieser Hinsicht?<\/p>\n<p><strong>II Eine \u201esoziale Behandlung der Arbeitslosigkeit\u201c<span id='easy-footnote-2-2394' class='easy-footnote-margin-adjust'><\/span><span class='easy-footnote'><a href='https:\/\/www.joseph-wresinski.org\/de\/die-menschliche-taetigkeit-neu-ueberdenken\/#easy-footnote-bottom-2-2394' title=' Auf Franz\u00f6sisch bezeichnet der Ausdruck \u201etraitement social du ch\u00f4mage\u201c, hier als \u201esoziale Behandlung der Arbeitslosigkeit\u201c \u00fcbersetzt die Gesamtheit der wirtschaftlichen Unterst\u00fctzung der Arbeitslosen. Oft fehlt dabei eine aktive Politik mit dem Ziel die Arbeitslosen durch Aus-und Weiterbildung sowie F\u00f6rderung ihrer Sachkenntnisse wieder ins Arbeitsleben einzugliedern'><sup>2<\/sup><\/a><\/span>gen\u00fcgt nicht<\/strong><\/p>\n<p>In einer Gesellschaft, in der Geld durch Arbeit zu verdienen zum haupts\u00e4chlichen und quasi absoluten Mittel geworden ist, um seine W\u00fcrde als Mensch und B\u00fcrger auszudr\u00fccken, haben wir jahrzehntelang in keiner Weise daf\u00fcr gesorgt, dass das Recht auf eine berufliche Besch\u00e4ftigung bis ans untere Ende der sozialen Skala gesichert ist.<\/p>\n<p>Schlimmer noch, die Sicherheitssysteme, die es den Arbeitslosen erlauben, den Arbeiterstatus und den Schutz ihrer Familien zu behalten, bleiben den \u00c4rmsten unzug\u00e4nglich. Das war schon vor der Rezession und den gro\u00dfen \u00f6konomischen Ver\u00e4nderungen der Fall und dieses Fehlen von Garantien hat es erm\u00f6glicht, dass mit der Ausweitung der Langzeitarbeitslosigkeit auch der Ausschluss vom Status und den erworbenen Rechten der Arbeiterschaft zunimmt, vor allem bei den wenigsten qualifiziert M\u00e4nnern und Frauen, von denen manche auch Analphabeten sind.<\/p>\n<p>Man kann sagen, dass heute bei zunehmender Anzahl von Betroffenen die M\u00e4ngel in der Umsetzung der durch die Verfassung anerkannten Menschenrechte besser sichtbar geworden sind. Sie schockieren immer mehr die \u00f6ffentliche Meinung, die sie w\u00e4hrend einigen Jahrzehnten ignoriert hatte. Von einer &#8222;sozialen Behandlung der Arbeitslosigkeit&#8220;<a href=\"#sdfootnote2sym\"><sup>2<\/sup><\/a> kann also heute keine Rede mehr sein.<\/p>\n<p>Tats\u00e4chlich tragen kurzfristige \u201eBehandlungen\u201c mit einer \u201eminimalen Arbeit\u201c oder einer technischen Ausbildung nicht zur Wiederherstellung von Rechten bei, solange sie keinen Zugang zum Arbeitsmarkt oder zur Partizipation er\u00f6ffnen.<\/p>\n<p><strong>III Die doppelte Aufgabe des Staats: Das Recht auf Arbeit und auf Kultur sichern<\/strong><\/p>\n<p>Es wird auch weiterhin gelten, dass die Schaffung von Arbeitsstellen und die Bereitstellung umfassender beruflicher Ausbildungsm\u00f6glichkeiten eine absolute Pflicht des Staates ist.<\/p>\n<p>Diese Pflicht darf nicht l\u00e4nger allein vom guten Willen oder der Ideologie der Partei, die gerade an der Macht ist, abh\u00e4ngen. Wir ben\u00f6tigen einen nationalen Konsens, der es nicht mehr erlaubt, die Arbeitslosigkeit zum Spielplatz wechselnder politischer Rivalit\u00e4ten zu machen.<\/p>\n<p>Wir ben\u00f6tigen aber auch einen weiteren nationalen Konsens f\u00fcr eine wirkliche Aufwertung der Zeit, in der die Arbeitskr\u00e4fte keine Besch\u00e4ftigung haben. Beamte, Angestellte, Manager, Lehrkr\u00e4fte, Selbst\u00e4ndigerwerbende betonen immer mehr die Bedeutung von Sabbatjahren, freier Bildungszeit, freiwilligem Urlaub usw. im modernen Berufsleben. Sie fordern und bekommen mit Recht diese Zeit, die nicht f\u00fcr eine berufliche Fortbildung im engeren Sinn, sondern f\u00fcr eine sichtliche Erweiterung ihrer kulturellen Allgemeinbildung bestimmt ist.<\/p>\n<p>Diejenigen, die sich im Wettlauf um eine gr\u00f6sstm\u00f6gliche Beteiligung am Wirtschaftsleben von morgen befinden, t\u00e4uschen sich nicht darin, dass eine echte kulturelle Bereicherung eine Grunderfordernis darstellt. Leider fehlt den Langzeitarbeitslosen diese M\u00f6glichkeit ganz und gar, obwohl dies f\u00fcr sie noch wichtiger ist, da sie oft wenig kulturelle Kenntnisse erworben und solche sogar verloren haben. Kultur im weitesten Sinn wurde der Arbeiterschaft immer vorenthalten. Um sich Respekt zu verschaffen und der Armut zu entkommen, hatte sie nur ihre F\u00e4uste und ihre Organisation. Arbeiter und Arbeiterinnen in gro\u00dfer Armut haben nicht diese M\u00f6glichkeit. Kultur ist daher f\u00fcr sie ein absolutes Bed\u00fcrfnis und Recht.<\/p>\n<p>Eine zweite unausweichliche Pflicht des Staates ist daher die Sicherung der Rechte und Freiheiten des Menschen durch Ma\u00dfnahmen, die unvermeidbare Perioden von Arbeitslosigkeit in Sabbatzeiten verwandeln. In diesen Zeitabschnitten k\u00f6nnten die Betroffenen sich wirklich erholen, sich weiterbilden, neue Techniken beherrschen und vor allem eine kulturelle Allgemeinbildung erwerben, die ihnen zur Gleichheit im Wirtschaftsleben, und im Leben \u00fcberhaupt, immer gefehlt hat.<\/p>\n<p><strong>Schlussfolgerung<\/strong><\/p>\n<p>Daf\u00fcr zu k\u00e4mpfen, dass jeder und jede eine w\u00fcrdige Arbeit hat und als vollwertige Arbeitskraft anerkannt und wertgesch\u00e4tzt wird, ist wesentlich. Aber um diesen Kampf zu gewinnen, ist es unerl\u00e4sslich, sich zugleich hartn\u00e4ckig daf\u00fcr einzusetzen, dass eine manchmal nicht zu verhindernde Periode von Arbeitslosigkeit zu einer Sabbatzeit f\u00fcr menschliche und kulturelle Fortbildung wird: zu einer Zeit f\u00fcr m\u00f6glichst umfassende Bildung, die auch die Bereiche der gewerkschaftlichen, politischen und religi\u00f6sen Beteiligung und der k\u00fcnstlerischen Kreativit\u00e4t einschlie\u00dft.<\/p>\n<p>Daher ersucht die Internationale Bewegung ATD Vierte Welt die <em>Etats G\u00e9n\u00e9raux<\/em> \u201eArbeitslosigkeit und Besch\u00e4ftigung\u201c:<\/p>\n<ul>\n<li>f\u00fcr die Langzeitarbeitslosen, f\u00fcr alle Arbeitslosen und f\u00fcr alle von Arbeitslosigkeit bedrohten Arbeitskr\u00e4fte mit niedrigem Bildungsniveau das Recht auf Kultur zu fordern,<\/li>\n<li>einschneidende Ma\u00dfnahmen zu fordern, um das doppelte Recht auf Arbeit und Kultur unwiderruflich in den Pflichten des Staates zu verankern.<\/li>\n<\/ul>\n","protected":false},"excerpt":{"rendered":"<p>Die folgende Botschaft an das von der Arbeitslosenbewegung MNCP veranstaltete Forum \u201eEtats g\u00e9n\u00e9raux du ch\u00f4mage et de l\u2019emploi\u201c vom 5. (&#8230;) <a class=\"more-link\" href=\"https:\/\/www.joseph-wresinski.org\/de\/die-menschliche-taetigkeit-neu-ueberdenken\/\">Weiterlesen &#8230; <span class=\"meta-nav\">&rarr;<\/span><\/a><\/p>\n","protected":false},"author":9,"featured_media":2387,"comment_status":"open","ping_status":"open","sticky":false,"template":"","format":"standard","meta":{"_acf_changed":false,"ep_exclude_from_search":false,"footnotes":""},"categories":[12,85,70],"tags":[107,100,108,90],"class_list":["post-2394","post","type-post","status-publish","format-standard","has-post-thumbnail","hentry","category-news","category-botschaften","category-schriften","tag-arbeit","tag-bildung","tag-kultur","tag-partizipation"],"acf":[],"yoast_head":"<!-- This site is optimized with the Yoast SEO plugin v27.5 - https:\/\/yoast.com\/product\/yoast-seo-wordpress\/ -->\n<title>Die menschliche T\u00e4tigkeit neu \u00fcberdenken - Joseph Wresinski DE<\/title>\n<meta name=\"robots\" content=\"index, follow, max-snippet:-1, max-image-preview:large, max-video-preview:-1\" \/>\n<link rel=\"canonical\" href=\"https:\/\/www.joseph-wresinski.org\/de\/die-menschliche-taetigkeit-neu-ueberdenken\/\" \/>\n<meta property=\"og:locale\" content=\"de_DE\" \/>\n<meta property=\"og:type\" content=\"article\" \/>\n<meta property=\"og:title\" content=\"Die menschliche T\u00e4tigkeit neu \u00fcberdenken - Joseph Wresinski DE\" \/>\n<meta property=\"og:description\" content=\"Die folgende Botschaft an das von der Arbeitslosenbewegung MNCP veranstaltete Forum \u201eEtats g\u00e9n\u00e9raux du ch\u00f4mage et de l\u2019emploi\u201c vom 5. (...) Weiterlesen ... &rarr;\" \/>\n<meta property=\"og:url\" content=\"https:\/\/www.joseph-wresinski.org\/de\/die-menschliche-taetigkeit-neu-ueberdenken\/\" \/>\n<meta property=\"og:site_name\" content=\"Joseph Wresinski DE\" \/>\n<meta property=\"article:published_time\" content=\"2021-05-01T04:30:27+00:00\" \/>\n<meta property=\"article:modified_time\" content=\"2023-11-22T11:17:54+00:00\" \/>\n<meta property=\"og:image\" content=\"https:\/\/www.joseph-wresinski.org\/de\/wp-content\/uploads\/sites\/17\/2021\/04\/1163px-Der_Streik-_von_Robert_Koehler.jpg\" \/>\n\t<meta property=\"og:image:width\" content=\"1163\" \/>\n\t<meta property=\"og:image:height\" content=\"720\" \/>\n\t<meta property=\"og:image:type\" content=\"image\/jpeg\" \/>\n<meta name=\"author\" content=\"marierose\" \/>\n<meta name=\"twitter:card\" content=\"summary_large_image\" \/>\n<meta name=\"twitter:label1\" content=\"Verfasst von\" \/>\n\t<meta name=\"twitter:data1\" content=\"marierose\" \/>\n\t<meta name=\"twitter:label2\" content=\"Gesch\u00e4tzte Lesezeit\" \/>\n\t<meta name=\"twitter:data2\" content=\"6\u00a0Minuten\" \/>\n<script type=\"application\/ld+json\" class=\"yoast-schema-graph\">{\"@context\":\"https:\\\/\\\/schema.org\",\"@graph\":[{\"@type\":\"Article\",\"@id\":\"https:\\\/\\\/www.joseph-wresinski.org\\\/de\\\/die-menschliche-taetigkeit-neu-ueberdenken\\\/#article\",\"isPartOf\":{\"@id\":\"https:\\\/\\\/www.joseph-wresinski.org\\\/de\\\/die-menschliche-taetigkeit-neu-ueberdenken\\\/\"},\"author\":{\"name\":\"marierose\",\"@id\":\"https:\\\/\\\/www.joseph-wresinski.org\\\/de\\\/#\\\/schema\\\/person\\\/b109719571a37c1b82861ad6a5e5626d\"},\"headline\":\"Die menschliche T\u00e4tigkeit neu \u00fcberdenken\",\"datePublished\":\"2021-05-01T04:30:27+00:00\",\"dateModified\":\"2023-11-22T11:17:54+00:00\",\"mainEntityOfPage\":{\"@id\":\"https:\\\/\\\/www.joseph-wresinski.org\\\/de\\\/die-menschliche-taetigkeit-neu-ueberdenken\\\/\"},\"wordCount\":1169,\"commentCount\":0,\"image\":{\"@id\":\"https:\\\/\\\/www.joseph-wresinski.org\\\/de\\\/die-menschliche-taetigkeit-neu-ueberdenken\\\/#primaryimage\"},\"thumbnailUrl\":\"https:\\\/\\\/www.joseph-wresinski.org\\\/de\\\/wp-content\\\/uploads\\\/sites\\\/17\\\/2021\\\/04\\\/1163px-Der_Streik-_von_Robert_Koehler.jpg\",\"keywords\":[\"Arbeit\",\"Bildung\",\"Kultur\",\"Partizipation\"],\"articleSection\":[\"Aktuell\",\"Botschaften\",\"Schriften\"],\"inLanguage\":\"de\",\"potentialAction\":[{\"@type\":\"CommentAction\",\"name\":\"Comment\",\"target\":[\"https:\\\/\\\/www.joseph-wresinski.org\\\/de\\\/die-menschliche-taetigkeit-neu-ueberdenken\\\/#respond\"]}]},{\"@type\":\"WebPage\",\"@id\":\"https:\\\/\\\/www.joseph-wresinski.org\\\/de\\\/die-menschliche-taetigkeit-neu-ueberdenken\\\/\",\"url\":\"https:\\\/\\\/www.joseph-wresinski.org\\\/de\\\/die-menschliche-taetigkeit-neu-ueberdenken\\\/\",\"name\":\"Die menschliche T\u00e4tigkeit neu \u00fcberdenken - Joseph Wresinski DE\",\"isPartOf\":{\"@id\":\"https:\\\/\\\/www.joseph-wresinski.org\\\/de\\\/#website\"},\"primaryImageOfPage\":{\"@id\":\"https:\\\/\\\/www.joseph-wresinski.org\\\/de\\\/die-menschliche-taetigkeit-neu-ueberdenken\\\/#primaryimage\"},\"image\":{\"@id\":\"https:\\\/\\\/www.joseph-wresinski.org\\\/de\\\/die-menschliche-taetigkeit-neu-ueberdenken\\\/#primaryimage\"},\"thumbnailUrl\":\"https:\\\/\\\/www.joseph-wresinski.org\\\/de\\\/wp-content\\\/uploads\\\/sites\\\/17\\\/2021\\\/04\\\/1163px-Der_Streik-_von_Robert_Koehler.jpg\",\"datePublished\":\"2021-05-01T04:30:27+00:00\",\"dateModified\":\"2023-11-22T11:17:54+00:00\",\"author\":{\"@id\":\"https:\\\/\\\/www.joseph-wresinski.org\\\/de\\\/#\\\/schema\\\/person\\\/b109719571a37c1b82861ad6a5e5626d\"},\"breadcrumb\":{\"@id\":\"https:\\\/\\\/www.joseph-wresinski.org\\\/de\\\/die-menschliche-taetigkeit-neu-ueberdenken\\\/#breadcrumb\"},\"inLanguage\":\"de\",\"potentialAction\":[{\"@type\":\"ReadAction\",\"target\":[\"https:\\\/\\\/www.joseph-wresinski.org\\\/de\\\/die-menschliche-taetigkeit-neu-ueberdenken\\\/\"]}]},{\"@type\":\"ImageObject\",\"inLanguage\":\"de\",\"@id\":\"https:\\\/\\\/www.joseph-wresinski.org\\\/de\\\/die-menschliche-taetigkeit-neu-ueberdenken\\\/#primaryimage\",\"url\":\"https:\\\/\\\/www.joseph-wresinski.org\\\/de\\\/wp-content\\\/uploads\\\/sites\\\/17\\\/2021\\\/04\\\/1163px-Der_Streik-_von_Robert_Koehler.jpg\",\"contentUrl\":\"https:\\\/\\\/www.joseph-wresinski.org\\\/de\\\/wp-content\\\/uploads\\\/sites\\\/17\\\/2021\\\/04\\\/1163px-Der_Streik-_von_Robert_Koehler.jpg\",\"width\":1163,\"height\":720},{\"@type\":\"BreadcrumbList\",\"@id\":\"https:\\\/\\\/www.joseph-wresinski.org\\\/de\\\/die-menschliche-taetigkeit-neu-ueberdenken\\\/#breadcrumb\",\"itemListElement\":[{\"@type\":\"ListItem\",\"position\":1,\"name\":\"Startseite\",\"item\":\"https:\\\/\\\/www.joseph-wresinski.org\\\/de\\\/\"},{\"@type\":\"ListItem\",\"position\":2,\"name\":\"Die menschliche T\u00e4tigkeit neu \u00fcberdenken\"}]},{\"@type\":\"WebSite\",\"@id\":\"https:\\\/\\\/www.joseph-wresinski.org\\\/de\\\/#website\",\"url\":\"https:\\\/\\\/www.joseph-wresinski.org\\\/de\\\/\",\"name\":\"Joseph Wresinski DE\",\"description\":\"Eine Webseite des  Joseph-Wresinski-Zentrums\",\"potentialAction\":[{\"@type\":\"SearchAction\",\"target\":{\"@type\":\"EntryPoint\",\"urlTemplate\":\"https:\\\/\\\/www.joseph-wresinski.org\\\/de\\\/?s={search_term_string}\"},\"query-input\":{\"@type\":\"PropertyValueSpecification\",\"valueRequired\":true,\"valueName\":\"search_term_string\"}}],\"inLanguage\":\"de\"},{\"@type\":\"Person\",\"@id\":\"https:\\\/\\\/www.joseph-wresinski.org\\\/de\\\/#\\\/schema\\\/person\\\/b109719571a37c1b82861ad6a5e5626d\",\"name\":\"marierose\",\"image\":{\"@type\":\"ImageObject\",\"inLanguage\":\"de\",\"@id\":\"https:\\\/\\\/secure.gravatar.com\\\/avatar\\\/f95cff9f685fb88e8d5f8b06a21a1fa123c2d2c32fb5ae7520a100d4365f3ee7?s=96&d=mm&r=g\",\"url\":\"https:\\\/\\\/secure.gravatar.com\\\/avatar\\\/f95cff9f685fb88e8d5f8b06a21a1fa123c2d2c32fb5ae7520a100d4365f3ee7?s=96&d=mm&r=g\",\"contentUrl\":\"https:\\\/\\\/secure.gravatar.com\\\/avatar\\\/f95cff9f685fb88e8d5f8b06a21a1fa123c2d2c32fb5ae7520a100d4365f3ee7?s=96&d=mm&r=g\",\"caption\":\"marierose\"},\"description\":\"Volontaire-permanente du Mouvement international ATD Quart Monde depuis 1987, domicili\u00e9e \u00e0 Fribourg, Suisse, j'ai traduit en allemand plusieurs livres et textes de Joseph Wresinski. J'ai publi\u00e9 en 2005 une th\u00e8se en th\u00e9ologie intitul\u00e9e \\\"Joseph Wresinski, Wortf\u00fchrer der \u00c4rmsten im theologischen Diskurs\\\".\",\"url\":\"https:\\\/\\\/www.joseph-wresinski.org\\\/de\\\/author\\\/marierose\\\/\"}]}<\/script>\n<!-- \/ Yoast SEO plugin. -->","yoast_head_json":{"title":"Die menschliche T\u00e4tigkeit neu \u00fcberdenken - Joseph Wresinski DE","robots":{"index":"index","follow":"follow","max-snippet":"max-snippet:-1","max-image-preview":"max-image-preview:large","max-video-preview":"max-video-preview:-1"},"canonical":"https:\/\/www.joseph-wresinski.org\/de\/die-menschliche-taetigkeit-neu-ueberdenken\/","og_locale":"de_DE","og_type":"article","og_title":"Die menschliche T\u00e4tigkeit neu \u00fcberdenken - Joseph Wresinski DE","og_description":"Die folgende Botschaft an das von der Arbeitslosenbewegung MNCP veranstaltete Forum \u201eEtats g\u00e9n\u00e9raux du ch\u00f4mage et de l\u2019emploi\u201c vom 5. (...) Weiterlesen ... &rarr;","og_url":"https:\/\/www.joseph-wresinski.org\/de\/die-menschliche-taetigkeit-neu-ueberdenken\/","og_site_name":"Joseph Wresinski DE","article_published_time":"2021-05-01T04:30:27+00:00","article_modified_time":"2023-11-22T11:17:54+00:00","og_image":[{"width":1163,"height":720,"url":"https:\/\/www.joseph-wresinski.org\/de\/wp-content\/uploads\/sites\/17\/2021\/04\/1163px-Der_Streik-_von_Robert_Koehler.jpg","type":"image\/jpeg"}],"author":"marierose","twitter_card":"summary_large_image","twitter_misc":{"Verfasst von":"marierose","Gesch\u00e4tzte Lesezeit":"6\u00a0Minuten"},"schema":{"@context":"https:\/\/schema.org","@graph":[{"@type":"Article","@id":"https:\/\/www.joseph-wresinski.org\/de\/die-menschliche-taetigkeit-neu-ueberdenken\/#article","isPartOf":{"@id":"https:\/\/www.joseph-wresinski.org\/de\/die-menschliche-taetigkeit-neu-ueberdenken\/"},"author":{"name":"marierose","@id":"https:\/\/www.joseph-wresinski.org\/de\/#\/schema\/person\/b109719571a37c1b82861ad6a5e5626d"},"headline":"Die menschliche T\u00e4tigkeit neu \u00fcberdenken","datePublished":"2021-05-01T04:30:27+00:00","dateModified":"2023-11-22T11:17:54+00:00","mainEntityOfPage":{"@id":"https:\/\/www.joseph-wresinski.org\/de\/die-menschliche-taetigkeit-neu-ueberdenken\/"},"wordCount":1169,"commentCount":0,"image":{"@id":"https:\/\/www.joseph-wresinski.org\/de\/die-menschliche-taetigkeit-neu-ueberdenken\/#primaryimage"},"thumbnailUrl":"https:\/\/www.joseph-wresinski.org\/de\/wp-content\/uploads\/sites\/17\/2021\/04\/1163px-Der_Streik-_von_Robert_Koehler.jpg","keywords":["Arbeit","Bildung","Kultur","Partizipation"],"articleSection":["Aktuell","Botschaften","Schriften"],"inLanguage":"de","potentialAction":[{"@type":"CommentAction","name":"Comment","target":["https:\/\/www.joseph-wresinski.org\/de\/die-menschliche-taetigkeit-neu-ueberdenken\/#respond"]}]},{"@type":"WebPage","@id":"https:\/\/www.joseph-wresinski.org\/de\/die-menschliche-taetigkeit-neu-ueberdenken\/","url":"https:\/\/www.joseph-wresinski.org\/de\/die-menschliche-taetigkeit-neu-ueberdenken\/","name":"Die menschliche T\u00e4tigkeit neu \u00fcberdenken - Joseph Wresinski DE","isPartOf":{"@id":"https:\/\/www.joseph-wresinski.org\/de\/#website"},"primaryImageOfPage":{"@id":"https:\/\/www.joseph-wresinski.org\/de\/die-menschliche-taetigkeit-neu-ueberdenken\/#primaryimage"},"image":{"@id":"https:\/\/www.joseph-wresinski.org\/de\/die-menschliche-taetigkeit-neu-ueberdenken\/#primaryimage"},"thumbnailUrl":"https:\/\/www.joseph-wresinski.org\/de\/wp-content\/uploads\/sites\/17\/2021\/04\/1163px-Der_Streik-_von_Robert_Koehler.jpg","datePublished":"2021-05-01T04:30:27+00:00","dateModified":"2023-11-22T11:17:54+00:00","author":{"@id":"https:\/\/www.joseph-wresinski.org\/de\/#\/schema\/person\/b109719571a37c1b82861ad6a5e5626d"},"breadcrumb":{"@id":"https:\/\/www.joseph-wresinski.org\/de\/die-menschliche-taetigkeit-neu-ueberdenken\/#breadcrumb"},"inLanguage":"de","potentialAction":[{"@type":"ReadAction","target":["https:\/\/www.joseph-wresinski.org\/de\/die-menschliche-taetigkeit-neu-ueberdenken\/"]}]},{"@type":"ImageObject","inLanguage":"de","@id":"https:\/\/www.joseph-wresinski.org\/de\/die-menschliche-taetigkeit-neu-ueberdenken\/#primaryimage","url":"https:\/\/www.joseph-wresinski.org\/de\/wp-content\/uploads\/sites\/17\/2021\/04\/1163px-Der_Streik-_von_Robert_Koehler.jpg","contentUrl":"https:\/\/www.joseph-wresinski.org\/de\/wp-content\/uploads\/sites\/17\/2021\/04\/1163px-Der_Streik-_von_Robert_Koehler.jpg","width":1163,"height":720},{"@type":"BreadcrumbList","@id":"https:\/\/www.joseph-wresinski.org\/de\/die-menschliche-taetigkeit-neu-ueberdenken\/#breadcrumb","itemListElement":[{"@type":"ListItem","position":1,"name":"Startseite","item":"https:\/\/www.joseph-wresinski.org\/de\/"},{"@type":"ListItem","position":2,"name":"Die menschliche T\u00e4tigkeit neu \u00fcberdenken"}]},{"@type":"WebSite","@id":"https:\/\/www.joseph-wresinski.org\/de\/#website","url":"https:\/\/www.joseph-wresinski.org\/de\/","name":"Joseph Wresinski DE","description":"Eine Webseite des  Joseph-Wresinski-Zentrums","potentialAction":[{"@type":"SearchAction","target":{"@type":"EntryPoint","urlTemplate":"https:\/\/www.joseph-wresinski.org\/de\/?s={search_term_string}"},"query-input":{"@type":"PropertyValueSpecification","valueRequired":true,"valueName":"search_term_string"}}],"inLanguage":"de"},{"@type":"Person","@id":"https:\/\/www.joseph-wresinski.org\/de\/#\/schema\/person\/b109719571a37c1b82861ad6a5e5626d","name":"marierose","image":{"@type":"ImageObject","inLanguage":"de","@id":"https:\/\/secure.gravatar.com\/avatar\/f95cff9f685fb88e8d5f8b06a21a1fa123c2d2c32fb5ae7520a100d4365f3ee7?s=96&d=mm&r=g","url":"https:\/\/secure.gravatar.com\/avatar\/f95cff9f685fb88e8d5f8b06a21a1fa123c2d2c32fb5ae7520a100d4365f3ee7?s=96&d=mm&r=g","contentUrl":"https:\/\/secure.gravatar.com\/avatar\/f95cff9f685fb88e8d5f8b06a21a1fa123c2d2c32fb5ae7520a100d4365f3ee7?s=96&d=mm&r=g","caption":"marierose"},"description":"Volontaire-permanente du Mouvement international ATD Quart Monde depuis 1987, domicili\u00e9e \u00e0 Fribourg, Suisse, j'ai traduit en allemand plusieurs livres et textes de Joseph Wresinski. J'ai publi\u00e9 en 2005 une th\u00e8se en th\u00e9ologie intitul\u00e9e \"Joseph Wresinski, Wortf\u00fchrer der \u00c4rmsten im theologischen Diskurs\".","url":"https:\/\/www.joseph-wresinski.org\/de\/author\/marierose\/"}]}},"_links":{"self":[{"href":"https:\/\/www.joseph-wresinski.org\/de\/wp-json\/wp\/v2\/posts\/2394","targetHints":{"allow":["GET"]}}],"collection":[{"href":"https:\/\/www.joseph-wresinski.org\/de\/wp-json\/wp\/v2\/posts"}],"about":[{"href":"https:\/\/www.joseph-wresinski.org\/de\/wp-json\/wp\/v2\/types\/post"}],"author":[{"embeddable":true,"href":"https:\/\/www.joseph-wresinski.org\/de\/wp-json\/wp\/v2\/users\/9"}],"replies":[{"embeddable":true,"href":"https:\/\/www.joseph-wresinski.org\/de\/wp-json\/wp\/v2\/comments?post=2394"}],"version-history":[{"count":25,"href":"https:\/\/www.joseph-wresinski.org\/de\/wp-json\/wp\/v2\/posts\/2394\/revisions"}],"predecessor-version":[{"id":3264,"href":"https:\/\/www.joseph-wresinski.org\/de\/wp-json\/wp\/v2\/posts\/2394\/revisions\/3264"}],"wp:featuredmedia":[{"embeddable":true,"href":"https:\/\/www.joseph-wresinski.org\/de\/wp-json\/wp\/v2\/media\/2387"}],"wp:attachment":[{"href":"https:\/\/www.joseph-wresinski.org\/de\/wp-json\/wp\/v2\/media?parent=2394"}],"wp:term":[{"taxonomy":"category","embeddable":true,"href":"https:\/\/www.joseph-wresinski.org\/de\/wp-json\/wp\/v2\/categories?post=2394"},{"taxonomy":"post_tag","embeddable":true,"href":"https:\/\/www.joseph-wresinski.org\/de\/wp-json\/wp\/v2\/tags?post=2394"}],"curies":[{"name":"wp","href":"https:\/\/api.w.org\/{rel}","templated":true}]}}