{"id":2477,"date":"2021-07-20T00:00:57","date_gmt":"2021-07-19T22:00:57","guid":{"rendered":"https:\/\/www.joseph-wresinski.org\/de\/?p=2477"},"modified":"2021-08-24T13:14:48","modified_gmt":"2021-08-24T11:14:48","slug":"schon-seit-drei-jahren-sind-sie-nicht-mehr-weggefahren","status":"publish","type":"post","link":"https:\/\/www.joseph-wresinski.org\/de\/schon-seit-drei-jahren-sind-sie-nicht-mehr-weggefahren\/","title":{"rendered":"Schon seit drei Jahren sind sie nicht mehr weggefahren"},"content":{"rendered":"<p><em>Mehr denn je gelten Erholung, Freizeit und Urlaub zu Recht als unverzichtbare Aktivit\u00e4ten. In diesem Text aus dem Jahr 1986 weist Joseph Wresinski darauf hin, dass Menschen in Armut oft ohne sie auskommen m\u00fcssen.<\/em><\/p>\n<p>Mit der nahenden Ferienzeit beginnt die Siedlung zu fiebern. Die Kinder werden unruhiger, manchmal frecher. Sie tun sich immer schwerer mit der Schule und ihren Misserfolgen. Die Eltern verlangen immer dringender nach etwas Ruhe. \u201eWenn die Ferien nur endlich anfingen, dass wir unseren Frieden h\u00e4tten\u00a0\u2026\u201c Doch unter sich sagen sie: \u201eEs wird den Kindern guttun, sie haben es wirklich n\u00f6tig und sie werden eine Menge lernen.&#8220;<\/p>\n<p>Von Februar an legen einige Geld beiseite. Meist wird es vorher ausgegeben f\u00fcr Arztbesuche, anstehende Miete, angeh\u00e4ufte Schulden. Alle rechnen mit der Ferienzulage und vielleicht auch mit etwas Gl\u00fcck \u2026 Pl\u00e4ne werden geschmiedet. \u201eWir fahren alle zusammen weg, mit den Kindern, in ein Familienheim oder auch zu Verwandten.&#8220; \u201eDas wird ein neuer Anfang&#8220;, sagt Monsieur Jacket. \u201eIch mache eine Entziehungskur. Man hat uns einen Monat Familienferien versprochen, im Jura. Und danach wird mit der Arbeit Ernst gemacht.<\/p>\n<p>Doch je n\u00e4her die Ferien r\u00fccken, desto unruhiger werden die Familien. Dieses Jahr wird nichts daraus: weil einer krank war, weil der Vater keine Arbeit hat &#8230; Und man m\u00fcsste ja alle in Ferien schicken, doch womit? Die Leute gehen der Sozialarbeiterin aus dem Weg, weil die Papiere noch nicht ausgef\u00fcllt sind. Wozu auch, wenn die Kinder ja doch nicht fahren! Wenn sie von den Ferien sprechen, platzt den Erwachsenen der Kragen. Sie fangen an zu schreien, jeder Vorwand ist ihnen recht. Die Kinder bleiben abends l\u00e4nger auf der Stra\u00dfe, zu Hause ist es nicht gem\u00fctlich. Dazu sind Mai und Juni auch die Zeit der Zwangsr\u00e4umungen und Beschlagnahmungen. Da stecken die Kleinen leicht Schl\u00e4ge ein, und die Gr\u00f6\u00dferen rufen gro\u00dfspurig: \u201eAch, ihr mit eurem Ferienlager! Ist doch Schei\u00dfe!&#8220;<\/p>\n<p>Ich denke an Madame Estienne. Vor einigen Jahren einmal konnten ihre acht Kinder nicht in die Ferien fahren: Kein Geld, keine W\u00e4sche \u2026 Seit einer Woche ging sie mir aus dem Weg. An jenem Abend wollte ich gerade schlafen gehen \u2014 es war schon sp\u00e4t. Ger\u00e4uschlos hatte sie die T\u00fcr zu meiner Baracke aufgesto\u00dfen und war eingetreten. Da sa\u00df sie nun auf einer Bank, den Kopf gesenkt, und weinte. Nach einer Weile murmelte sie leise: \u201eSchon seit drei Jahren sind sie nicht mehr weggefahren. Und der Vater trinkt \u2026 Was soll aus ihnen werden?\u201c<\/p>\n<p>Wir k\u00f6nnen uns nicht vorstellen, eines der eigenen Kinder im Stich zu lassen. Wie sollten wir da in einer Welt leben wollen, in der den Kindern der \u00c4rmsten die M\u00f6glichkeit verbaut ist, dass aus ihnen einmal etwas werden kann!<\/p>\n<p>&nbsp;<\/p>\n<p>&nbsp;<\/p>\n","protected":false},"excerpt":{"rendered":"<p>Mehr denn je gelten Erholung, Freizeit und Urlaub zu Recht als unverzichtbare Aktivit\u00e4ten. In diesem Text aus dem Jahr 1986 (&#8230;) <a class=\"more-link\" href=\"https:\/\/www.joseph-wresinski.org\/de\/schon-seit-drei-jahren-sind-sie-nicht-mehr-weggefahren\/\">Weiterlesen &#8230; <span class=\"meta-nav\">&rarr;<\/span><\/a><\/p>\n","protected":false},"author":9,"featured_media":2456,"comment_status":"open","ping_status":"open","sticky":false,"template":"","format":"standard","meta":{"_acf_changed":false,"ep_exclude_from_search":false,"footnotes":""},"categories":[12,81],"tags":[94],"class_list":["post-2477","post","type-post","status-publish","format-standard","has-post-thumbnail","hentry","category-news","category-ausschnitte-aus-buechern","tag-kinderrechte"],"acf":[],"yoast_head":"<!-- This site is optimized with the Yoast SEO plugin v27.5 - https:\/\/yoast.com\/product\/yoast-seo-wordpress\/ -->\n<title>Schon seit drei Jahren sind sie nicht mehr weggefahren - Joseph Wresinski DE<\/title>\n<meta name=\"robots\" content=\"index, follow, max-snippet:-1, max-image-preview:large, max-video-preview:-1\" \/>\n<link rel=\"canonical\" href=\"https:\/\/www.joseph-wresinski.org\/de\/schon-seit-drei-jahren-sind-sie-nicht-mehr-weggefahren\/\" \/>\n<meta property=\"og:locale\" content=\"de_DE\" \/>\n<meta property=\"og:type\" content=\"article\" \/>\n<meta property=\"og:title\" content=\"Schon seit drei Jahren sind sie nicht mehr weggefahren - Joseph Wresinski DE\" \/>\n<meta property=\"og:description\" content=\"Mehr denn je gelten Erholung, Freizeit und Urlaub zu Recht als unverzichtbare Aktivit\u00e4ten. In diesem Text aus dem Jahr 1986 (...) Weiterlesen ... &rarr;\" \/>\n<meta property=\"og:url\" content=\"https:\/\/www.joseph-wresinski.org\/de\/schon-seit-drei-jahren-sind-sie-nicht-mehr-weggefahren\/\" \/>\n<meta property=\"og:site_name\" content=\"Joseph Wresinski DE\" \/>\n<meta property=\"article:published_time\" content=\"2021-07-19T22:00:57+00:00\" \/>\n<meta property=\"article:modified_time\" content=\"2021-08-24T11:14:48+00:00\" \/>\n<meta property=\"og:image\" content=\"https:\/\/www.joseph-wresinski.org\/de\/wp-content\/uploads\/sites\/17\/2021\/06\/bise3.jpg\" \/>\n\t<meta property=\"og:image:width\" content=\"700\" \/>\n\t<meta property=\"og:image:height\" content=\"371\" \/>\n\t<meta property=\"og:image:type\" content=\"image\/jpeg\" \/>\n<meta name=\"author\" content=\"marierose\" \/>\n<meta name=\"twitter:card\" content=\"summary_large_image\" \/>\n<meta name=\"twitter:label1\" content=\"Verfasst von\" \/>\n\t<meta name=\"twitter:data1\" content=\"marierose\" \/>\n\t<meta name=\"twitter:label2\" content=\"Gesch\u00e4tzte Lesezeit\" \/>\n\t<meta name=\"twitter:data2\" content=\"2\u00a0Minuten\" \/>\n<script type=\"application\/ld+json\" class=\"yoast-schema-graph\">{\"@context\":\"https:\\\/\\\/schema.org\",\"@graph\":[{\"@type\":\"Article\",\"@id\":\"https:\\\/\\\/www.joseph-wresinski.org\\\/de\\\/schon-seit-drei-jahren-sind-sie-nicht-mehr-weggefahren\\\/#article\",\"isPartOf\":{\"@id\":\"https:\\\/\\\/www.joseph-wresinski.org\\\/de\\\/schon-seit-drei-jahren-sind-sie-nicht-mehr-weggefahren\\\/\"},\"author\":{\"name\":\"marierose\",\"@id\":\"https:\\\/\\\/www.joseph-wresinski.org\\\/de\\\/#\\\/schema\\\/person\\\/b109719571a37c1b82861ad6a5e5626d\"},\"headline\":\"Schon seit drei Jahren sind sie nicht mehr weggefahren\",\"datePublished\":\"2021-07-19T22:00:57+00:00\",\"dateModified\":\"2021-08-24T11:14:48+00:00\",\"mainEntityOfPage\":{\"@id\":\"https:\\\/\\\/www.joseph-wresinski.org\\\/de\\\/schon-seit-drei-jahren-sind-sie-nicht-mehr-weggefahren\\\/\"},\"wordCount\":470,\"commentCount\":0,\"image\":{\"@id\":\"https:\\\/\\\/www.joseph-wresinski.org\\\/de\\\/schon-seit-drei-jahren-sind-sie-nicht-mehr-weggefahren\\\/#primaryimage\"},\"thumbnailUrl\":\"https:\\\/\\\/www.joseph-wresinski.org\\\/de\\\/wp-content\\\/uploads\\\/sites\\\/17\\\/2021\\\/06\\\/bise3.jpg\",\"keywords\":[\"Kinderrechte\"],\"articleSection\":[\"Aktuell\",\"Ausschnitte aus B\u00fcchern\"],\"inLanguage\":\"de\",\"potentialAction\":[{\"@type\":\"CommentAction\",\"name\":\"Comment\",\"target\":[\"https:\\\/\\\/www.joseph-wresinski.org\\\/de\\\/schon-seit-drei-jahren-sind-sie-nicht-mehr-weggefahren\\\/#respond\"]}]},{\"@type\":\"WebPage\",\"@id\":\"https:\\\/\\\/www.joseph-wresinski.org\\\/de\\\/schon-seit-drei-jahren-sind-sie-nicht-mehr-weggefahren\\\/\",\"url\":\"https:\\\/\\\/www.joseph-wresinski.org\\\/de\\\/schon-seit-drei-jahren-sind-sie-nicht-mehr-weggefahren\\\/\",\"name\":\"Schon seit drei Jahren sind sie nicht mehr weggefahren - Joseph Wresinski DE\",\"isPartOf\":{\"@id\":\"https:\\\/\\\/www.joseph-wresinski.org\\\/de\\\/#website\"},\"primaryImageOfPage\":{\"@id\":\"https:\\\/\\\/www.joseph-wresinski.org\\\/de\\\/schon-seit-drei-jahren-sind-sie-nicht-mehr-weggefahren\\\/#primaryimage\"},\"image\":{\"@id\":\"https:\\\/\\\/www.joseph-wresinski.org\\\/de\\\/schon-seit-drei-jahren-sind-sie-nicht-mehr-weggefahren\\\/#primaryimage\"},\"thumbnailUrl\":\"https:\\\/\\\/www.joseph-wresinski.org\\\/de\\\/wp-content\\\/uploads\\\/sites\\\/17\\\/2021\\\/06\\\/bise3.jpg\",\"datePublished\":\"2021-07-19T22:00:57+00:00\",\"dateModified\":\"2021-08-24T11:14:48+00:00\",\"author\":{\"@id\":\"https:\\\/\\\/www.joseph-wresinski.org\\\/de\\\/#\\\/schema\\\/person\\\/b109719571a37c1b82861ad6a5e5626d\"},\"breadcrumb\":{\"@id\":\"https:\\\/\\\/www.joseph-wresinski.org\\\/de\\\/schon-seit-drei-jahren-sind-sie-nicht-mehr-weggefahren\\\/#breadcrumb\"},\"inLanguage\":\"de\",\"potentialAction\":[{\"@type\":\"ReadAction\",\"target\":[\"https:\\\/\\\/www.joseph-wresinski.org\\\/de\\\/schon-seit-drei-jahren-sind-sie-nicht-mehr-weggefahren\\\/\"]}]},{\"@type\":\"ImageObject\",\"inLanguage\":\"de\",\"@id\":\"https:\\\/\\\/www.joseph-wresinski.org\\\/de\\\/schon-seit-drei-jahren-sind-sie-nicht-mehr-weggefahren\\\/#primaryimage\",\"url\":\"https:\\\/\\\/www.joseph-wresinski.org\\\/de\\\/wp-content\\\/uploads\\\/sites\\\/17\\\/2021\\\/06\\\/bise3.jpg\",\"contentUrl\":\"https:\\\/\\\/www.joseph-wresinski.org\\\/de\\\/wp-content\\\/uploads\\\/sites\\\/17\\\/2021\\\/06\\\/bise3.jpg\",\"width\":700,\"height\":371},{\"@type\":\"BreadcrumbList\",\"@id\":\"https:\\\/\\\/www.joseph-wresinski.org\\\/de\\\/schon-seit-drei-jahren-sind-sie-nicht-mehr-weggefahren\\\/#breadcrumb\",\"itemListElement\":[{\"@type\":\"ListItem\",\"position\":1,\"name\":\"Startseite\",\"item\":\"https:\\\/\\\/www.joseph-wresinski.org\\\/de\\\/\"},{\"@type\":\"ListItem\",\"position\":2,\"name\":\"Schon seit drei Jahren sind sie nicht mehr weggefahren\"}]},{\"@type\":\"WebSite\",\"@id\":\"https:\\\/\\\/www.joseph-wresinski.org\\\/de\\\/#website\",\"url\":\"https:\\\/\\\/www.joseph-wresinski.org\\\/de\\\/\",\"name\":\"Joseph Wresinski DE\",\"description\":\"Eine Webseite des  Joseph-Wresinski-Zentrums\",\"potentialAction\":[{\"@type\":\"SearchAction\",\"target\":{\"@type\":\"EntryPoint\",\"urlTemplate\":\"https:\\\/\\\/www.joseph-wresinski.org\\\/de\\\/?s={search_term_string}\"},\"query-input\":{\"@type\":\"PropertyValueSpecification\",\"valueRequired\":true,\"valueName\":\"search_term_string\"}}],\"inLanguage\":\"de\"},{\"@type\":\"Person\",\"@id\":\"https:\\\/\\\/www.joseph-wresinski.org\\\/de\\\/#\\\/schema\\\/person\\\/b109719571a37c1b82861ad6a5e5626d\",\"name\":\"marierose\",\"image\":{\"@type\":\"ImageObject\",\"inLanguage\":\"de\",\"@id\":\"https:\\\/\\\/secure.gravatar.com\\\/avatar\\\/f95cff9f685fb88e8d5f8b06a21a1fa123c2d2c32fb5ae7520a100d4365f3ee7?s=96&d=mm&r=g\",\"url\":\"https:\\\/\\\/secure.gravatar.com\\\/avatar\\\/f95cff9f685fb88e8d5f8b06a21a1fa123c2d2c32fb5ae7520a100d4365f3ee7?s=96&d=mm&r=g\",\"contentUrl\":\"https:\\\/\\\/secure.gravatar.com\\\/avatar\\\/f95cff9f685fb88e8d5f8b06a21a1fa123c2d2c32fb5ae7520a100d4365f3ee7?s=96&d=mm&r=g\",\"caption\":\"marierose\"},\"description\":\"Volontaire-permanente du Mouvement international ATD Quart Monde depuis 1987, domicili\u00e9e \u00e0 Fribourg, Suisse, j'ai traduit en allemand plusieurs livres et textes de Joseph Wresinski. J'ai publi\u00e9 en 2005 une th\u00e8se en th\u00e9ologie intitul\u00e9e \\\"Joseph Wresinski, Wortf\u00fchrer der \u00c4rmsten im theologischen Diskurs\\\".\",\"url\":\"https:\\\/\\\/www.joseph-wresinski.org\\\/de\\\/author\\\/marierose\\\/\"}]}<\/script>\n<!-- \/ Yoast SEO plugin. -->","yoast_head_json":{"title":"Schon seit drei Jahren sind sie nicht mehr weggefahren - Joseph Wresinski DE","robots":{"index":"index","follow":"follow","max-snippet":"max-snippet:-1","max-image-preview":"max-image-preview:large","max-video-preview":"max-video-preview:-1"},"canonical":"https:\/\/www.joseph-wresinski.org\/de\/schon-seit-drei-jahren-sind-sie-nicht-mehr-weggefahren\/","og_locale":"de_DE","og_type":"article","og_title":"Schon seit drei Jahren sind sie nicht mehr weggefahren - Joseph Wresinski DE","og_description":"Mehr denn je gelten Erholung, Freizeit und Urlaub zu Recht als unverzichtbare Aktivit\u00e4ten. In diesem Text aus dem Jahr 1986 (...) Weiterlesen ... &rarr;","og_url":"https:\/\/www.joseph-wresinski.org\/de\/schon-seit-drei-jahren-sind-sie-nicht-mehr-weggefahren\/","og_site_name":"Joseph Wresinski DE","article_published_time":"2021-07-19T22:00:57+00:00","article_modified_time":"2021-08-24T11:14:48+00:00","og_image":[{"width":700,"height":371,"url":"https:\/\/www.joseph-wresinski.org\/de\/wp-content\/uploads\/sites\/17\/2021\/06\/bise3.jpg","type":"image\/jpeg"}],"author":"marierose","twitter_card":"summary_large_image","twitter_misc":{"Verfasst von":"marierose","Gesch\u00e4tzte Lesezeit":"2\u00a0Minuten"},"schema":{"@context":"https:\/\/schema.org","@graph":[{"@type":"Article","@id":"https:\/\/www.joseph-wresinski.org\/de\/schon-seit-drei-jahren-sind-sie-nicht-mehr-weggefahren\/#article","isPartOf":{"@id":"https:\/\/www.joseph-wresinski.org\/de\/schon-seit-drei-jahren-sind-sie-nicht-mehr-weggefahren\/"},"author":{"name":"marierose","@id":"https:\/\/www.joseph-wresinski.org\/de\/#\/schema\/person\/b109719571a37c1b82861ad6a5e5626d"},"headline":"Schon seit drei Jahren sind sie nicht mehr weggefahren","datePublished":"2021-07-19T22:00:57+00:00","dateModified":"2021-08-24T11:14:48+00:00","mainEntityOfPage":{"@id":"https:\/\/www.joseph-wresinski.org\/de\/schon-seit-drei-jahren-sind-sie-nicht-mehr-weggefahren\/"},"wordCount":470,"commentCount":0,"image":{"@id":"https:\/\/www.joseph-wresinski.org\/de\/schon-seit-drei-jahren-sind-sie-nicht-mehr-weggefahren\/#primaryimage"},"thumbnailUrl":"https:\/\/www.joseph-wresinski.org\/de\/wp-content\/uploads\/sites\/17\/2021\/06\/bise3.jpg","keywords":["Kinderrechte"],"articleSection":["Aktuell","Ausschnitte aus B\u00fcchern"],"inLanguage":"de","potentialAction":[{"@type":"CommentAction","name":"Comment","target":["https:\/\/www.joseph-wresinski.org\/de\/schon-seit-drei-jahren-sind-sie-nicht-mehr-weggefahren\/#respond"]}]},{"@type":"WebPage","@id":"https:\/\/www.joseph-wresinski.org\/de\/schon-seit-drei-jahren-sind-sie-nicht-mehr-weggefahren\/","url":"https:\/\/www.joseph-wresinski.org\/de\/schon-seit-drei-jahren-sind-sie-nicht-mehr-weggefahren\/","name":"Schon seit drei Jahren sind sie nicht mehr weggefahren - Joseph Wresinski DE","isPartOf":{"@id":"https:\/\/www.joseph-wresinski.org\/de\/#website"},"primaryImageOfPage":{"@id":"https:\/\/www.joseph-wresinski.org\/de\/schon-seit-drei-jahren-sind-sie-nicht-mehr-weggefahren\/#primaryimage"},"image":{"@id":"https:\/\/www.joseph-wresinski.org\/de\/schon-seit-drei-jahren-sind-sie-nicht-mehr-weggefahren\/#primaryimage"},"thumbnailUrl":"https:\/\/www.joseph-wresinski.org\/de\/wp-content\/uploads\/sites\/17\/2021\/06\/bise3.jpg","datePublished":"2021-07-19T22:00:57+00:00","dateModified":"2021-08-24T11:14:48+00:00","author":{"@id":"https:\/\/www.joseph-wresinski.org\/de\/#\/schema\/person\/b109719571a37c1b82861ad6a5e5626d"},"breadcrumb":{"@id":"https:\/\/www.joseph-wresinski.org\/de\/schon-seit-drei-jahren-sind-sie-nicht-mehr-weggefahren\/#breadcrumb"},"inLanguage":"de","potentialAction":[{"@type":"ReadAction","target":["https:\/\/www.joseph-wresinski.org\/de\/schon-seit-drei-jahren-sind-sie-nicht-mehr-weggefahren\/"]}]},{"@type":"ImageObject","inLanguage":"de","@id":"https:\/\/www.joseph-wresinski.org\/de\/schon-seit-drei-jahren-sind-sie-nicht-mehr-weggefahren\/#primaryimage","url":"https:\/\/www.joseph-wresinski.org\/de\/wp-content\/uploads\/sites\/17\/2021\/06\/bise3.jpg","contentUrl":"https:\/\/www.joseph-wresinski.org\/de\/wp-content\/uploads\/sites\/17\/2021\/06\/bise3.jpg","width":700,"height":371},{"@type":"BreadcrumbList","@id":"https:\/\/www.joseph-wresinski.org\/de\/schon-seit-drei-jahren-sind-sie-nicht-mehr-weggefahren\/#breadcrumb","itemListElement":[{"@type":"ListItem","position":1,"name":"Startseite","item":"https:\/\/www.joseph-wresinski.org\/de\/"},{"@type":"ListItem","position":2,"name":"Schon seit drei Jahren sind sie nicht mehr weggefahren"}]},{"@type":"WebSite","@id":"https:\/\/www.joseph-wresinski.org\/de\/#website","url":"https:\/\/www.joseph-wresinski.org\/de\/","name":"Joseph Wresinski DE","description":"Eine Webseite des  Joseph-Wresinski-Zentrums","potentialAction":[{"@type":"SearchAction","target":{"@type":"EntryPoint","urlTemplate":"https:\/\/www.joseph-wresinski.org\/de\/?s={search_term_string}"},"query-input":{"@type":"PropertyValueSpecification","valueRequired":true,"valueName":"search_term_string"}}],"inLanguage":"de"},{"@type":"Person","@id":"https:\/\/www.joseph-wresinski.org\/de\/#\/schema\/person\/b109719571a37c1b82861ad6a5e5626d","name":"marierose","image":{"@type":"ImageObject","inLanguage":"de","@id":"https:\/\/secure.gravatar.com\/avatar\/f95cff9f685fb88e8d5f8b06a21a1fa123c2d2c32fb5ae7520a100d4365f3ee7?s=96&d=mm&r=g","url":"https:\/\/secure.gravatar.com\/avatar\/f95cff9f685fb88e8d5f8b06a21a1fa123c2d2c32fb5ae7520a100d4365f3ee7?s=96&d=mm&r=g","contentUrl":"https:\/\/secure.gravatar.com\/avatar\/f95cff9f685fb88e8d5f8b06a21a1fa123c2d2c32fb5ae7520a100d4365f3ee7?s=96&d=mm&r=g","caption":"marierose"},"description":"Volontaire-permanente du Mouvement international ATD Quart Monde depuis 1987, domicili\u00e9e \u00e0 Fribourg, Suisse, j'ai traduit en allemand plusieurs livres et textes de Joseph Wresinski. J'ai publi\u00e9 en 2005 une th\u00e8se en th\u00e9ologie intitul\u00e9e \"Joseph Wresinski, Wortf\u00fchrer der \u00c4rmsten im theologischen Diskurs\".","url":"https:\/\/www.joseph-wresinski.org\/de\/author\/marierose\/"}]}},"_links":{"self":[{"href":"https:\/\/www.joseph-wresinski.org\/de\/wp-json\/wp\/v2\/posts\/2477","targetHints":{"allow":["GET"]}}],"collection":[{"href":"https:\/\/www.joseph-wresinski.org\/de\/wp-json\/wp\/v2\/posts"}],"about":[{"href":"https:\/\/www.joseph-wresinski.org\/de\/wp-json\/wp\/v2\/types\/post"}],"author":[{"embeddable":true,"href":"https:\/\/www.joseph-wresinski.org\/de\/wp-json\/wp\/v2\/users\/9"}],"replies":[{"embeddable":true,"href":"https:\/\/www.joseph-wresinski.org\/de\/wp-json\/wp\/v2\/comments?post=2477"}],"version-history":[{"count":14,"href":"https:\/\/www.joseph-wresinski.org\/de\/wp-json\/wp\/v2\/posts\/2477\/revisions"}],"predecessor-version":[{"id":2517,"href":"https:\/\/www.joseph-wresinski.org\/de\/wp-json\/wp\/v2\/posts\/2477\/revisions\/2517"}],"wp:featuredmedia":[{"embeddable":true,"href":"https:\/\/www.joseph-wresinski.org\/de\/wp-json\/wp\/v2\/media\/2456"}],"wp:attachment":[{"href":"https:\/\/www.joseph-wresinski.org\/de\/wp-json\/wp\/v2\/media?parent=2477"}],"wp:term":[{"taxonomy":"category","embeddable":true,"href":"https:\/\/www.joseph-wresinski.org\/de\/wp-json\/wp\/v2\/categories?post=2477"},{"taxonomy":"post_tag","embeddable":true,"href":"https:\/\/www.joseph-wresinski.org\/de\/wp-json\/wp\/v2\/tags?post=2477"}],"curies":[{"name":"wp","href":"https:\/\/api.w.org\/{rel}","templated":true}]}}