{"id":2576,"date":"2021-10-31T08:31:34","date_gmt":"2021-10-31T07:31:34","guid":{"rendered":"https:\/\/www.joseph-wresinski.org\/de\/?p=2576"},"modified":"2021-10-31T08:31:34","modified_gmt":"2021-10-31T07:31:34","slug":"wir-hatten-nichts-anderes-zu-bieten-als-uns-selbst","status":"publish","type":"post","link":"https:\/\/www.joseph-wresinski.org\/de\/wir-hatten-nichts-anderes-zu-bieten-als-uns-selbst\/","title":{"rendered":"Wir hatten nichts anderes zu bieten als uns selbst"},"content":{"rendered":"<p><em>In der Einleitung zu seinem1983 auf Franz\u00f6sisch erschienenen Buch \u201eDie Armen sind die Kirche\u201c erkl\u00e4rt Joseph Wresinski die Hauptanliegen der Bewegung ATD Vierte Welt und situiert sie im Kontext der Zeitgeschichte.<br \/>\n<\/em><\/p>\n<p>Wir sind keine Erfinder, blo\u00df Erben. Andere haben in der zeitgen\u00f6ssischen Kirche hier und in aller Welt den Ansto\u00df zu Bewegungen gegeben, die den Armen, dem Volk der Ausgesto\u00dfenen begegnen. Wir befinden uns innerhalb einer geistig-geistlichen Richtung, die nicht so sehr auf Ideen als vielmehr auf einer Einsicht des Herzens beruht und die den Armen, den Leuten des Elends begegnet ist. Da gibt es Bewegungen, die f\u00fcr den Frieden k\u00e4mpfen, f\u00fcr das Brot, f\u00fcr die Gerechtigkeit: all diese Anliegen treffen sich irgendwo in der Sorge um den am meisten verachteten Menschen. Wir schaffen nichts Neues, obwohl das Elend uns auch erfinderisch machen kann; vielleicht erneuern wir Bestehendes.<\/p>\n<p>Wo unsere Originalit\u00e4t liegt? Als die Bewegung ATD Vierte Welt begann, war die Gesellschaft selbstbewusst; jedermann dachte, dass der Fortschritt verbunden mit dem F\u00fcrsorgewesen das Elend automatisch und unvermeidlich zum Verschwinden bringen w\u00fcrde, man war siegessicher. Wie konnte in diesem Kontext irgendjemand an das glauben, was wir \u00fcber das Elend sagten? Das war die Hauptschwierigkeit, auf die wir stie\u00dfen.<\/p>\n<p>In diesem Kontext hat Abb\u00e9 Pierre die Wirklichkeit der am meisten Leidenden sichtbar gemacht; ATD Vierte Welt hat diese mit der Familie in Verbindung gebracht. Das war k\u00fchn in jener Zeit, wo die Gesellschaft ihr Interesse an der Familie zu verlieren begann; die Sozialdienste und die Beh\u00f6rden haben \u00fcbrigens den Nachdruck, den wir auf die Familie legen, noch immer nicht verstanden. Weshalb uns so viel daran lag? Wenn alles fehlt, ist die Familie die einzige Zuflucht f\u00fcr den Menschen; nur hier gibt es noch jemand, der ihn aufnimmt, nur hier ist er noch jemand. In der Familie findet er seine Identit\u00e4t. Die Seinen, seine Kinder, seine Ehefrau, seine Lebensgef\u00e4hrtin &#8230; stellen f\u00fcr ihn seinen letzten Freiraum dar. Selbst wenn ihre Kinder ihnen entrissen werden, berufen sich der Mann und die Frau immer auf die Wesen, denen sie das Leben geschenkt haben. Weil wir auf dieser Realit\u00e4t der Familie bestanden, galten wir als r\u00fcckst\u00e4ndig. Darunter haben wir sehr gelitten, ohne uns allerdings beirren zu lassen.<\/p>\n<p>Entscheidend war in unserer Bewegung von Anfang an, dass wir nichts anderes zu bieten hatten als uns selbst. Wir besa\u00dfen nichts, wir waren keine Organisation f\u00fcr sozialen Wohnungsbau und auch keine Sozialarbeiter mit einer bestimmten Dienststelle oder Einrichtung im R\u00fccken. Wir hatten nichts anderes zu bieten als das Herz, das in unserer Brust schlug. Unsere weitestgehende Mittellosigkeit, unser v\u00f6lliger Mangel an allem Notwendigen erm\u00f6glichten es, dass wir von den am meisten benachteiligten Familien akzeptiert wurden. Wir hatten keinerlei Macht, keine politische oder gesellschaftliche Macht, nicht einmal die Unterst\u00fctzung oder den R\u00fcckhalt einer Kirche. Wir kamen mit leeren H\u00e4nden und blo\u00dfen F\u00fcssen mitten ins Elend. Wir hatten nichts anderes zu bieten als das, was wir waren: Frauen und M\u00e4nner, die ihr Leben daf\u00fcr einsetzen wollten, mit diesen Menschen, die von Ablehnung und Elend umgeben waren, zu k\u00e4mpfen. Der Mensch und seine F\u00f6rderung waren unser einziges Ziel.<\/p>\n<p>Wir haben von Anfang an gewollt, dass diese Familien, die in \u00e4u\u00dferster Armut lebten, die Verteidiger ihrer Br\u00fcder und Schwestern seien. Wir standen am Anfang eines weiten Weges, ohne Beziehungen, in der gleichen Lage wie die Familien, die in v\u00f6lliger Mittellosigkeit lebten. Viele von diesen hatten nichts anderes gekannt als Bed\u00fcrftigkeit, Unwissenheit, Krankheit, Arbeitslosigkeit und auf jeden Fall Ablehnung und Ausgrenzung. Wir wollten erreichen, dass ihr eigener Einsatz als B\u00fcrgschaft diene, damit die Gesellschaft sie wieder als Menschen aufnehme, die f\u00fcr sich selber, f\u00fcr ihre Kinder, f\u00fcr ihr Leben und f\u00fcr ihr Wort verantwortlich sind. Dieser eigene Einsatz sollte ein lebender Beweis sein f\u00fcr die M\u00f6glichkeiten jedes Menschen: kein Mensch ist jemals v\u00f6llig am Ende. Wenn die \u00c4rmsten, trotz des Elends, das sie von \u00fcberall her einkreiste, in ihrem Zusammenleben eine gewisse Gastlichkeit und Solidarit\u00e4t entwickeln konnten, wenn die Angeh\u00f6rigen der Unterklasse zu best\u00e4tigen imstande waren, dass es f\u00fcr das Leben und die Gesellschaft noch andere Triebkr\u00e4fte geben kann als Konsum und Profit, dann war dies das Angebot einer neuen Welt, das sich an jeden Menschen richtete.\u00a0 Wir schlugen eine radikale \u00c4nderung des Blickwinkels vor, andersartige Beziehungen, ein anderes Ziel f\u00fcr unsere Bem\u00fchungen.<\/p>\n","protected":false},"excerpt":{"rendered":"<p>In der Einleitung zu seinem1983 auf Franz\u00f6sisch erschienenen Buch \u201eDie Armen sind die Kirche\u201c erkl\u00e4rt Joseph Wresinski die Hauptanliegen der (&#8230;) <a class=\"more-link\" href=\"https:\/\/www.joseph-wresinski.org\/de\/wir-hatten-nichts-anderes-zu-bieten-als-uns-selbst\/\">Weiterlesen &#8230; <span class=\"meta-nav\">&rarr;<\/span><\/a><\/p>\n","protected":false},"author":9,"featured_media":2577,"comment_status":"open","ping_status":"open","sticky":false,"template":"","format":"standard","meta":{"_acf_changed":false,"ep_exclude_from_search":false,"footnotes":""},"categories":[12,81,70],"tags":[110,111,102,95],"class_list":["post-2576","post","type-post","status-publish","format-standard","has-post-thumbnail","hentry","category-news","category-ausschnitte-aus-buechern","category-schriften","tag-engagement","tag-familie","tag-geschichte","tag-spiritualitaet"],"acf":[],"yoast_head":"<!-- This site is optimized with the Yoast SEO plugin v27.5 - https:\/\/yoast.com\/product\/yoast-seo-wordpress\/ -->\n<title>Wir hatten nichts anderes zu bieten als uns selbst - Joseph Wresinski DE<\/title>\n<meta name=\"robots\" content=\"index, follow, max-snippet:-1, max-image-preview:large, max-video-preview:-1\" \/>\n<link rel=\"canonical\" href=\"https:\/\/www.joseph-wresinski.org\/de\/wir-hatten-nichts-anderes-zu-bieten-als-uns-selbst\/\" \/>\n<meta property=\"og:locale\" content=\"de_DE\" \/>\n<meta property=\"og:type\" content=\"article\" \/>\n<meta property=\"og:title\" content=\"Wir hatten nichts anderes zu bieten als uns selbst - Joseph Wresinski DE\" \/>\n<meta property=\"og:description\" content=\"In der Einleitung zu seinem1983 auf Franz\u00f6sisch erschienenen Buch \u201eDie Armen sind die Kirche\u201c erkl\u00e4rt Joseph Wresinski die Hauptanliegen der (...) Weiterlesen ... &rarr;\" \/>\n<meta property=\"og:url\" content=\"https:\/\/www.joseph-wresinski.org\/de\/wir-hatten-nichts-anderes-zu-bieten-als-uns-selbst\/\" \/>\n<meta property=\"og:site_name\" content=\"Joseph Wresinski DE\" \/>\n<meta property=\"article:published_time\" content=\"2021-10-31T07:31:34+00:00\" \/>\n<meta property=\"og:image\" content=\"https:\/\/www.joseph-wresinski.org\/de\/wp-content\/uploads\/sites\/17\/2021\/10\/Lets-Move-Forward3.jpg\" \/>\n\t<meta property=\"og:image:width\" content=\"708\" \/>\n\t<meta property=\"og:image:height\" content=\"368\" \/>\n\t<meta property=\"og:image:type\" content=\"image\/jpeg\" \/>\n<meta name=\"author\" content=\"marierose\" \/>\n<meta name=\"twitter:card\" content=\"summary_large_image\" \/>\n<meta name=\"twitter:label1\" content=\"Verfasst von\" \/>\n\t<meta name=\"twitter:data1\" content=\"marierose\" \/>\n\t<meta name=\"twitter:label2\" content=\"Gesch\u00e4tzte Lesezeit\" \/>\n\t<meta name=\"twitter:data2\" content=\"4\u00a0Minuten\" \/>\n<script type=\"application\/ld+json\" class=\"yoast-schema-graph\">{\"@context\":\"https:\\\/\\\/schema.org\",\"@graph\":[{\"@type\":\"Article\",\"@id\":\"https:\\\/\\\/www.joseph-wresinski.org\\\/de\\\/wir-hatten-nichts-anderes-zu-bieten-als-uns-selbst\\\/#article\",\"isPartOf\":{\"@id\":\"https:\\\/\\\/www.joseph-wresinski.org\\\/de\\\/wir-hatten-nichts-anderes-zu-bieten-als-uns-selbst\\\/\"},\"author\":{\"name\":\"marierose\",\"@id\":\"https:\\\/\\\/www.joseph-wresinski.org\\\/de\\\/#\\\/schema\\\/person\\\/b109719571a37c1b82861ad6a5e5626d\"},\"headline\":\"Wir hatten nichts anderes zu bieten als uns selbst\",\"datePublished\":\"2021-10-31T07:31:34+00:00\",\"mainEntityOfPage\":{\"@id\":\"https:\\\/\\\/www.joseph-wresinski.org\\\/de\\\/wir-hatten-nichts-anderes-zu-bieten-als-uns-selbst\\\/\"},\"wordCount\":761,\"commentCount\":0,\"image\":{\"@id\":\"https:\\\/\\\/www.joseph-wresinski.org\\\/de\\\/wir-hatten-nichts-anderes-zu-bieten-als-uns-selbst\\\/#primaryimage\"},\"thumbnailUrl\":\"https:\\\/\\\/www.joseph-wresinski.org\\\/de\\\/wp-content\\\/uploads\\\/sites\\\/17\\\/2021\\\/10\\\/Lets-Move-Forward3.jpg\",\"keywords\":[\"Engagement\",\"Familie\",\"Geschichte\",\"Spiritualit\u00e4t\"],\"articleSection\":[\"Aktuell\",\"Ausschnitte aus B\u00fcchern\",\"Schriften\"],\"inLanguage\":\"de\",\"potentialAction\":[{\"@type\":\"CommentAction\",\"name\":\"Comment\",\"target\":[\"https:\\\/\\\/www.joseph-wresinski.org\\\/de\\\/wir-hatten-nichts-anderes-zu-bieten-als-uns-selbst\\\/#respond\"]}]},{\"@type\":\"WebPage\",\"@id\":\"https:\\\/\\\/www.joseph-wresinski.org\\\/de\\\/wir-hatten-nichts-anderes-zu-bieten-als-uns-selbst\\\/\",\"url\":\"https:\\\/\\\/www.joseph-wresinski.org\\\/de\\\/wir-hatten-nichts-anderes-zu-bieten-als-uns-selbst\\\/\",\"name\":\"Wir hatten nichts anderes zu bieten als uns selbst - Joseph Wresinski DE\",\"isPartOf\":{\"@id\":\"https:\\\/\\\/www.joseph-wresinski.org\\\/de\\\/#website\"},\"primaryImageOfPage\":{\"@id\":\"https:\\\/\\\/www.joseph-wresinski.org\\\/de\\\/wir-hatten-nichts-anderes-zu-bieten-als-uns-selbst\\\/#primaryimage\"},\"image\":{\"@id\":\"https:\\\/\\\/www.joseph-wresinski.org\\\/de\\\/wir-hatten-nichts-anderes-zu-bieten-als-uns-selbst\\\/#primaryimage\"},\"thumbnailUrl\":\"https:\\\/\\\/www.joseph-wresinski.org\\\/de\\\/wp-content\\\/uploads\\\/sites\\\/17\\\/2021\\\/10\\\/Lets-Move-Forward3.jpg\",\"datePublished\":\"2021-10-31T07:31:34+00:00\",\"author\":{\"@id\":\"https:\\\/\\\/www.joseph-wresinski.org\\\/de\\\/#\\\/schema\\\/person\\\/b109719571a37c1b82861ad6a5e5626d\"},\"breadcrumb\":{\"@id\":\"https:\\\/\\\/www.joseph-wresinski.org\\\/de\\\/wir-hatten-nichts-anderes-zu-bieten-als-uns-selbst\\\/#breadcrumb\"},\"inLanguage\":\"de\",\"potentialAction\":[{\"@type\":\"ReadAction\",\"target\":[\"https:\\\/\\\/www.joseph-wresinski.org\\\/de\\\/wir-hatten-nichts-anderes-zu-bieten-als-uns-selbst\\\/\"]}]},{\"@type\":\"ImageObject\",\"inLanguage\":\"de\",\"@id\":\"https:\\\/\\\/www.joseph-wresinski.org\\\/de\\\/wir-hatten-nichts-anderes-zu-bieten-als-uns-selbst\\\/#primaryimage\",\"url\":\"https:\\\/\\\/www.joseph-wresinski.org\\\/de\\\/wp-content\\\/uploads\\\/sites\\\/17\\\/2021\\\/10\\\/Lets-Move-Forward3.jpg\",\"contentUrl\":\"https:\\\/\\\/www.joseph-wresinski.org\\\/de\\\/wp-content\\\/uploads\\\/sites\\\/17\\\/2021\\\/10\\\/Lets-Move-Forward3.jpg\",\"width\":708,\"height\":368},{\"@type\":\"BreadcrumbList\",\"@id\":\"https:\\\/\\\/www.joseph-wresinski.org\\\/de\\\/wir-hatten-nichts-anderes-zu-bieten-als-uns-selbst\\\/#breadcrumb\",\"itemListElement\":[{\"@type\":\"ListItem\",\"position\":1,\"name\":\"Startseite\",\"item\":\"https:\\\/\\\/www.joseph-wresinski.org\\\/de\\\/\"},{\"@type\":\"ListItem\",\"position\":2,\"name\":\"Wir hatten nichts anderes zu bieten als uns selbst\"}]},{\"@type\":\"WebSite\",\"@id\":\"https:\\\/\\\/www.joseph-wresinski.org\\\/de\\\/#website\",\"url\":\"https:\\\/\\\/www.joseph-wresinski.org\\\/de\\\/\",\"name\":\"Joseph Wresinski DE\",\"description\":\"Eine Webseite des  Joseph-Wresinski-Zentrums\",\"potentialAction\":[{\"@type\":\"SearchAction\",\"target\":{\"@type\":\"EntryPoint\",\"urlTemplate\":\"https:\\\/\\\/www.joseph-wresinski.org\\\/de\\\/?s={search_term_string}\"},\"query-input\":{\"@type\":\"PropertyValueSpecification\",\"valueRequired\":true,\"valueName\":\"search_term_string\"}}],\"inLanguage\":\"de\"},{\"@type\":\"Person\",\"@id\":\"https:\\\/\\\/www.joseph-wresinski.org\\\/de\\\/#\\\/schema\\\/person\\\/b109719571a37c1b82861ad6a5e5626d\",\"name\":\"marierose\",\"image\":{\"@type\":\"ImageObject\",\"inLanguage\":\"de\",\"@id\":\"https:\\\/\\\/secure.gravatar.com\\\/avatar\\\/f95cff9f685fb88e8d5f8b06a21a1fa123c2d2c32fb5ae7520a100d4365f3ee7?s=96&d=mm&r=g\",\"url\":\"https:\\\/\\\/secure.gravatar.com\\\/avatar\\\/f95cff9f685fb88e8d5f8b06a21a1fa123c2d2c32fb5ae7520a100d4365f3ee7?s=96&d=mm&r=g\",\"contentUrl\":\"https:\\\/\\\/secure.gravatar.com\\\/avatar\\\/f95cff9f685fb88e8d5f8b06a21a1fa123c2d2c32fb5ae7520a100d4365f3ee7?s=96&d=mm&r=g\",\"caption\":\"marierose\"},\"description\":\"Volontaire-permanente du Mouvement international ATD Quart Monde depuis 1987, domicili\u00e9e \u00e0 Fribourg, Suisse, j'ai traduit en allemand plusieurs livres et textes de Joseph Wresinski. J'ai publi\u00e9 en 2005 une th\u00e8se en th\u00e9ologie intitul\u00e9e \\\"Joseph Wresinski, Wortf\u00fchrer der \u00c4rmsten im theologischen Diskurs\\\".\",\"url\":\"https:\\\/\\\/www.joseph-wresinski.org\\\/de\\\/author\\\/marierose\\\/\"}]}<\/script>\n<!-- \/ Yoast SEO plugin. -->","yoast_head_json":{"title":"Wir hatten nichts anderes zu bieten als uns selbst - Joseph Wresinski DE","robots":{"index":"index","follow":"follow","max-snippet":"max-snippet:-1","max-image-preview":"max-image-preview:large","max-video-preview":"max-video-preview:-1"},"canonical":"https:\/\/www.joseph-wresinski.org\/de\/wir-hatten-nichts-anderes-zu-bieten-als-uns-selbst\/","og_locale":"de_DE","og_type":"article","og_title":"Wir hatten nichts anderes zu bieten als uns selbst - Joseph Wresinski DE","og_description":"In der Einleitung zu seinem1983 auf Franz\u00f6sisch erschienenen Buch \u201eDie Armen sind die Kirche\u201c erkl\u00e4rt Joseph Wresinski die Hauptanliegen der (...) Weiterlesen ... &rarr;","og_url":"https:\/\/www.joseph-wresinski.org\/de\/wir-hatten-nichts-anderes-zu-bieten-als-uns-selbst\/","og_site_name":"Joseph Wresinski DE","article_published_time":"2021-10-31T07:31:34+00:00","og_image":[{"width":708,"height":368,"url":"https:\/\/www.joseph-wresinski.org\/de\/wp-content\/uploads\/sites\/17\/2021\/10\/Lets-Move-Forward3.jpg","type":"image\/jpeg"}],"author":"marierose","twitter_card":"summary_large_image","twitter_misc":{"Verfasst von":"marierose","Gesch\u00e4tzte Lesezeit":"4\u00a0Minuten"},"schema":{"@context":"https:\/\/schema.org","@graph":[{"@type":"Article","@id":"https:\/\/www.joseph-wresinski.org\/de\/wir-hatten-nichts-anderes-zu-bieten-als-uns-selbst\/#article","isPartOf":{"@id":"https:\/\/www.joseph-wresinski.org\/de\/wir-hatten-nichts-anderes-zu-bieten-als-uns-selbst\/"},"author":{"name":"marierose","@id":"https:\/\/www.joseph-wresinski.org\/de\/#\/schema\/person\/b109719571a37c1b82861ad6a5e5626d"},"headline":"Wir hatten nichts anderes zu bieten als uns selbst","datePublished":"2021-10-31T07:31:34+00:00","mainEntityOfPage":{"@id":"https:\/\/www.joseph-wresinski.org\/de\/wir-hatten-nichts-anderes-zu-bieten-als-uns-selbst\/"},"wordCount":761,"commentCount":0,"image":{"@id":"https:\/\/www.joseph-wresinski.org\/de\/wir-hatten-nichts-anderes-zu-bieten-als-uns-selbst\/#primaryimage"},"thumbnailUrl":"https:\/\/www.joseph-wresinski.org\/de\/wp-content\/uploads\/sites\/17\/2021\/10\/Lets-Move-Forward3.jpg","keywords":["Engagement","Familie","Geschichte","Spiritualit\u00e4t"],"articleSection":["Aktuell","Ausschnitte aus B\u00fcchern","Schriften"],"inLanguage":"de","potentialAction":[{"@type":"CommentAction","name":"Comment","target":["https:\/\/www.joseph-wresinski.org\/de\/wir-hatten-nichts-anderes-zu-bieten-als-uns-selbst\/#respond"]}]},{"@type":"WebPage","@id":"https:\/\/www.joseph-wresinski.org\/de\/wir-hatten-nichts-anderes-zu-bieten-als-uns-selbst\/","url":"https:\/\/www.joseph-wresinski.org\/de\/wir-hatten-nichts-anderes-zu-bieten-als-uns-selbst\/","name":"Wir hatten nichts anderes zu bieten als uns selbst - Joseph Wresinski DE","isPartOf":{"@id":"https:\/\/www.joseph-wresinski.org\/de\/#website"},"primaryImageOfPage":{"@id":"https:\/\/www.joseph-wresinski.org\/de\/wir-hatten-nichts-anderes-zu-bieten-als-uns-selbst\/#primaryimage"},"image":{"@id":"https:\/\/www.joseph-wresinski.org\/de\/wir-hatten-nichts-anderes-zu-bieten-als-uns-selbst\/#primaryimage"},"thumbnailUrl":"https:\/\/www.joseph-wresinski.org\/de\/wp-content\/uploads\/sites\/17\/2021\/10\/Lets-Move-Forward3.jpg","datePublished":"2021-10-31T07:31:34+00:00","author":{"@id":"https:\/\/www.joseph-wresinski.org\/de\/#\/schema\/person\/b109719571a37c1b82861ad6a5e5626d"},"breadcrumb":{"@id":"https:\/\/www.joseph-wresinski.org\/de\/wir-hatten-nichts-anderes-zu-bieten-als-uns-selbst\/#breadcrumb"},"inLanguage":"de","potentialAction":[{"@type":"ReadAction","target":["https:\/\/www.joseph-wresinski.org\/de\/wir-hatten-nichts-anderes-zu-bieten-als-uns-selbst\/"]}]},{"@type":"ImageObject","inLanguage":"de","@id":"https:\/\/www.joseph-wresinski.org\/de\/wir-hatten-nichts-anderes-zu-bieten-als-uns-selbst\/#primaryimage","url":"https:\/\/www.joseph-wresinski.org\/de\/wp-content\/uploads\/sites\/17\/2021\/10\/Lets-Move-Forward3.jpg","contentUrl":"https:\/\/www.joseph-wresinski.org\/de\/wp-content\/uploads\/sites\/17\/2021\/10\/Lets-Move-Forward3.jpg","width":708,"height":368},{"@type":"BreadcrumbList","@id":"https:\/\/www.joseph-wresinski.org\/de\/wir-hatten-nichts-anderes-zu-bieten-als-uns-selbst\/#breadcrumb","itemListElement":[{"@type":"ListItem","position":1,"name":"Startseite","item":"https:\/\/www.joseph-wresinski.org\/de\/"},{"@type":"ListItem","position":2,"name":"Wir hatten nichts anderes zu bieten als uns selbst"}]},{"@type":"WebSite","@id":"https:\/\/www.joseph-wresinski.org\/de\/#website","url":"https:\/\/www.joseph-wresinski.org\/de\/","name":"Joseph Wresinski DE","description":"Eine Webseite des  Joseph-Wresinski-Zentrums","potentialAction":[{"@type":"SearchAction","target":{"@type":"EntryPoint","urlTemplate":"https:\/\/www.joseph-wresinski.org\/de\/?s={search_term_string}"},"query-input":{"@type":"PropertyValueSpecification","valueRequired":true,"valueName":"search_term_string"}}],"inLanguage":"de"},{"@type":"Person","@id":"https:\/\/www.joseph-wresinski.org\/de\/#\/schema\/person\/b109719571a37c1b82861ad6a5e5626d","name":"marierose","image":{"@type":"ImageObject","inLanguage":"de","@id":"https:\/\/secure.gravatar.com\/avatar\/f95cff9f685fb88e8d5f8b06a21a1fa123c2d2c32fb5ae7520a100d4365f3ee7?s=96&d=mm&r=g","url":"https:\/\/secure.gravatar.com\/avatar\/f95cff9f685fb88e8d5f8b06a21a1fa123c2d2c32fb5ae7520a100d4365f3ee7?s=96&d=mm&r=g","contentUrl":"https:\/\/secure.gravatar.com\/avatar\/f95cff9f685fb88e8d5f8b06a21a1fa123c2d2c32fb5ae7520a100d4365f3ee7?s=96&d=mm&r=g","caption":"marierose"},"description":"Volontaire-permanente du Mouvement international ATD Quart Monde depuis 1987, domicili\u00e9e \u00e0 Fribourg, Suisse, j'ai traduit en allemand plusieurs livres et textes de Joseph Wresinski. J'ai publi\u00e9 en 2005 une th\u00e8se en th\u00e9ologie intitul\u00e9e \"Joseph Wresinski, Wortf\u00fchrer der \u00c4rmsten im theologischen Diskurs\".","url":"https:\/\/www.joseph-wresinski.org\/de\/author\/marierose\/"}]}},"_links":{"self":[{"href":"https:\/\/www.joseph-wresinski.org\/de\/wp-json\/wp\/v2\/posts\/2576","targetHints":{"allow":["GET"]}}],"collection":[{"href":"https:\/\/www.joseph-wresinski.org\/de\/wp-json\/wp\/v2\/posts"}],"about":[{"href":"https:\/\/www.joseph-wresinski.org\/de\/wp-json\/wp\/v2\/types\/post"}],"author":[{"embeddable":true,"href":"https:\/\/www.joseph-wresinski.org\/de\/wp-json\/wp\/v2\/users\/9"}],"replies":[{"embeddable":true,"href":"https:\/\/www.joseph-wresinski.org\/de\/wp-json\/wp\/v2\/comments?post=2576"}],"version-history":[{"count":6,"href":"https:\/\/www.joseph-wresinski.org\/de\/wp-json\/wp\/v2\/posts\/2576\/revisions"}],"predecessor-version":[{"id":2585,"href":"https:\/\/www.joseph-wresinski.org\/de\/wp-json\/wp\/v2\/posts\/2576\/revisions\/2585"}],"wp:featuredmedia":[{"embeddable":true,"href":"https:\/\/www.joseph-wresinski.org\/de\/wp-json\/wp\/v2\/media\/2577"}],"wp:attachment":[{"href":"https:\/\/www.joseph-wresinski.org\/de\/wp-json\/wp\/v2\/media?parent=2576"}],"wp:term":[{"taxonomy":"category","embeddable":true,"href":"https:\/\/www.joseph-wresinski.org\/de\/wp-json\/wp\/v2\/categories?post=2576"},{"taxonomy":"post_tag","embeddable":true,"href":"https:\/\/www.joseph-wresinski.org\/de\/wp-json\/wp\/v2\/tags?post=2576"}],"curies":[{"name":"wp","href":"https:\/\/api.w.org\/{rel}","templated":true}]}}