{"id":2650,"date":"2021-11-19T00:00:15","date_gmt":"2021-11-18T23:00:15","guid":{"rendered":"https:\/\/www.joseph-wresinski.org\/de\/?p=2650"},"modified":"2021-11-19T12:08:36","modified_gmt":"2021-11-19T11:08:36","slug":"notstand-ausrufen-fuer-die-kinder","status":"publish","type":"post","link":"https:\/\/www.joseph-wresinski.org\/de\/notstand-ausrufen-fuer-die-kinder\/","title":{"rendered":"Notstand ausrufen f\u00fcr die Kinder"},"content":{"rendered":"<p>Ich m\u00f6chte hier einige \u00dcberlegungen mitteilen, ohne dabei die Familien, die aus den Entwicklungsl\u00e4ndern kommen, von den Familien, die in den Industriel\u00e4ndern leben, unterscheiden zu wollen. Denn tats\u00e4chlich \u00fcbermitteln uns die Familien von New York oder Chicago, die in den Stra\u00dfen dieser St\u00e4dte Zuflucht suchen, und die Familien, die sich in Frankreich in ausrangierten Lastw\u00e4gen zwischen einer M\u00fcllhalde, einer Autobahn und einem Friedhof zur\u00fcckziehen, die gleiche Botschaft wie die Familien, die sich an einen Berghang, einen Schluchtrand oder ein sumpfiges Buchtufer in den Entwicklungsl\u00e4ndern festkrallen.<\/p>\n<p>Diese Familien werden nicht nur von den anst\u00e4ndigen Wohngebieten vertrieben. Schlimmer, sie haben nicht mal einen Platz in den Stadtrandsiedlungen, in den Slums oder Elendsvierteln. Denn sie werden sogar aus diesen Armutszonen herausgedr\u00e4ngt und ins Elend abgeschoben wegen ihrer gro\u00dfen Armut. Deshalb kennt man auch in keiner Stadt ihre genaue Anzahl. Schlimmer noch, oft erscheinen sie nicht mal in den Registern der Verwaltung, noch weniger in den nationalen Statistiken. F\u00fcr sie ist kein Platz in den vorrangigen Anliegen der politischen Verantwortlichen. Letztendlich existieren sie f\u00fcr niemanden. Den Kindern dieser \u00e4rmsten Familien ohne anerkannte Existenz sowohl in den Industriel\u00e4ndern wie auch in den Entwicklungsl\u00e4ndern ist gemeinsam, dass sie keine Zukunft haben.<\/p>\n<p><em>Hier k\u00f6nnen Sie den vollst\u00e4ndigen Text herunterladen<\/em><\/p>\n","protected":false},"excerpt":{"rendered":"<p>Ich m\u00f6chte hier einige \u00dcberlegungen mitteilen, ohne dabei die Familien, die aus den Entwicklungsl\u00e4ndern kommen, von den Familien, die in (&#8230;) <a class=\"more-link\" href=\"https:\/\/www.joseph-wresinski.org\/de\/notstand-ausrufen-fuer-die-kinder\/\">Weiterlesen &#8230; <span class=\"meta-nav\">&rarr;<\/span><\/a><\/p>\n","protected":false},"author":4,"featured_media":2649,"comment_status":"open","ping_status":"open","sticky":false,"template":"","format":"standard","meta":{"_acf_changed":false,"ep_exclude_from_search":false,"footnotes":""},"categories":[12,70],"tags":[113,94],"class_list":["post-2650","post","type-post","status-publish","format-standard","has-post-thumbnail","hentry","category-news","category-schriften","tag-weltkindertag","tag-kinderrechte"],"acf":[],"yoast_head":"<!-- This site is optimized with the Yoast SEO plugin v27.5 - https:\/\/yoast.com\/product\/yoast-seo-wordpress\/ -->\n<title>Notstand ausrufen f\u00fcr die Kinder - Joseph Wresinski DE<\/title>\n<meta name=\"robots\" content=\"index, follow, max-snippet:-1, max-image-preview:large, max-video-preview:-1\" \/>\n<link rel=\"canonical\" href=\"https:\/\/www.joseph-wresinski.org\/de\/notstand-ausrufen-fuer-die-kinder\/\" \/>\n<meta property=\"og:locale\" content=\"de_DE\" \/>\n<meta property=\"og:type\" content=\"article\" \/>\n<meta property=\"og:title\" content=\"Notstand ausrufen f\u00fcr die Kinder - Joseph Wresinski DE\" \/>\n<meta property=\"og:description\" content=\"Ich m\u00f6chte hier einige \u00dcberlegungen mitteilen, ohne dabei die Familien, die aus den Entwicklungsl\u00e4ndern kommen, von den Familien, die in (...) Weiterlesen ... &rarr;\" \/>\n<meta property=\"og:url\" content=\"https:\/\/www.joseph-wresinski.org\/de\/notstand-ausrufen-fuer-die-kinder\/\" \/>\n<meta property=\"og:site_name\" content=\"Joseph Wresinski DE\" \/>\n<meta property=\"article:published_time\" content=\"2021-11-18T23:00:15+00:00\" \/>\n<meta property=\"article:modified_time\" content=\"2021-11-19T11:08:36+00:00\" \/>\n<meta property=\"og:image\" content=\"https:\/\/www.joseph-wresinski.org\/de\/wp-content\/uploads\/sites\/17\/2021\/11\/Slide-Journee-des-enfants.png\" \/>\n\t<meta property=\"og:image:width\" content=\"1602\" \/>\n\t<meta property=\"og:image:height\" content=\"712\" \/>\n\t<meta property=\"og:image:type\" content=\"image\/png\" \/>\n<meta name=\"author\" content=\"Jean Tonglet\" \/>\n<meta name=\"twitter:card\" content=\"summary_large_image\" \/>\n<meta name=\"twitter:label1\" content=\"Verfasst von\" \/>\n\t<meta name=\"twitter:data1\" content=\"Jean Tonglet\" \/>\n\t<meta name=\"twitter:label2\" content=\"Gesch\u00e4tzte Lesezeit\" \/>\n\t<meta name=\"twitter:data2\" content=\"1\u00a0Minute\" \/>\n<script type=\"application\/ld+json\" class=\"yoast-schema-graph\">{\"@context\":\"https:\\\/\\\/schema.org\",\"@graph\":[{\"@type\":\"Article\",\"@id\":\"https:\\\/\\\/www.joseph-wresinski.org\\\/de\\\/notstand-ausrufen-fuer-die-kinder\\\/#article\",\"isPartOf\":{\"@id\":\"https:\\\/\\\/www.joseph-wresinski.org\\\/de\\\/notstand-ausrufen-fuer-die-kinder\\\/\"},\"author\":{\"name\":\"Jean Tonglet\",\"@id\":\"https:\\\/\\\/www.joseph-wresinski.org\\\/de\\\/#\\\/schema\\\/person\\\/93469e0206778753beddb73f4e07c8e0\"},\"headline\":\"Notstand ausrufen f\u00fcr die Kinder\",\"datePublished\":\"2021-11-18T23:00:15+00:00\",\"dateModified\":\"2021-11-19T11:08:36+00:00\",\"mainEntityOfPage\":{\"@id\":\"https:\\\/\\\/www.joseph-wresinski.org\\\/de\\\/notstand-ausrufen-fuer-die-kinder\\\/\"},\"wordCount\":227,\"commentCount\":0,\"image\":{\"@id\":\"https:\\\/\\\/www.joseph-wresinski.org\\\/de\\\/notstand-ausrufen-fuer-die-kinder\\\/#primaryimage\"},\"thumbnailUrl\":\"https:\\\/\\\/www.joseph-wresinski.org\\\/de\\\/wp-content\\\/uploads\\\/sites\\\/17\\\/2021\\\/11\\\/Slide-Journee-des-enfants.png\",\"keywords\":[\"#Weltkindertag\",\"Kinderrechte\"],\"articleSection\":[\"Aktuell\",\"Schriften\"],\"inLanguage\":\"de\",\"potentialAction\":[{\"@type\":\"CommentAction\",\"name\":\"Comment\",\"target\":[\"https:\\\/\\\/www.joseph-wresinski.org\\\/de\\\/notstand-ausrufen-fuer-die-kinder\\\/#respond\"]}]},{\"@type\":\"WebPage\",\"@id\":\"https:\\\/\\\/www.joseph-wresinski.org\\\/de\\\/notstand-ausrufen-fuer-die-kinder\\\/\",\"url\":\"https:\\\/\\\/www.joseph-wresinski.org\\\/de\\\/notstand-ausrufen-fuer-die-kinder\\\/\",\"name\":\"Notstand ausrufen f\u00fcr die Kinder - Joseph Wresinski DE\",\"isPartOf\":{\"@id\":\"https:\\\/\\\/www.joseph-wresinski.org\\\/de\\\/#website\"},\"primaryImageOfPage\":{\"@id\":\"https:\\\/\\\/www.joseph-wresinski.org\\\/de\\\/notstand-ausrufen-fuer-die-kinder\\\/#primaryimage\"},\"image\":{\"@id\":\"https:\\\/\\\/www.joseph-wresinski.org\\\/de\\\/notstand-ausrufen-fuer-die-kinder\\\/#primaryimage\"},\"thumbnailUrl\":\"https:\\\/\\\/www.joseph-wresinski.org\\\/de\\\/wp-content\\\/uploads\\\/sites\\\/17\\\/2021\\\/11\\\/Slide-Journee-des-enfants.png\",\"datePublished\":\"2021-11-18T23:00:15+00:00\",\"dateModified\":\"2021-11-19T11:08:36+00:00\",\"author\":{\"@id\":\"https:\\\/\\\/www.joseph-wresinski.org\\\/de\\\/#\\\/schema\\\/person\\\/93469e0206778753beddb73f4e07c8e0\"},\"breadcrumb\":{\"@id\":\"https:\\\/\\\/www.joseph-wresinski.org\\\/de\\\/notstand-ausrufen-fuer-die-kinder\\\/#breadcrumb\"},\"inLanguage\":\"de\",\"potentialAction\":[{\"@type\":\"ReadAction\",\"target\":[\"https:\\\/\\\/www.joseph-wresinski.org\\\/de\\\/notstand-ausrufen-fuer-die-kinder\\\/\"]}]},{\"@type\":\"ImageObject\",\"inLanguage\":\"de\",\"@id\":\"https:\\\/\\\/www.joseph-wresinski.org\\\/de\\\/notstand-ausrufen-fuer-die-kinder\\\/#primaryimage\",\"url\":\"https:\\\/\\\/www.joseph-wresinski.org\\\/de\\\/wp-content\\\/uploads\\\/sites\\\/17\\\/2021\\\/11\\\/Slide-Journee-des-enfants.png\",\"contentUrl\":\"https:\\\/\\\/www.joseph-wresinski.org\\\/de\\\/wp-content\\\/uploads\\\/sites\\\/17\\\/2021\\\/11\\\/Slide-Journee-des-enfants.png\",\"width\":1602,\"height\":712},{\"@type\":\"BreadcrumbList\",\"@id\":\"https:\\\/\\\/www.joseph-wresinski.org\\\/de\\\/notstand-ausrufen-fuer-die-kinder\\\/#breadcrumb\",\"itemListElement\":[{\"@type\":\"ListItem\",\"position\":1,\"name\":\"Startseite\",\"item\":\"https:\\\/\\\/www.joseph-wresinski.org\\\/de\\\/\"},{\"@type\":\"ListItem\",\"position\":2,\"name\":\"Notstand ausrufen f\u00fcr die Kinder\"}]},{\"@type\":\"WebSite\",\"@id\":\"https:\\\/\\\/www.joseph-wresinski.org\\\/de\\\/#website\",\"url\":\"https:\\\/\\\/www.joseph-wresinski.org\\\/de\\\/\",\"name\":\"Joseph Wresinski DE\",\"description\":\"Eine Webseite des  Joseph-Wresinski-Zentrums\",\"potentialAction\":[{\"@type\":\"SearchAction\",\"target\":{\"@type\":\"EntryPoint\",\"urlTemplate\":\"https:\\\/\\\/www.joseph-wresinski.org\\\/de\\\/?s={search_term_string}\"},\"query-input\":{\"@type\":\"PropertyValueSpecification\",\"valueRequired\":true,\"valueName\":\"search_term_string\"}}],\"inLanguage\":\"de\"},{\"@type\":\"Person\",\"@id\":\"https:\\\/\\\/www.joseph-wresinski.org\\\/de\\\/#\\\/schema\\\/person\\\/93469e0206778753beddb73f4e07c8e0\",\"name\":\"Jean Tonglet\",\"image\":{\"@type\":\"ImageObject\",\"inLanguage\":\"de\",\"@id\":\"https:\\\/\\\/secure.gravatar.com\\\/avatar\\\/599cfd98b536979bcebf2d6839f0c694333341f1caf7ba53413b62de5453de40?s=96&d=mm&r=g\",\"url\":\"https:\\\/\\\/secure.gravatar.com\\\/avatar\\\/599cfd98b536979bcebf2d6839f0c694333341f1caf7ba53413b62de5453de40?s=96&d=mm&r=g\",\"contentUrl\":\"https:\\\/\\\/secure.gravatar.com\\\/avatar\\\/599cfd98b536979bcebf2d6839f0c694333341f1caf7ba53413b62de5453de40?s=96&d=mm&r=g\",\"caption\":\"Jean Tonglet\"},\"url\":\"https:\\\/\\\/www.joseph-wresinski.org\\\/de\\\/author\\\/jean\\\/\"}]}<\/script>\n<!-- \/ Yoast SEO plugin. -->","yoast_head_json":{"title":"Notstand ausrufen f\u00fcr die Kinder - Joseph Wresinski DE","robots":{"index":"index","follow":"follow","max-snippet":"max-snippet:-1","max-image-preview":"max-image-preview:large","max-video-preview":"max-video-preview:-1"},"canonical":"https:\/\/www.joseph-wresinski.org\/de\/notstand-ausrufen-fuer-die-kinder\/","og_locale":"de_DE","og_type":"article","og_title":"Notstand ausrufen f\u00fcr die Kinder - Joseph Wresinski DE","og_description":"Ich m\u00f6chte hier einige \u00dcberlegungen mitteilen, ohne dabei die Familien, die aus den Entwicklungsl\u00e4ndern kommen, von den Familien, die in (...) Weiterlesen ... &rarr;","og_url":"https:\/\/www.joseph-wresinski.org\/de\/notstand-ausrufen-fuer-die-kinder\/","og_site_name":"Joseph Wresinski DE","article_published_time":"2021-11-18T23:00:15+00:00","article_modified_time":"2021-11-19T11:08:36+00:00","og_image":[{"width":1602,"height":712,"url":"https:\/\/www.joseph-wresinski.org\/de\/wp-content\/uploads\/sites\/17\/2021\/11\/Slide-Journee-des-enfants.png","type":"image\/png"}],"author":"Jean Tonglet","twitter_card":"summary_large_image","twitter_misc":{"Verfasst von":"Jean Tonglet","Gesch\u00e4tzte Lesezeit":"1\u00a0Minute"},"schema":{"@context":"https:\/\/schema.org","@graph":[{"@type":"Article","@id":"https:\/\/www.joseph-wresinski.org\/de\/notstand-ausrufen-fuer-die-kinder\/#article","isPartOf":{"@id":"https:\/\/www.joseph-wresinski.org\/de\/notstand-ausrufen-fuer-die-kinder\/"},"author":{"name":"Jean Tonglet","@id":"https:\/\/www.joseph-wresinski.org\/de\/#\/schema\/person\/93469e0206778753beddb73f4e07c8e0"},"headline":"Notstand ausrufen f\u00fcr die Kinder","datePublished":"2021-11-18T23:00:15+00:00","dateModified":"2021-11-19T11:08:36+00:00","mainEntityOfPage":{"@id":"https:\/\/www.joseph-wresinski.org\/de\/notstand-ausrufen-fuer-die-kinder\/"},"wordCount":227,"commentCount":0,"image":{"@id":"https:\/\/www.joseph-wresinski.org\/de\/notstand-ausrufen-fuer-die-kinder\/#primaryimage"},"thumbnailUrl":"https:\/\/www.joseph-wresinski.org\/de\/wp-content\/uploads\/sites\/17\/2021\/11\/Slide-Journee-des-enfants.png","keywords":["#Weltkindertag","Kinderrechte"],"articleSection":["Aktuell","Schriften"],"inLanguage":"de","potentialAction":[{"@type":"CommentAction","name":"Comment","target":["https:\/\/www.joseph-wresinski.org\/de\/notstand-ausrufen-fuer-die-kinder\/#respond"]}]},{"@type":"WebPage","@id":"https:\/\/www.joseph-wresinski.org\/de\/notstand-ausrufen-fuer-die-kinder\/","url":"https:\/\/www.joseph-wresinski.org\/de\/notstand-ausrufen-fuer-die-kinder\/","name":"Notstand ausrufen f\u00fcr die Kinder - Joseph Wresinski DE","isPartOf":{"@id":"https:\/\/www.joseph-wresinski.org\/de\/#website"},"primaryImageOfPage":{"@id":"https:\/\/www.joseph-wresinski.org\/de\/notstand-ausrufen-fuer-die-kinder\/#primaryimage"},"image":{"@id":"https:\/\/www.joseph-wresinski.org\/de\/notstand-ausrufen-fuer-die-kinder\/#primaryimage"},"thumbnailUrl":"https:\/\/www.joseph-wresinski.org\/de\/wp-content\/uploads\/sites\/17\/2021\/11\/Slide-Journee-des-enfants.png","datePublished":"2021-11-18T23:00:15+00:00","dateModified":"2021-11-19T11:08:36+00:00","author":{"@id":"https:\/\/www.joseph-wresinski.org\/de\/#\/schema\/person\/93469e0206778753beddb73f4e07c8e0"},"breadcrumb":{"@id":"https:\/\/www.joseph-wresinski.org\/de\/notstand-ausrufen-fuer-die-kinder\/#breadcrumb"},"inLanguage":"de","potentialAction":[{"@type":"ReadAction","target":["https:\/\/www.joseph-wresinski.org\/de\/notstand-ausrufen-fuer-die-kinder\/"]}]},{"@type":"ImageObject","inLanguage":"de","@id":"https:\/\/www.joseph-wresinski.org\/de\/notstand-ausrufen-fuer-die-kinder\/#primaryimage","url":"https:\/\/www.joseph-wresinski.org\/de\/wp-content\/uploads\/sites\/17\/2021\/11\/Slide-Journee-des-enfants.png","contentUrl":"https:\/\/www.joseph-wresinski.org\/de\/wp-content\/uploads\/sites\/17\/2021\/11\/Slide-Journee-des-enfants.png","width":1602,"height":712},{"@type":"BreadcrumbList","@id":"https:\/\/www.joseph-wresinski.org\/de\/notstand-ausrufen-fuer-die-kinder\/#breadcrumb","itemListElement":[{"@type":"ListItem","position":1,"name":"Startseite","item":"https:\/\/www.joseph-wresinski.org\/de\/"},{"@type":"ListItem","position":2,"name":"Notstand ausrufen f\u00fcr die Kinder"}]},{"@type":"WebSite","@id":"https:\/\/www.joseph-wresinski.org\/de\/#website","url":"https:\/\/www.joseph-wresinski.org\/de\/","name":"Joseph Wresinski DE","description":"Eine Webseite des  Joseph-Wresinski-Zentrums","potentialAction":[{"@type":"SearchAction","target":{"@type":"EntryPoint","urlTemplate":"https:\/\/www.joseph-wresinski.org\/de\/?s={search_term_string}"},"query-input":{"@type":"PropertyValueSpecification","valueRequired":true,"valueName":"search_term_string"}}],"inLanguage":"de"},{"@type":"Person","@id":"https:\/\/www.joseph-wresinski.org\/de\/#\/schema\/person\/93469e0206778753beddb73f4e07c8e0","name":"Jean Tonglet","image":{"@type":"ImageObject","inLanguage":"de","@id":"https:\/\/secure.gravatar.com\/avatar\/599cfd98b536979bcebf2d6839f0c694333341f1caf7ba53413b62de5453de40?s=96&d=mm&r=g","url":"https:\/\/secure.gravatar.com\/avatar\/599cfd98b536979bcebf2d6839f0c694333341f1caf7ba53413b62de5453de40?s=96&d=mm&r=g","contentUrl":"https:\/\/secure.gravatar.com\/avatar\/599cfd98b536979bcebf2d6839f0c694333341f1caf7ba53413b62de5453de40?s=96&d=mm&r=g","caption":"Jean Tonglet"},"url":"https:\/\/www.joseph-wresinski.org\/de\/author\/jean\/"}]}},"_links":{"self":[{"href":"https:\/\/www.joseph-wresinski.org\/de\/wp-json\/wp\/v2\/posts\/2650","targetHints":{"allow":["GET"]}}],"collection":[{"href":"https:\/\/www.joseph-wresinski.org\/de\/wp-json\/wp\/v2\/posts"}],"about":[{"href":"https:\/\/www.joseph-wresinski.org\/de\/wp-json\/wp\/v2\/types\/post"}],"author":[{"embeddable":true,"href":"https:\/\/www.joseph-wresinski.org\/de\/wp-json\/wp\/v2\/users\/4"}],"replies":[{"embeddable":true,"href":"https:\/\/www.joseph-wresinski.org\/de\/wp-json\/wp\/v2\/comments?post=2650"}],"version-history":[{"count":4,"href":"https:\/\/www.joseph-wresinski.org\/de\/wp-json\/wp\/v2\/posts\/2650\/revisions"}],"predecessor-version":[{"id":2659,"href":"https:\/\/www.joseph-wresinski.org\/de\/wp-json\/wp\/v2\/posts\/2650\/revisions\/2659"}],"wp:featuredmedia":[{"embeddable":true,"href":"https:\/\/www.joseph-wresinski.org\/de\/wp-json\/wp\/v2\/media\/2649"}],"wp:attachment":[{"href":"https:\/\/www.joseph-wresinski.org\/de\/wp-json\/wp\/v2\/media?parent=2650"}],"wp:term":[{"taxonomy":"category","embeddable":true,"href":"https:\/\/www.joseph-wresinski.org\/de\/wp-json\/wp\/v2\/categories?post=2650"},{"taxonomy":"post_tag","embeddable":true,"href":"https:\/\/www.joseph-wresinski.org\/de\/wp-json\/wp\/v2\/tags?post=2650"}],"curies":[{"name":"wp","href":"https:\/\/api.w.org\/{rel}","templated":true}]}}