{"id":2681,"date":"2021-12-02T14:36:10","date_gmt":"2021-12-02T13:36:10","guid":{"rendered":"https:\/\/www.joseph-wresinski.org\/de\/?p=2681"},"modified":"2021-12-07T13:47:39","modified_gmt":"2021-12-07T12:47:39","slug":"als-jugendliche-und-nicht-als-sozial-abhaengige-behandelt-werden","status":"publish","type":"post","link":"https:\/\/www.joseph-wresinski.org\/de\/als-jugendliche-und-nicht-als-sozial-abhaengige-behandelt-werden\/","title":{"rendered":"Als Jugendliche und nicht als sozial Abh\u00e4ngige behandelt werden"},"content":{"rendered":"<p>17. Oktober 1987, erster Welttag zur \u00dcberwindung von Armut und Ausgrenzung<\/p>\n<p>Joseph Wresinski, umringt von jugendlichen Teilnehmern an der Versammlung von 100 000 Menschenrechtsverteidigern auf dem Trocaderoplatz in Paris, beantwortet ihre Fragen bez\u00fcglich der Erwartungen von Jugendlichen, die in Armut aufgewachsen sind.<\/p>\n<figure class=\"video-embed\" style=\"width:474px;height:356px;max-width: 100%;\" onclick=\"this.outerHTML='&lt;iframe title=&quot;ALS JUGENDLICHE UND NICHT ALS SOZIAL ABH&Auml;NGIGE  BEHANDELT WERDEN&quot; width=&quot;474&quot; height=&quot;356&quot; src=&quot;https:\/\/www.youtube.com\/embed\/hmc4WX25vyE?feature=oembed&amp;autoplay=1&quot; frameborder=&quot;0&quot; allow=&quot;accelerometer; autoplay; clipboard-write; encrypted-media; gyroscope; picture-in-picture; web-share&quot; referrerpolicy=&quot;strict-origin-when-cross-origin&quot; allowfullscreen&gt;&lt;\/iframe&gt;'\"><img decoding=\"async\" src=\"https:\/\/i.ytimg.com\/vi\/hmc4WX25vyE\/hqdefault.jpg\" title=\"ALS JUGENDLICHE UND NICHT ALS SOZIAL ABH\u00c4NGIGE  BEHANDELT WERDEN\" class=\"video-thumbnail\"><img decoding=\"async\" src=\"https:\/\/www.joseph-wresinski.org\/de\/wp-content\/themes\/ATDJW\/images\/play_video.png\" class=\"video-play\"><figcaption>\n<h1>Play with YouTube<\/h1>\n<p>By clicking the video, you accept that YouTube places cookies on your computer.<\/p>\n<\/figcaption><\/figure>\n","protected":false},"excerpt":{"rendered":"<p>17. Oktober 1987, erster Welttag zur \u00dcberwindung von Armut und Ausgrenzung Joseph Wresinski, umringt von jugendlichen Teilnehmern an der Versammlung (&#8230;) <a class=\"more-link\" href=\"https:\/\/www.joseph-wresinski.org\/de\/als-jugendliche-und-nicht-als-sozial-abhaengige-behandelt-werden\/\">Weiterlesen &#8230; <span class=\"meta-nav\">&rarr;<\/span><\/a><\/p>\n","protected":false},"author":9,"featured_media":2682,"comment_status":"open","ping_status":"open","sticky":false,"template":"","format":"standard","meta":{"_acf_changed":false,"ep_exclude_from_search":false,"footnotes":""},"categories":[12,72],"tags":[115,114,99],"class_list":["post-2681","post","type-post","status-publish","format-standard","has-post-thumbnail","hentry","category-news","category-video","tag-17-oktober","tag-jugend","tag-menschenrechte"],"acf":[],"yoast_head":"<!-- This site is optimized with the Yoast SEO plugin v27.5 - https:\/\/yoast.com\/product\/yoast-seo-wordpress\/ -->\n<title>Als Jugendliche und nicht als sozial Abh\u00e4ngige behandelt werden - Joseph Wresinski DE<\/title>\n<meta name=\"robots\" content=\"index, follow, max-snippet:-1, max-image-preview:large, max-video-preview:-1\" \/>\n<link rel=\"canonical\" href=\"https:\/\/www.joseph-wresinski.org\/de\/als-jugendliche-und-nicht-als-sozial-abhaengige-behandelt-werden\/\" \/>\n<meta property=\"og:locale\" content=\"de_DE\" \/>\n<meta property=\"og:type\" content=\"article\" \/>\n<meta property=\"og:title\" content=\"Als Jugendliche und nicht als sozial Abh\u00e4ngige behandelt werden - Joseph Wresinski DE\" \/>\n<meta property=\"og:description\" content=\"17. Oktober 1987, erster Welttag zur \u00dcberwindung von Armut und Ausgrenzung Joseph Wresinski, umringt von jugendlichen Teilnehmern an der Versammlung (...) Weiterlesen ... &rarr;\" \/>\n<meta property=\"og:url\" content=\"https:\/\/www.joseph-wresinski.org\/de\/als-jugendliche-und-nicht-als-sozial-abhaengige-behandelt-werden\/\" \/>\n<meta property=\"og:site_name\" content=\"Joseph Wresinski DE\" \/>\n<meta property=\"article:published_time\" content=\"2021-12-02T13:36:10+00:00\" \/>\n<meta property=\"article:modified_time\" content=\"2021-12-07T12:47:39+00:00\" \/>\n<meta property=\"og:image\" content=\"https:\/\/www.joseph-wresinski.org\/de\/wp-content\/uploads\/sites\/17\/2021\/12\/PJ-mitJugendlichen-Trocadero1987-10-17l-2-708x400-1.jpg\" \/>\n\t<meta property=\"og:image:width\" content=\"708\" \/>\n\t<meta property=\"og:image:height\" content=\"400\" \/>\n\t<meta property=\"og:image:type\" content=\"image\/jpeg\" \/>\n<meta name=\"author\" content=\"marierose\" \/>\n<meta name=\"twitter:card\" content=\"summary_large_image\" \/>\n<meta name=\"twitter:label1\" content=\"Verfasst von\" \/>\n\t<meta name=\"twitter:data1\" content=\"marierose\" \/>\n\t<meta name=\"twitter:label2\" content=\"Gesch\u00e4tzte Lesezeit\" \/>\n\t<meta name=\"twitter:data2\" content=\"1\u00a0Minute\" \/>\n<script type=\"application\/ld+json\" class=\"yoast-schema-graph\">{\"@context\":\"https:\\\/\\\/schema.org\",\"@graph\":[{\"@type\":\"Article\",\"@id\":\"https:\\\/\\\/www.joseph-wresinski.org\\\/de\\\/als-jugendliche-und-nicht-als-sozial-abhaengige-behandelt-werden\\\/#article\",\"isPartOf\":{\"@id\":\"https:\\\/\\\/www.joseph-wresinski.org\\\/de\\\/als-jugendliche-und-nicht-als-sozial-abhaengige-behandelt-werden\\\/\"},\"author\":{\"name\":\"marierose\",\"@id\":\"https:\\\/\\\/www.joseph-wresinski.org\\\/de\\\/#\\\/schema\\\/person\\\/b109719571a37c1b82861ad6a5e5626d\"},\"headline\":\"Als Jugendliche und nicht als sozial Abh\u00e4ngige behandelt werden\",\"datePublished\":\"2021-12-02T13:36:10+00:00\",\"dateModified\":\"2021-12-07T12:47:39+00:00\",\"mainEntityOfPage\":{\"@id\":\"https:\\\/\\\/www.joseph-wresinski.org\\\/de\\\/als-jugendliche-und-nicht-als-sozial-abhaengige-behandelt-werden\\\/\"},\"wordCount\":55,\"commentCount\":0,\"image\":{\"@id\":\"https:\\\/\\\/www.joseph-wresinski.org\\\/de\\\/als-jugendliche-und-nicht-als-sozial-abhaengige-behandelt-werden\\\/#primaryimage\"},\"thumbnailUrl\":\"https:\\\/\\\/www.joseph-wresinski.org\\\/de\\\/wp-content\\\/uploads\\\/sites\\\/17\\\/2021\\\/12\\\/PJ-mitJugendlichen-Trocadero1987-10-17l-2-708x400-1-e1660226916335.jpg\",\"keywords\":[\"17. Oktober\",\"Jugend\",\"Menschenrechte\"],\"articleSection\":[\"Aktuell\",\"Video\"],\"inLanguage\":\"de\",\"potentialAction\":[{\"@type\":\"CommentAction\",\"name\":\"Comment\",\"target\":[\"https:\\\/\\\/www.joseph-wresinski.org\\\/de\\\/als-jugendliche-und-nicht-als-sozial-abhaengige-behandelt-werden\\\/#respond\"]}]},{\"@type\":\"WebPage\",\"@id\":\"https:\\\/\\\/www.joseph-wresinski.org\\\/de\\\/als-jugendliche-und-nicht-als-sozial-abhaengige-behandelt-werden\\\/\",\"url\":\"https:\\\/\\\/www.joseph-wresinski.org\\\/de\\\/als-jugendliche-und-nicht-als-sozial-abhaengige-behandelt-werden\\\/\",\"name\":\"Als Jugendliche und nicht als sozial Abh\u00e4ngige behandelt werden - Joseph Wresinski DE\",\"isPartOf\":{\"@id\":\"https:\\\/\\\/www.joseph-wresinski.org\\\/de\\\/#website\"},\"primaryImageOfPage\":{\"@id\":\"https:\\\/\\\/www.joseph-wresinski.org\\\/de\\\/als-jugendliche-und-nicht-als-sozial-abhaengige-behandelt-werden\\\/#primaryimage\"},\"image\":{\"@id\":\"https:\\\/\\\/www.joseph-wresinski.org\\\/de\\\/als-jugendliche-und-nicht-als-sozial-abhaengige-behandelt-werden\\\/#primaryimage\"},\"thumbnailUrl\":\"https:\\\/\\\/www.joseph-wresinski.org\\\/de\\\/wp-content\\\/uploads\\\/sites\\\/17\\\/2021\\\/12\\\/PJ-mitJugendlichen-Trocadero1987-10-17l-2-708x400-1-e1660226916335.jpg\",\"datePublished\":\"2021-12-02T13:36:10+00:00\",\"dateModified\":\"2021-12-07T12:47:39+00:00\",\"author\":{\"@id\":\"https:\\\/\\\/www.joseph-wresinski.org\\\/de\\\/#\\\/schema\\\/person\\\/b109719571a37c1b82861ad6a5e5626d\"},\"breadcrumb\":{\"@id\":\"https:\\\/\\\/www.joseph-wresinski.org\\\/de\\\/als-jugendliche-und-nicht-als-sozial-abhaengige-behandelt-werden\\\/#breadcrumb\"},\"inLanguage\":\"de\",\"potentialAction\":[{\"@type\":\"ReadAction\",\"target\":[\"https:\\\/\\\/www.joseph-wresinski.org\\\/de\\\/als-jugendliche-und-nicht-als-sozial-abhaengige-behandelt-werden\\\/\"]}]},{\"@type\":\"ImageObject\",\"inLanguage\":\"de\",\"@id\":\"https:\\\/\\\/www.joseph-wresinski.org\\\/de\\\/als-jugendliche-und-nicht-als-sozial-abhaengige-behandelt-werden\\\/#primaryimage\",\"url\":\"https:\\\/\\\/www.joseph-wresinski.org\\\/de\\\/wp-content\\\/uploads\\\/sites\\\/17\\\/2021\\\/12\\\/PJ-mitJugendlichen-Trocadero1987-10-17l-2-708x400-1-e1660226916335.jpg\",\"contentUrl\":\"https:\\\/\\\/www.joseph-wresinski.org\\\/de\\\/wp-content\\\/uploads\\\/sites\\\/17\\\/2021\\\/12\\\/PJ-mitJugendlichen-Trocadero1987-10-17l-2-708x400-1-e1660226916335.jpg\",\"width\":708,\"height\":400},{\"@type\":\"BreadcrumbList\",\"@id\":\"https:\\\/\\\/www.joseph-wresinski.org\\\/de\\\/als-jugendliche-und-nicht-als-sozial-abhaengige-behandelt-werden\\\/#breadcrumb\",\"itemListElement\":[{\"@type\":\"ListItem\",\"position\":1,\"name\":\"Startseite\",\"item\":\"https:\\\/\\\/www.joseph-wresinski.org\\\/de\\\/\"},{\"@type\":\"ListItem\",\"position\":2,\"name\":\"Als Jugendliche und nicht als sozial Abh\u00e4ngige behandelt werden\"}]},{\"@type\":\"WebSite\",\"@id\":\"https:\\\/\\\/www.joseph-wresinski.org\\\/de\\\/#website\",\"url\":\"https:\\\/\\\/www.joseph-wresinski.org\\\/de\\\/\",\"name\":\"Joseph Wresinski DE\",\"description\":\"Eine Webseite des  Joseph-Wresinski-Zentrums\",\"potentialAction\":[{\"@type\":\"SearchAction\",\"target\":{\"@type\":\"EntryPoint\",\"urlTemplate\":\"https:\\\/\\\/www.joseph-wresinski.org\\\/de\\\/?s={search_term_string}\"},\"query-input\":{\"@type\":\"PropertyValueSpecification\",\"valueRequired\":true,\"valueName\":\"search_term_string\"}}],\"inLanguage\":\"de\"},{\"@type\":\"Person\",\"@id\":\"https:\\\/\\\/www.joseph-wresinski.org\\\/de\\\/#\\\/schema\\\/person\\\/b109719571a37c1b82861ad6a5e5626d\",\"name\":\"marierose\",\"image\":{\"@type\":\"ImageObject\",\"inLanguage\":\"de\",\"@id\":\"https:\\\/\\\/secure.gravatar.com\\\/avatar\\\/f95cff9f685fb88e8d5f8b06a21a1fa123c2d2c32fb5ae7520a100d4365f3ee7?s=96&d=mm&r=g\",\"url\":\"https:\\\/\\\/secure.gravatar.com\\\/avatar\\\/f95cff9f685fb88e8d5f8b06a21a1fa123c2d2c32fb5ae7520a100d4365f3ee7?s=96&d=mm&r=g\",\"contentUrl\":\"https:\\\/\\\/secure.gravatar.com\\\/avatar\\\/f95cff9f685fb88e8d5f8b06a21a1fa123c2d2c32fb5ae7520a100d4365f3ee7?s=96&d=mm&r=g\",\"caption\":\"marierose\"},\"description\":\"Volontaire-permanente du Mouvement international ATD Quart Monde depuis 1987, domicili\u00e9e \u00e0 Fribourg, Suisse, j'ai traduit en allemand plusieurs livres et textes de Joseph Wresinski. J'ai publi\u00e9 en 2005 une th\u00e8se en th\u00e9ologie intitul\u00e9e \\\"Joseph Wresinski, Wortf\u00fchrer der \u00c4rmsten im theologischen Diskurs\\\".\",\"url\":\"https:\\\/\\\/www.joseph-wresinski.org\\\/de\\\/author\\\/marierose\\\/\"}]}<\/script>\n<!-- \/ Yoast SEO plugin. -->","yoast_head_json":{"title":"Als Jugendliche und nicht als sozial Abh\u00e4ngige behandelt werden - Joseph Wresinski DE","robots":{"index":"index","follow":"follow","max-snippet":"max-snippet:-1","max-image-preview":"max-image-preview:large","max-video-preview":"max-video-preview:-1"},"canonical":"https:\/\/www.joseph-wresinski.org\/de\/als-jugendliche-und-nicht-als-sozial-abhaengige-behandelt-werden\/","og_locale":"de_DE","og_type":"article","og_title":"Als Jugendliche und nicht als sozial Abh\u00e4ngige behandelt werden - Joseph Wresinski DE","og_description":"17. Oktober 1987, erster Welttag zur \u00dcberwindung von Armut und Ausgrenzung Joseph Wresinski, umringt von jugendlichen Teilnehmern an der Versammlung (...) Weiterlesen ... &rarr;","og_url":"https:\/\/www.joseph-wresinski.org\/de\/als-jugendliche-und-nicht-als-sozial-abhaengige-behandelt-werden\/","og_site_name":"Joseph Wresinski DE","article_published_time":"2021-12-02T13:36:10+00:00","article_modified_time":"2021-12-07T12:47:39+00:00","og_image":[{"width":708,"height":400,"url":"https:\/\/www.joseph-wresinski.org\/de\/wp-content\/uploads\/sites\/17\/2021\/12\/PJ-mitJugendlichen-Trocadero1987-10-17l-2-708x400-1.jpg","type":"image\/jpeg"}],"author":"marierose","twitter_card":"summary_large_image","twitter_misc":{"Verfasst von":"marierose","Gesch\u00e4tzte Lesezeit":"1\u00a0Minute"},"schema":{"@context":"https:\/\/schema.org","@graph":[{"@type":"Article","@id":"https:\/\/www.joseph-wresinski.org\/de\/als-jugendliche-und-nicht-als-sozial-abhaengige-behandelt-werden\/#article","isPartOf":{"@id":"https:\/\/www.joseph-wresinski.org\/de\/als-jugendliche-und-nicht-als-sozial-abhaengige-behandelt-werden\/"},"author":{"name":"marierose","@id":"https:\/\/www.joseph-wresinski.org\/de\/#\/schema\/person\/b109719571a37c1b82861ad6a5e5626d"},"headline":"Als Jugendliche und nicht als sozial Abh\u00e4ngige behandelt werden","datePublished":"2021-12-02T13:36:10+00:00","dateModified":"2021-12-07T12:47:39+00:00","mainEntityOfPage":{"@id":"https:\/\/www.joseph-wresinski.org\/de\/als-jugendliche-und-nicht-als-sozial-abhaengige-behandelt-werden\/"},"wordCount":55,"commentCount":0,"image":{"@id":"https:\/\/www.joseph-wresinski.org\/de\/als-jugendliche-und-nicht-als-sozial-abhaengige-behandelt-werden\/#primaryimage"},"thumbnailUrl":"https:\/\/www.joseph-wresinski.org\/de\/wp-content\/uploads\/sites\/17\/2021\/12\/PJ-mitJugendlichen-Trocadero1987-10-17l-2-708x400-1-e1660226916335.jpg","keywords":["17. Oktober","Jugend","Menschenrechte"],"articleSection":["Aktuell","Video"],"inLanguage":"de","potentialAction":[{"@type":"CommentAction","name":"Comment","target":["https:\/\/www.joseph-wresinski.org\/de\/als-jugendliche-und-nicht-als-sozial-abhaengige-behandelt-werden\/#respond"]}]},{"@type":"WebPage","@id":"https:\/\/www.joseph-wresinski.org\/de\/als-jugendliche-und-nicht-als-sozial-abhaengige-behandelt-werden\/","url":"https:\/\/www.joseph-wresinski.org\/de\/als-jugendliche-und-nicht-als-sozial-abhaengige-behandelt-werden\/","name":"Als Jugendliche und nicht als sozial Abh\u00e4ngige behandelt werden - Joseph Wresinski DE","isPartOf":{"@id":"https:\/\/www.joseph-wresinski.org\/de\/#website"},"primaryImageOfPage":{"@id":"https:\/\/www.joseph-wresinski.org\/de\/als-jugendliche-und-nicht-als-sozial-abhaengige-behandelt-werden\/#primaryimage"},"image":{"@id":"https:\/\/www.joseph-wresinski.org\/de\/als-jugendliche-und-nicht-als-sozial-abhaengige-behandelt-werden\/#primaryimage"},"thumbnailUrl":"https:\/\/www.joseph-wresinski.org\/de\/wp-content\/uploads\/sites\/17\/2021\/12\/PJ-mitJugendlichen-Trocadero1987-10-17l-2-708x400-1-e1660226916335.jpg","datePublished":"2021-12-02T13:36:10+00:00","dateModified":"2021-12-07T12:47:39+00:00","author":{"@id":"https:\/\/www.joseph-wresinski.org\/de\/#\/schema\/person\/b109719571a37c1b82861ad6a5e5626d"},"breadcrumb":{"@id":"https:\/\/www.joseph-wresinski.org\/de\/als-jugendliche-und-nicht-als-sozial-abhaengige-behandelt-werden\/#breadcrumb"},"inLanguage":"de","potentialAction":[{"@type":"ReadAction","target":["https:\/\/www.joseph-wresinski.org\/de\/als-jugendliche-und-nicht-als-sozial-abhaengige-behandelt-werden\/"]}]},{"@type":"ImageObject","inLanguage":"de","@id":"https:\/\/www.joseph-wresinski.org\/de\/als-jugendliche-und-nicht-als-sozial-abhaengige-behandelt-werden\/#primaryimage","url":"https:\/\/www.joseph-wresinski.org\/de\/wp-content\/uploads\/sites\/17\/2021\/12\/PJ-mitJugendlichen-Trocadero1987-10-17l-2-708x400-1-e1660226916335.jpg","contentUrl":"https:\/\/www.joseph-wresinski.org\/de\/wp-content\/uploads\/sites\/17\/2021\/12\/PJ-mitJugendlichen-Trocadero1987-10-17l-2-708x400-1-e1660226916335.jpg","width":708,"height":400},{"@type":"BreadcrumbList","@id":"https:\/\/www.joseph-wresinski.org\/de\/als-jugendliche-und-nicht-als-sozial-abhaengige-behandelt-werden\/#breadcrumb","itemListElement":[{"@type":"ListItem","position":1,"name":"Startseite","item":"https:\/\/www.joseph-wresinski.org\/de\/"},{"@type":"ListItem","position":2,"name":"Als Jugendliche und nicht als sozial Abh\u00e4ngige behandelt werden"}]},{"@type":"WebSite","@id":"https:\/\/www.joseph-wresinski.org\/de\/#website","url":"https:\/\/www.joseph-wresinski.org\/de\/","name":"Joseph Wresinski DE","description":"Eine Webseite des  Joseph-Wresinski-Zentrums","potentialAction":[{"@type":"SearchAction","target":{"@type":"EntryPoint","urlTemplate":"https:\/\/www.joseph-wresinski.org\/de\/?s={search_term_string}"},"query-input":{"@type":"PropertyValueSpecification","valueRequired":true,"valueName":"search_term_string"}}],"inLanguage":"de"},{"@type":"Person","@id":"https:\/\/www.joseph-wresinski.org\/de\/#\/schema\/person\/b109719571a37c1b82861ad6a5e5626d","name":"marierose","image":{"@type":"ImageObject","inLanguage":"de","@id":"https:\/\/secure.gravatar.com\/avatar\/f95cff9f685fb88e8d5f8b06a21a1fa123c2d2c32fb5ae7520a100d4365f3ee7?s=96&d=mm&r=g","url":"https:\/\/secure.gravatar.com\/avatar\/f95cff9f685fb88e8d5f8b06a21a1fa123c2d2c32fb5ae7520a100d4365f3ee7?s=96&d=mm&r=g","contentUrl":"https:\/\/secure.gravatar.com\/avatar\/f95cff9f685fb88e8d5f8b06a21a1fa123c2d2c32fb5ae7520a100d4365f3ee7?s=96&d=mm&r=g","caption":"marierose"},"description":"Volontaire-permanente du Mouvement international ATD Quart Monde depuis 1987, domicili\u00e9e \u00e0 Fribourg, Suisse, j'ai traduit en allemand plusieurs livres et textes de Joseph Wresinski. J'ai publi\u00e9 en 2005 une th\u00e8se en th\u00e9ologie intitul\u00e9e \"Joseph Wresinski, Wortf\u00fchrer der \u00c4rmsten im theologischen Diskurs\".","url":"https:\/\/www.joseph-wresinski.org\/de\/author\/marierose\/"}]}},"_links":{"self":[{"href":"https:\/\/www.joseph-wresinski.org\/de\/wp-json\/wp\/v2\/posts\/2681","targetHints":{"allow":["GET"]}}],"collection":[{"href":"https:\/\/www.joseph-wresinski.org\/de\/wp-json\/wp\/v2\/posts"}],"about":[{"href":"https:\/\/www.joseph-wresinski.org\/de\/wp-json\/wp\/v2\/types\/post"}],"author":[{"embeddable":true,"href":"https:\/\/www.joseph-wresinski.org\/de\/wp-json\/wp\/v2\/users\/9"}],"replies":[{"embeddable":true,"href":"https:\/\/www.joseph-wresinski.org\/de\/wp-json\/wp\/v2\/comments?post=2681"}],"version-history":[{"count":3,"href":"https:\/\/www.joseph-wresinski.org\/de\/wp-json\/wp\/v2\/posts\/2681\/revisions"}],"predecessor-version":[{"id":2685,"href":"https:\/\/www.joseph-wresinski.org\/de\/wp-json\/wp\/v2\/posts\/2681\/revisions\/2685"}],"wp:featuredmedia":[{"embeddable":true,"href":"https:\/\/www.joseph-wresinski.org\/de\/wp-json\/wp\/v2\/media\/2682"}],"wp:attachment":[{"href":"https:\/\/www.joseph-wresinski.org\/de\/wp-json\/wp\/v2\/media?parent=2681"}],"wp:term":[{"taxonomy":"category","embeddable":true,"href":"https:\/\/www.joseph-wresinski.org\/de\/wp-json\/wp\/v2\/categories?post=2681"},{"taxonomy":"post_tag","embeddable":true,"href":"https:\/\/www.joseph-wresinski.org\/de\/wp-json\/wp\/v2\/tags?post=2681"}],"curies":[{"name":"wp","href":"https:\/\/api.w.org\/{rel}","templated":true}]}}