{"id":2747,"date":"2022-02-14T00:00:53","date_gmt":"2022-02-13T23:00:53","guid":{"rendered":"https:\/\/www.joseph-wresinski.org\/de\/?p=2747"},"modified":"2022-05-02T09:46:37","modified_gmt":"2022-05-02T07:46:37","slug":"hoffnung-saeen-fuer-die-menschheit","status":"publish","type":"post","link":"https:\/\/www.joseph-wresinski.org\/de\/hoffnung-saeen-fuer-die-menschheit\/","title":{"rendered":"Hoffnung s\u00e4en f\u00fcr die Menschheit"},"content":{"rendered":"<p>Als ich im Lager von Noisy-le-Grand ankam, begegnete ich dort Familien, die gescheitert waren, in deren Herzen wie mit gl\u00fchendem Eisen die Worte Leid und Elend eingebrannt waren.<\/p>\n<p>Ich hatte vor, in der Bev\u00f6lkerung aufzugehen, wie alle Priester jener Zeit. Ich wollte mit den Menschen leben, mitten unter ihnen, wie ein Sauerteig oder wie ein kleines Samenkorn, das langsam w\u00e4chst; ein Samenkorn, getr\u00e4nkt von den Tr\u00e4nen der Menschen, aber auch gew\u00e4rmt von Liebe, der Liebe der Familien. Das zu tun war damals mein Traum und ich tue es bis heute.<\/p>\n<p>Mit der Zeit bin ich ohne es zu wollen eine Person des \u00f6ffentlichen Lebens geworden, aber meine gr\u00f6\u00dfte Freude ist es weiterhin, mitten unter den Familien zu sein, denn man sp\u00fcrt immer, dass zwischen ihnen und uns etwas \u00fcberspringt. Gestern Abend war ich in einer katholischen Gemeinschaft 15 km von Dakar entfernt und h\u00f6rte den Frauen und M\u00e4nnern zu, die dort versammelt waren, und danach h\u00f6rten sie wiederum mir zu und ich sagte mir: &#8222;Es ist au\u00dferordentlich, wie sehr wir uns \u00e4hnlich sind, genauso wie wir auch den Familien aus Noisy-le-Grand, den Familien aus New York oder aus Neu-Delhi \u00e4hnlich sind, all diesen Familien, die ich kenne und die ich \u00fcberall in der Welt treffe.&#8220;<\/p>\n<p>Tats\u00e4chlich sind wir gleichsam unter den gleichen Teig gemischt, wir bringen die gleiche Hoffnung mit und es dr\u00e4ngt uns im gleichen Ma\u00dfe, die Liebe stark in den Herzen der Menschen schlagen zu lassen, damit sich die Dinge \u00e4ndern.<\/p>\n<p>Mein Bischof schickte mich los, um die Welt des Elends kennenzulernen, und ich bin dort der Welt der Hoffnung, der Welt der Liebe begegnet, und so habe ich mit diesen M\u00e4nnern, diesen Frauen, diesen Kindern mein gesamtes Leben als Mensch und als Priester geteilt. Den Leidenden muss man tiefe Achtung entgegenbringen und darf ihnen nie den Gott aufzwingen, der einem selbst Leben gibt. Die Familien wissen sehr wohl, dass ich Priester bin. Das haben sie herausgefunden. Sie wissen auch, dass mein gr\u00f6\u00dfter Wunsch nicht darin besteht, sie zu bekehren, sondern ihnen den Austausch mit Gott zu bringen; ihnen nicht unbedingt das Wort zu bringen, denn das Wort kann vereinnahmend sein, sondern einfach die Anwesenheit eines Menschen, eines Menschen, der auf seinem Weg Volont\u00e4re mitnahm, die hier an diesem Ort sind, einfach deshalb, weil ihnen das Elend unertr\u00e4glich ist.<\/p>\n<p>Durch ihr Nein zum Elend schlie\u00dfen sich die Volont\u00e4re dem Widerstand der Familien an, die dieses Elend selbst erleben. Aber ich m\u00f6chte sagen, dass wir nicht nur durch diesen Widerstand verbunden sind, sondern vielmehr durch die gro\u00dfe Hoffnung, dass sich die Dinge eines Tages \u00e4ndern werden, dass es unm\u00f6glich ist, dass sie sich <em>nicht <\/em>\u00e4ndern.<\/p>\n<p>Ein kleiner Junge hat mir einmal Folgendes gesagt: \u201eWei\u00dft du, was wir br\u00e4uchten, w\u00e4re, dass die Reichen f\u00fcr ein paar Tage in unseren H\u00e4usern leben und wir in ihren. Und dann w\u00fcrden wir ihnen ihre H\u00e4user wieder \u00fcberlassen, und ich bin mir sicher, dass sie danach nicht mehr akzeptieren k\u00f6nnten, dass wir Armen so leben, wie wir leben.\u201c<\/p>\n<p>Mir ist es sehr wichtig, dass Frauen und M\u00e4nner allen Menschen der Welt und vor allem den Gl\u00e4ubigen, woran immer diese glauben, sagen k\u00f6nnen: &#8222;Ihr zwingt uns dieses Leben auf, ihr akzeptiert, wie wir leben m\u00fcssen, und wir sagen euch: So leben wir. Das ist unser Elend. Dieses Elend, das lehnen wir ab, und das m\u00fcsst auch ihr gemeinsam mit uns ablehnen. Ihr k\u00f6nnt nicht weiter zu einem Gott beten, gegen den st\u00e4ndig ges\u00fcndigt wird, durch das Leben, das uns aufgezwungen wird, durch das unbeschreibliche Leid, das wir jeden Tag zu jedem Zeitpunkt unseres Lebens erleben. Unser Leid besteht nicht darin, dass uns das Brot fehlt, auch wenn es wichtig ist, Brot zu haben, sondern wir sprechen vom Leid, von der Schande, in der ihr uns gefangen haltet.&#8220;<\/p>\n<p>W\u00e4hrend all dieser Jahre haben die Familien oft entweder den Volont\u00e4ren oder mir gesagt: &#8222;Ihr habt mit uns Dinge getan, an die wir \u00fcberhaupt nicht gedacht h\u00e4tten, die uns gar nicht so interessierten: Bibliothek, Kindergarten, Familientreff, Kapelle. Wir hatten Hunger, doch ihr habt uns das Wesentliche gegeben: Ihr habt uns die Ehre wiedergegeben. Wenn wir im Nachhinein dar\u00fcber nachdenken, kommen wir zum Schluss, dass ihr Recht hattet. Denn mit der Ehre habt ihr uns die Zukunft zur\u00fcckgegeben, und mit der Zukunft habt ihr uns den Mut zur\u00fcckgegeben, nein zu sagen. Ihr habt uns diesen Mut gegeben, dieses Nein laut zu verk\u00fcnden, nicht aus Hass, sondern indem wir sagen: Das ist es, was wir erleiden. K\u00f6nnt ihr das wirklich akzeptieren?&#8220;<\/p>\n","protected":false},"excerpt":{"rendered":"<p>Als ich im Lager von Noisy-le-Grand ankam, begegnete ich dort Familien, die gescheitert waren, in deren Herzen wie mit gl\u00fchendem (&#8230;) <a class=\"more-link\" href=\"https:\/\/www.joseph-wresinski.org\/de\/hoffnung-saeen-fuer-die-menschheit\/\">Weiterlesen &#8230; <span class=\"meta-nav\">&rarr;<\/span><\/a><\/p>\n","protected":false},"author":9,"featured_media":2754,"comment_status":"open","ping_status":"open","sticky":false,"template":"","format":"standard","meta":{"_acf_changed":false,"ep_exclude_from_search":false,"footnotes":""},"categories":[12,84],"tags":[110,95],"class_list":["post-2747","post","type-post","status-publish","format-standard","has-post-thumbnail","hentry","category-news","category-interviews","tag-engagement","tag-spiritualitaet"],"acf":[],"yoast_head":"<!-- This site is optimized with the Yoast SEO plugin v27.5 - https:\/\/yoast.com\/product\/yoast-seo-wordpress\/ -->\n<title>Hoffnung s\u00e4en f\u00fcr die Menschheit - Joseph Wresinski DE<\/title>\n<meta name=\"robots\" content=\"index, follow, max-snippet:-1, max-image-preview:large, max-video-preview:-1\" \/>\n<link rel=\"canonical\" href=\"https:\/\/www.joseph-wresinski.org\/de\/hoffnung-saeen-fuer-die-menschheit\/\" \/>\n<meta property=\"og:locale\" content=\"de_DE\" \/>\n<meta property=\"og:type\" content=\"article\" \/>\n<meta property=\"og:title\" content=\"Hoffnung s\u00e4en f\u00fcr die Menschheit - Joseph Wresinski DE\" \/>\n<meta property=\"og:description\" content=\"Als ich im Lager von Noisy-le-Grand ankam, begegnete ich dort Familien, die gescheitert waren, in deren Herzen wie mit gl\u00fchendem (...) Weiterlesen ... &rarr;\" \/>\n<meta property=\"og:url\" content=\"https:\/\/www.joseph-wresinski.org\/de\/hoffnung-saeen-fuer-die-menschheit\/\" \/>\n<meta property=\"og:site_name\" content=\"Joseph Wresinski DE\" \/>\n<meta property=\"article:published_time\" content=\"2022-02-13T23:00:53+00:00\" \/>\n<meta property=\"article:modified_time\" content=\"2022-05-02T07:46:37+00:00\" \/>\n<meta property=\"og:image\" content=\"https:\/\/www.joseph-wresinski.org\/de\/wp-content\/uploads\/sites\/17\/2022\/02\/2021-02-11-PEPs-ArtSi-CJW-Dessin_MDeWilde-AR0200601002-3-545x400-1.jpg\" \/>\n\t<meta property=\"og:image:width\" content=\"545\" \/>\n\t<meta property=\"og:image:height\" content=\"400\" \/>\n\t<meta property=\"og:image:type\" content=\"image\/jpeg\" \/>\n<meta name=\"author\" content=\"marierose\" \/>\n<meta name=\"twitter:card\" content=\"summary_large_image\" \/>\n<meta name=\"twitter:label1\" content=\"Verfasst von\" \/>\n\t<meta name=\"twitter:data1\" content=\"marierose\" \/>\n\t<meta name=\"twitter:label2\" content=\"Gesch\u00e4tzte Lesezeit\" \/>\n\t<meta name=\"twitter:data2\" content=\"5\u00a0Minuten\" \/>\n<script type=\"application\/ld+json\" class=\"yoast-schema-graph\">{\"@context\":\"https:\\\/\\\/schema.org\",\"@graph\":[{\"@type\":\"Article\",\"@id\":\"https:\\\/\\\/www.joseph-wresinski.org\\\/de\\\/hoffnung-saeen-fuer-die-menschheit\\\/#article\",\"isPartOf\":{\"@id\":\"https:\\\/\\\/www.joseph-wresinski.org\\\/de\\\/hoffnung-saeen-fuer-die-menschheit\\\/\"},\"author\":{\"name\":\"marierose\",\"@id\":\"https:\\\/\\\/www.joseph-wresinski.org\\\/de\\\/#\\\/schema\\\/person\\\/b109719571a37c1b82861ad6a5e5626d\"},\"headline\":\"Hoffnung s\u00e4en f\u00fcr die Menschheit\",\"datePublished\":\"2022-02-13T23:00:53+00:00\",\"dateModified\":\"2022-05-02T07:46:37+00:00\",\"mainEntityOfPage\":{\"@id\":\"https:\\\/\\\/www.joseph-wresinski.org\\\/de\\\/hoffnung-saeen-fuer-die-menschheit\\\/\"},\"wordCount\":795,\"commentCount\":0,\"image\":{\"@id\":\"https:\\\/\\\/www.joseph-wresinski.org\\\/de\\\/hoffnung-saeen-fuer-die-menschheit\\\/#primaryimage\"},\"thumbnailUrl\":\"https:\\\/\\\/www.joseph-wresinski.org\\\/de\\\/wp-content\\\/uploads\\\/sites\\\/17\\\/2022\\\/02\\\/2021-02-11-PEPs-ArtSi-CJW-Dessin_MDeWilde-AR0200601002-3-545x400-1.jpg\",\"keywords\":[\"Engagement\",\"Spiritualit\u00e4t\"],\"articleSection\":[\"Aktuell\",\"Interviews\"],\"inLanguage\":\"de\",\"potentialAction\":[{\"@type\":\"CommentAction\",\"name\":\"Comment\",\"target\":[\"https:\\\/\\\/www.joseph-wresinski.org\\\/de\\\/hoffnung-saeen-fuer-die-menschheit\\\/#respond\"]}]},{\"@type\":\"WebPage\",\"@id\":\"https:\\\/\\\/www.joseph-wresinski.org\\\/de\\\/hoffnung-saeen-fuer-die-menschheit\\\/\",\"url\":\"https:\\\/\\\/www.joseph-wresinski.org\\\/de\\\/hoffnung-saeen-fuer-die-menschheit\\\/\",\"name\":\"Hoffnung s\u00e4en f\u00fcr die Menschheit - Joseph Wresinski DE\",\"isPartOf\":{\"@id\":\"https:\\\/\\\/www.joseph-wresinski.org\\\/de\\\/#website\"},\"primaryImageOfPage\":{\"@id\":\"https:\\\/\\\/www.joseph-wresinski.org\\\/de\\\/hoffnung-saeen-fuer-die-menschheit\\\/#primaryimage\"},\"image\":{\"@id\":\"https:\\\/\\\/www.joseph-wresinski.org\\\/de\\\/hoffnung-saeen-fuer-die-menschheit\\\/#primaryimage\"},\"thumbnailUrl\":\"https:\\\/\\\/www.joseph-wresinski.org\\\/de\\\/wp-content\\\/uploads\\\/sites\\\/17\\\/2022\\\/02\\\/2021-02-11-PEPs-ArtSi-CJW-Dessin_MDeWilde-AR0200601002-3-545x400-1.jpg\",\"datePublished\":\"2022-02-13T23:00:53+00:00\",\"dateModified\":\"2022-05-02T07:46:37+00:00\",\"author\":{\"@id\":\"https:\\\/\\\/www.joseph-wresinski.org\\\/de\\\/#\\\/schema\\\/person\\\/b109719571a37c1b82861ad6a5e5626d\"},\"breadcrumb\":{\"@id\":\"https:\\\/\\\/www.joseph-wresinski.org\\\/de\\\/hoffnung-saeen-fuer-die-menschheit\\\/#breadcrumb\"},\"inLanguage\":\"de\",\"potentialAction\":[{\"@type\":\"ReadAction\",\"target\":[\"https:\\\/\\\/www.joseph-wresinski.org\\\/de\\\/hoffnung-saeen-fuer-die-menschheit\\\/\"]}]},{\"@type\":\"ImageObject\",\"inLanguage\":\"de\",\"@id\":\"https:\\\/\\\/www.joseph-wresinski.org\\\/de\\\/hoffnung-saeen-fuer-die-menschheit\\\/#primaryimage\",\"url\":\"https:\\\/\\\/www.joseph-wresinski.org\\\/de\\\/wp-content\\\/uploads\\\/sites\\\/17\\\/2022\\\/02\\\/2021-02-11-PEPs-ArtSi-CJW-Dessin_MDeWilde-AR0200601002-3-545x400-1.jpg\",\"contentUrl\":\"https:\\\/\\\/www.joseph-wresinski.org\\\/de\\\/wp-content\\\/uploads\\\/sites\\\/17\\\/2022\\\/02\\\/2021-02-11-PEPs-ArtSi-CJW-Dessin_MDeWilde-AR0200601002-3-545x400-1.jpg\",\"width\":545,\"height\":400},{\"@type\":\"BreadcrumbList\",\"@id\":\"https:\\\/\\\/www.joseph-wresinski.org\\\/de\\\/hoffnung-saeen-fuer-die-menschheit\\\/#breadcrumb\",\"itemListElement\":[{\"@type\":\"ListItem\",\"position\":1,\"name\":\"Startseite\",\"item\":\"https:\\\/\\\/www.joseph-wresinski.org\\\/de\\\/\"},{\"@type\":\"ListItem\",\"position\":2,\"name\":\"Hoffnung s\u00e4en f\u00fcr die Menschheit\"}]},{\"@type\":\"WebSite\",\"@id\":\"https:\\\/\\\/www.joseph-wresinski.org\\\/de\\\/#website\",\"url\":\"https:\\\/\\\/www.joseph-wresinski.org\\\/de\\\/\",\"name\":\"Joseph Wresinski DE\",\"description\":\"Eine Webseite des  Joseph-Wresinski-Zentrums\",\"potentialAction\":[{\"@type\":\"SearchAction\",\"target\":{\"@type\":\"EntryPoint\",\"urlTemplate\":\"https:\\\/\\\/www.joseph-wresinski.org\\\/de\\\/?s={search_term_string}\"},\"query-input\":{\"@type\":\"PropertyValueSpecification\",\"valueRequired\":true,\"valueName\":\"search_term_string\"}}],\"inLanguage\":\"de\"},{\"@type\":\"Person\",\"@id\":\"https:\\\/\\\/www.joseph-wresinski.org\\\/de\\\/#\\\/schema\\\/person\\\/b109719571a37c1b82861ad6a5e5626d\",\"name\":\"marierose\",\"image\":{\"@type\":\"ImageObject\",\"inLanguage\":\"de\",\"@id\":\"https:\\\/\\\/secure.gravatar.com\\\/avatar\\\/f95cff9f685fb88e8d5f8b06a21a1fa123c2d2c32fb5ae7520a100d4365f3ee7?s=96&d=mm&r=g\",\"url\":\"https:\\\/\\\/secure.gravatar.com\\\/avatar\\\/f95cff9f685fb88e8d5f8b06a21a1fa123c2d2c32fb5ae7520a100d4365f3ee7?s=96&d=mm&r=g\",\"contentUrl\":\"https:\\\/\\\/secure.gravatar.com\\\/avatar\\\/f95cff9f685fb88e8d5f8b06a21a1fa123c2d2c32fb5ae7520a100d4365f3ee7?s=96&d=mm&r=g\",\"caption\":\"marierose\"},\"description\":\"Volontaire-permanente du Mouvement international ATD Quart Monde depuis 1987, domicili\u00e9e \u00e0 Fribourg, Suisse, j'ai traduit en allemand plusieurs livres et textes de Joseph Wresinski. J'ai publi\u00e9 en 2005 une th\u00e8se en th\u00e9ologie intitul\u00e9e \\\"Joseph Wresinski, Wortf\u00fchrer der \u00c4rmsten im theologischen Diskurs\\\".\",\"url\":\"https:\\\/\\\/www.joseph-wresinski.org\\\/de\\\/author\\\/marierose\\\/\"}]}<\/script>\n<!-- \/ Yoast SEO plugin. -->","yoast_head_json":{"title":"Hoffnung s\u00e4en f\u00fcr die Menschheit - Joseph Wresinski DE","robots":{"index":"index","follow":"follow","max-snippet":"max-snippet:-1","max-image-preview":"max-image-preview:large","max-video-preview":"max-video-preview:-1"},"canonical":"https:\/\/www.joseph-wresinski.org\/de\/hoffnung-saeen-fuer-die-menschheit\/","og_locale":"de_DE","og_type":"article","og_title":"Hoffnung s\u00e4en f\u00fcr die Menschheit - Joseph Wresinski DE","og_description":"Als ich im Lager von Noisy-le-Grand ankam, begegnete ich dort Familien, die gescheitert waren, in deren Herzen wie mit gl\u00fchendem (...) Weiterlesen ... &rarr;","og_url":"https:\/\/www.joseph-wresinski.org\/de\/hoffnung-saeen-fuer-die-menschheit\/","og_site_name":"Joseph Wresinski DE","article_published_time":"2022-02-13T23:00:53+00:00","article_modified_time":"2022-05-02T07:46:37+00:00","og_image":[{"width":545,"height":400,"url":"https:\/\/www.joseph-wresinski.org\/de\/wp-content\/uploads\/sites\/17\/2022\/02\/2021-02-11-PEPs-ArtSi-CJW-Dessin_MDeWilde-AR0200601002-3-545x400-1.jpg","type":"image\/jpeg"}],"author":"marierose","twitter_card":"summary_large_image","twitter_misc":{"Verfasst von":"marierose","Gesch\u00e4tzte Lesezeit":"5\u00a0Minuten"},"schema":{"@context":"https:\/\/schema.org","@graph":[{"@type":"Article","@id":"https:\/\/www.joseph-wresinski.org\/de\/hoffnung-saeen-fuer-die-menschheit\/#article","isPartOf":{"@id":"https:\/\/www.joseph-wresinski.org\/de\/hoffnung-saeen-fuer-die-menschheit\/"},"author":{"name":"marierose","@id":"https:\/\/www.joseph-wresinski.org\/de\/#\/schema\/person\/b109719571a37c1b82861ad6a5e5626d"},"headline":"Hoffnung s\u00e4en f\u00fcr die Menschheit","datePublished":"2022-02-13T23:00:53+00:00","dateModified":"2022-05-02T07:46:37+00:00","mainEntityOfPage":{"@id":"https:\/\/www.joseph-wresinski.org\/de\/hoffnung-saeen-fuer-die-menschheit\/"},"wordCount":795,"commentCount":0,"image":{"@id":"https:\/\/www.joseph-wresinski.org\/de\/hoffnung-saeen-fuer-die-menschheit\/#primaryimage"},"thumbnailUrl":"https:\/\/www.joseph-wresinski.org\/de\/wp-content\/uploads\/sites\/17\/2022\/02\/2021-02-11-PEPs-ArtSi-CJW-Dessin_MDeWilde-AR0200601002-3-545x400-1.jpg","keywords":["Engagement","Spiritualit\u00e4t"],"articleSection":["Aktuell","Interviews"],"inLanguage":"de","potentialAction":[{"@type":"CommentAction","name":"Comment","target":["https:\/\/www.joseph-wresinski.org\/de\/hoffnung-saeen-fuer-die-menschheit\/#respond"]}]},{"@type":"WebPage","@id":"https:\/\/www.joseph-wresinski.org\/de\/hoffnung-saeen-fuer-die-menschheit\/","url":"https:\/\/www.joseph-wresinski.org\/de\/hoffnung-saeen-fuer-die-menschheit\/","name":"Hoffnung s\u00e4en f\u00fcr die Menschheit - Joseph Wresinski DE","isPartOf":{"@id":"https:\/\/www.joseph-wresinski.org\/de\/#website"},"primaryImageOfPage":{"@id":"https:\/\/www.joseph-wresinski.org\/de\/hoffnung-saeen-fuer-die-menschheit\/#primaryimage"},"image":{"@id":"https:\/\/www.joseph-wresinski.org\/de\/hoffnung-saeen-fuer-die-menschheit\/#primaryimage"},"thumbnailUrl":"https:\/\/www.joseph-wresinski.org\/de\/wp-content\/uploads\/sites\/17\/2022\/02\/2021-02-11-PEPs-ArtSi-CJW-Dessin_MDeWilde-AR0200601002-3-545x400-1.jpg","datePublished":"2022-02-13T23:00:53+00:00","dateModified":"2022-05-02T07:46:37+00:00","author":{"@id":"https:\/\/www.joseph-wresinski.org\/de\/#\/schema\/person\/b109719571a37c1b82861ad6a5e5626d"},"breadcrumb":{"@id":"https:\/\/www.joseph-wresinski.org\/de\/hoffnung-saeen-fuer-die-menschheit\/#breadcrumb"},"inLanguage":"de","potentialAction":[{"@type":"ReadAction","target":["https:\/\/www.joseph-wresinski.org\/de\/hoffnung-saeen-fuer-die-menschheit\/"]}]},{"@type":"ImageObject","inLanguage":"de","@id":"https:\/\/www.joseph-wresinski.org\/de\/hoffnung-saeen-fuer-die-menschheit\/#primaryimage","url":"https:\/\/www.joseph-wresinski.org\/de\/wp-content\/uploads\/sites\/17\/2022\/02\/2021-02-11-PEPs-ArtSi-CJW-Dessin_MDeWilde-AR0200601002-3-545x400-1.jpg","contentUrl":"https:\/\/www.joseph-wresinski.org\/de\/wp-content\/uploads\/sites\/17\/2022\/02\/2021-02-11-PEPs-ArtSi-CJW-Dessin_MDeWilde-AR0200601002-3-545x400-1.jpg","width":545,"height":400},{"@type":"BreadcrumbList","@id":"https:\/\/www.joseph-wresinski.org\/de\/hoffnung-saeen-fuer-die-menschheit\/#breadcrumb","itemListElement":[{"@type":"ListItem","position":1,"name":"Startseite","item":"https:\/\/www.joseph-wresinski.org\/de\/"},{"@type":"ListItem","position":2,"name":"Hoffnung s\u00e4en f\u00fcr die Menschheit"}]},{"@type":"WebSite","@id":"https:\/\/www.joseph-wresinski.org\/de\/#website","url":"https:\/\/www.joseph-wresinski.org\/de\/","name":"Joseph Wresinski DE","description":"Eine Webseite des  Joseph-Wresinski-Zentrums","potentialAction":[{"@type":"SearchAction","target":{"@type":"EntryPoint","urlTemplate":"https:\/\/www.joseph-wresinski.org\/de\/?s={search_term_string}"},"query-input":{"@type":"PropertyValueSpecification","valueRequired":true,"valueName":"search_term_string"}}],"inLanguage":"de"},{"@type":"Person","@id":"https:\/\/www.joseph-wresinski.org\/de\/#\/schema\/person\/b109719571a37c1b82861ad6a5e5626d","name":"marierose","image":{"@type":"ImageObject","inLanguage":"de","@id":"https:\/\/secure.gravatar.com\/avatar\/f95cff9f685fb88e8d5f8b06a21a1fa123c2d2c32fb5ae7520a100d4365f3ee7?s=96&d=mm&r=g","url":"https:\/\/secure.gravatar.com\/avatar\/f95cff9f685fb88e8d5f8b06a21a1fa123c2d2c32fb5ae7520a100d4365f3ee7?s=96&d=mm&r=g","contentUrl":"https:\/\/secure.gravatar.com\/avatar\/f95cff9f685fb88e8d5f8b06a21a1fa123c2d2c32fb5ae7520a100d4365f3ee7?s=96&d=mm&r=g","caption":"marierose"},"description":"Volontaire-permanente du Mouvement international ATD Quart Monde depuis 1987, domicili\u00e9e \u00e0 Fribourg, Suisse, j'ai traduit en allemand plusieurs livres et textes de Joseph Wresinski. J'ai publi\u00e9 en 2005 une th\u00e8se en th\u00e9ologie intitul\u00e9e \"Joseph Wresinski, Wortf\u00fchrer der \u00c4rmsten im theologischen Diskurs\".","url":"https:\/\/www.joseph-wresinski.org\/de\/author\/marierose\/"}]}},"_links":{"self":[{"href":"https:\/\/www.joseph-wresinski.org\/de\/wp-json\/wp\/v2\/posts\/2747","targetHints":{"allow":["GET"]}}],"collection":[{"href":"https:\/\/www.joseph-wresinski.org\/de\/wp-json\/wp\/v2\/posts"}],"about":[{"href":"https:\/\/www.joseph-wresinski.org\/de\/wp-json\/wp\/v2\/types\/post"}],"author":[{"embeddable":true,"href":"https:\/\/www.joseph-wresinski.org\/de\/wp-json\/wp\/v2\/users\/9"}],"replies":[{"embeddable":true,"href":"https:\/\/www.joseph-wresinski.org\/de\/wp-json\/wp\/v2\/comments?post=2747"}],"version-history":[{"count":10,"href":"https:\/\/www.joseph-wresinski.org\/de\/wp-json\/wp\/v2\/posts\/2747\/revisions"}],"predecessor-version":[{"id":2832,"href":"https:\/\/www.joseph-wresinski.org\/de\/wp-json\/wp\/v2\/posts\/2747\/revisions\/2832"}],"wp:featuredmedia":[{"embeddable":true,"href":"https:\/\/www.joseph-wresinski.org\/de\/wp-json\/wp\/v2\/media\/2754"}],"wp:attachment":[{"href":"https:\/\/www.joseph-wresinski.org\/de\/wp-json\/wp\/v2\/media?parent=2747"}],"wp:term":[{"taxonomy":"category","embeddable":true,"href":"https:\/\/www.joseph-wresinski.org\/de\/wp-json\/wp\/v2\/categories?post=2747"},{"taxonomy":"post_tag","embeddable":true,"href":"https:\/\/www.joseph-wresinski.org\/de\/wp-json\/wp\/v2\/tags?post=2747"}],"curies":[{"name":"wp","href":"https:\/\/api.w.org\/{rel}","templated":true}]}}