{"id":2795,"date":"2022-03-17T13:20:57","date_gmt":"2022-03-17T12:20:57","guid":{"rendered":"https:\/\/www.joseph-wresinski.org\/de\/?p=2795"},"modified":"2022-03-17T13:20:57","modified_gmt":"2022-03-17T12:20:57","slug":"nie-wieder-ein-toter-vogel-als-zeichen-der-not","status":"publish","type":"post","link":"https:\/\/www.joseph-wresinski.org\/de\/nie-wieder-ein-toter-vogel-als-zeichen-der-not\/","title":{"rendered":"Nie wieder ein toter Vogel als Zeichen der Not"},"content":{"rendered":"<p>In meiner Kindheit gibt es ein Ereignis, das mein Leben zutiefst gepr\u00e4gt hat.<\/p>\n<p>Es war zu einer Zeit, als wir ins Elend geraten waren.<\/p>\n<p>Die Ursachen davon? Ich wei\u00df sie nicht mehr. Mit vielen anderen Erinnerungen schlummern sie tief in meinem Bewusstsein, und bilden den Boden, auf dem die tausend kleinen Dinge wachsen, die in uns am Werke sind und Kummer, Leid, Best\u00fcrzung und Verzweiflung hei\u00dfen.<\/p>\n<p>Doch was geblieben ist und oft an die Oberfl\u00e4che kommt, um mich an unsere Kinder\u00e4ngste zu erinnern, ist ein toter Vogel. Es war ein Distelfink.<\/p>\n<p>Eines Morgens nach der Fr\u00fchmesse, die ich Sommer wie Winter diente, seitdem ich f\u00fcnf Jahre alt war, hatten wir ihn gefunden, mein Bruder und ich, am Ende der rue Brault, dort, wo das Hochwasser der Maine, durch die Kanalisation in die G\u00e4rten und Keller des Klosters des Guten Hirten drang.<\/p>\n<p>Der Vogel war wohl aus einem K\u00e4fig entflogen.<br \/>\nEr war verletzt und lie\u00df sich fangen ohne, sich zu wehren.<\/p>\n<p>Ohne \u00dcberschwang und ohne Getue war er dann unser Freund geworden, nach Art der Armen, die nicht recht wissen, wie sie danken sollen, wenn sie etwas erhalten.<\/p>\n<p>Dann kam f\u00fcr uns eine Zeit bitterer Not. Mama begann, den Haushalt zu vernachl\u00e4ssigen, sie, die doch immer so streng auf Ordnung gehalten hatte: \u201eR\u00e4um dies weg, r\u00e4um das weg; nimm den Besen; mach Platz, dass ich den Tisch abwischen kann\u2026&#8220;.\u00a0\u00a0 Den einzigen Tisch, auf dem Mama das Gem\u00fcse putzte, das Essen zubereitete, das Geschirr abstellte, die Gedecke auflegte; an dem wir abends unsere Schulaufgaben machten, an dem wir \u2014 sehr zu ihrem Unwillen \u2014 auch lasen:<br \/>\n\u201eSchluss jetzt mit der Leserei!<br \/>\nWo es soviel Arbeit gibt!&#8220;<\/p>\n<p>Arme Mama!<br \/>\nNach dem Abendessen und am schulfreien Donnerstag schoben wir Zig-Zag-Zigarettenpapier in Papph\u00fclsen, um ein bisschen Geld zu verdienen. Ob meine Abscheu vor dem Tabak und allem, was damit zusammenh\u00e4ngt, aus diesen Tagen stammt?<\/p>\n<p>In jener Notzeit aber machten wir nicht einmal diese Arbeit.<\/p>\n<p>Abends sa\u00dfen wir still beieinander, bis es Zeit zum Schlafen war, und wagten nicht, ein Wort zu sagen, als k\u00f6nnten allein unsere Stimmen neues Unheil heraufbeschw\u00f6ren.<\/p>\n<p>Gingen wir noch zur Schule? Ich wei\u00df es nicht mehr.<br \/>\nIch wei\u00df nur noch, dass mein kleiner Bruder Martin nicht aufh\u00f6rte zu weinen.<\/p>\n<p>Die Zeit schien f\u00fcr uns stillzustehen,<br \/>\nals h\u00e4tte nichts mehr Bedeutung.<\/p>\n<p>Es war, als w\u00e4ren wir schon tot.<br \/>\nWir \u00fcberlebten nur von einem Tag zum andern.<\/p>\n<p>Wie lange mag das gedauert haben?<br \/>\nWahrscheinlich nicht sehr lange.<br \/>\nDoch wirkte diese Zeit so stark und schrecklich auf mich ein, dass sie in meiner Erinnerung einen au\u00dfergew\u00f6hnlichen Platz einnimmt.<br \/>\nSie hat sicher nur wenige Tage gedauert.<\/p>\n<p>Denn sonst h\u00e4tten wir Kinder es kaum ausgehalten und h\u00e4tten uns dem m\u00fctterlichen Leid entzogen.<\/p>\n<p>Vielleicht entzogen wir uns auch wirklich hin und wieder.<\/p>\n<p>Doch eines Tages kehrte der Sonnenschein zur\u00fcck in diesen Raum, in dem wir lebten, den die Schatten selbst im Sommer schon um vier Uhr einnahmen.<\/p>\n<p>Wie war er eigentlich zur\u00fcckgekehrt?<br \/>\nDurch eine gute Nachricht, ein Geschenk, ein liebes Wort?<br \/>\nIch wei\u00df es nicht mehr.<\/p>\n<p>Doch die Dinge nahmen wieder ihren gewohnten Lauf, das Leben kam langsam in Gang, und alles war wie fr\u00fcher. Da stellten wir auf einmal fest, dass der Vogel nicht mehr sang.<\/p>\n<p>Stumm blickten wir zum K\u00e4fig hin\u00fcber, zu unserm Freund, vor dem wir uns schuldig f\u00fchlten. Warum hatten wir ihn im Stich gelassen?<\/p>\n<p>Weil er uns in der Zeit der Not nichts hatte geben k\u00f6nnen? Oder vielmehr, weil alles stillsteht, wenn der Schmerz zu gro\u00df ist: die Zeit, die Gef\u00fchle, der liebe Gott?<\/p>\n<p>\u201eWenn es ihn gibt! Doch es gibt ihn besser nicht, sonst m\u00fcssten wir ihn verfluchen\u201c, sagte mir Madame Duburgnois.<\/p>\n<p>Der Vogel war tot.<br \/>\nEr war verhungert.<br \/>\nAuch f\u00fcr ihn war das Leben stillgestanden, wir hatten ihn vergessen, wie wir es aufgegeben hatten, uns zu waschen, zu essen, zu sprechen, zu beten.<\/p>\n<p>Offensichtlich waren die b\u00f6sen Zeiten vorbei; doch musste alles erst wieder ins Lot kommen. Schritt f\u00fcr Schritt musste Mama wieder ihre Rolle der ruhigen und selbstsicheren Mutter \u00fcbernehmen.<br \/>\nMenschen und Dinge mussten an ihren Platz zur\u00fcckfinden. Was Mutter im Umgang mit den Nachbarn vielleicht zu viel gesagt hatte, nahm sie nach und nach zur\u00fcck.<br \/>\nSelbst ihren Kindern gegen\u00fcber brauchte es Zeit, bis die Gereiztheit und das Unverst\u00e4ndnis dieser Tage vergessen waren.<\/p>\n<p>Nun gingen wir Kinder wieder zur Schule und zur Fr\u00fchmesse.<br \/>\nWir fingen auch wieder mit den Zig-Zag-Bl\u00e4ttchen an.<br \/>\nWir durften unser Gebet nicht mehr vergessen.<br \/>\nWir mussten uns waschen und den Tisch abr\u00e4umen.<br \/>\nWir mussten das alte Leben wieder in Gang bringen.<\/p>\n<p>Doch kann man einfach so neu anfangen, wenn diese Zust\u00e4nde sich st\u00e4ndig wiederholen, wie das bei den Armen der Fall ist? Wie kann man immer wieder neu beginnen, wenn die Zeit stillgestanden ist?\u00a0 Als Sinnbild dieses Stillstands ist mir der Vogel in Erinnerung geblieben, der tot in seinem K\u00e4fig lag und die geschlossenen Krallen von sich streckte, greifbare Zeichen dieser Leiden, die, kaum verheilt, j\u00e4h wieder aufbrechen.<\/p>\n<p>Wenn die Zeit immer wieder pl\u00f6tzlich stehenbleibt, wenn Erlebtes allzu tiefe Wunden schl\u00e4gt, ist es dann noch m\u00f6glich,<\/p>\n<p>Dinge und Menschen genauso zu sehen, wie es die andern tun?<br \/>\nIst es noch m\u00f6glich, die verlorene Zeit einzuholen und alles in die rechte Ordnung zu bringen?<\/p>\n<p>Ist es noch m\u00f6glich, an ein geregeltes Leben zu glauben, ein Leben aufzubauen, zu leben? Ich denke, nein, es sei denn, es kommt einem starke, unersch\u00fctterliche Liebe entgegen.<\/p>\n<p>Beim Schreiben dieser letzten Worte kann ich nicht umhin, an die Liebe zu denken, die Christus den Armen schenkte. Um diese Liebe mit ihnen zu teilen, ist er ihnen gleich geworden. Er ist in ihr Leben getreten, hat an ihrem Schicksal teilgenommen.<\/p>\n<p>So ist er, der Ewige, in die Zeitlichkeit eingetreten. Auch er hat es erlebt, dass die Zeit stehenblieb, durch Ungl\u00fcck, Katastrophen, \u00c4ngste ohne Ende.<\/p>\n<p>Er ist gleichsam in die Wirklichkeit der Elenden hineingestorben.<\/p>\n<p>Durch jedes neue Ungl\u00fcck, jede Katastrophe, jede Gemeinheit und Niedertracht, wurde er den Armen \u00e4hnlicher, bis er schlie\u00dflich auf Golgotha der Erste unter den Leidenden wurde.<\/p>\n<p>In dieser Stunde hat die Liebe \u00fcber das Elend gesiegt, und die Armen sind in die Ewigkeit eingetreten. So kommt es, dass Christus \u2014 im Himmel wie auf Erden \u2014 nun nie mehr allein ist.<\/p>\n<p>Ihn aufnehmen hei\u00dft, sie alle aufnehmen.<br \/>\nIhm helfen hei\u00dft, ihnen allen helfen.<br \/>\nIhn lieben hei\u00dft, sie alle lieben.<\/p>\n<p>Meine Freunde, wer wir auch sein m\u00f6gen, wir verk\u00fcnden die Liebe.<br \/>\nWir wissen, dass sie allein den Ungl\u00fccklichen eine neue Zeit schenken kann.<br \/>\nDank der Liebe kann ein Mann auch im Alter nicht vergessen, dass eines Tages in der Not f\u00fcr ihn und die Seinen die Zeit stehenblieb und dass das Zeichen f\u00fcr diesen Stillstand ein toter Vogel war.<\/p>\n","protected":false},"excerpt":{"rendered":"<p>In meiner Kindheit gibt es ein Ereignis, das mein Leben zutiefst gepr\u00e4gt hat. Es war zu einer Zeit, als wir (&#8230;) <a class=\"more-link\" href=\"https:\/\/www.joseph-wresinski.org\/de\/nie-wieder-ein-toter-vogel-als-zeichen-der-not\/\">Weiterlesen &#8230; <span class=\"meta-nav\">&rarr;<\/span><\/a><\/p>\n","protected":false},"author":4,"featured_media":2796,"comment_status":"open","ping_status":"open","sticky":false,"template":"","format":"standard","meta":{"_acf_changed":false,"ep_exclude_from_search":false,"footnotes":""},"categories":[12,81,70],"tags":[],"class_list":["post-2795","post","type-post","status-publish","format-standard","has-post-thumbnail","hentry","category-news","category-ausschnitte-aus-buechern","category-schriften"],"acf":[],"yoast_head":"<!-- This site is optimized with the Yoast SEO plugin v27.5 - https:\/\/yoast.com\/product\/yoast-seo-wordpress\/ -->\n<title>Nie wieder ein toter Vogel als Zeichen der Not - Joseph Wresinski DE<\/title>\n<meta name=\"robots\" content=\"index, follow, max-snippet:-1, max-image-preview:large, max-video-preview:-1\" \/>\n<link rel=\"canonical\" href=\"https:\/\/www.joseph-wresinski.org\/de\/nie-wieder-ein-toter-vogel-als-zeichen-der-not\/\" \/>\n<meta property=\"og:locale\" content=\"de_DE\" \/>\n<meta property=\"og:type\" content=\"article\" \/>\n<meta property=\"og:title\" content=\"Nie wieder ein toter Vogel als Zeichen der Not - Joseph Wresinski DE\" \/>\n<meta property=\"og:description\" content=\"In meiner Kindheit gibt es ein Ereignis, das mein Leben zutiefst gepr\u00e4gt hat. Es war zu einer Zeit, als wir (...) Weiterlesen ... &rarr;\" \/>\n<meta property=\"og:url\" content=\"https:\/\/www.joseph-wresinski.org\/de\/nie-wieder-ein-toter-vogel-als-zeichen-der-not\/\" \/>\n<meta property=\"og:site_name\" content=\"Joseph Wresinski DE\" \/>\n<meta property=\"article:published_time\" content=\"2022-03-17T12:20:57+00:00\" \/>\n<meta property=\"og:image\" content=\"https:\/\/www.joseph-wresinski.org\/de\/wp-content\/uploads\/sites\/17\/2022\/03\/Female-American-Goldfinch-in-moulting-plumage.-Photo-by-Craig-Houghton.jpg\" \/>\n\t<meta property=\"og:image:width\" content=\"795\" \/>\n\t<meta property=\"og:image:height\" content=\"1065\" \/>\n\t<meta property=\"og:image:type\" content=\"image\/jpeg\" \/>\n<meta name=\"author\" content=\"Jean Tonglet\" \/>\n<meta name=\"twitter:card\" content=\"summary_large_image\" \/>\n<meta name=\"twitter:label1\" content=\"Verfasst von\" \/>\n\t<meta name=\"twitter:data1\" content=\"Jean Tonglet\" \/>\n\t<meta name=\"twitter:label2\" content=\"Gesch\u00e4tzte Lesezeit\" \/>\n\t<meta name=\"twitter:data2\" content=\"7\u00a0Minuten\" \/>\n<script type=\"application\/ld+json\" class=\"yoast-schema-graph\">{\"@context\":\"https:\\\/\\\/schema.org\",\"@graph\":[{\"@type\":\"Article\",\"@id\":\"https:\\\/\\\/www.joseph-wresinski.org\\\/de\\\/nie-wieder-ein-toter-vogel-als-zeichen-der-not\\\/#article\",\"isPartOf\":{\"@id\":\"https:\\\/\\\/www.joseph-wresinski.org\\\/de\\\/nie-wieder-ein-toter-vogel-als-zeichen-der-not\\\/\"},\"author\":{\"name\":\"Jean Tonglet\",\"@id\":\"https:\\\/\\\/www.joseph-wresinski.org\\\/de\\\/#\\\/schema\\\/person\\\/93469e0206778753beddb73f4e07c8e0\"},\"headline\":\"Nie wieder ein toter Vogel als Zeichen der Not\",\"datePublished\":\"2022-03-17T12:20:57+00:00\",\"mainEntityOfPage\":{\"@id\":\"https:\\\/\\\/www.joseph-wresinski.org\\\/de\\\/nie-wieder-ein-toter-vogel-als-zeichen-der-not\\\/\"},\"wordCount\":1172,\"commentCount\":0,\"image\":{\"@id\":\"https:\\\/\\\/www.joseph-wresinski.org\\\/de\\\/nie-wieder-ein-toter-vogel-als-zeichen-der-not\\\/#primaryimage\"},\"thumbnailUrl\":\"https:\\\/\\\/www.joseph-wresinski.org\\\/de\\\/wp-content\\\/uploads\\\/sites\\\/17\\\/2022\\\/03\\\/Female-American-Goldfinch-in-moulting-plumage.-Photo-by-Craig-Houghton.jpg\",\"articleSection\":[\"Aktuell\",\"Ausschnitte aus B\u00fcchern\",\"Schriften\"],\"inLanguage\":\"de\",\"potentialAction\":[{\"@type\":\"CommentAction\",\"name\":\"Comment\",\"target\":[\"https:\\\/\\\/www.joseph-wresinski.org\\\/de\\\/nie-wieder-ein-toter-vogel-als-zeichen-der-not\\\/#respond\"]}]},{\"@type\":\"WebPage\",\"@id\":\"https:\\\/\\\/www.joseph-wresinski.org\\\/de\\\/nie-wieder-ein-toter-vogel-als-zeichen-der-not\\\/\",\"url\":\"https:\\\/\\\/www.joseph-wresinski.org\\\/de\\\/nie-wieder-ein-toter-vogel-als-zeichen-der-not\\\/\",\"name\":\"Nie wieder ein toter Vogel als Zeichen der Not - Joseph Wresinski DE\",\"isPartOf\":{\"@id\":\"https:\\\/\\\/www.joseph-wresinski.org\\\/de\\\/#website\"},\"primaryImageOfPage\":{\"@id\":\"https:\\\/\\\/www.joseph-wresinski.org\\\/de\\\/nie-wieder-ein-toter-vogel-als-zeichen-der-not\\\/#primaryimage\"},\"image\":{\"@id\":\"https:\\\/\\\/www.joseph-wresinski.org\\\/de\\\/nie-wieder-ein-toter-vogel-als-zeichen-der-not\\\/#primaryimage\"},\"thumbnailUrl\":\"https:\\\/\\\/www.joseph-wresinski.org\\\/de\\\/wp-content\\\/uploads\\\/sites\\\/17\\\/2022\\\/03\\\/Female-American-Goldfinch-in-moulting-plumage.-Photo-by-Craig-Houghton.jpg\",\"datePublished\":\"2022-03-17T12:20:57+00:00\",\"author\":{\"@id\":\"https:\\\/\\\/www.joseph-wresinski.org\\\/de\\\/#\\\/schema\\\/person\\\/93469e0206778753beddb73f4e07c8e0\"},\"breadcrumb\":{\"@id\":\"https:\\\/\\\/www.joseph-wresinski.org\\\/de\\\/nie-wieder-ein-toter-vogel-als-zeichen-der-not\\\/#breadcrumb\"},\"inLanguage\":\"de\",\"potentialAction\":[{\"@type\":\"ReadAction\",\"target\":[\"https:\\\/\\\/www.joseph-wresinski.org\\\/de\\\/nie-wieder-ein-toter-vogel-als-zeichen-der-not\\\/\"]}]},{\"@type\":\"ImageObject\",\"inLanguage\":\"de\",\"@id\":\"https:\\\/\\\/www.joseph-wresinski.org\\\/de\\\/nie-wieder-ein-toter-vogel-als-zeichen-der-not\\\/#primaryimage\",\"url\":\"https:\\\/\\\/www.joseph-wresinski.org\\\/de\\\/wp-content\\\/uploads\\\/sites\\\/17\\\/2022\\\/03\\\/Female-American-Goldfinch-in-moulting-plumage.-Photo-by-Craig-Houghton.jpg\",\"contentUrl\":\"https:\\\/\\\/www.joseph-wresinski.org\\\/de\\\/wp-content\\\/uploads\\\/sites\\\/17\\\/2022\\\/03\\\/Female-American-Goldfinch-in-moulting-plumage.-Photo-by-Craig-Houghton.jpg\",\"width\":795,\"height\":1065},{\"@type\":\"BreadcrumbList\",\"@id\":\"https:\\\/\\\/www.joseph-wresinski.org\\\/de\\\/nie-wieder-ein-toter-vogel-als-zeichen-der-not\\\/#breadcrumb\",\"itemListElement\":[{\"@type\":\"ListItem\",\"position\":1,\"name\":\"Startseite\",\"item\":\"https:\\\/\\\/www.joseph-wresinski.org\\\/de\\\/\"},{\"@type\":\"ListItem\",\"position\":2,\"name\":\"Nie wieder ein toter Vogel als Zeichen der Not\"}]},{\"@type\":\"WebSite\",\"@id\":\"https:\\\/\\\/www.joseph-wresinski.org\\\/de\\\/#website\",\"url\":\"https:\\\/\\\/www.joseph-wresinski.org\\\/de\\\/\",\"name\":\"Joseph Wresinski DE\",\"description\":\"Eine Webseite des  Joseph-Wresinski-Zentrums\",\"potentialAction\":[{\"@type\":\"SearchAction\",\"target\":{\"@type\":\"EntryPoint\",\"urlTemplate\":\"https:\\\/\\\/www.joseph-wresinski.org\\\/de\\\/?s={search_term_string}\"},\"query-input\":{\"@type\":\"PropertyValueSpecification\",\"valueRequired\":true,\"valueName\":\"search_term_string\"}}],\"inLanguage\":\"de\"},{\"@type\":\"Person\",\"@id\":\"https:\\\/\\\/www.joseph-wresinski.org\\\/de\\\/#\\\/schema\\\/person\\\/93469e0206778753beddb73f4e07c8e0\",\"name\":\"Jean Tonglet\",\"image\":{\"@type\":\"ImageObject\",\"inLanguage\":\"de\",\"@id\":\"https:\\\/\\\/secure.gravatar.com\\\/avatar\\\/599cfd98b536979bcebf2d6839f0c694333341f1caf7ba53413b62de5453de40?s=96&d=mm&r=g\",\"url\":\"https:\\\/\\\/secure.gravatar.com\\\/avatar\\\/599cfd98b536979bcebf2d6839f0c694333341f1caf7ba53413b62de5453de40?s=96&d=mm&r=g\",\"contentUrl\":\"https:\\\/\\\/secure.gravatar.com\\\/avatar\\\/599cfd98b536979bcebf2d6839f0c694333341f1caf7ba53413b62de5453de40?s=96&d=mm&r=g\",\"caption\":\"Jean Tonglet\"},\"url\":\"https:\\\/\\\/www.joseph-wresinski.org\\\/de\\\/author\\\/jean\\\/\"}]}<\/script>\n<!-- \/ Yoast SEO plugin. -->","yoast_head_json":{"title":"Nie wieder ein toter Vogel als Zeichen der Not - Joseph Wresinski DE","robots":{"index":"index","follow":"follow","max-snippet":"max-snippet:-1","max-image-preview":"max-image-preview:large","max-video-preview":"max-video-preview:-1"},"canonical":"https:\/\/www.joseph-wresinski.org\/de\/nie-wieder-ein-toter-vogel-als-zeichen-der-not\/","og_locale":"de_DE","og_type":"article","og_title":"Nie wieder ein toter Vogel als Zeichen der Not - Joseph Wresinski DE","og_description":"In meiner Kindheit gibt es ein Ereignis, das mein Leben zutiefst gepr\u00e4gt hat. Es war zu einer Zeit, als wir (...) Weiterlesen ... &rarr;","og_url":"https:\/\/www.joseph-wresinski.org\/de\/nie-wieder-ein-toter-vogel-als-zeichen-der-not\/","og_site_name":"Joseph Wresinski DE","article_published_time":"2022-03-17T12:20:57+00:00","og_image":[{"width":795,"height":1065,"url":"https:\/\/www.joseph-wresinski.org\/de\/wp-content\/uploads\/sites\/17\/2022\/03\/Female-American-Goldfinch-in-moulting-plumage.-Photo-by-Craig-Houghton.jpg","type":"image\/jpeg"}],"author":"Jean Tonglet","twitter_card":"summary_large_image","twitter_misc":{"Verfasst von":"Jean Tonglet","Gesch\u00e4tzte Lesezeit":"7\u00a0Minuten"},"schema":{"@context":"https:\/\/schema.org","@graph":[{"@type":"Article","@id":"https:\/\/www.joseph-wresinski.org\/de\/nie-wieder-ein-toter-vogel-als-zeichen-der-not\/#article","isPartOf":{"@id":"https:\/\/www.joseph-wresinski.org\/de\/nie-wieder-ein-toter-vogel-als-zeichen-der-not\/"},"author":{"name":"Jean Tonglet","@id":"https:\/\/www.joseph-wresinski.org\/de\/#\/schema\/person\/93469e0206778753beddb73f4e07c8e0"},"headline":"Nie wieder ein toter Vogel als Zeichen der Not","datePublished":"2022-03-17T12:20:57+00:00","mainEntityOfPage":{"@id":"https:\/\/www.joseph-wresinski.org\/de\/nie-wieder-ein-toter-vogel-als-zeichen-der-not\/"},"wordCount":1172,"commentCount":0,"image":{"@id":"https:\/\/www.joseph-wresinski.org\/de\/nie-wieder-ein-toter-vogel-als-zeichen-der-not\/#primaryimage"},"thumbnailUrl":"https:\/\/www.joseph-wresinski.org\/de\/wp-content\/uploads\/sites\/17\/2022\/03\/Female-American-Goldfinch-in-moulting-plumage.-Photo-by-Craig-Houghton.jpg","articleSection":["Aktuell","Ausschnitte aus B\u00fcchern","Schriften"],"inLanguage":"de","potentialAction":[{"@type":"CommentAction","name":"Comment","target":["https:\/\/www.joseph-wresinski.org\/de\/nie-wieder-ein-toter-vogel-als-zeichen-der-not\/#respond"]}]},{"@type":"WebPage","@id":"https:\/\/www.joseph-wresinski.org\/de\/nie-wieder-ein-toter-vogel-als-zeichen-der-not\/","url":"https:\/\/www.joseph-wresinski.org\/de\/nie-wieder-ein-toter-vogel-als-zeichen-der-not\/","name":"Nie wieder ein toter Vogel als Zeichen der Not - Joseph Wresinski DE","isPartOf":{"@id":"https:\/\/www.joseph-wresinski.org\/de\/#website"},"primaryImageOfPage":{"@id":"https:\/\/www.joseph-wresinski.org\/de\/nie-wieder-ein-toter-vogel-als-zeichen-der-not\/#primaryimage"},"image":{"@id":"https:\/\/www.joseph-wresinski.org\/de\/nie-wieder-ein-toter-vogel-als-zeichen-der-not\/#primaryimage"},"thumbnailUrl":"https:\/\/www.joseph-wresinski.org\/de\/wp-content\/uploads\/sites\/17\/2022\/03\/Female-American-Goldfinch-in-moulting-plumage.-Photo-by-Craig-Houghton.jpg","datePublished":"2022-03-17T12:20:57+00:00","author":{"@id":"https:\/\/www.joseph-wresinski.org\/de\/#\/schema\/person\/93469e0206778753beddb73f4e07c8e0"},"breadcrumb":{"@id":"https:\/\/www.joseph-wresinski.org\/de\/nie-wieder-ein-toter-vogel-als-zeichen-der-not\/#breadcrumb"},"inLanguage":"de","potentialAction":[{"@type":"ReadAction","target":["https:\/\/www.joseph-wresinski.org\/de\/nie-wieder-ein-toter-vogel-als-zeichen-der-not\/"]}]},{"@type":"ImageObject","inLanguage":"de","@id":"https:\/\/www.joseph-wresinski.org\/de\/nie-wieder-ein-toter-vogel-als-zeichen-der-not\/#primaryimage","url":"https:\/\/www.joseph-wresinski.org\/de\/wp-content\/uploads\/sites\/17\/2022\/03\/Female-American-Goldfinch-in-moulting-plumage.-Photo-by-Craig-Houghton.jpg","contentUrl":"https:\/\/www.joseph-wresinski.org\/de\/wp-content\/uploads\/sites\/17\/2022\/03\/Female-American-Goldfinch-in-moulting-plumage.-Photo-by-Craig-Houghton.jpg","width":795,"height":1065},{"@type":"BreadcrumbList","@id":"https:\/\/www.joseph-wresinski.org\/de\/nie-wieder-ein-toter-vogel-als-zeichen-der-not\/#breadcrumb","itemListElement":[{"@type":"ListItem","position":1,"name":"Startseite","item":"https:\/\/www.joseph-wresinski.org\/de\/"},{"@type":"ListItem","position":2,"name":"Nie wieder ein toter Vogel als Zeichen der Not"}]},{"@type":"WebSite","@id":"https:\/\/www.joseph-wresinski.org\/de\/#website","url":"https:\/\/www.joseph-wresinski.org\/de\/","name":"Joseph Wresinski DE","description":"Eine Webseite des  Joseph-Wresinski-Zentrums","potentialAction":[{"@type":"SearchAction","target":{"@type":"EntryPoint","urlTemplate":"https:\/\/www.joseph-wresinski.org\/de\/?s={search_term_string}"},"query-input":{"@type":"PropertyValueSpecification","valueRequired":true,"valueName":"search_term_string"}}],"inLanguage":"de"},{"@type":"Person","@id":"https:\/\/www.joseph-wresinski.org\/de\/#\/schema\/person\/93469e0206778753beddb73f4e07c8e0","name":"Jean Tonglet","image":{"@type":"ImageObject","inLanguage":"de","@id":"https:\/\/secure.gravatar.com\/avatar\/599cfd98b536979bcebf2d6839f0c694333341f1caf7ba53413b62de5453de40?s=96&d=mm&r=g","url":"https:\/\/secure.gravatar.com\/avatar\/599cfd98b536979bcebf2d6839f0c694333341f1caf7ba53413b62de5453de40?s=96&d=mm&r=g","contentUrl":"https:\/\/secure.gravatar.com\/avatar\/599cfd98b536979bcebf2d6839f0c694333341f1caf7ba53413b62de5453de40?s=96&d=mm&r=g","caption":"Jean Tonglet"},"url":"https:\/\/www.joseph-wresinski.org\/de\/author\/jean\/"}]}},"_links":{"self":[{"href":"https:\/\/www.joseph-wresinski.org\/de\/wp-json\/wp\/v2\/posts\/2795","targetHints":{"allow":["GET"]}}],"collection":[{"href":"https:\/\/www.joseph-wresinski.org\/de\/wp-json\/wp\/v2\/posts"}],"about":[{"href":"https:\/\/www.joseph-wresinski.org\/de\/wp-json\/wp\/v2\/types\/post"}],"author":[{"embeddable":true,"href":"https:\/\/www.joseph-wresinski.org\/de\/wp-json\/wp\/v2\/users\/4"}],"replies":[{"embeddable":true,"href":"https:\/\/www.joseph-wresinski.org\/de\/wp-json\/wp\/v2\/comments?post=2795"}],"version-history":[{"count":4,"href":"https:\/\/www.joseph-wresinski.org\/de\/wp-json\/wp\/v2\/posts\/2795\/revisions"}],"predecessor-version":[{"id":2800,"href":"https:\/\/www.joseph-wresinski.org\/de\/wp-json\/wp\/v2\/posts\/2795\/revisions\/2800"}],"wp:featuredmedia":[{"embeddable":true,"href":"https:\/\/www.joseph-wresinski.org\/de\/wp-json\/wp\/v2\/media\/2796"}],"wp:attachment":[{"href":"https:\/\/www.joseph-wresinski.org\/de\/wp-json\/wp\/v2\/media?parent=2795"}],"wp:term":[{"taxonomy":"category","embeddable":true,"href":"https:\/\/www.joseph-wresinski.org\/de\/wp-json\/wp\/v2\/categories?post=2795"},{"taxonomy":"post_tag","embeddable":true,"href":"https:\/\/www.joseph-wresinski.org\/de\/wp-json\/wp\/v2\/tags?post=2795"}],"curies":[{"name":"wp","href":"https:\/\/api.w.org\/{rel}","templated":true}]}}