{"id":2807,"date":"2022-04-07T00:00:12","date_gmt":"2022-04-06T22:00:12","guid":{"rendered":"https:\/\/www.joseph-wresinski.org\/de\/?p=2807"},"modified":"2022-04-06T09:33:02","modified_gmt":"2022-04-06T07:33:02","slug":"gesundheit-ein-dringendes-anliegen-fuer-menschen-in-extremer-armut","status":"publish","type":"post","link":"https:\/\/www.joseph-wresinski.org\/de\/gesundheit-ein-dringendes-anliegen-fuer-menschen-in-extremer-armut\/","title":{"rendered":"Gesundheit: ein dringendes Anliegen f\u00fcr Menschen in extremer Armut"},"content":{"rendered":"<p>F\u00fcr Menschen in extremer Armut (&#8230;) ist die Gesundheit ein st\u00e4ndiges dringendes Anliegen. Dass sie sich zu allen Gelegenheiten gegenseitig Gesundheit w\u00fcnschen, r\u00fchrt daher, dass sie keinerlei Kontrolle \u00fcber ihren K\u00f6rper, \u00fcber Krankheit haben &#8230; und sie haben deshalb keine Kontrolle, weil sie in einem permanenten Zustand extremer Ersch\u00f6pfung und Angst leben, weil sie sich \u00ababrackern m\u00fcssen wie Lasttiere\u00bb und aufgrund der materiellen Bed\u00fcrfnisse nie innehalten k\u00f6nnen.<\/p>\n<p>Ein Alarmsignal ist erst das pl\u00f6tzliche Eintreten von Schmerzen. Nur wenn etwas richtig weh tut, halten sie inne. Der einzige Moment, in dem von extremer Armut Betroffene sich um ihre Gesundheit k\u00fcmmern, ist, wenn sie Schmerzen haben, heftige!, nicht nur die gewohnten Beschwerden. So wunderten sich die Familien in einer Siedlung als sie h\u00f6rten, dass eine Mitarbeiterin von ATD Vierte Welt sich \u00abnur wegen einer Verstauchung\u00bb schonen sollte. Ebenso gehen die Frauen oft davon aus, dass eine Geburt keine Krankheit ist (was nat\u00fcrlich stimmt) und sie in den Stunden nach der Entbindung weiterarbeiten k\u00f6nnen, was aufgrund der Lebensbedingungen der Familie oft auch zwingend erforderlich ist.<\/p>\n<p>Ja, in der Vierten Welt braucht es, damit man inneh\u00e4lt, einen au\u00dferordentlichen, pl\u00f6tzlich auftretenden Schmerz wie bei Leistenbruch, Tuberkulose, Krebs&#8230;, Krankheiten, von denen die \u00c4rmsten von je her h\u00e4ufig betroffen sind. In der Regel f\u00fchren st\u00e4ndige Ersch\u00f6pfung und k\u00f6rperlicher Verschlei\u00df dazu, dass man sich an den Schmerz gew\u00f6hnt, dass man seine Beschwerden nicht mehr wahrnimmt, dass man nicht dar\u00fcber sprechen kann. Man kann tats\u00e4chlich nur in dem Ma\u00dfe \u00abauf sich h\u00f6ren\u00bb, als man sicher sein kann, dass dies keine verheerenden Folgen haben wird.<\/p>\n<p>Da ihnen die Mittel zur Kontrolle \u00fcber ihren K\u00f6rper fehlen, gehen die Armen an die Belastungsgrenze. Sie glauben im \u00dcbrigen, dass sie es nicht wert sind, gesundheitlich versorgt zu werden. Muss man nicht tats\u00e4chlich seiner selbst, seiner Arbeitsstelle, seiner Angeh\u00f6rigen sicher sein und die Gewissheit haben, dass sie die Situation verstehen, damit zurechtkommen und den Alltag ohne einen regeln k\u00f6nnen, um sich ohne Angst behandeln lassen zu k\u00f6nnen? So fl\u00fcchtete die an Krebs erkrankte Frau H. noch vor Beginn der Behandlung aus dem Krankenhaus: Sie war sich nicht sicher, dass ihr Mann in der Lage war, sich um die Kinder zu k\u00fcmmern. W\u00fcrden diese dann nicht in Pflege genommen, wie es schon vor ein paar Jahren aus dem gleichen Grund der Fall gewesen war?<\/p>\n<p>Das Umfeld begreift und akzeptiert die auftretende Krankheit oft nicht und wird durch sie aus dem Gleichgewicht gebracht. Im \u00dcbrigen regeln Menschen in einem Zustand extremer Mittellosigkeit das Leben so, dass sie nur auf sich selbst z\u00e4hlen. Selbst auf die Person, die ihnen helfen m\u00f6chte, k\u00f6nnen sie sich nicht so recht st\u00fctzen. Bef\u00fcrchtungen im Bezug auf sie sammeln sich an: Und wenn er oder sie nun das Geld verschwenden w\u00fcrde? Wenn das wenige, das man hat, ausgegeben w\u00fcrde? Und wenn dann f\u00fcr die Kinder nichts mehr bliebe?<\/p>\n<p>In Bezug auf die notwendige medizinische Behandlung besteht die gleiche Angst und Unwissenheit. Sobald in der Vierten Welt der Schmerz nachl\u00e4sst, kann man nicht mehr an die Krankheit glauben, noch an die Notwendigkeit, sich weiter behandeln zu lassen. Deswegen werden Behandlungen sehr h\u00e4ufig abgebrochen. Wie sollte jemand, ohne motivierenden Einfluss, ohne eine Umgebung, die die eigenen Bem\u00fchungen unterst\u00fctzt, in einer Lebenswelt, in der die Vorstellung von Dauer und Regelm\u00e4\u00dfigkeit unm\u00f6glich ist, eine Behandlung beharrlich fortsetzen k\u00f6nnen?<\/p>\n<p>Aufgrund solcher Beobachtungen betonen wir immer wieder: Das Gesundheitswesen schuldet allen Menschen, und besonders den am meisten benachteiligten Kindern, die Freude am K\u00f6rper. Diese Freude beinhaltet die M\u00f6glichkeit, einen gesunden, gepflegten K\u00f6rper zu haben, den man f\u00fcr sich mittels \u00c4sthetik und Sport sch\u00f6n machen kann. Einen K\u00f6rper, auf den man stolz sein kann, mit dem man seinem Gef\u00fchl Ausdruck geben kann, sich in seiner Haut wohlzuf\u00fchlen, nicht mehr zu z\u00f6gern, keine Angst mehr davor zu haben, sich vorzustellen und das Wort zu ergreifen.<\/p>\n<p>An erster Stelle ist es die Aufgabe der \u00c4rztinnen und \u00c4rzte, die Satzung der Weltgesundheitsorganisation umzusetzen, die besagt:\u00a0 <em>\u00abDer Besitz des bestm\u00f6glichen Gesundheitszustandes bildet eines der Grundrechte jedes menschlichen Wesens, ohne Unterschied der Rasse, der Religion, der politischen Anschauung und der wirtschaftlichen oder sozialen Stellung.\u00bb<span id='easy-footnote-1-2807' class='easy-footnote-margin-adjust'><\/span><span class='easy-footnote'><a href='https:\/\/www.joseph-wresinski.org\/de\/gesundheit-ein-dringendes-anliegen-fuer-menschen-in-extremer-armut\/#easy-footnote-bottom-1-2807' title=' https:\/\/www.fedlex.admin.ch\/eli\/cc\/1948\/1015_1002_976\/de (dritter Absatz) '><sup>1<\/sup><\/a><\/span> <\/em>Dies aber k\u00f6nnen sie nur dann, wenn sie sich ganz unten an der Basis engagieren, wenn sie den Menschen in den Siedlungen nicht nur als \u00c4rztinnen und \u00c4rzte begegnen, sondern ihnen die Tatsachen des Lebens und der Gesundheit p\u00e4dagogisch nahezubringen verm\u00f6gen.<\/p>\n<p>Daraus l\u00e4sst sich schlie\u00dfen, dass sie Menschen sein m\u00fcssen, die f\u00e4hig sind, ausgehend von den am meisten benachteiligten Menschen eine neue Gesundheitskultur zu schaffen, eine Medizin der Zukunft , die allen Menschen und insbesondere den Kindern in Bezug auf Leben und Gesundheit endlich Gleichheit verschafft.<\/p>\n<p>Dann werden Menschen in extremer Armut von den \u00c4rztinnen und \u00c4rzten nicht l\u00e4nger Zaubertricks, Wundermedikamente und schnelle Ergebnisse erwarten, sondern in ihnen Freunde sehen, mit denen zusammen sie mit Vertrauen an der eigenen Befreiung und Heilung arbeiten k\u00f6nnen, selbst wenn sie ganz wehrlos sind; Partner, mit denen sich ein tiefgreifender gesellschaftlicher Wandel vorantreiben l\u00e4sst, bei dem die am meisten benachteiligten Menschen Vorrang haben.<\/p>\n","protected":false},"excerpt":{"rendered":"<p>F\u00fcr Menschen in extremer Armut (&#8230;) ist die Gesundheit ein st\u00e4ndiges dringendes Anliegen. Dass sie sich zu allen Gelegenheiten gegenseitig (&#8230;) <a class=\"more-link\" href=\"https:\/\/www.joseph-wresinski.org\/de\/gesundheit-ein-dringendes-anliegen-fuer-menschen-in-extremer-armut\/\">Weiterlesen &#8230; <span class=\"meta-nav\">&rarr;<\/span><\/a><\/p>\n","protected":false},"author":4,"featured_media":2806,"comment_status":"open","ping_status":"open","sticky":false,"template":"","format":"standard","meta":{"_acf_changed":false,"ep_exclude_from_search":false,"footnotes":""},"categories":[12,82,70],"tags":[],"class_list":["post-2807","post","type-post","status-publish","format-standard","has-post-thumbnail","hentry","category-news","category-editorials-vorworte","category-schriften"],"acf":[],"yoast_head":"<!-- This site is optimized with the Yoast SEO plugin v27.5 - https:\/\/yoast.com\/product\/yoast-seo-wordpress\/ -->\n<title>Gesundheit: ein dringendes Anliegen f\u00fcr Menschen in extremer Armut - Joseph Wresinski DE<\/title>\n<meta name=\"robots\" content=\"index, follow, max-snippet:-1, max-image-preview:large, max-video-preview:-1\" \/>\n<link rel=\"canonical\" href=\"https:\/\/www.joseph-wresinski.org\/de\/gesundheit-ein-dringendes-anliegen-fuer-menschen-in-extremer-armut\/\" \/>\n<meta property=\"og:locale\" content=\"de_DE\" \/>\n<meta property=\"og:type\" content=\"article\" \/>\n<meta property=\"og:title\" content=\"Gesundheit: ein dringendes Anliegen f\u00fcr Menschen in extremer Armut - Joseph Wresinski DE\" \/>\n<meta property=\"og:description\" content=\"F\u00fcr Menschen in extremer Armut (&#8230;) ist die Gesundheit ein st\u00e4ndiges dringendes Anliegen. Dass sie sich zu allen Gelegenheiten gegenseitig (...) Weiterlesen ... &rarr;\" \/>\n<meta property=\"og:url\" content=\"https:\/\/www.joseph-wresinski.org\/de\/gesundheit-ein-dringendes-anliegen-fuer-menschen-in-extremer-armut\/\" \/>\n<meta property=\"og:site_name\" content=\"Joseph Wresinski DE\" \/>\n<meta property=\"article:published_time\" content=\"2022-04-06T22:00:12+00:00\" \/>\n<meta property=\"og:image\" content=\"https:\/\/www.joseph-wresinski.org\/de\/wp-content\/uploads\/sites\/17\/2022\/03\/Munch_Det_Syke_Barn_1896.jpg\" \/>\n\t<meta property=\"og:image:width\" content=\"1458\" \/>\n\t<meta property=\"og:image:height\" content=\"1500\" \/>\n\t<meta property=\"og:image:type\" content=\"image\/jpeg\" \/>\n<meta name=\"author\" content=\"Jean Tonglet\" \/>\n<meta name=\"twitter:card\" content=\"summary_large_image\" \/>\n<meta name=\"twitter:label1\" content=\"Verfasst von\" \/>\n\t<meta name=\"twitter:data1\" content=\"Jean Tonglet\" \/>\n\t<meta name=\"twitter:label2\" content=\"Gesch\u00e4tzte Lesezeit\" \/>\n\t<meta name=\"twitter:data2\" content=\"5\u00a0Minuten\" \/>\n<script type=\"application\/ld+json\" class=\"yoast-schema-graph\">{\"@context\":\"https:\\\/\\\/schema.org\",\"@graph\":[{\"@type\":\"Article\",\"@id\":\"https:\\\/\\\/www.joseph-wresinski.org\\\/de\\\/gesundheit-ein-dringendes-anliegen-fuer-menschen-in-extremer-armut\\\/#article\",\"isPartOf\":{\"@id\":\"https:\\\/\\\/www.joseph-wresinski.org\\\/de\\\/gesundheit-ein-dringendes-anliegen-fuer-menschen-in-extremer-armut\\\/\"},\"author\":{\"name\":\"Jean Tonglet\",\"@id\":\"https:\\\/\\\/www.joseph-wresinski.org\\\/de\\\/#\\\/schema\\\/person\\\/93469e0206778753beddb73f4e07c8e0\"},\"headline\":\"Gesundheit: ein dringendes Anliegen f\u00fcr Menschen in extremer Armut\",\"datePublished\":\"2022-04-06T22:00:12+00:00\",\"mainEntityOfPage\":{\"@id\":\"https:\\\/\\\/www.joseph-wresinski.org\\\/de\\\/gesundheit-ein-dringendes-anliegen-fuer-menschen-in-extremer-armut\\\/\"},\"wordCount\":908,\"commentCount\":0,\"image\":{\"@id\":\"https:\\\/\\\/www.joseph-wresinski.org\\\/de\\\/gesundheit-ein-dringendes-anliegen-fuer-menschen-in-extremer-armut\\\/#primaryimage\"},\"thumbnailUrl\":\"https:\\\/\\\/www.joseph-wresinski.org\\\/de\\\/wp-content\\\/uploads\\\/sites\\\/17\\\/2022\\\/03\\\/Munch_Det_Syke_Barn_1896.jpg\",\"articleSection\":[\"Aktuell\",\"Editorials und Vorworte\",\"Schriften\"],\"inLanguage\":\"de\",\"potentialAction\":[{\"@type\":\"CommentAction\",\"name\":\"Comment\",\"target\":[\"https:\\\/\\\/www.joseph-wresinski.org\\\/de\\\/gesundheit-ein-dringendes-anliegen-fuer-menschen-in-extremer-armut\\\/#respond\"]}]},{\"@type\":\"WebPage\",\"@id\":\"https:\\\/\\\/www.joseph-wresinski.org\\\/de\\\/gesundheit-ein-dringendes-anliegen-fuer-menschen-in-extremer-armut\\\/\",\"url\":\"https:\\\/\\\/www.joseph-wresinski.org\\\/de\\\/gesundheit-ein-dringendes-anliegen-fuer-menschen-in-extremer-armut\\\/\",\"name\":\"Gesundheit: ein dringendes Anliegen f\u00fcr Menschen in extremer Armut - Joseph Wresinski DE\",\"isPartOf\":{\"@id\":\"https:\\\/\\\/www.joseph-wresinski.org\\\/de\\\/#website\"},\"primaryImageOfPage\":{\"@id\":\"https:\\\/\\\/www.joseph-wresinski.org\\\/de\\\/gesundheit-ein-dringendes-anliegen-fuer-menschen-in-extremer-armut\\\/#primaryimage\"},\"image\":{\"@id\":\"https:\\\/\\\/www.joseph-wresinski.org\\\/de\\\/gesundheit-ein-dringendes-anliegen-fuer-menschen-in-extremer-armut\\\/#primaryimage\"},\"thumbnailUrl\":\"https:\\\/\\\/www.joseph-wresinski.org\\\/de\\\/wp-content\\\/uploads\\\/sites\\\/17\\\/2022\\\/03\\\/Munch_Det_Syke_Barn_1896.jpg\",\"datePublished\":\"2022-04-06T22:00:12+00:00\",\"author\":{\"@id\":\"https:\\\/\\\/www.joseph-wresinski.org\\\/de\\\/#\\\/schema\\\/person\\\/93469e0206778753beddb73f4e07c8e0\"},\"breadcrumb\":{\"@id\":\"https:\\\/\\\/www.joseph-wresinski.org\\\/de\\\/gesundheit-ein-dringendes-anliegen-fuer-menschen-in-extremer-armut\\\/#breadcrumb\"},\"inLanguage\":\"de\",\"potentialAction\":[{\"@type\":\"ReadAction\",\"target\":[\"https:\\\/\\\/www.joseph-wresinski.org\\\/de\\\/gesundheit-ein-dringendes-anliegen-fuer-menschen-in-extremer-armut\\\/\"]}]},{\"@type\":\"ImageObject\",\"inLanguage\":\"de\",\"@id\":\"https:\\\/\\\/www.joseph-wresinski.org\\\/de\\\/gesundheit-ein-dringendes-anliegen-fuer-menschen-in-extremer-armut\\\/#primaryimage\",\"url\":\"https:\\\/\\\/www.joseph-wresinski.org\\\/de\\\/wp-content\\\/uploads\\\/sites\\\/17\\\/2022\\\/03\\\/Munch_Det_Syke_Barn_1896.jpg\",\"contentUrl\":\"https:\\\/\\\/www.joseph-wresinski.org\\\/de\\\/wp-content\\\/uploads\\\/sites\\\/17\\\/2022\\\/03\\\/Munch_Det_Syke_Barn_1896.jpg\",\"width\":1458,\"height\":1500},{\"@type\":\"BreadcrumbList\",\"@id\":\"https:\\\/\\\/www.joseph-wresinski.org\\\/de\\\/gesundheit-ein-dringendes-anliegen-fuer-menschen-in-extremer-armut\\\/#breadcrumb\",\"itemListElement\":[{\"@type\":\"ListItem\",\"position\":1,\"name\":\"Startseite\",\"item\":\"https:\\\/\\\/www.joseph-wresinski.org\\\/de\\\/\"},{\"@type\":\"ListItem\",\"position\":2,\"name\":\"Gesundheit: ein dringendes Anliegen f\u00fcr Menschen in extremer Armut\"}]},{\"@type\":\"WebSite\",\"@id\":\"https:\\\/\\\/www.joseph-wresinski.org\\\/de\\\/#website\",\"url\":\"https:\\\/\\\/www.joseph-wresinski.org\\\/de\\\/\",\"name\":\"Joseph Wresinski DE\",\"description\":\"Eine Webseite des  Joseph-Wresinski-Zentrums\",\"potentialAction\":[{\"@type\":\"SearchAction\",\"target\":{\"@type\":\"EntryPoint\",\"urlTemplate\":\"https:\\\/\\\/www.joseph-wresinski.org\\\/de\\\/?s={search_term_string}\"},\"query-input\":{\"@type\":\"PropertyValueSpecification\",\"valueRequired\":true,\"valueName\":\"search_term_string\"}}],\"inLanguage\":\"de\"},{\"@type\":\"Person\",\"@id\":\"https:\\\/\\\/www.joseph-wresinski.org\\\/de\\\/#\\\/schema\\\/person\\\/93469e0206778753beddb73f4e07c8e0\",\"name\":\"Jean Tonglet\",\"image\":{\"@type\":\"ImageObject\",\"inLanguage\":\"de\",\"@id\":\"https:\\\/\\\/secure.gravatar.com\\\/avatar\\\/599cfd98b536979bcebf2d6839f0c694333341f1caf7ba53413b62de5453de40?s=96&d=mm&r=g\",\"url\":\"https:\\\/\\\/secure.gravatar.com\\\/avatar\\\/599cfd98b536979bcebf2d6839f0c694333341f1caf7ba53413b62de5453de40?s=96&d=mm&r=g\",\"contentUrl\":\"https:\\\/\\\/secure.gravatar.com\\\/avatar\\\/599cfd98b536979bcebf2d6839f0c694333341f1caf7ba53413b62de5453de40?s=96&d=mm&r=g\",\"caption\":\"Jean Tonglet\"},\"url\":\"https:\\\/\\\/www.joseph-wresinski.org\\\/de\\\/author\\\/jean\\\/\"}]}<\/script>\n<!-- \/ Yoast SEO plugin. -->","yoast_head_json":{"title":"Gesundheit: ein dringendes Anliegen f\u00fcr Menschen in extremer Armut - Joseph Wresinski DE","robots":{"index":"index","follow":"follow","max-snippet":"max-snippet:-1","max-image-preview":"max-image-preview:large","max-video-preview":"max-video-preview:-1"},"canonical":"https:\/\/www.joseph-wresinski.org\/de\/gesundheit-ein-dringendes-anliegen-fuer-menschen-in-extremer-armut\/","og_locale":"de_DE","og_type":"article","og_title":"Gesundheit: ein dringendes Anliegen f\u00fcr Menschen in extremer Armut - Joseph Wresinski DE","og_description":"F\u00fcr Menschen in extremer Armut (&#8230;) ist die Gesundheit ein st\u00e4ndiges dringendes Anliegen. Dass sie sich zu allen Gelegenheiten gegenseitig (...) Weiterlesen ... &rarr;","og_url":"https:\/\/www.joseph-wresinski.org\/de\/gesundheit-ein-dringendes-anliegen-fuer-menschen-in-extremer-armut\/","og_site_name":"Joseph Wresinski DE","article_published_time":"2022-04-06T22:00:12+00:00","og_image":[{"width":1458,"height":1500,"url":"https:\/\/www.joseph-wresinski.org\/de\/wp-content\/uploads\/sites\/17\/2022\/03\/Munch_Det_Syke_Barn_1896.jpg","type":"image\/jpeg"}],"author":"Jean Tonglet","twitter_card":"summary_large_image","twitter_misc":{"Verfasst von":"Jean Tonglet","Gesch\u00e4tzte Lesezeit":"5\u00a0Minuten"},"schema":{"@context":"https:\/\/schema.org","@graph":[{"@type":"Article","@id":"https:\/\/www.joseph-wresinski.org\/de\/gesundheit-ein-dringendes-anliegen-fuer-menschen-in-extremer-armut\/#article","isPartOf":{"@id":"https:\/\/www.joseph-wresinski.org\/de\/gesundheit-ein-dringendes-anliegen-fuer-menschen-in-extremer-armut\/"},"author":{"name":"Jean Tonglet","@id":"https:\/\/www.joseph-wresinski.org\/de\/#\/schema\/person\/93469e0206778753beddb73f4e07c8e0"},"headline":"Gesundheit: ein dringendes Anliegen f\u00fcr Menschen in extremer Armut","datePublished":"2022-04-06T22:00:12+00:00","mainEntityOfPage":{"@id":"https:\/\/www.joseph-wresinski.org\/de\/gesundheit-ein-dringendes-anliegen-fuer-menschen-in-extremer-armut\/"},"wordCount":908,"commentCount":0,"image":{"@id":"https:\/\/www.joseph-wresinski.org\/de\/gesundheit-ein-dringendes-anliegen-fuer-menschen-in-extremer-armut\/#primaryimage"},"thumbnailUrl":"https:\/\/www.joseph-wresinski.org\/de\/wp-content\/uploads\/sites\/17\/2022\/03\/Munch_Det_Syke_Barn_1896.jpg","articleSection":["Aktuell","Editorials und Vorworte","Schriften"],"inLanguage":"de","potentialAction":[{"@type":"CommentAction","name":"Comment","target":["https:\/\/www.joseph-wresinski.org\/de\/gesundheit-ein-dringendes-anliegen-fuer-menschen-in-extremer-armut\/#respond"]}]},{"@type":"WebPage","@id":"https:\/\/www.joseph-wresinski.org\/de\/gesundheit-ein-dringendes-anliegen-fuer-menschen-in-extremer-armut\/","url":"https:\/\/www.joseph-wresinski.org\/de\/gesundheit-ein-dringendes-anliegen-fuer-menschen-in-extremer-armut\/","name":"Gesundheit: ein dringendes Anliegen f\u00fcr Menschen in extremer Armut - Joseph Wresinski DE","isPartOf":{"@id":"https:\/\/www.joseph-wresinski.org\/de\/#website"},"primaryImageOfPage":{"@id":"https:\/\/www.joseph-wresinski.org\/de\/gesundheit-ein-dringendes-anliegen-fuer-menschen-in-extremer-armut\/#primaryimage"},"image":{"@id":"https:\/\/www.joseph-wresinski.org\/de\/gesundheit-ein-dringendes-anliegen-fuer-menschen-in-extremer-armut\/#primaryimage"},"thumbnailUrl":"https:\/\/www.joseph-wresinski.org\/de\/wp-content\/uploads\/sites\/17\/2022\/03\/Munch_Det_Syke_Barn_1896.jpg","datePublished":"2022-04-06T22:00:12+00:00","author":{"@id":"https:\/\/www.joseph-wresinski.org\/de\/#\/schema\/person\/93469e0206778753beddb73f4e07c8e0"},"breadcrumb":{"@id":"https:\/\/www.joseph-wresinski.org\/de\/gesundheit-ein-dringendes-anliegen-fuer-menschen-in-extremer-armut\/#breadcrumb"},"inLanguage":"de","potentialAction":[{"@type":"ReadAction","target":["https:\/\/www.joseph-wresinski.org\/de\/gesundheit-ein-dringendes-anliegen-fuer-menschen-in-extremer-armut\/"]}]},{"@type":"ImageObject","inLanguage":"de","@id":"https:\/\/www.joseph-wresinski.org\/de\/gesundheit-ein-dringendes-anliegen-fuer-menschen-in-extremer-armut\/#primaryimage","url":"https:\/\/www.joseph-wresinski.org\/de\/wp-content\/uploads\/sites\/17\/2022\/03\/Munch_Det_Syke_Barn_1896.jpg","contentUrl":"https:\/\/www.joseph-wresinski.org\/de\/wp-content\/uploads\/sites\/17\/2022\/03\/Munch_Det_Syke_Barn_1896.jpg","width":1458,"height":1500},{"@type":"BreadcrumbList","@id":"https:\/\/www.joseph-wresinski.org\/de\/gesundheit-ein-dringendes-anliegen-fuer-menschen-in-extremer-armut\/#breadcrumb","itemListElement":[{"@type":"ListItem","position":1,"name":"Startseite","item":"https:\/\/www.joseph-wresinski.org\/de\/"},{"@type":"ListItem","position":2,"name":"Gesundheit: ein dringendes Anliegen f\u00fcr Menschen in extremer Armut"}]},{"@type":"WebSite","@id":"https:\/\/www.joseph-wresinski.org\/de\/#website","url":"https:\/\/www.joseph-wresinski.org\/de\/","name":"Joseph Wresinski DE","description":"Eine Webseite des  Joseph-Wresinski-Zentrums","potentialAction":[{"@type":"SearchAction","target":{"@type":"EntryPoint","urlTemplate":"https:\/\/www.joseph-wresinski.org\/de\/?s={search_term_string}"},"query-input":{"@type":"PropertyValueSpecification","valueRequired":true,"valueName":"search_term_string"}}],"inLanguage":"de"},{"@type":"Person","@id":"https:\/\/www.joseph-wresinski.org\/de\/#\/schema\/person\/93469e0206778753beddb73f4e07c8e0","name":"Jean Tonglet","image":{"@type":"ImageObject","inLanguage":"de","@id":"https:\/\/secure.gravatar.com\/avatar\/599cfd98b536979bcebf2d6839f0c694333341f1caf7ba53413b62de5453de40?s=96&d=mm&r=g","url":"https:\/\/secure.gravatar.com\/avatar\/599cfd98b536979bcebf2d6839f0c694333341f1caf7ba53413b62de5453de40?s=96&d=mm&r=g","contentUrl":"https:\/\/secure.gravatar.com\/avatar\/599cfd98b536979bcebf2d6839f0c694333341f1caf7ba53413b62de5453de40?s=96&d=mm&r=g","caption":"Jean Tonglet"},"url":"https:\/\/www.joseph-wresinski.org\/de\/author\/jean\/"}]}},"_links":{"self":[{"href":"https:\/\/www.joseph-wresinski.org\/de\/wp-json\/wp\/v2\/posts\/2807","targetHints":{"allow":["GET"]}}],"collection":[{"href":"https:\/\/www.joseph-wresinski.org\/de\/wp-json\/wp\/v2\/posts"}],"about":[{"href":"https:\/\/www.joseph-wresinski.org\/de\/wp-json\/wp\/v2\/types\/post"}],"author":[{"embeddable":true,"href":"https:\/\/www.joseph-wresinski.org\/de\/wp-json\/wp\/v2\/users\/4"}],"replies":[{"embeddable":true,"href":"https:\/\/www.joseph-wresinski.org\/de\/wp-json\/wp\/v2\/comments?post=2807"}],"version-history":[{"count":5,"href":"https:\/\/www.joseph-wresinski.org\/de\/wp-json\/wp\/v2\/posts\/2807\/revisions"}],"predecessor-version":[{"id":2817,"href":"https:\/\/www.joseph-wresinski.org\/de\/wp-json\/wp\/v2\/posts\/2807\/revisions\/2817"}],"wp:featuredmedia":[{"embeddable":true,"href":"https:\/\/www.joseph-wresinski.org\/de\/wp-json\/wp\/v2\/media\/2806"}],"wp:attachment":[{"href":"https:\/\/www.joseph-wresinski.org\/de\/wp-json\/wp\/v2\/media?parent=2807"}],"wp:term":[{"taxonomy":"category","embeddable":true,"href":"https:\/\/www.joseph-wresinski.org\/de\/wp-json\/wp\/v2\/categories?post=2807"},{"taxonomy":"post_tag","embeddable":true,"href":"https:\/\/www.joseph-wresinski.org\/de\/wp-json\/wp\/v2\/tags?post=2807"}],"curies":[{"name":"wp","href":"https:\/\/api.w.org\/{rel}","templated":true}]}}