{"id":3278,"date":"2023-12-24T00:00:28","date_gmt":"2023-12-23T23:00:28","guid":{"rendered":"https:\/\/www.joseph-wresinski.org\/de\/?p=3278"},"modified":"2023-12-23T15:30:25","modified_gmt":"2023-12-23T14:30:25","slug":"in-dieser-weihnachtszeit","status":"publish","type":"post","link":"https:\/\/www.joseph-wresinski.org\/de\/in-dieser-weihnachtszeit\/","title":{"rendered":"In dieser Weihnachtszeit"},"content":{"rendered":"<p>Als Kind im Alter von 4 bis 13 Jahren, ging ich tagt\u00e4glich mittags nach der Schule zum Kloster des Guten Hirten, um Suppe, Brot, Gem\u00fcse und manchmal auch etwas Fleisch zu holen. Die Schwestern gaben uns dies als Gegenleistung, weil ich bei ihnen in der Messe diente.<\/p>\n<p>Manchmal war ich f\u00fcr die Kinder in der Nachbarschaft der Junge \u201emit der Nonnensuppe\u201c, und ich wehrte mich, wenn man hinter meiner Mutter hersagte, sie k\u00f6nne nicht kochen.<\/p>\n<p>Wir wohnten in einer alten Schmiedewerkstatt, die durch Fichtenbretter in Zimmer unterteilt war. Ab 3 Uhr im Winter und zwischen 6 und 7 Uhr im Sommer drang das Licht nicht mehr in die K\u00fcche vor.<\/p>\n<p>Es war eine \u00e4rmliche Behelfsunterkunft und die Leute wagten es nicht, zu uns zu kommen, es sei denn, sie brachten uns Schuhe und Kleidung. Meine Mutter bedankte sich immer, auch wenn wir diese nicht brauchten.<\/p>\n<p>Obwohl die Armut in meiner Kindheit extrem war, gab es in diesem Lebensabschnitt dennoch eine Zeit im Jahr in der wir wirklich gl\u00fccklich waren. Das war die Weihnachtszeit.<\/p>\n<p>Ich wei\u00df nicht, wer in unserer Familie die erste Krippe aufgestellt hat. Jedenfalls wurde sie Jahr f\u00fcr Jahr zum Treffpunkt aller Kinder aus der Nachbarschaft und sogar ihrer Eltern. Jedes Jahr wurden neue Figuren geschaffen, die Krippe vergr\u00f6\u00dfert. Wir, die \u00e4rmste Familie im Viertel, hatten etwas, das wir den anderen schenken konnten, etwas um die Nachbarschaft gl\u00fccklich zu machen, und das war der liebe Gott.<\/p>\n<p>In jenen Weihnachtswochen stellten wir die Krippe in das sogenannte \u201eK\u00e4mmerlein\u201c, ein winziger Raum in dem wir normalerweise schliefen, und dessen einziges Fenster zur Stra\u00dfe hin \u00f6ffnete, so dass die Leute sie im Vorbeigehen sehen konnten. Durch sie gewannen wir an Ansehen und wir waren stolz darauf; wir trugen dazu bei, Kinder gl\u00fccklich zu machen, egal ob sie reich oder arm waren.<\/p>\n<p>Warum erinnere ich mich heute, in Zeiten, wo Suppenk\u00fcchen und Lebensmittelbanken aus \u00dcbersch\u00fcssen sich zur Arbeitslosigkeit hinzugesellen, an diese Krippe ? Ist es deshalb, weil ich glaube, dass Kinder die F\u00e4higkeit haben, trotz aller Schmach Freude zu schaffen? K\u00f6nnen sie uns Erwachsene, die wir uns so schwer damit tun, Frieden und Gerechtigkeit zu schaffen, etwa daran erinnern, dass es nicht Sachen sind, so n\u00fctzlich auch immer, die dem Ungl\u00fcck Abhilfe zu schaffen verm\u00f6gen. Jenseits des Teilens von G\u00fctern wird Gerechtigkeit mit Menschen aufgebaut, an deren Aufrichtigkeit nicht zu zweifeln ist.<\/p>\n<p>Kinder besitzen diese Aufrichtigkeit in h\u00f6chstem Ma\u00dfe. Deshalb erteilen sie in dieser Weihnachtszeit keine Belehrungen, sondern gehen mit gutem Beispiel voran.<\/p>\n","protected":false},"excerpt":{"rendered":"<p>Als Kind im Alter von 4 bis 13 Jahren, ging ich tagt\u00e4glich mittags nach der Schule zum Kloster des Guten (&#8230;) <a class=\"more-link\" href=\"https:\/\/www.joseph-wresinski.org\/de\/in-dieser-weihnachtszeit\/\">Weiterlesen &#8230; <span class=\"meta-nav\">&rarr;<\/span><\/a><\/p>\n","protected":false},"author":4,"featured_media":3277,"comment_status":"open","ping_status":"open","sticky":false,"template":"","format":"standard","meta":{"_acf_changed":false,"ep_exclude_from_search":false,"footnotes":""},"categories":[12,82,70],"tags":[],"class_list":["post-3278","post","type-post","status-publish","format-standard","has-post-thumbnail","hentry","category-news","category-editorials-vorworte","category-schriften"],"acf":[],"yoast_head":"<!-- This site is optimized with the Yoast SEO plugin v27.5 - https:\/\/yoast.com\/product\/yoast-seo-wordpress\/ -->\n<title>In dieser Weihnachtszeit - Joseph Wresinski DE<\/title>\n<meta name=\"robots\" content=\"index, follow, max-snippet:-1, max-image-preview:large, max-video-preview:-1\" \/>\n<link rel=\"canonical\" href=\"https:\/\/www.joseph-wresinski.org\/de\/in-dieser-weihnachtszeit\/\" \/>\n<meta property=\"og:locale\" content=\"de_DE\" \/>\n<meta property=\"og:type\" content=\"article\" \/>\n<meta property=\"og:title\" content=\"In dieser Weihnachtszeit - Joseph Wresinski DE\" \/>\n<meta property=\"og:description\" content=\"Als Kind im Alter von 4 bis 13 Jahren, ging ich tagt\u00e4glich mittags nach der Schule zum Kloster des Guten (...) Weiterlesen ... &rarr;\" \/>\n<meta property=\"og:url\" content=\"https:\/\/www.joseph-wresinski.org\/de\/in-dieser-weihnachtszeit\/\" \/>\n<meta property=\"og:site_name\" content=\"Joseph Wresinski DE\" \/>\n<meta property=\"article:published_time\" content=\"2023-12-23T23:00:28+00:00\" \/>\n<meta property=\"og:image\" content=\"https:\/\/www.joseph-wresinski.org\/de\/wp-content\/uploads\/sites\/17\/2023\/12\/Anbetung_der_Koenige_im_Schnee1.jpg\" \/>\n\t<meta property=\"og:image:width\" content=\"1004\" \/>\n\t<meta property=\"og:image:height\" content=\"624\" \/>\n\t<meta property=\"og:image:type\" content=\"image\/jpeg\" \/>\n<meta name=\"author\" content=\"Jean Tonglet\" \/>\n<meta name=\"twitter:card\" content=\"summary_large_image\" \/>\n<meta name=\"twitter:label1\" content=\"Verfasst von\" \/>\n\t<meta name=\"twitter:data1\" content=\"Jean Tonglet\" \/>\n\t<meta name=\"twitter:label2\" content=\"Gesch\u00e4tzte Lesezeit\" \/>\n\t<meta name=\"twitter:data2\" content=\"3\u00a0Minuten\" \/>\n<script type=\"application\/ld+json\" class=\"yoast-schema-graph\">{\"@context\":\"https:\\\/\\\/schema.org\",\"@graph\":[{\"@type\":\"Article\",\"@id\":\"https:\\\/\\\/www.joseph-wresinski.org\\\/de\\\/in-dieser-weihnachtszeit\\\/#article\",\"isPartOf\":{\"@id\":\"https:\\\/\\\/www.joseph-wresinski.org\\\/de\\\/in-dieser-weihnachtszeit\\\/\"},\"author\":{\"name\":\"Jean Tonglet\",\"@id\":\"https:\\\/\\\/www.joseph-wresinski.org\\\/de\\\/#\\\/schema\\\/person\\\/93469e0206778753beddb73f4e07c8e0\"},\"headline\":\"In dieser Weihnachtszeit\",\"datePublished\":\"2023-12-23T23:00:28+00:00\",\"mainEntityOfPage\":{\"@id\":\"https:\\\/\\\/www.joseph-wresinski.org\\\/de\\\/in-dieser-weihnachtszeit\\\/\"},\"wordCount\":430,\"commentCount\":0,\"image\":{\"@id\":\"https:\\\/\\\/www.joseph-wresinski.org\\\/de\\\/in-dieser-weihnachtszeit\\\/#primaryimage\"},\"thumbnailUrl\":\"https:\\\/\\\/www.joseph-wresinski.org\\\/de\\\/wp-content\\\/uploads\\\/sites\\\/17\\\/2023\\\/12\\\/Anbetung_der_Koenige_im_Schnee1.jpg\",\"articleSection\":[\"Aktuell\",\"Editorials und Vorworte\",\"Schriften\"],\"inLanguage\":\"de\",\"potentialAction\":[{\"@type\":\"CommentAction\",\"name\":\"Comment\",\"target\":[\"https:\\\/\\\/www.joseph-wresinski.org\\\/de\\\/in-dieser-weihnachtszeit\\\/#respond\"]}]},{\"@type\":\"WebPage\",\"@id\":\"https:\\\/\\\/www.joseph-wresinski.org\\\/de\\\/in-dieser-weihnachtszeit\\\/\",\"url\":\"https:\\\/\\\/www.joseph-wresinski.org\\\/de\\\/in-dieser-weihnachtszeit\\\/\",\"name\":\"In dieser Weihnachtszeit - Joseph Wresinski DE\",\"isPartOf\":{\"@id\":\"https:\\\/\\\/www.joseph-wresinski.org\\\/de\\\/#website\"},\"primaryImageOfPage\":{\"@id\":\"https:\\\/\\\/www.joseph-wresinski.org\\\/de\\\/in-dieser-weihnachtszeit\\\/#primaryimage\"},\"image\":{\"@id\":\"https:\\\/\\\/www.joseph-wresinski.org\\\/de\\\/in-dieser-weihnachtszeit\\\/#primaryimage\"},\"thumbnailUrl\":\"https:\\\/\\\/www.joseph-wresinski.org\\\/de\\\/wp-content\\\/uploads\\\/sites\\\/17\\\/2023\\\/12\\\/Anbetung_der_Koenige_im_Schnee1.jpg\",\"datePublished\":\"2023-12-23T23:00:28+00:00\",\"author\":{\"@id\":\"https:\\\/\\\/www.joseph-wresinski.org\\\/de\\\/#\\\/schema\\\/person\\\/93469e0206778753beddb73f4e07c8e0\"},\"breadcrumb\":{\"@id\":\"https:\\\/\\\/www.joseph-wresinski.org\\\/de\\\/in-dieser-weihnachtszeit\\\/#breadcrumb\"},\"inLanguage\":\"de\",\"potentialAction\":[{\"@type\":\"ReadAction\",\"target\":[\"https:\\\/\\\/www.joseph-wresinski.org\\\/de\\\/in-dieser-weihnachtszeit\\\/\"]}]},{\"@type\":\"ImageObject\",\"inLanguage\":\"de\",\"@id\":\"https:\\\/\\\/www.joseph-wresinski.org\\\/de\\\/in-dieser-weihnachtszeit\\\/#primaryimage\",\"url\":\"https:\\\/\\\/www.joseph-wresinski.org\\\/de\\\/wp-content\\\/uploads\\\/sites\\\/17\\\/2023\\\/12\\\/Anbetung_der_Koenige_im_Schnee1.jpg\",\"contentUrl\":\"https:\\\/\\\/www.joseph-wresinski.org\\\/de\\\/wp-content\\\/uploads\\\/sites\\\/17\\\/2023\\\/12\\\/Anbetung_der_Koenige_im_Schnee1.jpg\",\"width\":1004,\"height\":624},{\"@type\":\"BreadcrumbList\",\"@id\":\"https:\\\/\\\/www.joseph-wresinski.org\\\/de\\\/in-dieser-weihnachtszeit\\\/#breadcrumb\",\"itemListElement\":[{\"@type\":\"ListItem\",\"position\":1,\"name\":\"Startseite\",\"item\":\"https:\\\/\\\/www.joseph-wresinski.org\\\/de\\\/\"},{\"@type\":\"ListItem\",\"position\":2,\"name\":\"In dieser Weihnachtszeit\"}]},{\"@type\":\"WebSite\",\"@id\":\"https:\\\/\\\/www.joseph-wresinski.org\\\/de\\\/#website\",\"url\":\"https:\\\/\\\/www.joseph-wresinski.org\\\/de\\\/\",\"name\":\"Joseph Wresinski DE\",\"description\":\"Eine Webseite des  Joseph-Wresinski-Zentrums\",\"potentialAction\":[{\"@type\":\"SearchAction\",\"target\":{\"@type\":\"EntryPoint\",\"urlTemplate\":\"https:\\\/\\\/www.joseph-wresinski.org\\\/de\\\/?s={search_term_string}\"},\"query-input\":{\"@type\":\"PropertyValueSpecification\",\"valueRequired\":true,\"valueName\":\"search_term_string\"}}],\"inLanguage\":\"de\"},{\"@type\":\"Person\",\"@id\":\"https:\\\/\\\/www.joseph-wresinski.org\\\/de\\\/#\\\/schema\\\/person\\\/93469e0206778753beddb73f4e07c8e0\",\"name\":\"Jean Tonglet\",\"image\":{\"@type\":\"ImageObject\",\"inLanguage\":\"de\",\"@id\":\"https:\\\/\\\/secure.gravatar.com\\\/avatar\\\/599cfd98b536979bcebf2d6839f0c694333341f1caf7ba53413b62de5453de40?s=96&d=mm&r=g\",\"url\":\"https:\\\/\\\/secure.gravatar.com\\\/avatar\\\/599cfd98b536979bcebf2d6839f0c694333341f1caf7ba53413b62de5453de40?s=96&d=mm&r=g\",\"contentUrl\":\"https:\\\/\\\/secure.gravatar.com\\\/avatar\\\/599cfd98b536979bcebf2d6839f0c694333341f1caf7ba53413b62de5453de40?s=96&d=mm&r=g\",\"caption\":\"Jean Tonglet\"},\"url\":\"https:\\\/\\\/www.joseph-wresinski.org\\\/de\\\/author\\\/jean\\\/\"}]}<\/script>\n<!-- \/ Yoast SEO plugin. -->","yoast_head_json":{"title":"In dieser Weihnachtszeit - Joseph Wresinski DE","robots":{"index":"index","follow":"follow","max-snippet":"max-snippet:-1","max-image-preview":"max-image-preview:large","max-video-preview":"max-video-preview:-1"},"canonical":"https:\/\/www.joseph-wresinski.org\/de\/in-dieser-weihnachtszeit\/","og_locale":"de_DE","og_type":"article","og_title":"In dieser Weihnachtszeit - Joseph Wresinski DE","og_description":"Als Kind im Alter von 4 bis 13 Jahren, ging ich tagt\u00e4glich mittags nach der Schule zum Kloster des Guten (...) Weiterlesen ... &rarr;","og_url":"https:\/\/www.joseph-wresinski.org\/de\/in-dieser-weihnachtszeit\/","og_site_name":"Joseph Wresinski DE","article_published_time":"2023-12-23T23:00:28+00:00","og_image":[{"width":1004,"height":624,"url":"https:\/\/www.joseph-wresinski.org\/de\/wp-content\/uploads\/sites\/17\/2023\/12\/Anbetung_der_Koenige_im_Schnee1.jpg","type":"image\/jpeg"}],"author":"Jean Tonglet","twitter_card":"summary_large_image","twitter_misc":{"Verfasst von":"Jean Tonglet","Gesch\u00e4tzte Lesezeit":"3\u00a0Minuten"},"schema":{"@context":"https:\/\/schema.org","@graph":[{"@type":"Article","@id":"https:\/\/www.joseph-wresinski.org\/de\/in-dieser-weihnachtszeit\/#article","isPartOf":{"@id":"https:\/\/www.joseph-wresinski.org\/de\/in-dieser-weihnachtszeit\/"},"author":{"name":"Jean Tonglet","@id":"https:\/\/www.joseph-wresinski.org\/de\/#\/schema\/person\/93469e0206778753beddb73f4e07c8e0"},"headline":"In dieser Weihnachtszeit","datePublished":"2023-12-23T23:00:28+00:00","mainEntityOfPage":{"@id":"https:\/\/www.joseph-wresinski.org\/de\/in-dieser-weihnachtszeit\/"},"wordCount":430,"commentCount":0,"image":{"@id":"https:\/\/www.joseph-wresinski.org\/de\/in-dieser-weihnachtszeit\/#primaryimage"},"thumbnailUrl":"https:\/\/www.joseph-wresinski.org\/de\/wp-content\/uploads\/sites\/17\/2023\/12\/Anbetung_der_Koenige_im_Schnee1.jpg","articleSection":["Aktuell","Editorials und Vorworte","Schriften"],"inLanguage":"de","potentialAction":[{"@type":"CommentAction","name":"Comment","target":["https:\/\/www.joseph-wresinski.org\/de\/in-dieser-weihnachtszeit\/#respond"]}]},{"@type":"WebPage","@id":"https:\/\/www.joseph-wresinski.org\/de\/in-dieser-weihnachtszeit\/","url":"https:\/\/www.joseph-wresinski.org\/de\/in-dieser-weihnachtszeit\/","name":"In dieser Weihnachtszeit - Joseph Wresinski DE","isPartOf":{"@id":"https:\/\/www.joseph-wresinski.org\/de\/#website"},"primaryImageOfPage":{"@id":"https:\/\/www.joseph-wresinski.org\/de\/in-dieser-weihnachtszeit\/#primaryimage"},"image":{"@id":"https:\/\/www.joseph-wresinski.org\/de\/in-dieser-weihnachtszeit\/#primaryimage"},"thumbnailUrl":"https:\/\/www.joseph-wresinski.org\/de\/wp-content\/uploads\/sites\/17\/2023\/12\/Anbetung_der_Koenige_im_Schnee1.jpg","datePublished":"2023-12-23T23:00:28+00:00","author":{"@id":"https:\/\/www.joseph-wresinski.org\/de\/#\/schema\/person\/93469e0206778753beddb73f4e07c8e0"},"breadcrumb":{"@id":"https:\/\/www.joseph-wresinski.org\/de\/in-dieser-weihnachtszeit\/#breadcrumb"},"inLanguage":"de","potentialAction":[{"@type":"ReadAction","target":["https:\/\/www.joseph-wresinski.org\/de\/in-dieser-weihnachtszeit\/"]}]},{"@type":"ImageObject","inLanguage":"de","@id":"https:\/\/www.joseph-wresinski.org\/de\/in-dieser-weihnachtszeit\/#primaryimage","url":"https:\/\/www.joseph-wresinski.org\/de\/wp-content\/uploads\/sites\/17\/2023\/12\/Anbetung_der_Koenige_im_Schnee1.jpg","contentUrl":"https:\/\/www.joseph-wresinski.org\/de\/wp-content\/uploads\/sites\/17\/2023\/12\/Anbetung_der_Koenige_im_Schnee1.jpg","width":1004,"height":624},{"@type":"BreadcrumbList","@id":"https:\/\/www.joseph-wresinski.org\/de\/in-dieser-weihnachtszeit\/#breadcrumb","itemListElement":[{"@type":"ListItem","position":1,"name":"Startseite","item":"https:\/\/www.joseph-wresinski.org\/de\/"},{"@type":"ListItem","position":2,"name":"In dieser Weihnachtszeit"}]},{"@type":"WebSite","@id":"https:\/\/www.joseph-wresinski.org\/de\/#website","url":"https:\/\/www.joseph-wresinski.org\/de\/","name":"Joseph Wresinski DE","description":"Eine Webseite des  Joseph-Wresinski-Zentrums","potentialAction":[{"@type":"SearchAction","target":{"@type":"EntryPoint","urlTemplate":"https:\/\/www.joseph-wresinski.org\/de\/?s={search_term_string}"},"query-input":{"@type":"PropertyValueSpecification","valueRequired":true,"valueName":"search_term_string"}}],"inLanguage":"de"},{"@type":"Person","@id":"https:\/\/www.joseph-wresinski.org\/de\/#\/schema\/person\/93469e0206778753beddb73f4e07c8e0","name":"Jean Tonglet","image":{"@type":"ImageObject","inLanguage":"de","@id":"https:\/\/secure.gravatar.com\/avatar\/599cfd98b536979bcebf2d6839f0c694333341f1caf7ba53413b62de5453de40?s=96&d=mm&r=g","url":"https:\/\/secure.gravatar.com\/avatar\/599cfd98b536979bcebf2d6839f0c694333341f1caf7ba53413b62de5453de40?s=96&d=mm&r=g","contentUrl":"https:\/\/secure.gravatar.com\/avatar\/599cfd98b536979bcebf2d6839f0c694333341f1caf7ba53413b62de5453de40?s=96&d=mm&r=g","caption":"Jean Tonglet"},"url":"https:\/\/www.joseph-wresinski.org\/de\/author\/jean\/"}]}},"_links":{"self":[{"href":"https:\/\/www.joseph-wresinski.org\/de\/wp-json\/wp\/v2\/posts\/3278","targetHints":{"allow":["GET"]}}],"collection":[{"href":"https:\/\/www.joseph-wresinski.org\/de\/wp-json\/wp\/v2\/posts"}],"about":[{"href":"https:\/\/www.joseph-wresinski.org\/de\/wp-json\/wp\/v2\/types\/post"}],"author":[{"embeddable":true,"href":"https:\/\/www.joseph-wresinski.org\/de\/wp-json\/wp\/v2\/users\/4"}],"replies":[{"embeddable":true,"href":"https:\/\/www.joseph-wresinski.org\/de\/wp-json\/wp\/v2\/comments?post=3278"}],"version-history":[{"count":2,"href":"https:\/\/www.joseph-wresinski.org\/de\/wp-json\/wp\/v2\/posts\/3278\/revisions"}],"predecessor-version":[{"id":3280,"href":"https:\/\/www.joseph-wresinski.org\/de\/wp-json\/wp\/v2\/posts\/3278\/revisions\/3280"}],"wp:featuredmedia":[{"embeddable":true,"href":"https:\/\/www.joseph-wresinski.org\/de\/wp-json\/wp\/v2\/media\/3277"}],"wp:attachment":[{"href":"https:\/\/www.joseph-wresinski.org\/de\/wp-json\/wp\/v2\/media?parent=3278"}],"wp:term":[{"taxonomy":"category","embeddable":true,"href":"https:\/\/www.joseph-wresinski.org\/de\/wp-json\/wp\/v2\/categories?post=3278"},{"taxonomy":"post_tag","embeddable":true,"href":"https:\/\/www.joseph-wresinski.org\/de\/wp-json\/wp\/v2\/tags?post=3278"}],"curies":[{"name":"wp","href":"https:\/\/api.w.org\/{rel}","templated":true}]}}