{"id":3334,"date":"2024-03-28T12:00:39","date_gmt":"2024-03-28T11:00:39","guid":{"rendered":"https:\/\/www.joseph-wresinski.org\/de\/?p=3334"},"modified":"2024-03-27T17:06:50","modified_gmt":"2024-03-27T16:06:50","slug":"unser-kampf-ist-aus-einer-absage-und-einer-herausforderung-entstanden","status":"publish","type":"post","link":"https:\/\/www.joseph-wresinski.org\/de\/unser-kampf-ist-aus-einer-absage-und-einer-herausforderung-entstanden\/","title":{"rendered":"Unser Kampf ist aus einer Absage und einer Herausforderung entstanden."},"content":{"rendered":"<p>Als ich im Juli 1956 mich den Familien im Notunterkunftslager von Noisy-le-Grand anschloss, haben wir uns geschworen, der Zeit der Ungerechtigkeit das Ende anzusagen und die Zeit der Gerechtigkeit einzul\u00e4uten.<\/p>\n<p>Unser Kampf hat in dieser Absage seine Wurzeln: Nie wieder Schmach und Elend. Nie wieder die Schreckgespenster der Obdach- und Arbeitslosigkeit. Nie wieder die Besch\u00e4mung ungebildet zu sein. Nie wieder soziale Unterdr\u00fcckung. Daf\u00fcr zu k\u00e4mpfen hie\u00df sich der Herausforderung zu stellen, die am meisten Benachteiligten in eine Bewegung, die der Vierten Welt, zusammenzubringen, damit sie selber auch zu Verteidigern der Menschenrechte werden &#8230; Unser Kampf gr\u00fcndet auf dem Anspruch, die Unterdr\u00fcckten, die als minderwertig Verachteten zu Garanten der Demokratie zu machen, ihre Erfahrung als nutzbringend und unverzichtbar f\u00fcr den Aufbau einer gerechten und geschwisterlichen Gesellschaft zu etablieren, die jegliche Ausgrenzung und Not beseitigt.<\/p>\n<p>Aber ist diese Herausforderung angenommen worden? Eine wahre Demokratie l\u00e4sst keinen Mitb\u00fcrger, keine Mitb\u00fcrgerin zur\u00fcck, sie vereint alle in einem gemeinsamen Bem\u00fchen um Gerechtigkeit und r\u00e4umt den am meisten Benachteiligten, die von Generation zu Generation von der Existenznot aufgerieben werden, Vorrang ein. Ist diese Demokratie im Entstehen begriffen? Erscheint sie am Horizont des nahen Jahrhundertwechsels?<\/p>\n<p>Dies wird von den politischen und sozialen, wirtschaftlichen, kulturellen und religi\u00f6sen F\u00fchrungskr\u00e4ften abh\u00e4ngen, aber in erster Linie wird es vom Willen jeder einzelnen Person abh\u00e4ngen. Denn es ist die Entschlossenheit der Bev\u00f6lkerung, die die F\u00fchrungskr\u00e4fte dazu bringen wird, die Rechte der am st\u00e4rksten benachteiligten Menschen zu ber\u00fccksichtigen.<\/p>\n<p>Die Aufgabe aller Instanzen ist es, die Gerechtigkeit nicht schleifen zu lassen, die Bem\u00fchungen der B\u00fcrgerinnen und B\u00fcrger aufzugreifen und zu koordinieren, die Zuverl\u00e4ssigkeit ihrer Sache zu bekunden und das zu erreichen, wof\u00fcr die Menschen k\u00e4mpfen. Ja, es k\u00e4mpfen die am meisten Benachteiligten, und Tausende haben sich ihnen angeschlossen und k\u00e4mpfen mit ihnen. Deshalb k\u00f6nnen wir uns vertrauensvoll und frei an die Regierenden, an alle Verantwortungstragenden wenden, um die Rechte der Menschen in extremer Armut geltend zu machen, damit die oberste Priorit\u00e4t endlich die radikale Beseitigung von Elend und Ausgrenzung ist.<\/p>\n<p>Die Zeit dr\u00e4ngt. Rezession, Inflation und Arbeitslosigkeit d\u00fcrfen nicht als Entschuldigungsgrund dienen, um die Anliegen der am st\u00e4rksten Benachteiligten auf morgen zu verschieben. Das w\u00fcrde bedeuten, dass wir ihnen einmal mehr die ganze Last der Krise aufb\u00fcrden, dass wir den weniger Benachteiligten Vorrang einr\u00e4umen und daf\u00fcr den \u00e4rmsten Familien das Wenige wegnehmen, das sie vielleicht erreicht haben. Das w\u00fcrde bedeuten, dass sie noch weniger Arbeit, Wohnraum und Bildung erhalten und ihre geringen M\u00f6glichkeiten, ihre W\u00fcrde geltend zu machen, noch weiter eingeschr\u00e4nkt werden.<\/p>\n","protected":false},"excerpt":{"rendered":"<p>Als ich im Juli 1956 mich den Familien im Notunterkunftslager von Noisy-le-Grand anschloss, haben wir uns geschworen, der Zeit der (&#8230;) <a class=\"more-link\" href=\"https:\/\/www.joseph-wresinski.org\/de\/unser-kampf-ist-aus-einer-absage-und-einer-herausforderung-entstanden\/\">Weiterlesen &#8230; <span class=\"meta-nav\">&rarr;<\/span><\/a><\/p>\n","protected":false},"author":4,"featured_media":3333,"comment_status":"open","ping_status":"open","sticky":false,"template":"","format":"standard","meta":{"_acf_changed":false,"ep_exclude_from_search":false,"footnotes":""},"categories":[12,80,70],"tags":[],"class_list":["post-3334","post","type-post","status-publish","format-standard","has-post-thumbnail","hentry","category-news","category-ansprachen","category-schriften"],"acf":[],"yoast_head":"<!-- This site is optimized with the Yoast SEO plugin v27.5 - https:\/\/yoast.com\/product\/yoast-seo-wordpress\/ -->\n<title>Unser Kampf ist aus einer Absage und einer Herausforderung entstanden. - Joseph Wresinski DE<\/title>\n<meta name=\"robots\" content=\"index, follow, max-snippet:-1, max-image-preview:large, max-video-preview:-1\" \/>\n<link rel=\"canonical\" href=\"https:\/\/www.joseph-wresinski.org\/de\/unser-kampf-ist-aus-einer-absage-und-einer-herausforderung-entstanden\/\" \/>\n<meta property=\"og:locale\" content=\"de_DE\" \/>\n<meta property=\"og:type\" content=\"article\" \/>\n<meta property=\"og:title\" content=\"Unser Kampf ist aus einer Absage und einer Herausforderung entstanden. - Joseph Wresinski DE\" \/>\n<meta property=\"og:description\" content=\"Als ich im Juli 1956 mich den Familien im Notunterkunftslager von Noisy-le-Grand anschloss, haben wir uns geschworen, der Zeit der (...) Weiterlesen ... &rarr;\" \/>\n<meta property=\"og:url\" content=\"https:\/\/www.joseph-wresinski.org\/de\/unser-kampf-ist-aus-einer-absage-und-einer-herausforderung-entstanden\/\" \/>\n<meta property=\"og:site_name\" content=\"Joseph Wresinski DE\" \/>\n<meta property=\"article:published_time\" content=\"2024-03-28T11:00:39+00:00\" \/>\n<meta property=\"og:image\" content=\"https:\/\/www.joseph-wresinski.org\/de\/wp-content\/uploads\/sites\/17\/2024\/03\/CIJW-0070-821-052-15-05-1982-Bruxelles-25ans-du-Mouvement-1-2-scaled.jpg\" \/>\n\t<meta property=\"og:image:width\" content=\"2560\" \/>\n\t<meta property=\"og:image:height\" content=\"1710\" \/>\n\t<meta property=\"og:image:type\" content=\"image\/jpeg\" \/>\n<meta name=\"author\" content=\"Jean Tonglet\" \/>\n<meta name=\"twitter:card\" content=\"summary_large_image\" \/>\n<meta name=\"twitter:label1\" content=\"Verfasst von\" \/>\n\t<meta name=\"twitter:data1\" content=\"Jean Tonglet\" \/>\n\t<meta name=\"twitter:label2\" content=\"Gesch\u00e4tzte Lesezeit\" \/>\n\t<meta name=\"twitter:data2\" content=\"3\u00a0Minuten\" \/>\n<script type=\"application\/ld+json\" class=\"yoast-schema-graph\">{\"@context\":\"https:\\\/\\\/schema.org\",\"@graph\":[{\"@type\":\"Article\",\"@id\":\"https:\\\/\\\/www.joseph-wresinski.org\\\/de\\\/unser-kampf-ist-aus-einer-absage-und-einer-herausforderung-entstanden\\\/#article\",\"isPartOf\":{\"@id\":\"https:\\\/\\\/www.joseph-wresinski.org\\\/de\\\/unser-kampf-ist-aus-einer-absage-und-einer-herausforderung-entstanden\\\/\"},\"author\":{\"name\":\"Jean Tonglet\",\"@id\":\"https:\\\/\\\/www.joseph-wresinski.org\\\/de\\\/#\\\/schema\\\/person\\\/93469e0206778753beddb73f4e07c8e0\"},\"headline\":\"Unser Kampf ist aus einer Absage und einer Herausforderung entstanden.\",\"datePublished\":\"2024-03-28T11:00:39+00:00\",\"mainEntityOfPage\":{\"@id\":\"https:\\\/\\\/www.joseph-wresinski.org\\\/de\\\/unser-kampf-ist-aus-einer-absage-und-einer-herausforderung-entstanden\\\/\"},\"wordCount\":461,\"commentCount\":0,\"image\":{\"@id\":\"https:\\\/\\\/www.joseph-wresinski.org\\\/de\\\/unser-kampf-ist-aus-einer-absage-und-einer-herausforderung-entstanden\\\/#primaryimage\"},\"thumbnailUrl\":\"https:\\\/\\\/www.joseph-wresinski.org\\\/de\\\/wp-content\\\/uploads\\\/sites\\\/17\\\/2024\\\/03\\\/CIJW-0070-821-052-15-05-1982-Bruxelles-25ans-du-Mouvement-1-2-scaled.jpg\",\"articleSection\":[\"Aktuell\",\"Ansprachen\",\"Schriften\"],\"inLanguage\":\"de\",\"potentialAction\":[{\"@type\":\"CommentAction\",\"name\":\"Comment\",\"target\":[\"https:\\\/\\\/www.joseph-wresinski.org\\\/de\\\/unser-kampf-ist-aus-einer-absage-und-einer-herausforderung-entstanden\\\/#respond\"]}]},{\"@type\":\"WebPage\",\"@id\":\"https:\\\/\\\/www.joseph-wresinski.org\\\/de\\\/unser-kampf-ist-aus-einer-absage-und-einer-herausforderung-entstanden\\\/\",\"url\":\"https:\\\/\\\/www.joseph-wresinski.org\\\/de\\\/unser-kampf-ist-aus-einer-absage-und-einer-herausforderung-entstanden\\\/\",\"name\":\"Unser Kampf ist aus einer Absage und einer Herausforderung entstanden. - Joseph Wresinski DE\",\"isPartOf\":{\"@id\":\"https:\\\/\\\/www.joseph-wresinski.org\\\/de\\\/#website\"},\"primaryImageOfPage\":{\"@id\":\"https:\\\/\\\/www.joseph-wresinski.org\\\/de\\\/unser-kampf-ist-aus-einer-absage-und-einer-herausforderung-entstanden\\\/#primaryimage\"},\"image\":{\"@id\":\"https:\\\/\\\/www.joseph-wresinski.org\\\/de\\\/unser-kampf-ist-aus-einer-absage-und-einer-herausforderung-entstanden\\\/#primaryimage\"},\"thumbnailUrl\":\"https:\\\/\\\/www.joseph-wresinski.org\\\/de\\\/wp-content\\\/uploads\\\/sites\\\/17\\\/2024\\\/03\\\/CIJW-0070-821-052-15-05-1982-Bruxelles-25ans-du-Mouvement-1-2-scaled.jpg\",\"datePublished\":\"2024-03-28T11:00:39+00:00\",\"author\":{\"@id\":\"https:\\\/\\\/www.joseph-wresinski.org\\\/de\\\/#\\\/schema\\\/person\\\/93469e0206778753beddb73f4e07c8e0\"},\"breadcrumb\":{\"@id\":\"https:\\\/\\\/www.joseph-wresinski.org\\\/de\\\/unser-kampf-ist-aus-einer-absage-und-einer-herausforderung-entstanden\\\/#breadcrumb\"},\"inLanguage\":\"de\",\"potentialAction\":[{\"@type\":\"ReadAction\",\"target\":[\"https:\\\/\\\/www.joseph-wresinski.org\\\/de\\\/unser-kampf-ist-aus-einer-absage-und-einer-herausforderung-entstanden\\\/\"]}]},{\"@type\":\"ImageObject\",\"inLanguage\":\"de\",\"@id\":\"https:\\\/\\\/www.joseph-wresinski.org\\\/de\\\/unser-kampf-ist-aus-einer-absage-und-einer-herausforderung-entstanden\\\/#primaryimage\",\"url\":\"https:\\\/\\\/www.joseph-wresinski.org\\\/de\\\/wp-content\\\/uploads\\\/sites\\\/17\\\/2024\\\/03\\\/CIJW-0070-821-052-15-05-1982-Bruxelles-25ans-du-Mouvement-1-2-scaled.jpg\",\"contentUrl\":\"https:\\\/\\\/www.joseph-wresinski.org\\\/de\\\/wp-content\\\/uploads\\\/sites\\\/17\\\/2024\\\/03\\\/CIJW-0070-821-052-15-05-1982-Bruxelles-25ans-du-Mouvement-1-2-scaled.jpg\",\"width\":2560,\"height\":1710},{\"@type\":\"BreadcrumbList\",\"@id\":\"https:\\\/\\\/www.joseph-wresinski.org\\\/de\\\/unser-kampf-ist-aus-einer-absage-und-einer-herausforderung-entstanden\\\/#breadcrumb\",\"itemListElement\":[{\"@type\":\"ListItem\",\"position\":1,\"name\":\"Startseite\",\"item\":\"https:\\\/\\\/www.joseph-wresinski.org\\\/de\\\/\"},{\"@type\":\"ListItem\",\"position\":2,\"name\":\"Unser Kampf ist aus einer Absage und einer Herausforderung entstanden.\"}]},{\"@type\":\"WebSite\",\"@id\":\"https:\\\/\\\/www.joseph-wresinski.org\\\/de\\\/#website\",\"url\":\"https:\\\/\\\/www.joseph-wresinski.org\\\/de\\\/\",\"name\":\"Joseph Wresinski DE\",\"description\":\"Eine Webseite des  Joseph-Wresinski-Zentrums\",\"potentialAction\":[{\"@type\":\"SearchAction\",\"target\":{\"@type\":\"EntryPoint\",\"urlTemplate\":\"https:\\\/\\\/www.joseph-wresinski.org\\\/de\\\/?s={search_term_string}\"},\"query-input\":{\"@type\":\"PropertyValueSpecification\",\"valueRequired\":true,\"valueName\":\"search_term_string\"}}],\"inLanguage\":\"de\"},{\"@type\":\"Person\",\"@id\":\"https:\\\/\\\/www.joseph-wresinski.org\\\/de\\\/#\\\/schema\\\/person\\\/93469e0206778753beddb73f4e07c8e0\",\"name\":\"Jean Tonglet\",\"image\":{\"@type\":\"ImageObject\",\"inLanguage\":\"de\",\"@id\":\"https:\\\/\\\/secure.gravatar.com\\\/avatar\\\/599cfd98b536979bcebf2d6839f0c694333341f1caf7ba53413b62de5453de40?s=96&d=mm&r=g\",\"url\":\"https:\\\/\\\/secure.gravatar.com\\\/avatar\\\/599cfd98b536979bcebf2d6839f0c694333341f1caf7ba53413b62de5453de40?s=96&d=mm&r=g\",\"contentUrl\":\"https:\\\/\\\/secure.gravatar.com\\\/avatar\\\/599cfd98b536979bcebf2d6839f0c694333341f1caf7ba53413b62de5453de40?s=96&d=mm&r=g\",\"caption\":\"Jean Tonglet\"},\"url\":\"https:\\\/\\\/www.joseph-wresinski.org\\\/de\\\/author\\\/jean\\\/\"}]}<\/script>\n<!-- \/ Yoast SEO plugin. -->","yoast_head_json":{"title":"Unser Kampf ist aus einer Absage und einer Herausforderung entstanden. - Joseph Wresinski DE","robots":{"index":"index","follow":"follow","max-snippet":"max-snippet:-1","max-image-preview":"max-image-preview:large","max-video-preview":"max-video-preview:-1"},"canonical":"https:\/\/www.joseph-wresinski.org\/de\/unser-kampf-ist-aus-einer-absage-und-einer-herausforderung-entstanden\/","og_locale":"de_DE","og_type":"article","og_title":"Unser Kampf ist aus einer Absage und einer Herausforderung entstanden. - Joseph Wresinski DE","og_description":"Als ich im Juli 1956 mich den Familien im Notunterkunftslager von Noisy-le-Grand anschloss, haben wir uns geschworen, der Zeit der (...) Weiterlesen ... &rarr;","og_url":"https:\/\/www.joseph-wresinski.org\/de\/unser-kampf-ist-aus-einer-absage-und-einer-herausforderung-entstanden\/","og_site_name":"Joseph Wresinski DE","article_published_time":"2024-03-28T11:00:39+00:00","og_image":[{"width":2560,"height":1710,"url":"https:\/\/www.joseph-wresinski.org\/de\/wp-content\/uploads\/sites\/17\/2024\/03\/CIJW-0070-821-052-15-05-1982-Bruxelles-25ans-du-Mouvement-1-2-scaled.jpg","type":"image\/jpeg"}],"author":"Jean Tonglet","twitter_card":"summary_large_image","twitter_misc":{"Verfasst von":"Jean Tonglet","Gesch\u00e4tzte Lesezeit":"3\u00a0Minuten"},"schema":{"@context":"https:\/\/schema.org","@graph":[{"@type":"Article","@id":"https:\/\/www.joseph-wresinski.org\/de\/unser-kampf-ist-aus-einer-absage-und-einer-herausforderung-entstanden\/#article","isPartOf":{"@id":"https:\/\/www.joseph-wresinski.org\/de\/unser-kampf-ist-aus-einer-absage-und-einer-herausforderung-entstanden\/"},"author":{"name":"Jean Tonglet","@id":"https:\/\/www.joseph-wresinski.org\/de\/#\/schema\/person\/93469e0206778753beddb73f4e07c8e0"},"headline":"Unser Kampf ist aus einer Absage und einer Herausforderung entstanden.","datePublished":"2024-03-28T11:00:39+00:00","mainEntityOfPage":{"@id":"https:\/\/www.joseph-wresinski.org\/de\/unser-kampf-ist-aus-einer-absage-und-einer-herausforderung-entstanden\/"},"wordCount":461,"commentCount":0,"image":{"@id":"https:\/\/www.joseph-wresinski.org\/de\/unser-kampf-ist-aus-einer-absage-und-einer-herausforderung-entstanden\/#primaryimage"},"thumbnailUrl":"https:\/\/www.joseph-wresinski.org\/de\/wp-content\/uploads\/sites\/17\/2024\/03\/CIJW-0070-821-052-15-05-1982-Bruxelles-25ans-du-Mouvement-1-2-scaled.jpg","articleSection":["Aktuell","Ansprachen","Schriften"],"inLanguage":"de","potentialAction":[{"@type":"CommentAction","name":"Comment","target":["https:\/\/www.joseph-wresinski.org\/de\/unser-kampf-ist-aus-einer-absage-und-einer-herausforderung-entstanden\/#respond"]}]},{"@type":"WebPage","@id":"https:\/\/www.joseph-wresinski.org\/de\/unser-kampf-ist-aus-einer-absage-und-einer-herausforderung-entstanden\/","url":"https:\/\/www.joseph-wresinski.org\/de\/unser-kampf-ist-aus-einer-absage-und-einer-herausforderung-entstanden\/","name":"Unser Kampf ist aus einer Absage und einer Herausforderung entstanden. - Joseph Wresinski DE","isPartOf":{"@id":"https:\/\/www.joseph-wresinski.org\/de\/#website"},"primaryImageOfPage":{"@id":"https:\/\/www.joseph-wresinski.org\/de\/unser-kampf-ist-aus-einer-absage-und-einer-herausforderung-entstanden\/#primaryimage"},"image":{"@id":"https:\/\/www.joseph-wresinski.org\/de\/unser-kampf-ist-aus-einer-absage-und-einer-herausforderung-entstanden\/#primaryimage"},"thumbnailUrl":"https:\/\/www.joseph-wresinski.org\/de\/wp-content\/uploads\/sites\/17\/2024\/03\/CIJW-0070-821-052-15-05-1982-Bruxelles-25ans-du-Mouvement-1-2-scaled.jpg","datePublished":"2024-03-28T11:00:39+00:00","author":{"@id":"https:\/\/www.joseph-wresinski.org\/de\/#\/schema\/person\/93469e0206778753beddb73f4e07c8e0"},"breadcrumb":{"@id":"https:\/\/www.joseph-wresinski.org\/de\/unser-kampf-ist-aus-einer-absage-und-einer-herausforderung-entstanden\/#breadcrumb"},"inLanguage":"de","potentialAction":[{"@type":"ReadAction","target":["https:\/\/www.joseph-wresinski.org\/de\/unser-kampf-ist-aus-einer-absage-und-einer-herausforderung-entstanden\/"]}]},{"@type":"ImageObject","inLanguage":"de","@id":"https:\/\/www.joseph-wresinski.org\/de\/unser-kampf-ist-aus-einer-absage-und-einer-herausforderung-entstanden\/#primaryimage","url":"https:\/\/www.joseph-wresinski.org\/de\/wp-content\/uploads\/sites\/17\/2024\/03\/CIJW-0070-821-052-15-05-1982-Bruxelles-25ans-du-Mouvement-1-2-scaled.jpg","contentUrl":"https:\/\/www.joseph-wresinski.org\/de\/wp-content\/uploads\/sites\/17\/2024\/03\/CIJW-0070-821-052-15-05-1982-Bruxelles-25ans-du-Mouvement-1-2-scaled.jpg","width":2560,"height":1710},{"@type":"BreadcrumbList","@id":"https:\/\/www.joseph-wresinski.org\/de\/unser-kampf-ist-aus-einer-absage-und-einer-herausforderung-entstanden\/#breadcrumb","itemListElement":[{"@type":"ListItem","position":1,"name":"Startseite","item":"https:\/\/www.joseph-wresinski.org\/de\/"},{"@type":"ListItem","position":2,"name":"Unser Kampf ist aus einer Absage und einer Herausforderung entstanden."}]},{"@type":"WebSite","@id":"https:\/\/www.joseph-wresinski.org\/de\/#website","url":"https:\/\/www.joseph-wresinski.org\/de\/","name":"Joseph Wresinski DE","description":"Eine Webseite des  Joseph-Wresinski-Zentrums","potentialAction":[{"@type":"SearchAction","target":{"@type":"EntryPoint","urlTemplate":"https:\/\/www.joseph-wresinski.org\/de\/?s={search_term_string}"},"query-input":{"@type":"PropertyValueSpecification","valueRequired":true,"valueName":"search_term_string"}}],"inLanguage":"de"},{"@type":"Person","@id":"https:\/\/www.joseph-wresinski.org\/de\/#\/schema\/person\/93469e0206778753beddb73f4e07c8e0","name":"Jean Tonglet","image":{"@type":"ImageObject","inLanguage":"de","@id":"https:\/\/secure.gravatar.com\/avatar\/599cfd98b536979bcebf2d6839f0c694333341f1caf7ba53413b62de5453de40?s=96&d=mm&r=g","url":"https:\/\/secure.gravatar.com\/avatar\/599cfd98b536979bcebf2d6839f0c694333341f1caf7ba53413b62de5453de40?s=96&d=mm&r=g","contentUrl":"https:\/\/secure.gravatar.com\/avatar\/599cfd98b536979bcebf2d6839f0c694333341f1caf7ba53413b62de5453de40?s=96&d=mm&r=g","caption":"Jean Tonglet"},"url":"https:\/\/www.joseph-wresinski.org\/de\/author\/jean\/"}]}},"_links":{"self":[{"href":"https:\/\/www.joseph-wresinski.org\/de\/wp-json\/wp\/v2\/posts\/3334","targetHints":{"allow":["GET"]}}],"collection":[{"href":"https:\/\/www.joseph-wresinski.org\/de\/wp-json\/wp\/v2\/posts"}],"about":[{"href":"https:\/\/www.joseph-wresinski.org\/de\/wp-json\/wp\/v2\/types\/post"}],"author":[{"embeddable":true,"href":"https:\/\/www.joseph-wresinski.org\/de\/wp-json\/wp\/v2\/users\/4"}],"replies":[{"embeddable":true,"href":"https:\/\/www.joseph-wresinski.org\/de\/wp-json\/wp\/v2\/comments?post=3334"}],"version-history":[{"count":1,"href":"https:\/\/www.joseph-wresinski.org\/de\/wp-json\/wp\/v2\/posts\/3334\/revisions"}],"predecessor-version":[{"id":3335,"href":"https:\/\/www.joseph-wresinski.org\/de\/wp-json\/wp\/v2\/posts\/3334\/revisions\/3335"}],"wp:featuredmedia":[{"embeddable":true,"href":"https:\/\/www.joseph-wresinski.org\/de\/wp-json\/wp\/v2\/media\/3333"}],"wp:attachment":[{"href":"https:\/\/www.joseph-wresinski.org\/de\/wp-json\/wp\/v2\/media?parent=3334"}],"wp:term":[{"taxonomy":"category","embeddable":true,"href":"https:\/\/www.joseph-wresinski.org\/de\/wp-json\/wp\/v2\/categories?post=3334"},{"taxonomy":"post_tag","embeddable":true,"href":"https:\/\/www.joseph-wresinski.org\/de\/wp-json\/wp\/v2\/tags?post=3334"}],"curies":[{"name":"wp","href":"https:\/\/api.w.org\/{rel}","templated":true}]}}