{"id":769,"date":"2017-01-08T21:36:33","date_gmt":"2017-01-08T20:36:33","guid":{"rendered":"http:\/\/www.joseph-wresinski.org\/de\/wenn-alles-erlischt\/"},"modified":"2017-03-04T09:03:23","modified_gmt":"2017-03-04T08:03:23","slug":"wenn-alles-erlischt","status":"publish","type":"post","link":"https:\/\/www.joseph-wresinski.org\/de\/wenn-alles-erlischt\/","title":{"rendered":"Wenn alles erlischt"},"content":{"rendered":"<div>\n<h2>Aus einer v\u00f6llig verletzlichen Kraft heraus &#8230;<\/h2>\n<div><\/div>\n<div>Auf dem Platz der Freiheiten und Rechte des Menschen am Trocadero in Paris weiht P\u00e8re Joseph am 17. Oktober 1987 eine Gedenktafel f\u00fcr die Opfer des Elends ein. Sie ist das Ergebnis oder vielmehr der endg\u00fcltige Ausdruck eines Lebens. Und vor allem erz\u00e4hlt sie von einem langen Marsch f\u00fcr die Anerkennung der Tatsache, dass Elend eine Verweigerung der Grundrechte ist; sie ist ein Denkmal f\u00fcr alle, die das Elend im Laufe der Jahrhunderte und bis heute zum Schweigen gebracht und zur Nutzlosigkeit verdammt hat; sie ist ein Aufruf an alle Verteidiger der Menschenrechte, &#8222;konsequent [zu] sein in der Begegnung mit dem andern, den andern an [zu] nehmen wie sich selbst, bis hin zum Aller\u00e4rmsten&#8220;; und schliesslich verheisst sie, dass die Welt morgen imstande sein wird, die Stimme all ihrer Glieder zu h\u00f6ren und dass kein Mensch sich l\u00e4nger mit den Verletzungen abfinden wird, die das Elend nicht nur seinen unmittelbaren Opfern, sondern der ganzen Menschheit zuf\u00fcgt.<\/div>\n<\/div>\n<div><\/div>\n<div>Einige Monate zuvor waren die Empfehlungen des Berichts &#8222;Grosse Armut und wirtschaftliche und soziale Unsicherheit&#8220; vom franz\u00f6sischen Wirtschafts- und Sozialrat angenommen worden. Dieser von P\u00e8re Joseph erarbeitete Bericht ist ein entscheidender Einschnitt in der Geschichte der Armutsbek\u00e4mpfung: zum ersten Mal wird hier ein umfassendes, koh\u00e4rentes und zukunftsorientiertes politisches Programm vorgelegt, das den Kampf gegen das Elend mit dem Kampf f\u00fcr die Menschenrechte verbindet \u2013 erarbeitet in st\u00e4ndiger Absprache mit den \u00c4rmsten selber \u00fcber die Volkshochschulen der Vierte-Welt-Bewegung.<\/div>\n<div><\/div>\n<div>Von diesen beiden Hauptereignissen her gelesen, scheint P\u00e8re Josephs Leben in ein einfaches Schema zu passen: ein Mann, der als Kind in grosser Armut gelebt hat, findet sich an der Spitze einer Bewegung wieder, die zwar auf sehr ernsthafte Widerst\u00e4nde gestossen ist, aber doch nach und nach eine gewisse Anerkennung bei den nationalen und internationalen Instanzen erworben hat. &#8222;Langsam aber sicher machte er seinen Weg.&#8220; Eine solche Interpretation vergisst gerade, wie langsam alles ging. Sie \u00fcbersieht, dass dieser Weg von Schlamml\u00f6chern durchsetzt war, ja manchmal durch Abgr\u00fcnde f\u00fchrte. Ein P\u00e8re Joseph, der nie den Mut verliert, der sich seiner Sache ziemlich sicher ist, mit unersch\u00fctterlichem Vertrauen, dem alles gelungen ist \u2013 solch eine Ikone ist vorstellbar. Und um das Bild abzurunden: aufbrausend, ein unm\u00f6glicher Charakter und doch von unfassbarer Z\u00e4rtlichkeit. Ein starkes Temperament, wie man sagt, das die Gegens\u00e4tze verbindet. Wie alle<\/div>\n<div>F\u00fchrungspers\u00f6nlichkeiten. Mit scharfem Blick f\u00fcr die L\u00fccke im Unm\u00f6glichen. Vision\u00e4r, Prophet, Erneuerer. All dies ist nicht falsch, aber nur eine Skizze. Selbstverst\u00e4ndlich war er eine charismatische F\u00fchrungspers\u00f6nlichkeit, aber \u2013 wie soll ich sagen? \u2013 aus einer v\u00f6llig verletzlichen Kraft heraus.<\/div>\n<div><\/div>\n<div>P\u00e8re Josephs Leben ist der Ort und gleichzeitig die Frucht eines spirituellen Kampfes von erschreckender Intensit\u00e4t.<\/div>\n<p><em><strong>Jean-Claude Caillaux<\/strong> ist Theologe und seit 1982 Mitarbeiter der Bewegung ATD Vierte Welt. Der Text ist der Biografie &#8222;Joseph Wresinski. Un d\u00e9fi pour la dignit\u00e9 de tous&#8220; entnommen. (Paris, Descl\u00e9e de Brouwer, 1999, Seiten 95-115, neu aufgelegt 2007 unter dem Titel &#8222;Petite vie de Joseph Wresinski&#8220;). Aus dem Franz\u00f6sischen \u00fcbertragen von Marie-Rose Blunschi Ackermann, Januar 2000.<\/em><\/p>\n<h4><em>Lesen Sie das ganze Kapitel (7 Seiten):<\/em><\/h4>\n","protected":false},"excerpt":{"rendered":"<p>Aus einer v\u00f6llig verletzlichen Kraft heraus &#8230; Auf dem Platz der Freiheiten und Rechte des Menschen am Trocadero in Paris (&#8230;) <a class=\"more-link\" href=\"https:\/\/www.joseph-wresinski.org\/de\/wenn-alles-erlischt\/\">Weiterlesen &#8230; <span class=\"meta-nav\">&rarr;<\/span><\/a><\/p>\n","protected":false},"author":1,"featured_media":1230,"comment_status":"open","ping_status":"open","sticky":false,"template":"","format":"standard","meta":{"_acf_changed":false,"ep_exclude_from_search":false,"footnotes":""},"categories":[12,64],"tags":[],"class_list":["post-769","post","type-post","status-publish","format-standard","has-post-thumbnail","hentry","category-news","category-biographie"],"acf":[],"yoast_head":"<!-- This site is optimized with the Yoast SEO plugin v27.5 - https:\/\/yoast.com\/product\/yoast-seo-wordpress\/ -->\n<title>Wenn alles erlischt - Joseph Wresinski DE<\/title>\n<meta name=\"robots\" content=\"index, follow, max-snippet:-1, max-image-preview:large, max-video-preview:-1\" \/>\n<link rel=\"canonical\" href=\"https:\/\/www.joseph-wresinski.org\/de\/wenn-alles-erlischt\/\" \/>\n<meta property=\"og:locale\" content=\"de_DE\" \/>\n<meta property=\"og:type\" content=\"article\" \/>\n<meta property=\"og:title\" content=\"Wenn alles erlischt - Joseph Wresinski DE\" \/>\n<meta property=\"og:description\" content=\"Aus einer v\u00f6llig verletzlichen Kraft heraus &#8230; Auf dem Platz der Freiheiten und Rechte des Menschen am Trocadero in Paris (...) Weiterlesen ... &rarr;\" \/>\n<meta property=\"og:url\" content=\"https:\/\/www.joseph-wresinski.org\/de\/wenn-alles-erlischt\/\" \/>\n<meta property=\"og:site_name\" content=\"Joseph Wresinski DE\" \/>\n<meta property=\"article:published_time\" content=\"2017-01-08T20:36:33+00:00\" \/>\n<meta property=\"article:modified_time\" content=\"2017-03-04T08:03:23+00:00\" \/>\n<meta property=\"og:image\" content=\"https:\/\/www.joseph-wresinski.org\/de\/wp-content\/uploads\/sites\/17\/2017\/01\/FIC54562HAB0.jpg\" \/>\n\t<meta property=\"og:image:width\" content=\"308\" \/>\n\t<meta property=\"og:image:height\" content=\"500\" \/>\n\t<meta property=\"og:image:type\" content=\"image\/jpeg\" \/>\n<meta name=\"author\" content=\"webmestre\" \/>\n<meta name=\"twitter:card\" content=\"summary_large_image\" \/>\n<meta name=\"twitter:label1\" content=\"Verfasst von\" \/>\n\t<meta name=\"twitter:data1\" content=\"webmestre\" \/>\n\t<meta name=\"twitter:label2\" content=\"Gesch\u00e4tzte Lesezeit\" \/>\n\t<meta name=\"twitter:data2\" content=\"3\u00a0Minuten\" \/>\n<script type=\"application\/ld+json\" class=\"yoast-schema-graph\">{\"@context\":\"https:\\\/\\\/schema.org\",\"@graph\":[{\"@type\":\"Article\",\"@id\":\"https:\\\/\\\/www.joseph-wresinski.org\\\/de\\\/wenn-alles-erlischt\\\/#article\",\"isPartOf\":{\"@id\":\"https:\\\/\\\/www.joseph-wresinski.org\\\/de\\\/wenn-alles-erlischt\\\/\"},\"author\":{\"name\":\"webmestre\",\"@id\":\"https:\\\/\\\/www.joseph-wresinski.org\\\/de\\\/#\\\/schema\\\/person\\\/c666928d4be7b5b71419e1a78b02d04a\"},\"headline\":\"Wenn alles erlischt\",\"datePublished\":\"2017-01-08T20:36:33+00:00\",\"dateModified\":\"2017-03-04T08:03:23+00:00\",\"mainEntityOfPage\":{\"@id\":\"https:\\\/\\\/www.joseph-wresinski.org\\\/de\\\/wenn-alles-erlischt\\\/\"},\"wordCount\":534,\"commentCount\":0,\"image\":{\"@id\":\"https:\\\/\\\/www.joseph-wresinski.org\\\/de\\\/wenn-alles-erlischt\\\/#primaryimage\"},\"thumbnailUrl\":\"https:\\\/\\\/www.joseph-wresinski.org\\\/de\\\/wp-content\\\/uploads\\\/sites\\\/17\\\/2017\\\/01\\\/FIC54562HAB0.jpg\",\"articleSection\":[\"Aktuell\",\"Biographie\"],\"inLanguage\":\"de\",\"potentialAction\":[{\"@type\":\"CommentAction\",\"name\":\"Comment\",\"target\":[\"https:\\\/\\\/www.joseph-wresinski.org\\\/de\\\/wenn-alles-erlischt\\\/#respond\"]}]},{\"@type\":\"WebPage\",\"@id\":\"https:\\\/\\\/www.joseph-wresinski.org\\\/de\\\/wenn-alles-erlischt\\\/\",\"url\":\"https:\\\/\\\/www.joseph-wresinski.org\\\/de\\\/wenn-alles-erlischt\\\/\",\"name\":\"Wenn alles erlischt - Joseph Wresinski DE\",\"isPartOf\":{\"@id\":\"https:\\\/\\\/www.joseph-wresinski.org\\\/de\\\/#website\"},\"primaryImageOfPage\":{\"@id\":\"https:\\\/\\\/www.joseph-wresinski.org\\\/de\\\/wenn-alles-erlischt\\\/#primaryimage\"},\"image\":{\"@id\":\"https:\\\/\\\/www.joseph-wresinski.org\\\/de\\\/wenn-alles-erlischt\\\/#primaryimage\"},\"thumbnailUrl\":\"https:\\\/\\\/www.joseph-wresinski.org\\\/de\\\/wp-content\\\/uploads\\\/sites\\\/17\\\/2017\\\/01\\\/FIC54562HAB0.jpg\",\"datePublished\":\"2017-01-08T20:36:33+00:00\",\"dateModified\":\"2017-03-04T08:03:23+00:00\",\"author\":{\"@id\":\"https:\\\/\\\/www.joseph-wresinski.org\\\/de\\\/#\\\/schema\\\/person\\\/c666928d4be7b5b71419e1a78b02d04a\"},\"breadcrumb\":{\"@id\":\"https:\\\/\\\/www.joseph-wresinski.org\\\/de\\\/wenn-alles-erlischt\\\/#breadcrumb\"},\"inLanguage\":\"de\",\"potentialAction\":[{\"@type\":\"ReadAction\",\"target\":[\"https:\\\/\\\/www.joseph-wresinski.org\\\/de\\\/wenn-alles-erlischt\\\/\"]}]},{\"@type\":\"ImageObject\",\"inLanguage\":\"de\",\"@id\":\"https:\\\/\\\/www.joseph-wresinski.org\\\/de\\\/wenn-alles-erlischt\\\/#primaryimage\",\"url\":\"https:\\\/\\\/www.joseph-wresinski.org\\\/de\\\/wp-content\\\/uploads\\\/sites\\\/17\\\/2017\\\/01\\\/FIC54562HAB0.jpg\",\"contentUrl\":\"https:\\\/\\\/www.joseph-wresinski.org\\\/de\\\/wp-content\\\/uploads\\\/sites\\\/17\\\/2017\\\/01\\\/FIC54562HAB0.jpg\",\"width\":308,\"height\":500,\"caption\":\"Umschlagbild Petite vie de Joseph Wresinski\"},{\"@type\":\"BreadcrumbList\",\"@id\":\"https:\\\/\\\/www.joseph-wresinski.org\\\/de\\\/wenn-alles-erlischt\\\/#breadcrumb\",\"itemListElement\":[{\"@type\":\"ListItem\",\"position\":1,\"name\":\"Startseite\",\"item\":\"https:\\\/\\\/www.joseph-wresinski.org\\\/de\\\/\"},{\"@type\":\"ListItem\",\"position\":2,\"name\":\"Wenn alles erlischt\"}]},{\"@type\":\"WebSite\",\"@id\":\"https:\\\/\\\/www.joseph-wresinski.org\\\/de\\\/#website\",\"url\":\"https:\\\/\\\/www.joseph-wresinski.org\\\/de\\\/\",\"name\":\"Joseph Wresinski DE\",\"description\":\"Eine Webseite des  Joseph-Wresinski-Zentrums\",\"potentialAction\":[{\"@type\":\"SearchAction\",\"target\":{\"@type\":\"EntryPoint\",\"urlTemplate\":\"https:\\\/\\\/www.joseph-wresinski.org\\\/de\\\/?s={search_term_string}\"},\"query-input\":{\"@type\":\"PropertyValueSpecification\",\"valueRequired\":true,\"valueName\":\"search_term_string\"}}],\"inLanguage\":\"de\"},{\"@type\":\"Person\",\"@id\":\"https:\\\/\\\/www.joseph-wresinski.org\\\/de\\\/#\\\/schema\\\/person\\\/c666928d4be7b5b71419e1a78b02d04a\",\"name\":\"webmestre\",\"image\":{\"@type\":\"ImageObject\",\"inLanguage\":\"de\",\"@id\":\"https:\\\/\\\/secure.gravatar.com\\\/avatar\\\/416a097a3f95c03b93462266ddf7a1b5b815e837b340f6b881ae80c56b8c6d56?s=96&d=mm&r=g\",\"url\":\"https:\\\/\\\/secure.gravatar.com\\\/avatar\\\/416a097a3f95c03b93462266ddf7a1b5b815e837b340f6b881ae80c56b8c6d56?s=96&d=mm&r=g\",\"contentUrl\":\"https:\\\/\\\/secure.gravatar.com\\\/avatar\\\/416a097a3f95c03b93462266ddf7a1b5b815e837b340f6b881ae80c56b8c6d56?s=96&d=mm&r=g\",\"caption\":\"webmestre\"},\"url\":\"https:\\\/\\\/www.joseph-wresinski.org\\\/de\\\/author\\\/webmestre\\\/\"}]}<\/script>\n<!-- \/ Yoast SEO plugin. -->","yoast_head_json":{"title":"Wenn alles erlischt - Joseph Wresinski DE","robots":{"index":"index","follow":"follow","max-snippet":"max-snippet:-1","max-image-preview":"max-image-preview:large","max-video-preview":"max-video-preview:-1"},"canonical":"https:\/\/www.joseph-wresinski.org\/de\/wenn-alles-erlischt\/","og_locale":"de_DE","og_type":"article","og_title":"Wenn alles erlischt - Joseph Wresinski DE","og_description":"Aus einer v\u00f6llig verletzlichen Kraft heraus &#8230; Auf dem Platz der Freiheiten und Rechte des Menschen am Trocadero in Paris (...) Weiterlesen ... &rarr;","og_url":"https:\/\/www.joseph-wresinski.org\/de\/wenn-alles-erlischt\/","og_site_name":"Joseph Wresinski DE","article_published_time":"2017-01-08T20:36:33+00:00","article_modified_time":"2017-03-04T08:03:23+00:00","og_image":[{"width":308,"height":500,"url":"https:\/\/www.joseph-wresinski.org\/de\/wp-content\/uploads\/sites\/17\/2017\/01\/FIC54562HAB0.jpg","type":"image\/jpeg"}],"author":"webmestre","twitter_card":"summary_large_image","twitter_misc":{"Verfasst von":"webmestre","Gesch\u00e4tzte Lesezeit":"3\u00a0Minuten"},"schema":{"@context":"https:\/\/schema.org","@graph":[{"@type":"Article","@id":"https:\/\/www.joseph-wresinski.org\/de\/wenn-alles-erlischt\/#article","isPartOf":{"@id":"https:\/\/www.joseph-wresinski.org\/de\/wenn-alles-erlischt\/"},"author":{"name":"webmestre","@id":"https:\/\/www.joseph-wresinski.org\/de\/#\/schema\/person\/c666928d4be7b5b71419e1a78b02d04a"},"headline":"Wenn alles erlischt","datePublished":"2017-01-08T20:36:33+00:00","dateModified":"2017-03-04T08:03:23+00:00","mainEntityOfPage":{"@id":"https:\/\/www.joseph-wresinski.org\/de\/wenn-alles-erlischt\/"},"wordCount":534,"commentCount":0,"image":{"@id":"https:\/\/www.joseph-wresinski.org\/de\/wenn-alles-erlischt\/#primaryimage"},"thumbnailUrl":"https:\/\/www.joseph-wresinski.org\/de\/wp-content\/uploads\/sites\/17\/2017\/01\/FIC54562HAB0.jpg","articleSection":["Aktuell","Biographie"],"inLanguage":"de","potentialAction":[{"@type":"CommentAction","name":"Comment","target":["https:\/\/www.joseph-wresinski.org\/de\/wenn-alles-erlischt\/#respond"]}]},{"@type":"WebPage","@id":"https:\/\/www.joseph-wresinski.org\/de\/wenn-alles-erlischt\/","url":"https:\/\/www.joseph-wresinski.org\/de\/wenn-alles-erlischt\/","name":"Wenn alles erlischt - Joseph Wresinski DE","isPartOf":{"@id":"https:\/\/www.joseph-wresinski.org\/de\/#website"},"primaryImageOfPage":{"@id":"https:\/\/www.joseph-wresinski.org\/de\/wenn-alles-erlischt\/#primaryimage"},"image":{"@id":"https:\/\/www.joseph-wresinski.org\/de\/wenn-alles-erlischt\/#primaryimage"},"thumbnailUrl":"https:\/\/www.joseph-wresinski.org\/de\/wp-content\/uploads\/sites\/17\/2017\/01\/FIC54562HAB0.jpg","datePublished":"2017-01-08T20:36:33+00:00","dateModified":"2017-03-04T08:03:23+00:00","author":{"@id":"https:\/\/www.joseph-wresinski.org\/de\/#\/schema\/person\/c666928d4be7b5b71419e1a78b02d04a"},"breadcrumb":{"@id":"https:\/\/www.joseph-wresinski.org\/de\/wenn-alles-erlischt\/#breadcrumb"},"inLanguage":"de","potentialAction":[{"@type":"ReadAction","target":["https:\/\/www.joseph-wresinski.org\/de\/wenn-alles-erlischt\/"]}]},{"@type":"ImageObject","inLanguage":"de","@id":"https:\/\/www.joseph-wresinski.org\/de\/wenn-alles-erlischt\/#primaryimage","url":"https:\/\/www.joseph-wresinski.org\/de\/wp-content\/uploads\/sites\/17\/2017\/01\/FIC54562HAB0.jpg","contentUrl":"https:\/\/www.joseph-wresinski.org\/de\/wp-content\/uploads\/sites\/17\/2017\/01\/FIC54562HAB0.jpg","width":308,"height":500,"caption":"Umschlagbild Petite vie de Joseph Wresinski"},{"@type":"BreadcrumbList","@id":"https:\/\/www.joseph-wresinski.org\/de\/wenn-alles-erlischt\/#breadcrumb","itemListElement":[{"@type":"ListItem","position":1,"name":"Startseite","item":"https:\/\/www.joseph-wresinski.org\/de\/"},{"@type":"ListItem","position":2,"name":"Wenn alles erlischt"}]},{"@type":"WebSite","@id":"https:\/\/www.joseph-wresinski.org\/de\/#website","url":"https:\/\/www.joseph-wresinski.org\/de\/","name":"Joseph Wresinski DE","description":"Eine Webseite des  Joseph-Wresinski-Zentrums","potentialAction":[{"@type":"SearchAction","target":{"@type":"EntryPoint","urlTemplate":"https:\/\/www.joseph-wresinski.org\/de\/?s={search_term_string}"},"query-input":{"@type":"PropertyValueSpecification","valueRequired":true,"valueName":"search_term_string"}}],"inLanguage":"de"},{"@type":"Person","@id":"https:\/\/www.joseph-wresinski.org\/de\/#\/schema\/person\/c666928d4be7b5b71419e1a78b02d04a","name":"webmestre","image":{"@type":"ImageObject","inLanguage":"de","@id":"https:\/\/secure.gravatar.com\/avatar\/416a097a3f95c03b93462266ddf7a1b5b815e837b340f6b881ae80c56b8c6d56?s=96&d=mm&r=g","url":"https:\/\/secure.gravatar.com\/avatar\/416a097a3f95c03b93462266ddf7a1b5b815e837b340f6b881ae80c56b8c6d56?s=96&d=mm&r=g","contentUrl":"https:\/\/secure.gravatar.com\/avatar\/416a097a3f95c03b93462266ddf7a1b5b815e837b340f6b881ae80c56b8c6d56?s=96&d=mm&r=g","caption":"webmestre"},"url":"https:\/\/www.joseph-wresinski.org\/de\/author\/webmestre\/"}]}},"_links":{"self":[{"href":"https:\/\/www.joseph-wresinski.org\/de\/wp-json\/wp\/v2\/posts\/769","targetHints":{"allow":["GET"]}}],"collection":[{"href":"https:\/\/www.joseph-wresinski.org\/de\/wp-json\/wp\/v2\/posts"}],"about":[{"href":"https:\/\/www.joseph-wresinski.org\/de\/wp-json\/wp\/v2\/types\/post"}],"author":[{"embeddable":true,"href":"https:\/\/www.joseph-wresinski.org\/de\/wp-json\/wp\/v2\/users\/1"}],"replies":[{"embeddable":true,"href":"https:\/\/www.joseph-wresinski.org\/de\/wp-json\/wp\/v2\/comments?post=769"}],"version-history":[{"count":12,"href":"https:\/\/www.joseph-wresinski.org\/de\/wp-json\/wp\/v2\/posts\/769\/revisions"}],"predecessor-version":[{"id":1291,"href":"https:\/\/www.joseph-wresinski.org\/de\/wp-json\/wp\/v2\/posts\/769\/revisions\/1291"}],"wp:featuredmedia":[{"embeddable":true,"href":"https:\/\/www.joseph-wresinski.org\/de\/wp-json\/wp\/v2\/media\/1230"}],"wp:attachment":[{"href":"https:\/\/www.joseph-wresinski.org\/de\/wp-json\/wp\/v2\/media?parent=769"}],"wp:term":[{"taxonomy":"category","embeddable":true,"href":"https:\/\/www.joseph-wresinski.org\/de\/wp-json\/wp\/v2\/categories?post=769"},{"taxonomy":"post_tag","embeddable":true,"href":"https:\/\/www.joseph-wresinski.org\/de\/wp-json\/wp\/v2\/tags?post=769"}],"curies":[{"name":"wp","href":"https:\/\/api.w.org\/{rel}","templated":true}]}}