{"id":771,"date":"2013-07-20T23:06:17","date_gmt":"2013-07-20T21:06:17","guid":{"rendered":"http:\/\/www.joseph-wresinski.org\/de\/ein-leben-unser-leben\/"},"modified":"2021-01-19T10:03:05","modified_gmt":"2021-01-19T09:03:05","slug":"ein-leben-unser-leben","status":"publish","type":"post","link":"https:\/\/www.joseph-wresinski.org\/de\/ein-leben-unser-leben\/","title":{"rendered":"Ein Leben, unser Leben"},"content":{"rendered":"<p><strong>Dieses Heft enth\u00e4lt Ausz\u00fcge aus Interviews mit Joseph Wresinski aus dem Jahr 1987.\u00a0Die erste Ausgabe erschien 1989 f\u00fcr die Delegierten der Vierten Welt, die nach Rom gereist sind, um Papst Johannes-Paul II. zu treffen.<\/strong><\/p>\n<h2>Niemals sicher sein, das behalten zu k\u00f6nnen, was man liebt<\/h2>\n<p>Eine Erinnerung aus meiner Kindheit: Wir hatten einen Distelfink verletzt gefunden und mit nach Hause gebracht. Dort setzten wir ihn in einen K\u00e4fig, gaben ihm K\u00f6rner, Wasser und pflegten ihn gesund. Wir mochten ihn gern und er sang. Vor allem Mutter machte er gl\u00fccklich.<\/p>\n<p>Doch dann kam eine schwere Zeit: Vater schrieb nicht mehr, wir hatten kein Geld und waren nun wirklich im Elend. Mutter weinte und wir Kinder verstanden nicht, was uns geschah, wussten nicht, was wir f\u00fcr sie tun k\u00f6nnten.<\/p>\n<p>Ich stahl Blumen, um Mutter ein wenig Freude zu machen, ich lie\u00df bei der Metzgerin ein paar Sous* mitgehen, um Mutter eine Kleinigkeit zu kaufen, aber sie blieb voller Sorge. Eines Tages wurde es endlich besser, die Sonne kam wieder zum Vorschein. Da schauten wir auch wieder nach dem Vogel. Stille. Er war tot. In unserem Kummer hatten wir ihn ganz vergessen.<\/p>\n<p>Das ist das Elend: Niemals sicher sein, das behalten zu k\u00f6nnen, was man liebt.<\/p>\n<p>*M\u00fcnzen, Cents<\/p>\n<h2><img loading=\"lazy\" decoding=\"async\" class=\"wp-image-1797 aligncenter\" src=\"http:\/\/www.joseph-wresinski.org\/de\/wp-content\/uploads\/sites\/17\/2018\/10\/Wresinski-Mein-Leber-Unser-Leber-1989-Couverture-livret-web-229x400.jpg\" alt=\"\" width=\"204\" height=\"356\" srcset=\"https:\/\/www.joseph-wresinski.org\/de\/wp-content\/uploads\/sites\/17\/2018\/10\/Wresinski-Mein-Leber-Unser-Leber-1989-Couverture-livret-web-229x400.jpg 229w, https:\/\/www.joseph-wresinski.org\/de\/wp-content\/uploads\/sites\/17\/2018\/10\/Wresinski-Mein-Leber-Unser-Leber-1989-Couverture-livret-web-304x530.jpg 304w, https:\/\/www.joseph-wresinski.org\/de\/wp-content\/uploads\/sites\/17\/2018\/10\/Wresinski-Mein-Leber-Unser-Leber-1989-Couverture-livret-web.jpg 500w\" sizes=\"auto, (max-width: 204px) 100vw, 204px\" \/><\/h2>\n<h4>Lesen Sie das ganze Heft (10 Seiten):<\/h4>\n","protected":false},"excerpt":{"rendered":"<p>Dieses Heft enth\u00e4lt Ausz\u00fcge aus Interviews mit Joseph Wresinski aus dem Jahr 1987.\u00a0Die erste Ausgabe erschien 1989 f\u00fcr die Delegierten (&#8230;) <a class=\"more-link\" href=\"https:\/\/www.joseph-wresinski.org\/de\/ein-leben-unser-leben\/\">Weiterlesen &#8230; <span class=\"meta-nav\">&rarr;<\/span><\/a><\/p>\n","protected":false},"author":1,"featured_media":1799,"comment_status":"open","ping_status":"open","sticky":false,"template":"","format":"standard","meta":{"_acf_changed":false,"ep_exclude_from_search":false,"footnotes":""},"categories":[64,84,70],"tags":[],"class_list":["post-771","post","type-post","status-publish","format-standard","has-post-thumbnail","hentry","category-biographie","category-interviews","category-schriften"],"acf":[],"yoast_head":"<!-- This site is optimized with the Yoast SEO plugin v27.5 - https:\/\/yoast.com\/product\/yoast-seo-wordpress\/ -->\n<title>Ein Leben, unser Leben - Joseph Wresinski DE<\/title>\n<meta name=\"robots\" content=\"index, follow, max-snippet:-1, max-image-preview:large, max-video-preview:-1\" \/>\n<link rel=\"canonical\" href=\"https:\/\/www.joseph-wresinski.org\/de\/ein-leben-unser-leben\/\" \/>\n<meta property=\"og:locale\" content=\"de_DE\" \/>\n<meta property=\"og:type\" content=\"article\" \/>\n<meta property=\"og:title\" content=\"Ein Leben, unser Leben - Joseph Wresinski DE\" \/>\n<meta property=\"og:description\" content=\"Dieses Heft enth\u00e4lt Ausz\u00fcge aus Interviews mit Joseph Wresinski aus dem Jahr 1987.\u00a0Die erste Ausgabe erschien 1989 f\u00fcr die Delegierten (...) Weiterlesen ... &rarr;\" \/>\n<meta property=\"og:url\" content=\"https:\/\/www.joseph-wresinski.org\/de\/ein-leben-unser-leben\/\" \/>\n<meta property=\"og:site_name\" content=\"Joseph Wresinski DE\" \/>\n<meta property=\"article:published_time\" content=\"2013-07-20T21:06:17+00:00\" \/>\n<meta property=\"article:modified_time\" content=\"2021-01-19T09:03:05+00:00\" \/>\n<meta property=\"og:image\" content=\"https:\/\/www.joseph-wresinski.org\/de\/wp-content\/uploads\/sites\/17\/2018\/10\/PJWFondateurUneVieMaxi-487x530.jpg\" \/>\n\t<meta property=\"og:image:width\" content=\"487\" \/>\n\t<meta property=\"og:image:height\" content=\"530\" \/>\n\t<meta property=\"og:image:type\" content=\"image\/jpeg\" \/>\n<meta name=\"author\" content=\"webmestre\" \/>\n<meta name=\"twitter:card\" content=\"summary_large_image\" \/>\n<meta name=\"twitter:label1\" content=\"Verfasst von\" \/>\n\t<meta name=\"twitter:data1\" content=\"webmestre\" \/>\n\t<meta name=\"twitter:label2\" content=\"Gesch\u00e4tzte Lesezeit\" \/>\n\t<meta name=\"twitter:data2\" content=\"1\u00a0Minute\" \/>\n<script type=\"application\/ld+json\" class=\"yoast-schema-graph\">{\"@context\":\"https:\\\/\\\/schema.org\",\"@graph\":[{\"@type\":\"Article\",\"@id\":\"https:\\\/\\\/www.joseph-wresinski.org\\\/de\\\/ein-leben-unser-leben\\\/#article\",\"isPartOf\":{\"@id\":\"https:\\\/\\\/www.joseph-wresinski.org\\\/de\\\/ein-leben-unser-leben\\\/\"},\"author\":{\"name\":\"webmestre\",\"@id\":\"https:\\\/\\\/www.joseph-wresinski.org\\\/de\\\/#\\\/schema\\\/person\\\/c666928d4be7b5b71419e1a78b02d04a\"},\"headline\":\"Ein Leben, unser Leben\",\"datePublished\":\"2013-07-20T21:06:17+00:00\",\"dateModified\":\"2021-01-19T09:03:05+00:00\",\"mainEntityOfPage\":{\"@id\":\"https:\\\/\\\/www.joseph-wresinski.org\\\/de\\\/ein-leben-unser-leben\\\/\"},\"wordCount\":224,\"commentCount\":1,\"image\":{\"@id\":\"https:\\\/\\\/www.joseph-wresinski.org\\\/de\\\/ein-leben-unser-leben\\\/#primaryimage\"},\"thumbnailUrl\":\"https:\\\/\\\/www.joseph-wresinski.org\\\/de\\\/wp-content\\\/uploads\\\/sites\\\/17\\\/2018\\\/10\\\/PJWFondateurUneVieMaxi-487x530.jpg\",\"articleSection\":[\"Biographie\",\"Interviews\",\"Schriften\"],\"inLanguage\":\"de\",\"potentialAction\":[{\"@type\":\"CommentAction\",\"name\":\"Comment\",\"target\":[\"https:\\\/\\\/www.joseph-wresinski.org\\\/de\\\/ein-leben-unser-leben\\\/#respond\"]}]},{\"@type\":\"WebPage\",\"@id\":\"https:\\\/\\\/www.joseph-wresinski.org\\\/de\\\/ein-leben-unser-leben\\\/\",\"url\":\"https:\\\/\\\/www.joseph-wresinski.org\\\/de\\\/ein-leben-unser-leben\\\/\",\"name\":\"Ein Leben, unser Leben - Joseph Wresinski DE\",\"isPartOf\":{\"@id\":\"https:\\\/\\\/www.joseph-wresinski.org\\\/de\\\/#website\"},\"primaryImageOfPage\":{\"@id\":\"https:\\\/\\\/www.joseph-wresinski.org\\\/de\\\/ein-leben-unser-leben\\\/#primaryimage\"},\"image\":{\"@id\":\"https:\\\/\\\/www.joseph-wresinski.org\\\/de\\\/ein-leben-unser-leben\\\/#primaryimage\"},\"thumbnailUrl\":\"https:\\\/\\\/www.joseph-wresinski.org\\\/de\\\/wp-content\\\/uploads\\\/sites\\\/17\\\/2018\\\/10\\\/PJWFondateurUneVieMaxi-487x530.jpg\",\"datePublished\":\"2013-07-20T21:06:17+00:00\",\"dateModified\":\"2021-01-19T09:03:05+00:00\",\"author\":{\"@id\":\"https:\\\/\\\/www.joseph-wresinski.org\\\/de\\\/#\\\/schema\\\/person\\\/c666928d4be7b5b71419e1a78b02d04a\"},\"breadcrumb\":{\"@id\":\"https:\\\/\\\/www.joseph-wresinski.org\\\/de\\\/ein-leben-unser-leben\\\/#breadcrumb\"},\"inLanguage\":\"de\",\"potentialAction\":[{\"@type\":\"ReadAction\",\"target\":[\"https:\\\/\\\/www.joseph-wresinski.org\\\/de\\\/ein-leben-unser-leben\\\/\"]}]},{\"@type\":\"ImageObject\",\"inLanguage\":\"de\",\"@id\":\"https:\\\/\\\/www.joseph-wresinski.org\\\/de\\\/ein-leben-unser-leben\\\/#primaryimage\",\"url\":\"https:\\\/\\\/www.joseph-wresinski.org\\\/de\\\/wp-content\\\/uploads\\\/sites\\\/17\\\/2018\\\/10\\\/PJWFondateurUneVieMaxi-487x530.jpg\",\"contentUrl\":\"https:\\\/\\\/www.joseph-wresinski.org\\\/de\\\/wp-content\\\/uploads\\\/sites\\\/17\\\/2018\\\/10\\\/PJWFondateurUneVieMaxi-487x530.jpg\",\"width\":487,\"height\":530},{\"@type\":\"BreadcrumbList\",\"@id\":\"https:\\\/\\\/www.joseph-wresinski.org\\\/de\\\/ein-leben-unser-leben\\\/#breadcrumb\",\"itemListElement\":[{\"@type\":\"ListItem\",\"position\":1,\"name\":\"Startseite\",\"item\":\"https:\\\/\\\/www.joseph-wresinski.org\\\/de\\\/\"},{\"@type\":\"ListItem\",\"position\":2,\"name\":\"Ein Leben, unser Leben\"}]},{\"@type\":\"WebSite\",\"@id\":\"https:\\\/\\\/www.joseph-wresinski.org\\\/de\\\/#website\",\"url\":\"https:\\\/\\\/www.joseph-wresinski.org\\\/de\\\/\",\"name\":\"Joseph Wresinski DE\",\"description\":\"Eine Webseite des  Joseph-Wresinski-Zentrums\",\"potentialAction\":[{\"@type\":\"SearchAction\",\"target\":{\"@type\":\"EntryPoint\",\"urlTemplate\":\"https:\\\/\\\/www.joseph-wresinski.org\\\/de\\\/?s={search_term_string}\"},\"query-input\":{\"@type\":\"PropertyValueSpecification\",\"valueRequired\":true,\"valueName\":\"search_term_string\"}}],\"inLanguage\":\"de\"},{\"@type\":\"Person\",\"@id\":\"https:\\\/\\\/www.joseph-wresinski.org\\\/de\\\/#\\\/schema\\\/person\\\/c666928d4be7b5b71419e1a78b02d04a\",\"name\":\"webmestre\",\"image\":{\"@type\":\"ImageObject\",\"inLanguage\":\"de\",\"@id\":\"https:\\\/\\\/secure.gravatar.com\\\/avatar\\\/416a097a3f95c03b93462266ddf7a1b5b815e837b340f6b881ae80c56b8c6d56?s=96&d=mm&r=g\",\"url\":\"https:\\\/\\\/secure.gravatar.com\\\/avatar\\\/416a097a3f95c03b93462266ddf7a1b5b815e837b340f6b881ae80c56b8c6d56?s=96&d=mm&r=g\",\"contentUrl\":\"https:\\\/\\\/secure.gravatar.com\\\/avatar\\\/416a097a3f95c03b93462266ddf7a1b5b815e837b340f6b881ae80c56b8c6d56?s=96&d=mm&r=g\",\"caption\":\"webmestre\"},\"url\":\"https:\\\/\\\/www.joseph-wresinski.org\\\/de\\\/author\\\/webmestre\\\/\"}]}<\/script>\n<!-- \/ Yoast SEO plugin. -->","yoast_head_json":{"title":"Ein Leben, unser Leben - Joseph Wresinski DE","robots":{"index":"index","follow":"follow","max-snippet":"max-snippet:-1","max-image-preview":"max-image-preview:large","max-video-preview":"max-video-preview:-1"},"canonical":"https:\/\/www.joseph-wresinski.org\/de\/ein-leben-unser-leben\/","og_locale":"de_DE","og_type":"article","og_title":"Ein Leben, unser Leben - Joseph Wresinski DE","og_description":"Dieses Heft enth\u00e4lt Ausz\u00fcge aus Interviews mit Joseph Wresinski aus dem Jahr 1987.\u00a0Die erste Ausgabe erschien 1989 f\u00fcr die Delegierten (...) Weiterlesen ... &rarr;","og_url":"https:\/\/www.joseph-wresinski.org\/de\/ein-leben-unser-leben\/","og_site_name":"Joseph Wresinski DE","article_published_time":"2013-07-20T21:06:17+00:00","article_modified_time":"2021-01-19T09:03:05+00:00","og_image":[{"width":487,"height":530,"url":"https:\/\/www.joseph-wresinski.org\/de\/wp-content\/uploads\/sites\/17\/2018\/10\/PJWFondateurUneVieMaxi-487x530.jpg","type":"image\/jpeg"}],"author":"webmestre","twitter_card":"summary_large_image","twitter_misc":{"Verfasst von":"webmestre","Gesch\u00e4tzte Lesezeit":"1\u00a0Minute"},"schema":{"@context":"https:\/\/schema.org","@graph":[{"@type":"Article","@id":"https:\/\/www.joseph-wresinski.org\/de\/ein-leben-unser-leben\/#article","isPartOf":{"@id":"https:\/\/www.joseph-wresinski.org\/de\/ein-leben-unser-leben\/"},"author":{"name":"webmestre","@id":"https:\/\/www.joseph-wresinski.org\/de\/#\/schema\/person\/c666928d4be7b5b71419e1a78b02d04a"},"headline":"Ein Leben, unser Leben","datePublished":"2013-07-20T21:06:17+00:00","dateModified":"2021-01-19T09:03:05+00:00","mainEntityOfPage":{"@id":"https:\/\/www.joseph-wresinski.org\/de\/ein-leben-unser-leben\/"},"wordCount":224,"commentCount":1,"image":{"@id":"https:\/\/www.joseph-wresinski.org\/de\/ein-leben-unser-leben\/#primaryimage"},"thumbnailUrl":"https:\/\/www.joseph-wresinski.org\/de\/wp-content\/uploads\/sites\/17\/2018\/10\/PJWFondateurUneVieMaxi-487x530.jpg","articleSection":["Biographie","Interviews","Schriften"],"inLanguage":"de","potentialAction":[{"@type":"CommentAction","name":"Comment","target":["https:\/\/www.joseph-wresinski.org\/de\/ein-leben-unser-leben\/#respond"]}]},{"@type":"WebPage","@id":"https:\/\/www.joseph-wresinski.org\/de\/ein-leben-unser-leben\/","url":"https:\/\/www.joseph-wresinski.org\/de\/ein-leben-unser-leben\/","name":"Ein Leben, unser Leben - Joseph Wresinski DE","isPartOf":{"@id":"https:\/\/www.joseph-wresinski.org\/de\/#website"},"primaryImageOfPage":{"@id":"https:\/\/www.joseph-wresinski.org\/de\/ein-leben-unser-leben\/#primaryimage"},"image":{"@id":"https:\/\/www.joseph-wresinski.org\/de\/ein-leben-unser-leben\/#primaryimage"},"thumbnailUrl":"https:\/\/www.joseph-wresinski.org\/de\/wp-content\/uploads\/sites\/17\/2018\/10\/PJWFondateurUneVieMaxi-487x530.jpg","datePublished":"2013-07-20T21:06:17+00:00","dateModified":"2021-01-19T09:03:05+00:00","author":{"@id":"https:\/\/www.joseph-wresinski.org\/de\/#\/schema\/person\/c666928d4be7b5b71419e1a78b02d04a"},"breadcrumb":{"@id":"https:\/\/www.joseph-wresinski.org\/de\/ein-leben-unser-leben\/#breadcrumb"},"inLanguage":"de","potentialAction":[{"@type":"ReadAction","target":["https:\/\/www.joseph-wresinski.org\/de\/ein-leben-unser-leben\/"]}]},{"@type":"ImageObject","inLanguage":"de","@id":"https:\/\/www.joseph-wresinski.org\/de\/ein-leben-unser-leben\/#primaryimage","url":"https:\/\/www.joseph-wresinski.org\/de\/wp-content\/uploads\/sites\/17\/2018\/10\/PJWFondateurUneVieMaxi-487x530.jpg","contentUrl":"https:\/\/www.joseph-wresinski.org\/de\/wp-content\/uploads\/sites\/17\/2018\/10\/PJWFondateurUneVieMaxi-487x530.jpg","width":487,"height":530},{"@type":"BreadcrumbList","@id":"https:\/\/www.joseph-wresinski.org\/de\/ein-leben-unser-leben\/#breadcrumb","itemListElement":[{"@type":"ListItem","position":1,"name":"Startseite","item":"https:\/\/www.joseph-wresinski.org\/de\/"},{"@type":"ListItem","position":2,"name":"Ein Leben, unser Leben"}]},{"@type":"WebSite","@id":"https:\/\/www.joseph-wresinski.org\/de\/#website","url":"https:\/\/www.joseph-wresinski.org\/de\/","name":"Joseph Wresinski DE","description":"Eine Webseite des  Joseph-Wresinski-Zentrums","potentialAction":[{"@type":"SearchAction","target":{"@type":"EntryPoint","urlTemplate":"https:\/\/www.joseph-wresinski.org\/de\/?s={search_term_string}"},"query-input":{"@type":"PropertyValueSpecification","valueRequired":true,"valueName":"search_term_string"}}],"inLanguage":"de"},{"@type":"Person","@id":"https:\/\/www.joseph-wresinski.org\/de\/#\/schema\/person\/c666928d4be7b5b71419e1a78b02d04a","name":"webmestre","image":{"@type":"ImageObject","inLanguage":"de","@id":"https:\/\/secure.gravatar.com\/avatar\/416a097a3f95c03b93462266ddf7a1b5b815e837b340f6b881ae80c56b8c6d56?s=96&d=mm&r=g","url":"https:\/\/secure.gravatar.com\/avatar\/416a097a3f95c03b93462266ddf7a1b5b815e837b340f6b881ae80c56b8c6d56?s=96&d=mm&r=g","contentUrl":"https:\/\/secure.gravatar.com\/avatar\/416a097a3f95c03b93462266ddf7a1b5b815e837b340f6b881ae80c56b8c6d56?s=96&d=mm&r=g","caption":"webmestre"},"url":"https:\/\/www.joseph-wresinski.org\/de\/author\/webmestre\/"}]}},"_links":{"self":[{"href":"https:\/\/www.joseph-wresinski.org\/de\/wp-json\/wp\/v2\/posts\/771","targetHints":{"allow":["GET"]}}],"collection":[{"href":"https:\/\/www.joseph-wresinski.org\/de\/wp-json\/wp\/v2\/posts"}],"about":[{"href":"https:\/\/www.joseph-wresinski.org\/de\/wp-json\/wp\/v2\/types\/post"}],"author":[{"embeddable":true,"href":"https:\/\/www.joseph-wresinski.org\/de\/wp-json\/wp\/v2\/users\/1"}],"replies":[{"embeddable":true,"href":"https:\/\/www.joseph-wresinski.org\/de\/wp-json\/wp\/v2\/comments?post=771"}],"version-history":[{"count":6,"href":"https:\/\/www.joseph-wresinski.org\/de\/wp-json\/wp\/v2\/posts\/771\/revisions"}],"predecessor-version":[{"id":1876,"href":"https:\/\/www.joseph-wresinski.org\/de\/wp-json\/wp\/v2\/posts\/771\/revisions\/1876"}],"wp:featuredmedia":[{"embeddable":true,"href":"https:\/\/www.joseph-wresinski.org\/de\/wp-json\/wp\/v2\/media\/1799"}],"wp:attachment":[{"href":"https:\/\/www.joseph-wresinski.org\/de\/wp-json\/wp\/v2\/media?parent=771"}],"wp:term":[{"taxonomy":"category","embeddable":true,"href":"https:\/\/www.joseph-wresinski.org\/de\/wp-json\/wp\/v2\/categories?post=771"},{"taxonomy":"post_tag","embeddable":true,"href":"https:\/\/www.joseph-wresinski.org\/de\/wp-json\/wp\/v2\/tags?post=771"}],"curies":[{"name":"wp","href":"https:\/\/api.w.org\/{rel}","templated":true}]}}