{"id":888,"date":"2016-11-23T18:33:51","date_gmt":"2016-11-23T17:33:51","guid":{"rendered":"http:\/\/www.joseph-wresinski.org\/de\/?p=888"},"modified":"2018-09-21T17:21:36","modified_gmt":"2018-09-21T15:21:36","slug":"das-joseph-wresinski-zentrum-2","status":"publish","type":"post","link":"https:\/\/www.joseph-wresinski.org\/de\/das-joseph-wresinski-zentrum-2\/","title":{"rendered":"Das Joseph-Wresinski-Zentrum"},"content":{"rendered":"<p class=\"spip\">Im Joseph-Wresinski-Zentrum in Baillet-en-France bei Paris wird die Erinnerung an die Geschichte der Armen und Ausgegrenzten lebendig erhalten. All die Schriftst\u00fccke, Photos, Tondokumente, Filme und Kunstgegenst\u00e4nde, die im Laufe der Jahre im Rahmen der T\u00e4tigkeit von <a class=\"spip_out\" href=\"http:\/\/www.atd-fourthworld.org\/-Deutsch-.html\">ATD Vierte Welt<\/a> entstanden sind, werden hier aufbewahrt und der \u00d6ffentlichkeit zug\u00e4nglich gemacht.<\/p>\n<p class=\"spip\">Ein Leben lang hat Joseph Wresinski daf\u00fcr gek\u00e4mpft, dass diese Geschichte nicht vergessen wird. Sein Erbe soll zu einer Quelle der Inspiration werden f\u00fcr alle, die mit den \u00c4rmsten zusammen dem Elend die Stirn bieten wollen.<\/p>\n<p class=\"spip\"><strong class=\"spip\">\u201cWenn wir nicht Tag f\u00fcr Tag da gewesen w\u00e4ren, dann w\u00e4re eine der schmerzlichsten Seiten der Armen aus dem Geschichtsbuch der Menschen herausgerissen worden.\u201d Joseph Wresinski<\/strong><\/p>\n","protected":false},"excerpt":{"rendered":"<p>Im Joseph-Wresinski-Zentrum in Baillet-en-France bei Paris wird die Erinnerung an die Geschichte der Armen und Ausgegrenzten lebendig erhalten. All die (&#8230;) <a class=\"more-link\" href=\"https:\/\/www.joseph-wresinski.org\/de\/das-joseph-wresinski-zentrum-2\/\">Weiterlesen &#8230; <span class=\"meta-nav\">&rarr;<\/span><\/a><\/p>\n","protected":false},"author":4,"featured_media":886,"comment_status":"open","ping_status":"open","sticky":false,"template":"","format":"standard","meta":{"_acf_changed":false,"ep_exclude_from_search":false,"footnotes":""},"categories":[12],"tags":[],"class_list":["post-888","post","type-post","status-publish","format-standard","has-post-thumbnail","hentry","category-news"],"acf":[],"yoast_head":"<!-- This site is optimized with the Yoast SEO plugin v27.5 - https:\/\/yoast.com\/product\/yoast-seo-wordpress\/ -->\n<title>Das Joseph-Wresinski-Zentrum - Joseph Wresinski DE<\/title>\n<meta name=\"robots\" content=\"index, follow, max-snippet:-1, max-image-preview:large, max-video-preview:-1\" \/>\n<link rel=\"canonical\" href=\"https:\/\/www.joseph-wresinski.org\/de\/das-joseph-wresinski-zentrum-2\/\" \/>\n<meta property=\"og:locale\" content=\"de_DE\" \/>\n<meta property=\"og:type\" content=\"article\" \/>\n<meta property=\"og:title\" content=\"Das Joseph-Wresinski-Zentrum - Joseph Wresinski DE\" \/>\n<meta property=\"og:description\" content=\"Im Joseph-Wresinski-Zentrum in Baillet-en-France bei Paris wird die Erinnerung an die Geschichte der Armen und Ausgegrenzten lebendig erhalten. All die (...) Weiterlesen ... &rarr;\" \/>\n<meta property=\"og:url\" content=\"https:\/\/www.joseph-wresinski.org\/de\/das-joseph-wresinski-zentrum-2\/\" \/>\n<meta property=\"og:site_name\" content=\"Joseph Wresinski DE\" \/>\n<meta property=\"article:published_time\" content=\"2016-11-23T17:33:51+00:00\" \/>\n<meta property=\"article:modified_time\" content=\"2018-09-21T15:21:36+00:00\" \/>\n<meta property=\"og:image\" content=\"https:\/\/www.joseph-wresinski.org\/de\/wp-content\/uploads\/sites\/17\/2016\/11\/Bail-li3.jpg\" \/>\n\t<meta property=\"og:image:width\" content=\"1744\" \/>\n\t<meta property=\"og:image:height\" content=\"1243\" \/>\n\t<meta property=\"og:image:type\" content=\"image\/jpeg\" \/>\n<meta name=\"author\" content=\"Jean Tonglet\" \/>\n<meta name=\"twitter:card\" content=\"summary_large_image\" \/>\n<meta name=\"twitter:label1\" content=\"Verfasst von\" \/>\n\t<meta name=\"twitter:data1\" content=\"Jean Tonglet\" \/>\n\t<meta name=\"twitter:label2\" content=\"Gesch\u00e4tzte Lesezeit\" \/>\n\t<meta name=\"twitter:data2\" content=\"1\u00a0Minute\" \/>\n<script type=\"application\/ld+json\" class=\"yoast-schema-graph\">{\"@context\":\"https:\\\/\\\/schema.org\",\"@graph\":[{\"@type\":\"Article\",\"@id\":\"https:\\\/\\\/www.joseph-wresinski.org\\\/de\\\/das-joseph-wresinski-zentrum-2\\\/#article\",\"isPartOf\":{\"@id\":\"https:\\\/\\\/www.joseph-wresinski.org\\\/de\\\/das-joseph-wresinski-zentrum-2\\\/\"},\"author\":{\"name\":\"Jean Tonglet\",\"@id\":\"https:\\\/\\\/www.joseph-wresinski.org\\\/de\\\/#\\\/schema\\\/person\\\/93469e0206778753beddb73f4e07c8e0\"},\"headline\":\"Das Joseph-Wresinski-Zentrum\",\"datePublished\":\"2016-11-23T17:33:51+00:00\",\"dateModified\":\"2018-09-21T15:21:36+00:00\",\"mainEntityOfPage\":{\"@id\":\"https:\\\/\\\/www.joseph-wresinski.org\\\/de\\\/das-joseph-wresinski-zentrum-2\\\/\"},\"wordCount\":123,\"commentCount\":1,\"image\":{\"@id\":\"https:\\\/\\\/www.joseph-wresinski.org\\\/de\\\/das-joseph-wresinski-zentrum-2\\\/#primaryimage\"},\"thumbnailUrl\":\"https:\\\/\\\/www.joseph-wresinski.org\\\/de\\\/wp-content\\\/uploads\\\/sites\\\/17\\\/2016\\\/11\\\/Bail-li3.jpg\",\"articleSection\":[\"Aktuell\"],\"inLanguage\":\"de\",\"potentialAction\":[{\"@type\":\"CommentAction\",\"name\":\"Comment\",\"target\":[\"https:\\\/\\\/www.joseph-wresinski.org\\\/de\\\/das-joseph-wresinski-zentrum-2\\\/#respond\"]}]},{\"@type\":\"WebPage\",\"@id\":\"https:\\\/\\\/www.joseph-wresinski.org\\\/de\\\/das-joseph-wresinski-zentrum-2\\\/\",\"url\":\"https:\\\/\\\/www.joseph-wresinski.org\\\/de\\\/das-joseph-wresinski-zentrum-2\\\/\",\"name\":\"Das Joseph-Wresinski-Zentrum - Joseph Wresinski DE\",\"isPartOf\":{\"@id\":\"https:\\\/\\\/www.joseph-wresinski.org\\\/de\\\/#website\"},\"primaryImageOfPage\":{\"@id\":\"https:\\\/\\\/www.joseph-wresinski.org\\\/de\\\/das-joseph-wresinski-zentrum-2\\\/#primaryimage\"},\"image\":{\"@id\":\"https:\\\/\\\/www.joseph-wresinski.org\\\/de\\\/das-joseph-wresinski-zentrum-2\\\/#primaryimage\"},\"thumbnailUrl\":\"https:\\\/\\\/www.joseph-wresinski.org\\\/de\\\/wp-content\\\/uploads\\\/sites\\\/17\\\/2016\\\/11\\\/Bail-li3.jpg\",\"datePublished\":\"2016-11-23T17:33:51+00:00\",\"dateModified\":\"2018-09-21T15:21:36+00:00\",\"author\":{\"@id\":\"https:\\\/\\\/www.joseph-wresinski.org\\\/de\\\/#\\\/schema\\\/person\\\/93469e0206778753beddb73f4e07c8e0\"},\"breadcrumb\":{\"@id\":\"https:\\\/\\\/www.joseph-wresinski.org\\\/de\\\/das-joseph-wresinski-zentrum-2\\\/#breadcrumb\"},\"inLanguage\":\"de\",\"potentialAction\":[{\"@type\":\"ReadAction\",\"target\":[\"https:\\\/\\\/www.joseph-wresinski.org\\\/de\\\/das-joseph-wresinski-zentrum-2\\\/\"]}]},{\"@type\":\"ImageObject\",\"inLanguage\":\"de\",\"@id\":\"https:\\\/\\\/www.joseph-wresinski.org\\\/de\\\/das-joseph-wresinski-zentrum-2\\\/#primaryimage\",\"url\":\"https:\\\/\\\/www.joseph-wresinski.org\\\/de\\\/wp-content\\\/uploads\\\/sites\\\/17\\\/2016\\\/11\\\/Bail-li3.jpg\",\"contentUrl\":\"https:\\\/\\\/www.joseph-wresinski.org\\\/de\\\/wp-content\\\/uploads\\\/sites\\\/17\\\/2016\\\/11\\\/Bail-li3.jpg\",\"width\":1744,\"height\":1243},{\"@type\":\"BreadcrumbList\",\"@id\":\"https:\\\/\\\/www.joseph-wresinski.org\\\/de\\\/das-joseph-wresinski-zentrum-2\\\/#breadcrumb\",\"itemListElement\":[{\"@type\":\"ListItem\",\"position\":1,\"name\":\"Startseite\",\"item\":\"https:\\\/\\\/www.joseph-wresinski.org\\\/de\\\/\"},{\"@type\":\"ListItem\",\"position\":2,\"name\":\"Das Joseph-Wresinski-Zentrum\"}]},{\"@type\":\"WebSite\",\"@id\":\"https:\\\/\\\/www.joseph-wresinski.org\\\/de\\\/#website\",\"url\":\"https:\\\/\\\/www.joseph-wresinski.org\\\/de\\\/\",\"name\":\"Joseph Wresinski DE\",\"description\":\"Eine Webseite des  Joseph-Wresinski-Zentrums\",\"potentialAction\":[{\"@type\":\"SearchAction\",\"target\":{\"@type\":\"EntryPoint\",\"urlTemplate\":\"https:\\\/\\\/www.joseph-wresinski.org\\\/de\\\/?s={search_term_string}\"},\"query-input\":{\"@type\":\"PropertyValueSpecification\",\"valueRequired\":true,\"valueName\":\"search_term_string\"}}],\"inLanguage\":\"de\"},{\"@type\":\"Person\",\"@id\":\"https:\\\/\\\/www.joseph-wresinski.org\\\/de\\\/#\\\/schema\\\/person\\\/93469e0206778753beddb73f4e07c8e0\",\"name\":\"Jean Tonglet\",\"image\":{\"@type\":\"ImageObject\",\"inLanguage\":\"de\",\"@id\":\"https:\\\/\\\/secure.gravatar.com\\\/avatar\\\/599cfd98b536979bcebf2d6839f0c694333341f1caf7ba53413b62de5453de40?s=96&d=mm&r=g\",\"url\":\"https:\\\/\\\/secure.gravatar.com\\\/avatar\\\/599cfd98b536979bcebf2d6839f0c694333341f1caf7ba53413b62de5453de40?s=96&d=mm&r=g\",\"contentUrl\":\"https:\\\/\\\/secure.gravatar.com\\\/avatar\\\/599cfd98b536979bcebf2d6839f0c694333341f1caf7ba53413b62de5453de40?s=96&d=mm&r=g\",\"caption\":\"Jean Tonglet\"},\"url\":\"https:\\\/\\\/www.joseph-wresinski.org\\\/de\\\/author\\\/jean\\\/\"}]}<\/script>\n<!-- \/ Yoast SEO plugin. -->","yoast_head_json":{"title":"Das Joseph-Wresinski-Zentrum - Joseph Wresinski DE","robots":{"index":"index","follow":"follow","max-snippet":"max-snippet:-1","max-image-preview":"max-image-preview:large","max-video-preview":"max-video-preview:-1"},"canonical":"https:\/\/www.joseph-wresinski.org\/de\/das-joseph-wresinski-zentrum-2\/","og_locale":"de_DE","og_type":"article","og_title":"Das Joseph-Wresinski-Zentrum - Joseph Wresinski DE","og_description":"Im Joseph-Wresinski-Zentrum in Baillet-en-France bei Paris wird die Erinnerung an die Geschichte der Armen und Ausgegrenzten lebendig erhalten. All die (...) Weiterlesen ... &rarr;","og_url":"https:\/\/www.joseph-wresinski.org\/de\/das-joseph-wresinski-zentrum-2\/","og_site_name":"Joseph Wresinski DE","article_published_time":"2016-11-23T17:33:51+00:00","article_modified_time":"2018-09-21T15:21:36+00:00","og_image":[{"width":1744,"height":1243,"url":"https:\/\/www.joseph-wresinski.org\/de\/wp-content\/uploads\/sites\/17\/2016\/11\/Bail-li3.jpg","type":"image\/jpeg"}],"author":"Jean Tonglet","twitter_card":"summary_large_image","twitter_misc":{"Verfasst von":"Jean Tonglet","Gesch\u00e4tzte Lesezeit":"1\u00a0Minute"},"schema":{"@context":"https:\/\/schema.org","@graph":[{"@type":"Article","@id":"https:\/\/www.joseph-wresinski.org\/de\/das-joseph-wresinski-zentrum-2\/#article","isPartOf":{"@id":"https:\/\/www.joseph-wresinski.org\/de\/das-joseph-wresinski-zentrum-2\/"},"author":{"name":"Jean Tonglet","@id":"https:\/\/www.joseph-wresinski.org\/de\/#\/schema\/person\/93469e0206778753beddb73f4e07c8e0"},"headline":"Das Joseph-Wresinski-Zentrum","datePublished":"2016-11-23T17:33:51+00:00","dateModified":"2018-09-21T15:21:36+00:00","mainEntityOfPage":{"@id":"https:\/\/www.joseph-wresinski.org\/de\/das-joseph-wresinski-zentrum-2\/"},"wordCount":123,"commentCount":1,"image":{"@id":"https:\/\/www.joseph-wresinski.org\/de\/das-joseph-wresinski-zentrum-2\/#primaryimage"},"thumbnailUrl":"https:\/\/www.joseph-wresinski.org\/de\/wp-content\/uploads\/sites\/17\/2016\/11\/Bail-li3.jpg","articleSection":["Aktuell"],"inLanguage":"de","potentialAction":[{"@type":"CommentAction","name":"Comment","target":["https:\/\/www.joseph-wresinski.org\/de\/das-joseph-wresinski-zentrum-2\/#respond"]}]},{"@type":"WebPage","@id":"https:\/\/www.joseph-wresinski.org\/de\/das-joseph-wresinski-zentrum-2\/","url":"https:\/\/www.joseph-wresinski.org\/de\/das-joseph-wresinski-zentrum-2\/","name":"Das Joseph-Wresinski-Zentrum - Joseph Wresinski DE","isPartOf":{"@id":"https:\/\/www.joseph-wresinski.org\/de\/#website"},"primaryImageOfPage":{"@id":"https:\/\/www.joseph-wresinski.org\/de\/das-joseph-wresinski-zentrum-2\/#primaryimage"},"image":{"@id":"https:\/\/www.joseph-wresinski.org\/de\/das-joseph-wresinski-zentrum-2\/#primaryimage"},"thumbnailUrl":"https:\/\/www.joseph-wresinski.org\/de\/wp-content\/uploads\/sites\/17\/2016\/11\/Bail-li3.jpg","datePublished":"2016-11-23T17:33:51+00:00","dateModified":"2018-09-21T15:21:36+00:00","author":{"@id":"https:\/\/www.joseph-wresinski.org\/de\/#\/schema\/person\/93469e0206778753beddb73f4e07c8e0"},"breadcrumb":{"@id":"https:\/\/www.joseph-wresinski.org\/de\/das-joseph-wresinski-zentrum-2\/#breadcrumb"},"inLanguage":"de","potentialAction":[{"@type":"ReadAction","target":["https:\/\/www.joseph-wresinski.org\/de\/das-joseph-wresinski-zentrum-2\/"]}]},{"@type":"ImageObject","inLanguage":"de","@id":"https:\/\/www.joseph-wresinski.org\/de\/das-joseph-wresinski-zentrum-2\/#primaryimage","url":"https:\/\/www.joseph-wresinski.org\/de\/wp-content\/uploads\/sites\/17\/2016\/11\/Bail-li3.jpg","contentUrl":"https:\/\/www.joseph-wresinski.org\/de\/wp-content\/uploads\/sites\/17\/2016\/11\/Bail-li3.jpg","width":1744,"height":1243},{"@type":"BreadcrumbList","@id":"https:\/\/www.joseph-wresinski.org\/de\/das-joseph-wresinski-zentrum-2\/#breadcrumb","itemListElement":[{"@type":"ListItem","position":1,"name":"Startseite","item":"https:\/\/www.joseph-wresinski.org\/de\/"},{"@type":"ListItem","position":2,"name":"Das Joseph-Wresinski-Zentrum"}]},{"@type":"WebSite","@id":"https:\/\/www.joseph-wresinski.org\/de\/#website","url":"https:\/\/www.joseph-wresinski.org\/de\/","name":"Joseph Wresinski DE","description":"Eine Webseite des  Joseph-Wresinski-Zentrums","potentialAction":[{"@type":"SearchAction","target":{"@type":"EntryPoint","urlTemplate":"https:\/\/www.joseph-wresinski.org\/de\/?s={search_term_string}"},"query-input":{"@type":"PropertyValueSpecification","valueRequired":true,"valueName":"search_term_string"}}],"inLanguage":"de"},{"@type":"Person","@id":"https:\/\/www.joseph-wresinski.org\/de\/#\/schema\/person\/93469e0206778753beddb73f4e07c8e0","name":"Jean Tonglet","image":{"@type":"ImageObject","inLanguage":"de","@id":"https:\/\/secure.gravatar.com\/avatar\/599cfd98b536979bcebf2d6839f0c694333341f1caf7ba53413b62de5453de40?s=96&d=mm&r=g","url":"https:\/\/secure.gravatar.com\/avatar\/599cfd98b536979bcebf2d6839f0c694333341f1caf7ba53413b62de5453de40?s=96&d=mm&r=g","contentUrl":"https:\/\/secure.gravatar.com\/avatar\/599cfd98b536979bcebf2d6839f0c694333341f1caf7ba53413b62de5453de40?s=96&d=mm&r=g","caption":"Jean Tonglet"},"url":"https:\/\/www.joseph-wresinski.org\/de\/author\/jean\/"}]}},"_links":{"self":[{"href":"https:\/\/www.joseph-wresinski.org\/de\/wp-json\/wp\/v2\/posts\/888","targetHints":{"allow":["GET"]}}],"collection":[{"href":"https:\/\/www.joseph-wresinski.org\/de\/wp-json\/wp\/v2\/posts"}],"about":[{"href":"https:\/\/www.joseph-wresinski.org\/de\/wp-json\/wp\/v2\/types\/post"}],"author":[{"embeddable":true,"href":"https:\/\/www.joseph-wresinski.org\/de\/wp-json\/wp\/v2\/users\/4"}],"replies":[{"embeddable":true,"href":"https:\/\/www.joseph-wresinski.org\/de\/wp-json\/wp\/v2\/comments?post=888"}],"version-history":[{"count":4,"href":"https:\/\/www.joseph-wresinski.org\/de\/wp-json\/wp\/v2\/posts\/888\/revisions"}],"predecessor-version":[{"id":1007,"href":"https:\/\/www.joseph-wresinski.org\/de\/wp-json\/wp\/v2\/posts\/888\/revisions\/1007"}],"wp:featuredmedia":[{"embeddable":true,"href":"https:\/\/www.joseph-wresinski.org\/de\/wp-json\/wp\/v2\/media\/886"}],"wp:attachment":[{"href":"https:\/\/www.joseph-wresinski.org\/de\/wp-json\/wp\/v2\/media?parent=888"}],"wp:term":[{"taxonomy":"category","embeddable":true,"href":"https:\/\/www.joseph-wresinski.org\/de\/wp-json\/wp\/v2\/categories?post=888"},{"taxonomy":"post_tag","embeddable":true,"href":"https:\/\/www.joseph-wresinski.org\/de\/wp-json\/wp\/v2\/tags?post=888"}],"curies":[{"name":"wp","href":"https:\/\/api.w.org\/{rel}","templated":true}]}}