{"id":1120,"date":"2017-05-18T16:57:39","date_gmt":"2017-05-18T14:57:39","guid":{"rendered":"http:\/\/www.joseph-wresinski.org\/es\/?p=1120"},"modified":"2017-05-18T16:57:39","modified_gmt":"2017-05-18T14:57:39","slug":"nos-respetaran-sabemos-hablar","status":"publish","type":"post","link":"https:\/\/www.joseph-wresinski.org\/es\/nos-respetaran-sabemos-hablar\/","title":{"rendered":"Nos respetar\u00e1n si sabemos hablar"},"content":{"rendered":"<p>Intervenci\u00f3n de Joseph Wresinski, fundador de ATD Cuatro Mundo, Universidad Popular Cuarto Mundo, Par\u00eds ( encuentros de formaci\u00f3n y di\u00e1logo rec\u00edproco entre personas de distintos contextos sociales).<\/p>\n<figure class=\"video-embed\" style=\"width:474px;height:356px;max-width: 100%;\" onclick=\"this.outerHTML='&lt;iframe title=&quot;On sera respect&eacute;s si on sait parler - ATD Quart Monde&quot; width=&quot;474&quot; height=&quot;356&quot; src=&quot;https:\/\/www.youtube.com\/embed\/LTLXJQZ-M2A?feature=oembed&amp;autoplay=1&quot; frameborder=&quot;0&quot; allow=&quot;accelerometer; autoplay; clipboard-write; encrypted-media; gyroscope; picture-in-picture; web-share&quot; referrerpolicy=&quot;strict-origin-when-cross-origin&quot; allowfullscreen&gt;&lt;\/iframe&gt;'\"><img decoding=\"async\" src=\"https:\/\/i.ytimg.com\/vi\/LTLXJQZ-M2A\/hqdefault.jpg\" title=\"On sera respect\u00e9s si on sait parler - ATD Quart Monde\" class=\"video-thumbnail\"><img decoding=\"async\" src=\"https:\/\/www.joseph-wresinski.org\/es\/wp-content\/themes\/ATDJW\/images\/play_video.png\" class=\"video-play\"><figcaption>\n<h1>Play with YouTube<\/h1>\n<p>By clicking the video, you accept that YouTube places cookies on your computer.<\/p>\n<\/figcaption><\/figure>\n","protected":false},"excerpt":{"rendered":"<p>Intervenci\u00f3n de Joseph Wresinski, fundador de ATD Cuatro Mundo, Universidad Popular Cuarto Mundo, Par\u00eds ( encuentros de formaci\u00f3n y di\u00e1logo (&#8230;) <a class=\"more-link\" href=\"https:\/\/www.joseph-wresinski.org\/es\/nos-respetaran-sabemos-hablar\/\">Leer m\u00e1s <span class=\"meta-nav\">&rarr;<\/span><\/a><\/p>\n","protected":false},"author":8,"featured_media":1121,"comment_status":"open","ping_status":"open","sticky":false,"template":"","format":"standard","meta":{"_acf_changed":false,"ep_exclude_from_search":false,"footnotes":""},"categories":[12,87],"tags":[],"class_list":["post-1120","post","type-post","status-publish","format-standard","has-post-thumbnail","hentry","category-actualidades","category-video"],"acf":[],"yoast_head":"<!-- This site is optimized with the Yoast SEO plugin v27.5 - https:\/\/yoast.com\/product\/yoast-seo-wordpress\/ -->\n<title>Nos respetar\u00e1n si sabemos hablar - Joseph Wresinski ES<\/title>\n<meta name=\"robots\" content=\"index, follow, max-snippet:-1, max-image-preview:large, max-video-preview:-1\" \/>\n<link rel=\"canonical\" href=\"https:\/\/www.joseph-wresinski.org\/es\/nos-respetaran-sabemos-hablar\/\" \/>\n<meta property=\"og:locale\" content=\"es_ES\" \/>\n<meta property=\"og:type\" content=\"article\" \/>\n<meta property=\"og:title\" content=\"Nos respetar\u00e1n si sabemos hablar - Joseph Wresinski ES\" \/>\n<meta property=\"og:description\" content=\"Intervenci\u00f3n de Joseph Wresinski, fundador de ATD Cuatro Mundo, Universidad Popular Cuarto Mundo, Par\u00eds ( encuentros de formaci\u00f3n y di\u00e1logo (...) Leer m\u00e1s &rarr;\" \/>\n<meta property=\"og:url\" content=\"https:\/\/www.joseph-wresinski.org\/es\/nos-respetaran-sabemos-hablar\/\" \/>\n<meta property=\"og:site_name\" content=\"Joseph Wresinski ES\" \/>\n<meta property=\"article:published_time\" content=\"2017-05-18T14:57:39+00:00\" \/>\n<meta property=\"og:image\" content=\"https:\/\/www.joseph-wresinski.org\/es\/wp-content\/uploads\/sites\/13\/2017\/05\/We-will-be-respected-if-we-know-how-to-speak.jpg\" \/>\n\t<meta property=\"og:image:width\" content=\"780\" \/>\n\t<meta property=\"og:image:height\" content=\"495\" \/>\n\t<meta property=\"og:image:type\" content=\"image\/jpeg\" \/>\n<meta name=\"author\" content=\"jeff\" \/>\n<meta name=\"twitter:card\" content=\"summary_large_image\" \/>\n<meta name=\"twitter:label1\" content=\"Escrito por\" \/>\n\t<meta name=\"twitter:data1\" content=\"jeff\" \/>\n<script type=\"application\/ld+json\" class=\"yoast-schema-graph\">{\"@context\":\"https:\\\/\\\/schema.org\",\"@graph\":[{\"@type\":\"Article\",\"@id\":\"https:\\\/\\\/www.joseph-wresinski.org\\\/es\\\/nos-respetaran-sabemos-hablar\\\/#article\",\"isPartOf\":{\"@id\":\"https:\\\/\\\/www.joseph-wresinski.org\\\/es\\\/nos-respetaran-sabemos-hablar\\\/\"},\"author\":{\"name\":\"jeff\",\"@id\":\"https:\\\/\\\/www.joseph-wresinski.org\\\/es\\\/#\\\/schema\\\/person\\\/a65032f53b564dd904a3b6c0b49b233b\"},\"headline\":\"Nos respetar\u00e1n si sabemos hablar\",\"datePublished\":\"2017-05-18T14:57:39+00:00\",\"mainEntityOfPage\":{\"@id\":\"https:\\\/\\\/www.joseph-wresinski.org\\\/es\\\/nos-respetaran-sabemos-hablar\\\/\"},\"wordCount\":42,\"commentCount\":0,\"image\":{\"@id\":\"https:\\\/\\\/www.joseph-wresinski.org\\\/es\\\/nos-respetaran-sabemos-hablar\\\/#primaryimage\"},\"thumbnailUrl\":\"https:\\\/\\\/www.joseph-wresinski.org\\\/es\\\/wp-content\\\/uploads\\\/sites\\\/13\\\/2017\\\/05\\\/We-will-be-respected-if-we-know-how-to-speak.jpg\",\"articleSection\":[\"Actualidades\",\"V\u00eddeo\"],\"inLanguage\":\"es\",\"potentialAction\":[{\"@type\":\"CommentAction\",\"name\":\"Comment\",\"target\":[\"https:\\\/\\\/www.joseph-wresinski.org\\\/es\\\/nos-respetaran-sabemos-hablar\\\/#respond\"]}]},{\"@type\":\"WebPage\",\"@id\":\"https:\\\/\\\/www.joseph-wresinski.org\\\/es\\\/nos-respetaran-sabemos-hablar\\\/\",\"url\":\"https:\\\/\\\/www.joseph-wresinski.org\\\/es\\\/nos-respetaran-sabemos-hablar\\\/\",\"name\":\"Nos respetar\u00e1n si sabemos hablar - Joseph Wresinski ES\",\"isPartOf\":{\"@id\":\"https:\\\/\\\/www.joseph-wresinski.org\\\/es\\\/#website\"},\"primaryImageOfPage\":{\"@id\":\"https:\\\/\\\/www.joseph-wresinski.org\\\/es\\\/nos-respetaran-sabemos-hablar\\\/#primaryimage\"},\"image\":{\"@id\":\"https:\\\/\\\/www.joseph-wresinski.org\\\/es\\\/nos-respetaran-sabemos-hablar\\\/#primaryimage\"},\"thumbnailUrl\":\"https:\\\/\\\/www.joseph-wresinski.org\\\/es\\\/wp-content\\\/uploads\\\/sites\\\/13\\\/2017\\\/05\\\/We-will-be-respected-if-we-know-how-to-speak.jpg\",\"datePublished\":\"2017-05-18T14:57:39+00:00\",\"author\":{\"@id\":\"https:\\\/\\\/www.joseph-wresinski.org\\\/es\\\/#\\\/schema\\\/person\\\/a65032f53b564dd904a3b6c0b49b233b\"},\"breadcrumb\":{\"@id\":\"https:\\\/\\\/www.joseph-wresinski.org\\\/es\\\/nos-respetaran-sabemos-hablar\\\/#breadcrumb\"},\"inLanguage\":\"es\",\"potentialAction\":[{\"@type\":\"ReadAction\",\"target\":[\"https:\\\/\\\/www.joseph-wresinski.org\\\/es\\\/nos-respetaran-sabemos-hablar\\\/\"]}]},{\"@type\":\"ImageObject\",\"inLanguage\":\"es\",\"@id\":\"https:\\\/\\\/www.joseph-wresinski.org\\\/es\\\/nos-respetaran-sabemos-hablar\\\/#primaryimage\",\"url\":\"https:\\\/\\\/www.joseph-wresinski.org\\\/es\\\/wp-content\\\/uploads\\\/sites\\\/13\\\/2017\\\/05\\\/We-will-be-respected-if-we-know-how-to-speak.jpg\",\"contentUrl\":\"https:\\\/\\\/www.joseph-wresinski.org\\\/es\\\/wp-content\\\/uploads\\\/sites\\\/13\\\/2017\\\/05\\\/We-will-be-respected-if-we-know-how-to-speak.jpg\",\"width\":\"780\",\"height\":\"495\"},{\"@type\":\"BreadcrumbList\",\"@id\":\"https:\\\/\\\/www.joseph-wresinski.org\\\/es\\\/nos-respetaran-sabemos-hablar\\\/#breadcrumb\",\"itemListElement\":[{\"@type\":\"ListItem\",\"position\":1,\"name\":\"Portada\",\"item\":\"https:\\\/\\\/www.joseph-wresinski.org\\\/es\\\/\"},{\"@type\":\"ListItem\",\"position\":2,\"name\":\"Nos respetar\u00e1n si sabemos hablar\"}]},{\"@type\":\"WebSite\",\"@id\":\"https:\\\/\\\/www.joseph-wresinski.org\\\/es\\\/#website\",\"url\":\"https:\\\/\\\/www.joseph-wresinski.org\\\/es\\\/\",\"name\":\"Joseph Wresinski ES\",\"description\":\"Un sitio web propuesto por el Centro Joseph Wresinski\",\"potentialAction\":[{\"@type\":\"SearchAction\",\"target\":{\"@type\":\"EntryPoint\",\"urlTemplate\":\"https:\\\/\\\/www.joseph-wresinski.org\\\/es\\\/?s={search_term_string}\"},\"query-input\":{\"@type\":\"PropertyValueSpecification\",\"valueRequired\":true,\"valueName\":\"search_term_string\"}}],\"inLanguage\":\"es\"},{\"@type\":\"Person\",\"@id\":\"https:\\\/\\\/www.joseph-wresinski.org\\\/es\\\/#\\\/schema\\\/person\\\/a65032f53b564dd904a3b6c0b49b233b\",\"name\":\"jeff\",\"image\":{\"@type\":\"ImageObject\",\"inLanguage\":\"es\",\"@id\":\"https:\\\/\\\/secure.gravatar.com\\\/avatar\\\/1f7f9774a9bd55616144b66647670f1246d9c1d7c547d4642e76862a77b47884?s=96&d=mm&r=g\",\"url\":\"https:\\\/\\\/secure.gravatar.com\\\/avatar\\\/1f7f9774a9bd55616144b66647670f1246d9c1d7c547d4642e76862a77b47884?s=96&d=mm&r=g\",\"contentUrl\":\"https:\\\/\\\/secure.gravatar.com\\\/avatar\\\/1f7f9774a9bd55616144b66647670f1246d9c1d7c547d4642e76862a77b47884?s=96&d=mm&r=g\",\"caption\":\"jeff\"},\"url\":\"https:\\\/\\\/www.joseph-wresinski.org\\\/es\\\/author\\\/jeff\\\/\"}]}<\/script>\n<!-- \/ Yoast SEO plugin. -->","yoast_head_json":{"title":"Nos respetar\u00e1n si sabemos hablar - Joseph Wresinski ES","robots":{"index":"index","follow":"follow","max-snippet":"max-snippet:-1","max-image-preview":"max-image-preview:large","max-video-preview":"max-video-preview:-1"},"canonical":"https:\/\/www.joseph-wresinski.org\/es\/nos-respetaran-sabemos-hablar\/","og_locale":"es_ES","og_type":"article","og_title":"Nos respetar\u00e1n si sabemos hablar - Joseph Wresinski ES","og_description":"Intervenci\u00f3n de Joseph Wresinski, fundador de ATD Cuatro Mundo, Universidad Popular Cuarto Mundo, Par\u00eds ( encuentros de formaci\u00f3n y di\u00e1logo (...) Leer m\u00e1s &rarr;","og_url":"https:\/\/www.joseph-wresinski.org\/es\/nos-respetaran-sabemos-hablar\/","og_site_name":"Joseph Wresinski ES","article_published_time":"2017-05-18T14:57:39+00:00","og_image":[{"width":780,"height":495,"url":"https:\/\/www.joseph-wresinski.org\/es\/wp-content\/uploads\/sites\/13\/2017\/05\/We-will-be-respected-if-we-know-how-to-speak.jpg","type":"image\/jpeg"}],"author":"jeff","twitter_card":"summary_large_image","twitter_misc":{"Escrito por":"jeff"},"schema":{"@context":"https:\/\/schema.org","@graph":[{"@type":"Article","@id":"https:\/\/www.joseph-wresinski.org\/es\/nos-respetaran-sabemos-hablar\/#article","isPartOf":{"@id":"https:\/\/www.joseph-wresinski.org\/es\/nos-respetaran-sabemos-hablar\/"},"author":{"name":"jeff","@id":"https:\/\/www.joseph-wresinski.org\/es\/#\/schema\/person\/a65032f53b564dd904a3b6c0b49b233b"},"headline":"Nos respetar\u00e1n si sabemos hablar","datePublished":"2017-05-18T14:57:39+00:00","mainEntityOfPage":{"@id":"https:\/\/www.joseph-wresinski.org\/es\/nos-respetaran-sabemos-hablar\/"},"wordCount":42,"commentCount":0,"image":{"@id":"https:\/\/www.joseph-wresinski.org\/es\/nos-respetaran-sabemos-hablar\/#primaryimage"},"thumbnailUrl":"https:\/\/www.joseph-wresinski.org\/es\/wp-content\/uploads\/sites\/13\/2017\/05\/We-will-be-respected-if-we-know-how-to-speak.jpg","articleSection":["Actualidades","V\u00eddeo"],"inLanguage":"es","potentialAction":[{"@type":"CommentAction","name":"Comment","target":["https:\/\/www.joseph-wresinski.org\/es\/nos-respetaran-sabemos-hablar\/#respond"]}]},{"@type":"WebPage","@id":"https:\/\/www.joseph-wresinski.org\/es\/nos-respetaran-sabemos-hablar\/","url":"https:\/\/www.joseph-wresinski.org\/es\/nos-respetaran-sabemos-hablar\/","name":"Nos respetar\u00e1n si sabemos hablar - Joseph Wresinski ES","isPartOf":{"@id":"https:\/\/www.joseph-wresinski.org\/es\/#website"},"primaryImageOfPage":{"@id":"https:\/\/www.joseph-wresinski.org\/es\/nos-respetaran-sabemos-hablar\/#primaryimage"},"image":{"@id":"https:\/\/www.joseph-wresinski.org\/es\/nos-respetaran-sabemos-hablar\/#primaryimage"},"thumbnailUrl":"https:\/\/www.joseph-wresinski.org\/es\/wp-content\/uploads\/sites\/13\/2017\/05\/We-will-be-respected-if-we-know-how-to-speak.jpg","datePublished":"2017-05-18T14:57:39+00:00","author":{"@id":"https:\/\/www.joseph-wresinski.org\/es\/#\/schema\/person\/a65032f53b564dd904a3b6c0b49b233b"},"breadcrumb":{"@id":"https:\/\/www.joseph-wresinski.org\/es\/nos-respetaran-sabemos-hablar\/#breadcrumb"},"inLanguage":"es","potentialAction":[{"@type":"ReadAction","target":["https:\/\/www.joseph-wresinski.org\/es\/nos-respetaran-sabemos-hablar\/"]}]},{"@type":"ImageObject","inLanguage":"es","@id":"https:\/\/www.joseph-wresinski.org\/es\/nos-respetaran-sabemos-hablar\/#primaryimage","url":"https:\/\/www.joseph-wresinski.org\/es\/wp-content\/uploads\/sites\/13\/2017\/05\/We-will-be-respected-if-we-know-how-to-speak.jpg","contentUrl":"https:\/\/www.joseph-wresinski.org\/es\/wp-content\/uploads\/sites\/13\/2017\/05\/We-will-be-respected-if-we-know-how-to-speak.jpg","width":"780","height":"495"},{"@type":"BreadcrumbList","@id":"https:\/\/www.joseph-wresinski.org\/es\/nos-respetaran-sabemos-hablar\/#breadcrumb","itemListElement":[{"@type":"ListItem","position":1,"name":"Portada","item":"https:\/\/www.joseph-wresinski.org\/es\/"},{"@type":"ListItem","position":2,"name":"Nos respetar\u00e1n si sabemos hablar"}]},{"@type":"WebSite","@id":"https:\/\/www.joseph-wresinski.org\/es\/#website","url":"https:\/\/www.joseph-wresinski.org\/es\/","name":"Joseph Wresinski ES","description":"Un sitio web propuesto por el Centro Joseph Wresinski","potentialAction":[{"@type":"SearchAction","target":{"@type":"EntryPoint","urlTemplate":"https:\/\/www.joseph-wresinski.org\/es\/?s={search_term_string}"},"query-input":{"@type":"PropertyValueSpecification","valueRequired":true,"valueName":"search_term_string"}}],"inLanguage":"es"},{"@type":"Person","@id":"https:\/\/www.joseph-wresinski.org\/es\/#\/schema\/person\/a65032f53b564dd904a3b6c0b49b233b","name":"jeff","image":{"@type":"ImageObject","inLanguage":"es","@id":"https:\/\/secure.gravatar.com\/avatar\/1f7f9774a9bd55616144b66647670f1246d9c1d7c547d4642e76862a77b47884?s=96&d=mm&r=g","url":"https:\/\/secure.gravatar.com\/avatar\/1f7f9774a9bd55616144b66647670f1246d9c1d7c547d4642e76862a77b47884?s=96&d=mm&r=g","contentUrl":"https:\/\/secure.gravatar.com\/avatar\/1f7f9774a9bd55616144b66647670f1246d9c1d7c547d4642e76862a77b47884?s=96&d=mm&r=g","caption":"jeff"},"url":"https:\/\/www.joseph-wresinski.org\/es\/author\/jeff\/"}]}},"_links":{"self":[{"href":"https:\/\/www.joseph-wresinski.org\/es\/wp-json\/wp\/v2\/posts\/1120","targetHints":{"allow":["GET"]}}],"collection":[{"href":"https:\/\/www.joseph-wresinski.org\/es\/wp-json\/wp\/v2\/posts"}],"about":[{"href":"https:\/\/www.joseph-wresinski.org\/es\/wp-json\/wp\/v2\/types\/post"}],"author":[{"embeddable":true,"href":"https:\/\/www.joseph-wresinski.org\/es\/wp-json\/wp\/v2\/users\/8"}],"replies":[{"embeddable":true,"href":"https:\/\/www.joseph-wresinski.org\/es\/wp-json\/wp\/v2\/comments?post=1120"}],"version-history":[{"count":1,"href":"https:\/\/www.joseph-wresinski.org\/es\/wp-json\/wp\/v2\/posts\/1120\/revisions"}],"predecessor-version":[{"id":1122,"href":"https:\/\/www.joseph-wresinski.org\/es\/wp-json\/wp\/v2\/posts\/1120\/revisions\/1122"}],"wp:featuredmedia":[{"embeddable":true,"href":"https:\/\/www.joseph-wresinski.org\/es\/wp-json\/wp\/v2\/media\/1121"}],"wp:attachment":[{"href":"https:\/\/www.joseph-wresinski.org\/es\/wp-json\/wp\/v2\/media?parent=1120"}],"wp:term":[{"taxonomy":"category","embeddable":true,"href":"https:\/\/www.joseph-wresinski.org\/es\/wp-json\/wp\/v2\/categories?post=1120"},{"taxonomy":"post_tag","embeddable":true,"href":"https:\/\/www.joseph-wresinski.org\/es\/wp-json\/wp\/v2\/tags?post=1120"}],"curies":[{"name":"wp","href":"https:\/\/api.w.org\/{rel}","templated":true}]}}