{"id":2219,"date":"2021-02-12T00:00:03","date_gmt":"2021-02-11T23:00:03","guid":{"rendered":"https:\/\/www.joseph-wresinski.org\/es\/?p=2219"},"modified":"2021-02-12T13:52:47","modified_gmt":"2021-02-12T12:52:47","slug":"ante-mi-pueblo","status":"publish","type":"post","link":"https:\/\/www.joseph-wresinski.org\/es\/ante-mi-pueblo\/","title":{"rendered":"Ante mi pueblo"},"content":{"rendered":"<p>\u00abLlegu\u00e9 el 14 de julio de 1956, y en esta explanada, que llaman Ch\u00e2teau de France, el sol irradiaba un calor t\u00f3rrido, las calles estaban desiertas, no hab\u00eda nadie fuera. Ante aquel vac\u00edo pens\u00e9: antes los r\u00edos, los cruces de caminos, los campanarios o una industria reun\u00edan a las personas. Aqu\u00ed, lo que une a estas familias es la miseria. Era una especie de inspiraci\u00f3n. Sab\u00eda que no me encontraba ante una situaci\u00f3n trivial de pobreza relativa (como se dec\u00eda entonces), de dificultades personales. Estaba frente a una miseria colectiva. De repente, sent\u00ed que estaba ante mi pueblo. No se puede explicar, fue as\u00ed.<\/p>\n<p>Desde aquel instante mi propia vida cambio de rumbo. Porque aquel d\u00eda me promet\u00ed a m\u00ed mismo que si me quedaba, luchar\u00eda para que estas familias alg\u00fan d\u00eda pudieran subir las escaleras del Vaticano, del Eliseo, de la ONU\u2026<\/p>\n<p>La miseria cegadora que se extend\u00eda ante mis ojos, en medio de un calor sofocante y en un completo silencio, me atraparon.<\/p>\n<ul class=\"presentation-list\">\n<li><em><strong>Desde entonces, me ha atormentado la idea de que este pueblo nunca saldr\u00e1 de la miseria mientras no se le reciba, en su conjunto, como pueblo, all\u00ed donde el resto de la humanidad debate y dialoga.<\/strong> <\/em><\/li>\n<\/ul>\n<p>Ten\u00eda que estar all\u00ed, en pie de igualdad, en todos los lugares donde la humanidad habla y decide, no solo del presente, sino tambi\u00e9n del destino y del futuro de la humanidad.<\/p>\n<p>El 14 de Julio de 1956, sell\u00e9 mi destino, aunque tuviera que esperar hasta el 11 de noviembre para instalarme definitivamente en Noisy-le-Grand. Por otra parte, e incluso si el 11 de noviembre a\u00fan conservaba mi antigua parroquia, segu\u00eda yendo todos los s\u00e1bados y domingos. Criado en la miseria, segu\u00eda siendo en lo m\u00e1s profundo de m\u00ed ser un hombre de la miseria, de ella hab\u00eda aprendido a creer todo, a atreverme a todo, y sin embargo, a guardar en alg\u00fan lugar una reserva, una pera para la sed, un mendrugo de pan seco en el bolsillo. Todas las personas pobres lo hacen. Mi propia madre tambi\u00e9n lo hac\u00eda; guardaba siempre para sus hijos un par de zapatos en previsi\u00f3n, un pantal\u00f3n de m\u00e1s. Y cuando alguien ven\u00eda a traernos un par de zapatos usados, pues nos daban muchas limosnas, mi madre dec\u00eda: \u00ab\u00a1Qu\u00e9 suerte que ha venido usted!, precisamente lo necesit\u00e1bamos\u00bb. Y cuando est\u00e1bamos a solas yo le preguntaba: \u00ab\u00bfPor qu\u00e9 haces todo ese teatro?\u00bb. Ella respond\u00eda: \u00abJoseph, no entiendes nada; si hoy rechazas lo que te traen, el d\u00eda que lo necesites lo habr\u00e1n dado todo en otra parte\u00bb. Durante varios meses conserv\u00e9 mi antigua parroquia, como mi madre guardaba siempre un par de zapatos, como medida de seguridad\u00bb.<\/p>\n<p>&nbsp;<\/p>\n","protected":false},"excerpt":{"rendered":"<p>\u00abLlegu\u00e9 el 14 de julio de 1956, y en esta explanada, que llaman Ch\u00e2teau de France, el sol irradiaba un (&#8230;) <a class=\"more-link\" href=\"https:\/\/www.joseph-wresinski.org\/es\/ante-mi-pueblo\/\">Leer m\u00e1s <span class=\"meta-nav\">&rarr;<\/span><\/a><\/p>\n","protected":false},"author":4,"featured_media":2224,"comment_status":"open","ping_status":"open","sticky":false,"template":"","format":"standard","meta":{"_acf_changed":false,"ep_exclude_from_search":false,"footnotes":""},"categories":[12,68,63],"tags":[115,126,125,102],"class_list":["post-2219","post","type-post","status-publish","format-standard","has-post-thumbnail","hentry","category-actualidades","category-extractos-de-libros","category-recopilacion","tag-derechos-humanos","tag-erradicar-la-miseria","tag-joseph-wresinski","tag-lucha-contra-la-pobreza"],"acf":[],"yoast_head":"<!-- This site is optimized with the Yoast SEO plugin v27.5 - https:\/\/yoast.com\/product\/yoast-seo-wordpress\/ -->\n<title>Ante mi pueblo - Joseph Wresinski ES<\/title>\n<meta name=\"robots\" content=\"index, follow, max-snippet:-1, max-image-preview:large, max-video-preview:-1\" \/>\n<link rel=\"canonical\" href=\"https:\/\/www.joseph-wresinski.org\/es\/ante-mi-pueblo\/\" \/>\n<meta property=\"og:locale\" content=\"es_ES\" \/>\n<meta property=\"og:type\" content=\"article\" \/>\n<meta property=\"og:title\" content=\"Ante mi pueblo - Joseph Wresinski ES\" \/>\n<meta property=\"og:description\" content=\"\u00abLlegu\u00e9 el 14 de julio de 1956, y en esta explanada, que llaman Ch\u00e2teau de France, el sol irradiaba un (...) Leer m\u00e1s &rarr;\" \/>\n<meta property=\"og:url\" content=\"https:\/\/www.joseph-wresinski.org\/es\/ante-mi-pueblo\/\" \/>\n<meta property=\"og:site_name\" content=\"Joseph Wresinski ES\" \/>\n<meta property=\"article:published_time\" content=\"2021-02-11T23:00:03+00:00\" \/>\n<meta property=\"article:modified_time\" content=\"2021-02-12T12:52:47+00:00\" \/>\n<meta property=\"og:image\" content=\"https:\/\/www.joseph-wresinski.org\/es\/wp-content\/uploads\/sites\/13\/2021\/02\/CIJW-0070-631-004-Noisy-le-Grand-1963-5_Reduit-580x400-2.jpg\" \/>\n\t<meta property=\"og:image:width\" content=\"580\" \/>\n\t<meta property=\"og:image:height\" content=\"400\" \/>\n\t<meta property=\"og:image:type\" content=\"image\/jpeg\" \/>\n<meta name=\"author\" content=\"Jean Tonglet\" \/>\n<meta name=\"twitter:card\" content=\"summary_large_image\" \/>\n<meta name=\"twitter:label1\" content=\"Escrito por\" \/>\n\t<meta name=\"twitter:data1\" content=\"Jean Tonglet\" \/>\n\t<meta name=\"twitter:label2\" content=\"Tiempo de lectura\" \/>\n\t<meta name=\"twitter:data2\" content=\"2 minutos\" \/>\n<script type=\"application\/ld+json\" class=\"yoast-schema-graph\">{\"@context\":\"https:\\\/\\\/schema.org\",\"@graph\":[{\"@type\":\"Article\",\"@id\":\"https:\\\/\\\/www.joseph-wresinski.org\\\/es\\\/ante-mi-pueblo\\\/#article\",\"isPartOf\":{\"@id\":\"https:\\\/\\\/www.joseph-wresinski.org\\\/es\\\/ante-mi-pueblo\\\/\"},\"author\":{\"name\":\"Jean Tonglet\",\"@id\":\"https:\\\/\\\/www.joseph-wresinski.org\\\/es\\\/#\\\/schema\\\/person\\\/93469e0206778753beddb73f4e07c8e0\"},\"headline\":\"Ante mi pueblo\",\"datePublished\":\"2021-02-11T23:00:03+00:00\",\"dateModified\":\"2021-02-12T12:52:47+00:00\",\"mainEntityOfPage\":{\"@id\":\"https:\\\/\\\/www.joseph-wresinski.org\\\/es\\\/ante-mi-pueblo\\\/\"},\"wordCount\":478,\"commentCount\":0,\"image\":{\"@id\":\"https:\\\/\\\/www.joseph-wresinski.org\\\/es\\\/ante-mi-pueblo\\\/#primaryimage\"},\"thumbnailUrl\":\"https:\\\/\\\/www.joseph-wresinski.org\\\/es\\\/wp-content\\\/uploads\\\/sites\\\/13\\\/2021\\\/02\\\/CIJW-0070-631-004-Noisy-le-Grand-1963-5_Reduit-580x400-2.jpg\",\"keywords\":[\"Derechos humanos\",\"erradicar la miseria\",\"Joseph Wresinski\",\"lucha contra la pobreza\"],\"articleSection\":[\"Actualidades\",\"Extractos de libros\",\"Textos\"],\"inLanguage\":\"es\",\"potentialAction\":[{\"@type\":\"CommentAction\",\"name\":\"Comment\",\"target\":[\"https:\\\/\\\/www.joseph-wresinski.org\\\/es\\\/ante-mi-pueblo\\\/#respond\"]}]},{\"@type\":\"WebPage\",\"@id\":\"https:\\\/\\\/www.joseph-wresinski.org\\\/es\\\/ante-mi-pueblo\\\/\",\"url\":\"https:\\\/\\\/www.joseph-wresinski.org\\\/es\\\/ante-mi-pueblo\\\/\",\"name\":\"Ante mi pueblo - Joseph Wresinski ES\",\"isPartOf\":{\"@id\":\"https:\\\/\\\/www.joseph-wresinski.org\\\/es\\\/#website\"},\"primaryImageOfPage\":{\"@id\":\"https:\\\/\\\/www.joseph-wresinski.org\\\/es\\\/ante-mi-pueblo\\\/#primaryimage\"},\"image\":{\"@id\":\"https:\\\/\\\/www.joseph-wresinski.org\\\/es\\\/ante-mi-pueblo\\\/#primaryimage\"},\"thumbnailUrl\":\"https:\\\/\\\/www.joseph-wresinski.org\\\/es\\\/wp-content\\\/uploads\\\/sites\\\/13\\\/2021\\\/02\\\/CIJW-0070-631-004-Noisy-le-Grand-1963-5_Reduit-580x400-2.jpg\",\"datePublished\":\"2021-02-11T23:00:03+00:00\",\"dateModified\":\"2021-02-12T12:52:47+00:00\",\"author\":{\"@id\":\"https:\\\/\\\/www.joseph-wresinski.org\\\/es\\\/#\\\/schema\\\/person\\\/93469e0206778753beddb73f4e07c8e0\"},\"breadcrumb\":{\"@id\":\"https:\\\/\\\/www.joseph-wresinski.org\\\/es\\\/ante-mi-pueblo\\\/#breadcrumb\"},\"inLanguage\":\"es\",\"potentialAction\":[{\"@type\":\"ReadAction\",\"target\":[\"https:\\\/\\\/www.joseph-wresinski.org\\\/es\\\/ante-mi-pueblo\\\/\"]}]},{\"@type\":\"ImageObject\",\"inLanguage\":\"es\",\"@id\":\"https:\\\/\\\/www.joseph-wresinski.org\\\/es\\\/ante-mi-pueblo\\\/#primaryimage\",\"url\":\"https:\\\/\\\/www.joseph-wresinski.org\\\/es\\\/wp-content\\\/uploads\\\/sites\\\/13\\\/2021\\\/02\\\/CIJW-0070-631-004-Noisy-le-Grand-1963-5_Reduit-580x400-2.jpg\",\"contentUrl\":\"https:\\\/\\\/www.joseph-wresinski.org\\\/es\\\/wp-content\\\/uploads\\\/sites\\\/13\\\/2021\\\/02\\\/CIJW-0070-631-004-Noisy-le-Grand-1963-5_Reduit-580x400-2.jpg\",\"width\":580,\"height\":400},{\"@type\":\"BreadcrumbList\",\"@id\":\"https:\\\/\\\/www.joseph-wresinski.org\\\/es\\\/ante-mi-pueblo\\\/#breadcrumb\",\"itemListElement\":[{\"@type\":\"ListItem\",\"position\":1,\"name\":\"Portada\",\"item\":\"https:\\\/\\\/www.joseph-wresinski.org\\\/es\\\/\"},{\"@type\":\"ListItem\",\"position\":2,\"name\":\"Ante mi pueblo\"}]},{\"@type\":\"WebSite\",\"@id\":\"https:\\\/\\\/www.joseph-wresinski.org\\\/es\\\/#website\",\"url\":\"https:\\\/\\\/www.joseph-wresinski.org\\\/es\\\/\",\"name\":\"Joseph Wresinski ES\",\"description\":\"Un sitio web propuesto por el Centro Joseph Wresinski\",\"potentialAction\":[{\"@type\":\"SearchAction\",\"target\":{\"@type\":\"EntryPoint\",\"urlTemplate\":\"https:\\\/\\\/www.joseph-wresinski.org\\\/es\\\/?s={search_term_string}\"},\"query-input\":{\"@type\":\"PropertyValueSpecification\",\"valueRequired\":true,\"valueName\":\"search_term_string\"}}],\"inLanguage\":\"es\"},{\"@type\":\"Person\",\"@id\":\"https:\\\/\\\/www.joseph-wresinski.org\\\/es\\\/#\\\/schema\\\/person\\\/93469e0206778753beddb73f4e07c8e0\",\"name\":\"Jean Tonglet\",\"image\":{\"@type\":\"ImageObject\",\"inLanguage\":\"es\",\"@id\":\"https:\\\/\\\/secure.gravatar.com\\\/avatar\\\/599cfd98b536979bcebf2d6839f0c694333341f1caf7ba53413b62de5453de40?s=96&d=mm&r=g\",\"url\":\"https:\\\/\\\/secure.gravatar.com\\\/avatar\\\/599cfd98b536979bcebf2d6839f0c694333341f1caf7ba53413b62de5453de40?s=96&d=mm&r=g\",\"contentUrl\":\"https:\\\/\\\/secure.gravatar.com\\\/avatar\\\/599cfd98b536979bcebf2d6839f0c694333341f1caf7ba53413b62de5453de40?s=96&d=mm&r=g\",\"caption\":\"Jean Tonglet\"},\"url\":\"https:\\\/\\\/www.joseph-wresinski.org\\\/es\\\/author\\\/jean\\\/\"}]}<\/script>\n<!-- \/ Yoast SEO plugin. -->","yoast_head_json":{"title":"Ante mi pueblo - Joseph Wresinski ES","robots":{"index":"index","follow":"follow","max-snippet":"max-snippet:-1","max-image-preview":"max-image-preview:large","max-video-preview":"max-video-preview:-1"},"canonical":"https:\/\/www.joseph-wresinski.org\/es\/ante-mi-pueblo\/","og_locale":"es_ES","og_type":"article","og_title":"Ante mi pueblo - Joseph Wresinski ES","og_description":"\u00abLlegu\u00e9 el 14 de julio de 1956, y en esta explanada, que llaman Ch\u00e2teau de France, el sol irradiaba un (...) Leer m\u00e1s &rarr;","og_url":"https:\/\/www.joseph-wresinski.org\/es\/ante-mi-pueblo\/","og_site_name":"Joseph Wresinski ES","article_published_time":"2021-02-11T23:00:03+00:00","article_modified_time":"2021-02-12T12:52:47+00:00","og_image":[{"width":580,"height":400,"url":"https:\/\/www.joseph-wresinski.org\/es\/wp-content\/uploads\/sites\/13\/2021\/02\/CIJW-0070-631-004-Noisy-le-Grand-1963-5_Reduit-580x400-2.jpg","type":"image\/jpeg"}],"author":"Jean Tonglet","twitter_card":"summary_large_image","twitter_misc":{"Escrito por":"Jean Tonglet","Tiempo de lectura":"2 minutos"},"schema":{"@context":"https:\/\/schema.org","@graph":[{"@type":"Article","@id":"https:\/\/www.joseph-wresinski.org\/es\/ante-mi-pueblo\/#article","isPartOf":{"@id":"https:\/\/www.joseph-wresinski.org\/es\/ante-mi-pueblo\/"},"author":{"name":"Jean Tonglet","@id":"https:\/\/www.joseph-wresinski.org\/es\/#\/schema\/person\/93469e0206778753beddb73f4e07c8e0"},"headline":"Ante mi pueblo","datePublished":"2021-02-11T23:00:03+00:00","dateModified":"2021-02-12T12:52:47+00:00","mainEntityOfPage":{"@id":"https:\/\/www.joseph-wresinski.org\/es\/ante-mi-pueblo\/"},"wordCount":478,"commentCount":0,"image":{"@id":"https:\/\/www.joseph-wresinski.org\/es\/ante-mi-pueblo\/#primaryimage"},"thumbnailUrl":"https:\/\/www.joseph-wresinski.org\/es\/wp-content\/uploads\/sites\/13\/2021\/02\/CIJW-0070-631-004-Noisy-le-Grand-1963-5_Reduit-580x400-2.jpg","keywords":["Derechos humanos","erradicar la miseria","Joseph Wresinski","lucha contra la pobreza"],"articleSection":["Actualidades","Extractos de libros","Textos"],"inLanguage":"es","potentialAction":[{"@type":"CommentAction","name":"Comment","target":["https:\/\/www.joseph-wresinski.org\/es\/ante-mi-pueblo\/#respond"]}]},{"@type":"WebPage","@id":"https:\/\/www.joseph-wresinski.org\/es\/ante-mi-pueblo\/","url":"https:\/\/www.joseph-wresinski.org\/es\/ante-mi-pueblo\/","name":"Ante mi pueblo - Joseph Wresinski ES","isPartOf":{"@id":"https:\/\/www.joseph-wresinski.org\/es\/#website"},"primaryImageOfPage":{"@id":"https:\/\/www.joseph-wresinski.org\/es\/ante-mi-pueblo\/#primaryimage"},"image":{"@id":"https:\/\/www.joseph-wresinski.org\/es\/ante-mi-pueblo\/#primaryimage"},"thumbnailUrl":"https:\/\/www.joseph-wresinski.org\/es\/wp-content\/uploads\/sites\/13\/2021\/02\/CIJW-0070-631-004-Noisy-le-Grand-1963-5_Reduit-580x400-2.jpg","datePublished":"2021-02-11T23:00:03+00:00","dateModified":"2021-02-12T12:52:47+00:00","author":{"@id":"https:\/\/www.joseph-wresinski.org\/es\/#\/schema\/person\/93469e0206778753beddb73f4e07c8e0"},"breadcrumb":{"@id":"https:\/\/www.joseph-wresinski.org\/es\/ante-mi-pueblo\/#breadcrumb"},"inLanguage":"es","potentialAction":[{"@type":"ReadAction","target":["https:\/\/www.joseph-wresinski.org\/es\/ante-mi-pueblo\/"]}]},{"@type":"ImageObject","inLanguage":"es","@id":"https:\/\/www.joseph-wresinski.org\/es\/ante-mi-pueblo\/#primaryimage","url":"https:\/\/www.joseph-wresinski.org\/es\/wp-content\/uploads\/sites\/13\/2021\/02\/CIJW-0070-631-004-Noisy-le-Grand-1963-5_Reduit-580x400-2.jpg","contentUrl":"https:\/\/www.joseph-wresinski.org\/es\/wp-content\/uploads\/sites\/13\/2021\/02\/CIJW-0070-631-004-Noisy-le-Grand-1963-5_Reduit-580x400-2.jpg","width":580,"height":400},{"@type":"BreadcrumbList","@id":"https:\/\/www.joseph-wresinski.org\/es\/ante-mi-pueblo\/#breadcrumb","itemListElement":[{"@type":"ListItem","position":1,"name":"Portada","item":"https:\/\/www.joseph-wresinski.org\/es\/"},{"@type":"ListItem","position":2,"name":"Ante mi pueblo"}]},{"@type":"WebSite","@id":"https:\/\/www.joseph-wresinski.org\/es\/#website","url":"https:\/\/www.joseph-wresinski.org\/es\/","name":"Joseph Wresinski ES","description":"Un sitio web propuesto por el Centro Joseph Wresinski","potentialAction":[{"@type":"SearchAction","target":{"@type":"EntryPoint","urlTemplate":"https:\/\/www.joseph-wresinski.org\/es\/?s={search_term_string}"},"query-input":{"@type":"PropertyValueSpecification","valueRequired":true,"valueName":"search_term_string"}}],"inLanguage":"es"},{"@type":"Person","@id":"https:\/\/www.joseph-wresinski.org\/es\/#\/schema\/person\/93469e0206778753beddb73f4e07c8e0","name":"Jean Tonglet","image":{"@type":"ImageObject","inLanguage":"es","@id":"https:\/\/secure.gravatar.com\/avatar\/599cfd98b536979bcebf2d6839f0c694333341f1caf7ba53413b62de5453de40?s=96&d=mm&r=g","url":"https:\/\/secure.gravatar.com\/avatar\/599cfd98b536979bcebf2d6839f0c694333341f1caf7ba53413b62de5453de40?s=96&d=mm&r=g","contentUrl":"https:\/\/secure.gravatar.com\/avatar\/599cfd98b536979bcebf2d6839f0c694333341f1caf7ba53413b62de5453de40?s=96&d=mm&r=g","caption":"Jean Tonglet"},"url":"https:\/\/www.joseph-wresinski.org\/es\/author\/jean\/"}]}},"_links":{"self":[{"href":"https:\/\/www.joseph-wresinski.org\/es\/wp-json\/wp\/v2\/posts\/2219","targetHints":{"allow":["GET"]}}],"collection":[{"href":"https:\/\/www.joseph-wresinski.org\/es\/wp-json\/wp\/v2\/posts"}],"about":[{"href":"https:\/\/www.joseph-wresinski.org\/es\/wp-json\/wp\/v2\/types\/post"}],"author":[{"embeddable":true,"href":"https:\/\/www.joseph-wresinski.org\/es\/wp-json\/wp\/v2\/users\/4"}],"replies":[{"embeddable":true,"href":"https:\/\/www.joseph-wresinski.org\/es\/wp-json\/wp\/v2\/comments?post=2219"}],"version-history":[{"count":4,"href":"https:\/\/www.joseph-wresinski.org\/es\/wp-json\/wp\/v2\/posts\/2219\/revisions"}],"predecessor-version":[{"id":2233,"href":"https:\/\/www.joseph-wresinski.org\/es\/wp-json\/wp\/v2\/posts\/2219\/revisions\/2233"}],"wp:featuredmedia":[{"embeddable":true,"href":"https:\/\/www.joseph-wresinski.org\/es\/wp-json\/wp\/v2\/media\/2224"}],"wp:attachment":[{"href":"https:\/\/www.joseph-wresinski.org\/es\/wp-json\/wp\/v2\/media?parent=2219"}],"wp:term":[{"taxonomy":"category","embeddable":true,"href":"https:\/\/www.joseph-wresinski.org\/es\/wp-json\/wp\/v2\/categories?post=2219"},{"taxonomy":"post_tag","embeddable":true,"href":"https:\/\/www.joseph-wresinski.org\/es\/wp-json\/wp\/v2\/tags?post=2219"}],"curies":[{"name":"wp","href":"https:\/\/api.w.org\/{rel}","templated":true}]}}