{"id":2241,"date":"2021-03-08T09:13:34","date_gmt":"2021-03-08T08:13:34","guid":{"rendered":"https:\/\/www.joseph-wresinski.org\/es\/?p=2241"},"modified":"2021-03-08T14:17:22","modified_gmt":"2021-03-08T13:17:22","slug":"las-mujeres-ultimo-baluarte-contra-la-extrema-pobreza","status":"publish","type":"post","link":"https:\/\/www.joseph-wresinski.org\/es\/las-mujeres-ultimo-baluarte-contra-la-extrema-pobreza\/","title":{"rendered":"Las mujeres, \u00faltimo baluarte contra la extrema pobreza"},"content":{"rendered":"<p><em>\u00abEn el siguiente extracto de una reuni\u00f3n de formaci\u00f3n en 1962, el padre Joseph Wresinski invita a las y los voluntarios permanentes que intervienen en el asentamiento de Noisy-le-Grand a descubrir la resistencia de las madres ante la extrema pobreza. Explica por qu\u00e9 la acci\u00f3n que se lleva a cabo en este asentamiento se dirige, en primer lugar, a apoyar la lucha diaria de estas mujeres\u00bb.<\/em><\/p>\n<p>Pero, \u00bfpor qu\u00e9 hemos empezado nuestra acci\u00f3n por las mujeres? Creo que las mujeres son el eje central que permanece cuando la familia se ve sumida en la extrema pobreza.<br \/>\nSolo las mujeres son capaces de mantenerse en pie ante tal miseria. Los hombres se derrumban, abandonan, pero las mujeres siguen en pie y salvar\u00e1n a su familia independientemente de lo que ocurra. Llevo toda mi vida vi\u00e9ndolo. Puede que ustedes no piensen lo mismo que yo, pero es lo que he vivido.<\/p>\n<p>Las mujeres poseen una especie de energ\u00eda que conservan, pase lo que pase. Aqu\u00ed no hay una sola madre que no haya sufrido alg\u00fan golpe extremamente duro. Se podr\u00eda escribir un libro con la historia de cada una de ellas. Sin embargo, mantienen una extraordinaria compostura. Tienen dignidad y, si nos fijamos mejor, elegancia.<\/p>\n<p>Mirad a la se\u00f1ora H. Hace mucho que su marido no trabaja y ella es quien va todas las ma\u00f1anas a las cinco a la f\u00e1brica y<br \/>\nregresa a casa a las siete de la tarde. Lo hace porque tiene un hijo. Aguanta todo porque tiene un hijo.<\/p>\n<p>De todos modos, las mujeres no son la soluci\u00f3n a la extrema pobreza, no tienen el remedio en sus manos. Son el \u00faltimo baluarte contra la extrema pobreza, que es algo completamente distinto.<br \/>\nSon el eje central de la resistencia contra la extrema pobreza. Si consiguen imponerse, la familia puede aguantar. No pueden transformar a los hombres, pero la familia cambiar\u00e1, respirar\u00e1.<\/p>\n<ul class=\"presentation-list\">\n<li><strong>No son una soluci\u00f3n a la extrema pobreza, sino una repuesta al llamamiento de las familias a vivir con dignidad.<\/strong><\/li>\n<\/ul>\n<p>Y nuestra acci\u00f3n es tambi\u00e9n una forma de reconocer y proclamar su dignidad.<\/p>\n","protected":false},"excerpt":{"rendered":"<p>\u00abEn el siguiente extracto de una reuni\u00f3n de formaci\u00f3n en 1962, el padre Joseph Wresinski invita a las y los (&#8230;) <a class=\"more-link\" href=\"https:\/\/www.joseph-wresinski.org\/es\/las-mujeres-ultimo-baluarte-contra-la-extrema-pobreza\/\">Leer m\u00e1s <span class=\"meta-nav\">&rarr;<\/span><\/a><\/p>\n","protected":false},"author":6,"featured_media":2253,"comment_status":"open","ping_status":"open","sticky":false,"template":"","format":"standard","meta":{"_acf_changed":false,"ep_exclude_from_search":false,"footnotes":""},"categories":[12,68,63],"tags":[128,127,102],"class_list":["post-2241","post","type-post","status-publish","format-standard","has-post-thumbnail","hentry","category-actualidades","category-extractos-de-libros","category-recopilacion","tag-derechos-de-las-mujeres","tag-feminismo","tag-lucha-contra-la-pobreza"],"acf":[],"yoast_head":"<!-- This site is optimized with the Yoast SEO plugin v27.5 - https:\/\/yoast.com\/product\/yoast-seo-wordpress\/ -->\n<title>Las mujeres, \u00faltimo baluarte contra la extrema pobreza - Joseph Wresinski ES<\/title>\n<meta name=\"robots\" content=\"index, follow, max-snippet:-1, max-image-preview:large, max-video-preview:-1\" \/>\n<link rel=\"canonical\" href=\"https:\/\/www.joseph-wresinski.org\/es\/las-mujeres-ultimo-baluarte-contra-la-extrema-pobreza\/\" \/>\n<meta property=\"og:locale\" content=\"es_ES\" \/>\n<meta property=\"og:type\" content=\"article\" \/>\n<meta property=\"og:title\" content=\"Las mujeres, \u00faltimo baluarte contra la extrema pobreza - Joseph Wresinski ES\" \/>\n<meta property=\"og:description\" content=\"\u00abEn el siguiente extracto de una reuni\u00f3n de formaci\u00f3n en 1962, el padre Joseph Wresinski invita a las y los (...) Leer m\u00e1s &rarr;\" \/>\n<meta property=\"og:url\" content=\"https:\/\/www.joseph-wresinski.org\/es\/las-mujeres-ultimo-baluarte-contra-la-extrema-pobreza\/\" \/>\n<meta property=\"og:site_name\" content=\"Joseph Wresinski ES\" \/>\n<meta property=\"article:published_time\" content=\"2021-03-08T08:13:34+00:00\" \/>\n<meta property=\"article:modified_time\" content=\"2021-03-08T13:17:22+00:00\" \/>\n<meta property=\"og:image\" content=\"https:\/\/www.joseph-wresinski.org\/es\/wp-content\/uploads\/sites\/13\/2021\/03\/Joseph-l-insoumis-film-Caroline-Glorion-2010-anouk-grinberg.jpg\" \/>\n\t<meta property=\"og:image:width\" content=\"1000\" \/>\n\t<meta property=\"og:image:height\" content=\"690\" \/>\n\t<meta property=\"og:image:type\" content=\"image\/jpeg\" \/>\n<meta name=\"author\" content=\"jaime\" \/>\n<meta name=\"twitter:card\" content=\"summary_large_image\" \/>\n<meta name=\"twitter:label1\" content=\"Escrito por\" \/>\n\t<meta name=\"twitter:data1\" content=\"jaime\" \/>\n\t<meta name=\"twitter:label2\" content=\"Tiempo de lectura\" \/>\n\t<meta name=\"twitter:data2\" content=\"2 minutos\" \/>\n<script type=\"application\/ld+json\" class=\"yoast-schema-graph\">{\"@context\":\"https:\\\/\\\/schema.org\",\"@graph\":[{\"@type\":\"Article\",\"@id\":\"https:\\\/\\\/www.joseph-wresinski.org\\\/es\\\/las-mujeres-ultimo-baluarte-contra-la-extrema-pobreza\\\/#article\",\"isPartOf\":{\"@id\":\"https:\\\/\\\/www.joseph-wresinski.org\\\/es\\\/las-mujeres-ultimo-baluarte-contra-la-extrema-pobreza\\\/\"},\"author\":{\"name\":\"jaime\",\"@id\":\"https:\\\/\\\/www.joseph-wresinski.org\\\/es\\\/#\\\/schema\\\/person\\\/6c1313273b2a28138fe42fe4e7e7e319\"},\"headline\":\"Las mujeres, \u00faltimo baluarte contra la extrema pobreza\",\"datePublished\":\"2021-03-08T08:13:34+00:00\",\"dateModified\":\"2021-03-08T13:17:22+00:00\",\"mainEntityOfPage\":{\"@id\":\"https:\\\/\\\/www.joseph-wresinski.org\\\/es\\\/las-mujeres-ultimo-baluarte-contra-la-extrema-pobreza\\\/\"},\"wordCount\":369,\"commentCount\":0,\"image\":{\"@id\":\"https:\\\/\\\/www.joseph-wresinski.org\\\/es\\\/las-mujeres-ultimo-baluarte-contra-la-extrema-pobreza\\\/#primaryimage\"},\"thumbnailUrl\":\"https:\\\/\\\/www.joseph-wresinski.org\\\/es\\\/wp-content\\\/uploads\\\/sites\\\/13\\\/2021\\\/03\\\/Joseph-l-insoumis-film-Caroline-Glorion-2010-anouk-grinberg.jpg\",\"keywords\":[\"derechos de las mujeres\",\"feminismo\",\"lucha contra la pobreza\"],\"articleSection\":[\"Actualidades\",\"Extractos de libros\",\"Textos\"],\"inLanguage\":\"es\",\"potentialAction\":[{\"@type\":\"CommentAction\",\"name\":\"Comment\",\"target\":[\"https:\\\/\\\/www.joseph-wresinski.org\\\/es\\\/las-mujeres-ultimo-baluarte-contra-la-extrema-pobreza\\\/#respond\"]}]},{\"@type\":\"WebPage\",\"@id\":\"https:\\\/\\\/www.joseph-wresinski.org\\\/es\\\/las-mujeres-ultimo-baluarte-contra-la-extrema-pobreza\\\/\",\"url\":\"https:\\\/\\\/www.joseph-wresinski.org\\\/es\\\/las-mujeres-ultimo-baluarte-contra-la-extrema-pobreza\\\/\",\"name\":\"Las mujeres, \u00faltimo baluarte contra la extrema pobreza - Joseph Wresinski ES\",\"isPartOf\":{\"@id\":\"https:\\\/\\\/www.joseph-wresinski.org\\\/es\\\/#website\"},\"primaryImageOfPage\":{\"@id\":\"https:\\\/\\\/www.joseph-wresinski.org\\\/es\\\/las-mujeres-ultimo-baluarte-contra-la-extrema-pobreza\\\/#primaryimage\"},\"image\":{\"@id\":\"https:\\\/\\\/www.joseph-wresinski.org\\\/es\\\/las-mujeres-ultimo-baluarte-contra-la-extrema-pobreza\\\/#primaryimage\"},\"thumbnailUrl\":\"https:\\\/\\\/www.joseph-wresinski.org\\\/es\\\/wp-content\\\/uploads\\\/sites\\\/13\\\/2021\\\/03\\\/Joseph-l-insoumis-film-Caroline-Glorion-2010-anouk-grinberg.jpg\",\"datePublished\":\"2021-03-08T08:13:34+00:00\",\"dateModified\":\"2021-03-08T13:17:22+00:00\",\"author\":{\"@id\":\"https:\\\/\\\/www.joseph-wresinski.org\\\/es\\\/#\\\/schema\\\/person\\\/6c1313273b2a28138fe42fe4e7e7e319\"},\"breadcrumb\":{\"@id\":\"https:\\\/\\\/www.joseph-wresinski.org\\\/es\\\/las-mujeres-ultimo-baluarte-contra-la-extrema-pobreza\\\/#breadcrumb\"},\"inLanguage\":\"es\",\"potentialAction\":[{\"@type\":\"ReadAction\",\"target\":[\"https:\\\/\\\/www.joseph-wresinski.org\\\/es\\\/las-mujeres-ultimo-baluarte-contra-la-extrema-pobreza\\\/\"]}]},{\"@type\":\"ImageObject\",\"inLanguage\":\"es\",\"@id\":\"https:\\\/\\\/www.joseph-wresinski.org\\\/es\\\/las-mujeres-ultimo-baluarte-contra-la-extrema-pobreza\\\/#primaryimage\",\"url\":\"https:\\\/\\\/www.joseph-wresinski.org\\\/es\\\/wp-content\\\/uploads\\\/sites\\\/13\\\/2021\\\/03\\\/Joseph-l-insoumis-film-Caroline-Glorion-2010-anouk-grinberg.jpg\",\"contentUrl\":\"https:\\\/\\\/www.joseph-wresinski.org\\\/es\\\/wp-content\\\/uploads\\\/sites\\\/13\\\/2021\\\/03\\\/Joseph-l-insoumis-film-Caroline-Glorion-2010-anouk-grinberg.jpg\",\"width\":1000,\"height\":690},{\"@type\":\"BreadcrumbList\",\"@id\":\"https:\\\/\\\/www.joseph-wresinski.org\\\/es\\\/las-mujeres-ultimo-baluarte-contra-la-extrema-pobreza\\\/#breadcrumb\",\"itemListElement\":[{\"@type\":\"ListItem\",\"position\":1,\"name\":\"Portada\",\"item\":\"https:\\\/\\\/www.joseph-wresinski.org\\\/es\\\/\"},{\"@type\":\"ListItem\",\"position\":2,\"name\":\"Las mujeres, \u00faltimo baluarte contra la extrema pobreza\"}]},{\"@type\":\"WebSite\",\"@id\":\"https:\\\/\\\/www.joseph-wresinski.org\\\/es\\\/#website\",\"url\":\"https:\\\/\\\/www.joseph-wresinski.org\\\/es\\\/\",\"name\":\"Joseph Wresinski ES\",\"description\":\"Un sitio web propuesto por el Centro Joseph Wresinski\",\"potentialAction\":[{\"@type\":\"SearchAction\",\"target\":{\"@type\":\"EntryPoint\",\"urlTemplate\":\"https:\\\/\\\/www.joseph-wresinski.org\\\/es\\\/?s={search_term_string}\"},\"query-input\":{\"@type\":\"PropertyValueSpecification\",\"valueRequired\":true,\"valueName\":\"search_term_string\"}}],\"inLanguage\":\"es\"},{\"@type\":\"Person\",\"@id\":\"https:\\\/\\\/www.joseph-wresinski.org\\\/es\\\/#\\\/schema\\\/person\\\/6c1313273b2a28138fe42fe4e7e7e319\",\"name\":\"jaime\",\"image\":{\"@type\":\"ImageObject\",\"inLanguage\":\"es\",\"@id\":\"https:\\\/\\\/secure.gravatar.com\\\/avatar\\\/94e8865d14248786fbf63f441c5f4e74b36113a44b13412e379a210446cfec5b?s=96&d=mm&r=g\",\"url\":\"https:\\\/\\\/secure.gravatar.com\\\/avatar\\\/94e8865d14248786fbf63f441c5f4e74b36113a44b13412e379a210446cfec5b?s=96&d=mm&r=g\",\"contentUrl\":\"https:\\\/\\\/secure.gravatar.com\\\/avatar\\\/94e8865d14248786fbf63f441c5f4e74b36113a44b13412e379a210446cfec5b?s=96&d=mm&r=g\",\"caption\":\"jaime\"},\"url\":\"https:\\\/\\\/www.joseph-wresinski.org\\\/es\\\/author\\\/jaime\\\/\"}]}<\/script>\n<!-- \/ Yoast SEO plugin. -->","yoast_head_json":{"title":"Las mujeres, \u00faltimo baluarte contra la extrema pobreza - Joseph Wresinski ES","robots":{"index":"index","follow":"follow","max-snippet":"max-snippet:-1","max-image-preview":"max-image-preview:large","max-video-preview":"max-video-preview:-1"},"canonical":"https:\/\/www.joseph-wresinski.org\/es\/las-mujeres-ultimo-baluarte-contra-la-extrema-pobreza\/","og_locale":"es_ES","og_type":"article","og_title":"Las mujeres, \u00faltimo baluarte contra la extrema pobreza - Joseph Wresinski ES","og_description":"\u00abEn el siguiente extracto de una reuni\u00f3n de formaci\u00f3n en 1962, el padre Joseph Wresinski invita a las y los (...) Leer m\u00e1s &rarr;","og_url":"https:\/\/www.joseph-wresinski.org\/es\/las-mujeres-ultimo-baluarte-contra-la-extrema-pobreza\/","og_site_name":"Joseph Wresinski ES","article_published_time":"2021-03-08T08:13:34+00:00","article_modified_time":"2021-03-08T13:17:22+00:00","og_image":[{"width":1000,"height":690,"url":"https:\/\/www.joseph-wresinski.org\/es\/wp-content\/uploads\/sites\/13\/2021\/03\/Joseph-l-insoumis-film-Caroline-Glorion-2010-anouk-grinberg.jpg","type":"image\/jpeg"}],"author":"jaime","twitter_card":"summary_large_image","twitter_misc":{"Escrito por":"jaime","Tiempo de lectura":"2 minutos"},"schema":{"@context":"https:\/\/schema.org","@graph":[{"@type":"Article","@id":"https:\/\/www.joseph-wresinski.org\/es\/las-mujeres-ultimo-baluarte-contra-la-extrema-pobreza\/#article","isPartOf":{"@id":"https:\/\/www.joseph-wresinski.org\/es\/las-mujeres-ultimo-baluarte-contra-la-extrema-pobreza\/"},"author":{"name":"jaime","@id":"https:\/\/www.joseph-wresinski.org\/es\/#\/schema\/person\/6c1313273b2a28138fe42fe4e7e7e319"},"headline":"Las mujeres, \u00faltimo baluarte contra la extrema pobreza","datePublished":"2021-03-08T08:13:34+00:00","dateModified":"2021-03-08T13:17:22+00:00","mainEntityOfPage":{"@id":"https:\/\/www.joseph-wresinski.org\/es\/las-mujeres-ultimo-baluarte-contra-la-extrema-pobreza\/"},"wordCount":369,"commentCount":0,"image":{"@id":"https:\/\/www.joseph-wresinski.org\/es\/las-mujeres-ultimo-baluarte-contra-la-extrema-pobreza\/#primaryimage"},"thumbnailUrl":"https:\/\/www.joseph-wresinski.org\/es\/wp-content\/uploads\/sites\/13\/2021\/03\/Joseph-l-insoumis-film-Caroline-Glorion-2010-anouk-grinberg.jpg","keywords":["derechos de las mujeres","feminismo","lucha contra la pobreza"],"articleSection":["Actualidades","Extractos de libros","Textos"],"inLanguage":"es","potentialAction":[{"@type":"CommentAction","name":"Comment","target":["https:\/\/www.joseph-wresinski.org\/es\/las-mujeres-ultimo-baluarte-contra-la-extrema-pobreza\/#respond"]}]},{"@type":"WebPage","@id":"https:\/\/www.joseph-wresinski.org\/es\/las-mujeres-ultimo-baluarte-contra-la-extrema-pobreza\/","url":"https:\/\/www.joseph-wresinski.org\/es\/las-mujeres-ultimo-baluarte-contra-la-extrema-pobreza\/","name":"Las mujeres, \u00faltimo baluarte contra la extrema pobreza - Joseph Wresinski ES","isPartOf":{"@id":"https:\/\/www.joseph-wresinski.org\/es\/#website"},"primaryImageOfPage":{"@id":"https:\/\/www.joseph-wresinski.org\/es\/las-mujeres-ultimo-baluarte-contra-la-extrema-pobreza\/#primaryimage"},"image":{"@id":"https:\/\/www.joseph-wresinski.org\/es\/las-mujeres-ultimo-baluarte-contra-la-extrema-pobreza\/#primaryimage"},"thumbnailUrl":"https:\/\/www.joseph-wresinski.org\/es\/wp-content\/uploads\/sites\/13\/2021\/03\/Joseph-l-insoumis-film-Caroline-Glorion-2010-anouk-grinberg.jpg","datePublished":"2021-03-08T08:13:34+00:00","dateModified":"2021-03-08T13:17:22+00:00","author":{"@id":"https:\/\/www.joseph-wresinski.org\/es\/#\/schema\/person\/6c1313273b2a28138fe42fe4e7e7e319"},"breadcrumb":{"@id":"https:\/\/www.joseph-wresinski.org\/es\/las-mujeres-ultimo-baluarte-contra-la-extrema-pobreza\/#breadcrumb"},"inLanguage":"es","potentialAction":[{"@type":"ReadAction","target":["https:\/\/www.joseph-wresinski.org\/es\/las-mujeres-ultimo-baluarte-contra-la-extrema-pobreza\/"]}]},{"@type":"ImageObject","inLanguage":"es","@id":"https:\/\/www.joseph-wresinski.org\/es\/las-mujeres-ultimo-baluarte-contra-la-extrema-pobreza\/#primaryimage","url":"https:\/\/www.joseph-wresinski.org\/es\/wp-content\/uploads\/sites\/13\/2021\/03\/Joseph-l-insoumis-film-Caroline-Glorion-2010-anouk-grinberg.jpg","contentUrl":"https:\/\/www.joseph-wresinski.org\/es\/wp-content\/uploads\/sites\/13\/2021\/03\/Joseph-l-insoumis-film-Caroline-Glorion-2010-anouk-grinberg.jpg","width":1000,"height":690},{"@type":"BreadcrumbList","@id":"https:\/\/www.joseph-wresinski.org\/es\/las-mujeres-ultimo-baluarte-contra-la-extrema-pobreza\/#breadcrumb","itemListElement":[{"@type":"ListItem","position":1,"name":"Portada","item":"https:\/\/www.joseph-wresinski.org\/es\/"},{"@type":"ListItem","position":2,"name":"Las mujeres, \u00faltimo baluarte contra la extrema pobreza"}]},{"@type":"WebSite","@id":"https:\/\/www.joseph-wresinski.org\/es\/#website","url":"https:\/\/www.joseph-wresinski.org\/es\/","name":"Joseph Wresinski ES","description":"Un sitio web propuesto por el Centro Joseph Wresinski","potentialAction":[{"@type":"SearchAction","target":{"@type":"EntryPoint","urlTemplate":"https:\/\/www.joseph-wresinski.org\/es\/?s={search_term_string}"},"query-input":{"@type":"PropertyValueSpecification","valueRequired":true,"valueName":"search_term_string"}}],"inLanguage":"es"},{"@type":"Person","@id":"https:\/\/www.joseph-wresinski.org\/es\/#\/schema\/person\/6c1313273b2a28138fe42fe4e7e7e319","name":"jaime","image":{"@type":"ImageObject","inLanguage":"es","@id":"https:\/\/secure.gravatar.com\/avatar\/94e8865d14248786fbf63f441c5f4e74b36113a44b13412e379a210446cfec5b?s=96&d=mm&r=g","url":"https:\/\/secure.gravatar.com\/avatar\/94e8865d14248786fbf63f441c5f4e74b36113a44b13412e379a210446cfec5b?s=96&d=mm&r=g","contentUrl":"https:\/\/secure.gravatar.com\/avatar\/94e8865d14248786fbf63f441c5f4e74b36113a44b13412e379a210446cfec5b?s=96&d=mm&r=g","caption":"jaime"},"url":"https:\/\/www.joseph-wresinski.org\/es\/author\/jaime\/"}]}},"_links":{"self":[{"href":"https:\/\/www.joseph-wresinski.org\/es\/wp-json\/wp\/v2\/posts\/2241","targetHints":{"allow":["GET"]}}],"collection":[{"href":"https:\/\/www.joseph-wresinski.org\/es\/wp-json\/wp\/v2\/posts"}],"about":[{"href":"https:\/\/www.joseph-wresinski.org\/es\/wp-json\/wp\/v2\/types\/post"}],"author":[{"embeddable":true,"href":"https:\/\/www.joseph-wresinski.org\/es\/wp-json\/wp\/v2\/users\/6"}],"replies":[{"embeddable":true,"href":"https:\/\/www.joseph-wresinski.org\/es\/wp-json\/wp\/v2\/comments?post=2241"}],"version-history":[{"count":6,"href":"https:\/\/www.joseph-wresinski.org\/es\/wp-json\/wp\/v2\/posts\/2241\/revisions"}],"predecessor-version":[{"id":2256,"href":"https:\/\/www.joseph-wresinski.org\/es\/wp-json\/wp\/v2\/posts\/2241\/revisions\/2256"}],"wp:featuredmedia":[{"embeddable":true,"href":"https:\/\/www.joseph-wresinski.org\/es\/wp-json\/wp\/v2\/media\/2253"}],"wp:attachment":[{"href":"https:\/\/www.joseph-wresinski.org\/es\/wp-json\/wp\/v2\/media?parent=2241"}],"wp:term":[{"taxonomy":"category","embeddable":true,"href":"https:\/\/www.joseph-wresinski.org\/es\/wp-json\/wp\/v2\/categories?post=2241"},{"taxonomy":"post_tag","embeddable":true,"href":"https:\/\/www.joseph-wresinski.org\/es\/wp-json\/wp\/v2\/tags?post=2241"}],"curies":[{"name":"wp","href":"https:\/\/api.w.org\/{rel}","templated":true}]}}