{"id":2266,"date":"2021-04-01T00:00:02","date_gmt":"2021-03-31T22:00:02","guid":{"rendered":"https:\/\/www.joseph-wresinski.org\/es\/?p=2266"},"modified":"2021-04-06T16:22:15","modified_gmt":"2021-04-06T14:22:15","slug":"perdonar-creerme-es-duro","status":"publish","type":"post","link":"https:\/\/www.joseph-wresinski.org\/es\/perdonar-creerme-es-duro\/","title":{"rendered":"\u00a1Creedme! Perdonar es duro"},"content":{"rendered":"<p><em><span lang=\"ES\">En estos tiempos de crisis, este mensaje, escrito en 1984, es tan actual como el llamamiento de Joseph Wresinski al final de su colecci\u00f3n de ensayos: \u201cAmigos, estos ni\u00f1os, estas madres, estos esposos, \u00bfpuede este pueblo de la miseria contar con vosotros ma\u00f1ana?\u201d (Paroles pour demain, p. 147)<\/span><\/em><\/p>\n<p>Estos \u00faltimos meses, en Par\u00eds, en el cruce de la calle Cadet y de la avenida Montmartre, varias chicas j\u00f3venes entre veinte y treinta a\u00f1os rebuscaban cerca de un mercado, entre montones de cartones tirados unos sobre otros.<\/p>\n<p>Una de ellas encontr\u00f3 dos bizcochos medio comidos y los meti\u00f3 furtivamente en un bolso. Inmediatamente se acercaron dos ni\u00f1os con los que comparti\u00f3 uno de los bizcochos.<\/p>\n<p>\u00a1Estaba tan impresionado que no supe que decir!<\/p>\n<p>Volv\u00eda a ver esos cr\u00edos que durante los a\u00f1os 60 buscaban algo de comida en las basuras del asentamiento de Noisy-le-Grand.<\/p>\n<p>Me acordaba de esos ni\u00f1os que vend\u00edan sus canicas para comprar un pan y poder festejar el cumplea\u00f1os de su madre. Pens\u00e9 que nunca volver\u00eda a ver eso.<\/p>\n<p>Pero me encontraba ante una madre que alimentaba a sus dos hijos con bizcochos revenidos.<\/p>\n<p>Tampoco hubiera imaginado que volver\u00eda a vivir, en septiembre de 1984, la pesadilla de cuatro ni\u00f1os peque\u00f1os, de ocho meses a ocho a\u00f1os, \u00a1expulsados de un solar municipal!<\/p>\n<p>Fue ayer por la ma\u00f1ana. El pasado mes de julio su familia se hab\u00eda refugiado en una tienda de campa\u00f1a que les hab\u00edan prestado. Ni la Alcald\u00eda, ni los trabajadores sociales, ni el prefecto hab\u00edan hecho nada por ellos. Salvo, claro est\u00e1, internar a sus hijos en un centro. Hasta que las cosas se arreglasen.<\/p>\n<p>Pero el Cuarto Mundo no solo vive tristezas.<\/p>\n<p>Tambi\u00e9n hay paz y perd\u00f3n m\u00e1s fuertes que la miseria. Recuerdo a ese hombre que el pasado mes de agosto encontr\u00e9 en el cementerio. Un coche hab\u00eda atropellado a su hija de nueve a\u00f1os en la acera por la que caminaba. La ni\u00f1a muri\u00f3.<\/p>\n<p>Despu\u00e9s del entierro, su padre me dec\u00eda: \u00abSabe, \u00a1querr\u00eda estrangular al cerdo que ha matado a mi hija! Pero cuando llegu\u00e9 a la comisar\u00eda y vi que la mujer que hab\u00eda ocasionado el accidente era una mujer discapacitada, no pude decir nada. Pens\u00e9 que para ella tambi\u00e9n era terrible haber matado a mi hija. Lloramos juntos y me dije que tenemos que perdonar.<\/p>\n<ul class=\"presentation-list\">\n<li><strong><em>\u00a1Pero padre, cr\u00e9ame, es muy duro!<span class=\"css-901oao css-16my406 r-poiln3 r-bcqeeo r-qvutc0\">\u00bb.<\/span><\/em><\/strong><\/li>\n<\/ul>\n<p>&nbsp;<\/p>\n","protected":false},"excerpt":{"rendered":"<p>En estos tiempos de crisis, este mensaje, escrito en 1984, es tan actual como el llamamiento de Joseph Wresinski al (&#8230;) <a class=\"more-link\" href=\"https:\/\/www.joseph-wresinski.org\/es\/perdonar-creerme-es-duro\/\">Leer m\u00e1s <span class=\"meta-nav\">&rarr;<\/span><\/a><\/p>\n","protected":false},"author":4,"featured_media":2264,"comment_status":"open","ping_status":"open","sticky":false,"template":"","format":"standard","meta":{"_acf_changed":false,"ep_exclude_from_search":false,"footnotes":""},"categories":[12,68,63],"tags":[],"class_list":["post-2266","post","type-post","status-publish","format-standard","has-post-thumbnail","hentry","category-actualidades","category-extractos-de-libros","category-recopilacion"],"acf":[],"yoast_head":"<!-- This site is optimized with the Yoast SEO plugin v27.5 - https:\/\/yoast.com\/product\/yoast-seo-wordpress\/ -->\n<title>\u00a1Creedme! Perdonar es duro - Joseph Wresinski ES<\/title>\n<meta name=\"robots\" content=\"index, follow, max-snippet:-1, max-image-preview:large, max-video-preview:-1\" \/>\n<link rel=\"canonical\" href=\"https:\/\/www.joseph-wresinski.org\/es\/perdonar-creerme-es-duro\/\" \/>\n<meta property=\"og:locale\" content=\"es_ES\" \/>\n<meta property=\"og:type\" content=\"article\" \/>\n<meta property=\"og:title\" content=\"\u00a1Creedme! Perdonar es duro - Joseph Wresinski ES\" \/>\n<meta property=\"og:description\" content=\"En estos tiempos de crisis, este mensaje, escrito en 1984, es tan actual como el llamamiento de Joseph Wresinski al (...) Leer m\u00e1s &rarr;\" \/>\n<meta property=\"og:url\" content=\"https:\/\/www.joseph-wresinski.org\/es\/perdonar-creerme-es-duro\/\" \/>\n<meta property=\"og:site_name\" content=\"Joseph Wresinski ES\" \/>\n<meta property=\"article:published_time\" content=\"2021-03-31T22:00:02+00:00\" \/>\n<meta property=\"article:modified_time\" content=\"2021-04-06T14:22:15+00:00\" \/>\n<meta property=\"og:image\" content=\"https:\/\/www.joseph-wresinski.org\/es\/wp-content\/uploads\/sites\/13\/2021\/03\/Jules-Bastien-Lepage-1878-Recolte-de-pommes-de-terre-National-Gallery-of-Victoria.jpg\" \/>\n\t<meta property=\"og:image:width\" content=\"433\" \/>\n\t<meta property=\"og:image:height\" content=\"400\" \/>\n\t<meta property=\"og:image:type\" content=\"image\/jpeg\" \/>\n<meta name=\"author\" content=\"Jean Tonglet\" \/>\n<meta name=\"twitter:card\" content=\"summary_large_image\" \/>\n<meta name=\"twitter:label1\" content=\"Escrito por\" \/>\n\t<meta name=\"twitter:data1\" content=\"Jean Tonglet\" \/>\n\t<meta name=\"twitter:label2\" content=\"Tiempo de lectura\" \/>\n\t<meta name=\"twitter:data2\" content=\"2 minutos\" \/>\n<script type=\"application\/ld+json\" class=\"yoast-schema-graph\">{\"@context\":\"https:\\\/\\\/schema.org\",\"@graph\":[{\"@type\":\"Article\",\"@id\":\"https:\\\/\\\/www.joseph-wresinski.org\\\/es\\\/perdonar-creerme-es-duro\\\/#article\",\"isPartOf\":{\"@id\":\"https:\\\/\\\/www.joseph-wresinski.org\\\/es\\\/perdonar-creerme-es-duro\\\/\"},\"author\":{\"name\":\"Jean Tonglet\",\"@id\":\"https:\\\/\\\/www.joseph-wresinski.org\\\/es\\\/#\\\/schema\\\/person\\\/93469e0206778753beddb73f4e07c8e0\"},\"headline\":\"\u00a1Creedme! Perdonar es duro\",\"datePublished\":\"2021-03-31T22:00:02+00:00\",\"dateModified\":\"2021-04-06T14:22:15+00:00\",\"mainEntityOfPage\":{\"@id\":\"https:\\\/\\\/www.joseph-wresinski.org\\\/es\\\/perdonar-creerme-es-duro\\\/\"},\"wordCount\":428,\"commentCount\":0,\"image\":{\"@id\":\"https:\\\/\\\/www.joseph-wresinski.org\\\/es\\\/perdonar-creerme-es-duro\\\/#primaryimage\"},\"thumbnailUrl\":\"https:\\\/\\\/www.joseph-wresinski.org\\\/es\\\/wp-content\\\/uploads\\\/sites\\\/13\\\/2021\\\/03\\\/Jules-Bastien-Lepage-1878-Recolte-de-pommes-de-terre-National-Gallery-of-Victoria.jpg\",\"articleSection\":[\"Actualidades\",\"Extractos de libros\",\"Textos\"],\"inLanguage\":\"es\",\"potentialAction\":[{\"@type\":\"CommentAction\",\"name\":\"Comment\",\"target\":[\"https:\\\/\\\/www.joseph-wresinski.org\\\/es\\\/perdonar-creerme-es-duro\\\/#respond\"]}]},{\"@type\":\"WebPage\",\"@id\":\"https:\\\/\\\/www.joseph-wresinski.org\\\/es\\\/perdonar-creerme-es-duro\\\/\",\"url\":\"https:\\\/\\\/www.joseph-wresinski.org\\\/es\\\/perdonar-creerme-es-duro\\\/\",\"name\":\"\u00a1Creedme! Perdonar es duro - Joseph Wresinski ES\",\"isPartOf\":{\"@id\":\"https:\\\/\\\/www.joseph-wresinski.org\\\/es\\\/#website\"},\"primaryImageOfPage\":{\"@id\":\"https:\\\/\\\/www.joseph-wresinski.org\\\/es\\\/perdonar-creerme-es-duro\\\/#primaryimage\"},\"image\":{\"@id\":\"https:\\\/\\\/www.joseph-wresinski.org\\\/es\\\/perdonar-creerme-es-duro\\\/#primaryimage\"},\"thumbnailUrl\":\"https:\\\/\\\/www.joseph-wresinski.org\\\/es\\\/wp-content\\\/uploads\\\/sites\\\/13\\\/2021\\\/03\\\/Jules-Bastien-Lepage-1878-Recolte-de-pommes-de-terre-National-Gallery-of-Victoria.jpg\",\"datePublished\":\"2021-03-31T22:00:02+00:00\",\"dateModified\":\"2021-04-06T14:22:15+00:00\",\"author\":{\"@id\":\"https:\\\/\\\/www.joseph-wresinski.org\\\/es\\\/#\\\/schema\\\/person\\\/93469e0206778753beddb73f4e07c8e0\"},\"breadcrumb\":{\"@id\":\"https:\\\/\\\/www.joseph-wresinski.org\\\/es\\\/perdonar-creerme-es-duro\\\/#breadcrumb\"},\"inLanguage\":\"es\",\"potentialAction\":[{\"@type\":\"ReadAction\",\"target\":[\"https:\\\/\\\/www.joseph-wresinski.org\\\/es\\\/perdonar-creerme-es-duro\\\/\"]}]},{\"@type\":\"ImageObject\",\"inLanguage\":\"es\",\"@id\":\"https:\\\/\\\/www.joseph-wresinski.org\\\/es\\\/perdonar-creerme-es-duro\\\/#primaryimage\",\"url\":\"https:\\\/\\\/www.joseph-wresinski.org\\\/es\\\/wp-content\\\/uploads\\\/sites\\\/13\\\/2021\\\/03\\\/Jules-Bastien-Lepage-1878-Recolte-de-pommes-de-terre-National-Gallery-of-Victoria.jpg\",\"contentUrl\":\"https:\\\/\\\/www.joseph-wresinski.org\\\/es\\\/wp-content\\\/uploads\\\/sites\\\/13\\\/2021\\\/03\\\/Jules-Bastien-Lepage-1878-Recolte-de-pommes-de-terre-National-Gallery-of-Victoria.jpg\",\"width\":433,\"height\":400},{\"@type\":\"BreadcrumbList\",\"@id\":\"https:\\\/\\\/www.joseph-wresinski.org\\\/es\\\/perdonar-creerme-es-duro\\\/#breadcrumb\",\"itemListElement\":[{\"@type\":\"ListItem\",\"position\":1,\"name\":\"Portada\",\"item\":\"https:\\\/\\\/www.joseph-wresinski.org\\\/es\\\/\"},{\"@type\":\"ListItem\",\"position\":2,\"name\":\"\u00a1Creedme! Perdonar es duro\"}]},{\"@type\":\"WebSite\",\"@id\":\"https:\\\/\\\/www.joseph-wresinski.org\\\/es\\\/#website\",\"url\":\"https:\\\/\\\/www.joseph-wresinski.org\\\/es\\\/\",\"name\":\"Joseph Wresinski ES\",\"description\":\"Un sitio web propuesto por el Centro Joseph Wresinski\",\"potentialAction\":[{\"@type\":\"SearchAction\",\"target\":{\"@type\":\"EntryPoint\",\"urlTemplate\":\"https:\\\/\\\/www.joseph-wresinski.org\\\/es\\\/?s={search_term_string}\"},\"query-input\":{\"@type\":\"PropertyValueSpecification\",\"valueRequired\":true,\"valueName\":\"search_term_string\"}}],\"inLanguage\":\"es\"},{\"@type\":\"Person\",\"@id\":\"https:\\\/\\\/www.joseph-wresinski.org\\\/es\\\/#\\\/schema\\\/person\\\/93469e0206778753beddb73f4e07c8e0\",\"name\":\"Jean Tonglet\",\"image\":{\"@type\":\"ImageObject\",\"inLanguage\":\"es\",\"@id\":\"https:\\\/\\\/secure.gravatar.com\\\/avatar\\\/599cfd98b536979bcebf2d6839f0c694333341f1caf7ba53413b62de5453de40?s=96&d=mm&r=g\",\"url\":\"https:\\\/\\\/secure.gravatar.com\\\/avatar\\\/599cfd98b536979bcebf2d6839f0c694333341f1caf7ba53413b62de5453de40?s=96&d=mm&r=g\",\"contentUrl\":\"https:\\\/\\\/secure.gravatar.com\\\/avatar\\\/599cfd98b536979bcebf2d6839f0c694333341f1caf7ba53413b62de5453de40?s=96&d=mm&r=g\",\"caption\":\"Jean Tonglet\"},\"url\":\"https:\\\/\\\/www.joseph-wresinski.org\\\/es\\\/author\\\/jean\\\/\"}]}<\/script>\n<!-- \/ Yoast SEO plugin. -->","yoast_head_json":{"title":"\u00a1Creedme! Perdonar es duro - Joseph Wresinski ES","robots":{"index":"index","follow":"follow","max-snippet":"max-snippet:-1","max-image-preview":"max-image-preview:large","max-video-preview":"max-video-preview:-1"},"canonical":"https:\/\/www.joseph-wresinski.org\/es\/perdonar-creerme-es-duro\/","og_locale":"es_ES","og_type":"article","og_title":"\u00a1Creedme! Perdonar es duro - Joseph Wresinski ES","og_description":"En estos tiempos de crisis, este mensaje, escrito en 1984, es tan actual como el llamamiento de Joseph Wresinski al (...) Leer m\u00e1s &rarr;","og_url":"https:\/\/www.joseph-wresinski.org\/es\/perdonar-creerme-es-duro\/","og_site_name":"Joseph Wresinski ES","article_published_time":"2021-03-31T22:00:02+00:00","article_modified_time":"2021-04-06T14:22:15+00:00","og_image":[{"width":433,"height":400,"url":"https:\/\/www.joseph-wresinski.org\/es\/wp-content\/uploads\/sites\/13\/2021\/03\/Jules-Bastien-Lepage-1878-Recolte-de-pommes-de-terre-National-Gallery-of-Victoria.jpg","type":"image\/jpeg"}],"author":"Jean Tonglet","twitter_card":"summary_large_image","twitter_misc":{"Escrito por":"Jean Tonglet","Tiempo de lectura":"2 minutos"},"schema":{"@context":"https:\/\/schema.org","@graph":[{"@type":"Article","@id":"https:\/\/www.joseph-wresinski.org\/es\/perdonar-creerme-es-duro\/#article","isPartOf":{"@id":"https:\/\/www.joseph-wresinski.org\/es\/perdonar-creerme-es-duro\/"},"author":{"name":"Jean Tonglet","@id":"https:\/\/www.joseph-wresinski.org\/es\/#\/schema\/person\/93469e0206778753beddb73f4e07c8e0"},"headline":"\u00a1Creedme! Perdonar es duro","datePublished":"2021-03-31T22:00:02+00:00","dateModified":"2021-04-06T14:22:15+00:00","mainEntityOfPage":{"@id":"https:\/\/www.joseph-wresinski.org\/es\/perdonar-creerme-es-duro\/"},"wordCount":428,"commentCount":0,"image":{"@id":"https:\/\/www.joseph-wresinski.org\/es\/perdonar-creerme-es-duro\/#primaryimage"},"thumbnailUrl":"https:\/\/www.joseph-wresinski.org\/es\/wp-content\/uploads\/sites\/13\/2021\/03\/Jules-Bastien-Lepage-1878-Recolte-de-pommes-de-terre-National-Gallery-of-Victoria.jpg","articleSection":["Actualidades","Extractos de libros","Textos"],"inLanguage":"es","potentialAction":[{"@type":"CommentAction","name":"Comment","target":["https:\/\/www.joseph-wresinski.org\/es\/perdonar-creerme-es-duro\/#respond"]}]},{"@type":"WebPage","@id":"https:\/\/www.joseph-wresinski.org\/es\/perdonar-creerme-es-duro\/","url":"https:\/\/www.joseph-wresinski.org\/es\/perdonar-creerme-es-duro\/","name":"\u00a1Creedme! Perdonar es duro - Joseph Wresinski ES","isPartOf":{"@id":"https:\/\/www.joseph-wresinski.org\/es\/#website"},"primaryImageOfPage":{"@id":"https:\/\/www.joseph-wresinski.org\/es\/perdonar-creerme-es-duro\/#primaryimage"},"image":{"@id":"https:\/\/www.joseph-wresinski.org\/es\/perdonar-creerme-es-duro\/#primaryimage"},"thumbnailUrl":"https:\/\/www.joseph-wresinski.org\/es\/wp-content\/uploads\/sites\/13\/2021\/03\/Jules-Bastien-Lepage-1878-Recolte-de-pommes-de-terre-National-Gallery-of-Victoria.jpg","datePublished":"2021-03-31T22:00:02+00:00","dateModified":"2021-04-06T14:22:15+00:00","author":{"@id":"https:\/\/www.joseph-wresinski.org\/es\/#\/schema\/person\/93469e0206778753beddb73f4e07c8e0"},"breadcrumb":{"@id":"https:\/\/www.joseph-wresinski.org\/es\/perdonar-creerme-es-duro\/#breadcrumb"},"inLanguage":"es","potentialAction":[{"@type":"ReadAction","target":["https:\/\/www.joseph-wresinski.org\/es\/perdonar-creerme-es-duro\/"]}]},{"@type":"ImageObject","inLanguage":"es","@id":"https:\/\/www.joseph-wresinski.org\/es\/perdonar-creerme-es-duro\/#primaryimage","url":"https:\/\/www.joseph-wresinski.org\/es\/wp-content\/uploads\/sites\/13\/2021\/03\/Jules-Bastien-Lepage-1878-Recolte-de-pommes-de-terre-National-Gallery-of-Victoria.jpg","contentUrl":"https:\/\/www.joseph-wresinski.org\/es\/wp-content\/uploads\/sites\/13\/2021\/03\/Jules-Bastien-Lepage-1878-Recolte-de-pommes-de-terre-National-Gallery-of-Victoria.jpg","width":433,"height":400},{"@type":"BreadcrumbList","@id":"https:\/\/www.joseph-wresinski.org\/es\/perdonar-creerme-es-duro\/#breadcrumb","itemListElement":[{"@type":"ListItem","position":1,"name":"Portada","item":"https:\/\/www.joseph-wresinski.org\/es\/"},{"@type":"ListItem","position":2,"name":"\u00a1Creedme! Perdonar es duro"}]},{"@type":"WebSite","@id":"https:\/\/www.joseph-wresinski.org\/es\/#website","url":"https:\/\/www.joseph-wresinski.org\/es\/","name":"Joseph Wresinski ES","description":"Un sitio web propuesto por el Centro Joseph Wresinski","potentialAction":[{"@type":"SearchAction","target":{"@type":"EntryPoint","urlTemplate":"https:\/\/www.joseph-wresinski.org\/es\/?s={search_term_string}"},"query-input":{"@type":"PropertyValueSpecification","valueRequired":true,"valueName":"search_term_string"}}],"inLanguage":"es"},{"@type":"Person","@id":"https:\/\/www.joseph-wresinski.org\/es\/#\/schema\/person\/93469e0206778753beddb73f4e07c8e0","name":"Jean Tonglet","image":{"@type":"ImageObject","inLanguage":"es","@id":"https:\/\/secure.gravatar.com\/avatar\/599cfd98b536979bcebf2d6839f0c694333341f1caf7ba53413b62de5453de40?s=96&d=mm&r=g","url":"https:\/\/secure.gravatar.com\/avatar\/599cfd98b536979bcebf2d6839f0c694333341f1caf7ba53413b62de5453de40?s=96&d=mm&r=g","contentUrl":"https:\/\/secure.gravatar.com\/avatar\/599cfd98b536979bcebf2d6839f0c694333341f1caf7ba53413b62de5453de40?s=96&d=mm&r=g","caption":"Jean Tonglet"},"url":"https:\/\/www.joseph-wresinski.org\/es\/author\/jean\/"}]}},"_links":{"self":[{"href":"https:\/\/www.joseph-wresinski.org\/es\/wp-json\/wp\/v2\/posts\/2266","targetHints":{"allow":["GET"]}}],"collection":[{"href":"https:\/\/www.joseph-wresinski.org\/es\/wp-json\/wp\/v2\/posts"}],"about":[{"href":"https:\/\/www.joseph-wresinski.org\/es\/wp-json\/wp\/v2\/types\/post"}],"author":[{"embeddable":true,"href":"https:\/\/www.joseph-wresinski.org\/es\/wp-json\/wp\/v2\/users\/4"}],"replies":[{"embeddable":true,"href":"https:\/\/www.joseph-wresinski.org\/es\/wp-json\/wp\/v2\/comments?post=2266"}],"version-history":[{"count":5,"href":"https:\/\/www.joseph-wresinski.org\/es\/wp-json\/wp\/v2\/posts\/2266\/revisions"}],"predecessor-version":[{"id":2277,"href":"https:\/\/www.joseph-wresinski.org\/es\/wp-json\/wp\/v2\/posts\/2266\/revisions\/2277"}],"wp:featuredmedia":[{"embeddable":true,"href":"https:\/\/www.joseph-wresinski.org\/es\/wp-json\/wp\/v2\/media\/2264"}],"wp:attachment":[{"href":"https:\/\/www.joseph-wresinski.org\/es\/wp-json\/wp\/v2\/media?parent=2266"}],"wp:term":[{"taxonomy":"category","embeddable":true,"href":"https:\/\/www.joseph-wresinski.org\/es\/wp-json\/wp\/v2\/categories?post=2266"},{"taxonomy":"post_tag","embeddable":true,"href":"https:\/\/www.joseph-wresinski.org\/es\/wp-json\/wp\/v2\/tags?post=2266"}],"curies":[{"name":"wp","href":"https:\/\/api.w.org\/{rel}","templated":true}]}}