{"id":2283,"date":"2021-05-01T00:00:16","date_gmt":"2021-04-30T22:00:16","guid":{"rendered":"https:\/\/www.joseph-wresinski.org\/es\/?p=2283"},"modified":"2021-05-01T11:02:24","modified_gmt":"2021-05-01T09:02:24","slug":"repensar-la-actividad-humana","status":"publish","type":"post","link":"https:\/\/www.joseph-wresinski.org\/es\/repensar-la-actividad-humana\/","title":{"rendered":"Repensar la actividad humana"},"content":{"rendered":"<p><em>Este mensaje, dirigido a los Estados Generales del Desempleo y el Trabajo [Etats g\u00e9n\u00e9raux du Ch\u00f4mage et de l\u2019Emploi ], organizados por el Movimiento Nacional de Desempleados y Precarios <a href=\"https:\/\/fr.wikipedia.org\/wiki\/Mouvement_national_des_ch%C3%B4meurs_et_pr%C3%A9caires\">[Mouvement National des Ch\u00f4meurs et des Pr\u00e9caires]<\/a> en Par\u00eds los d\u00edas 5 y 6 de marzo de 1988, fue grabado por el padre Joseph Wresinski antes de la operaci\u00f3n a la que fue sometido en febrero de ese mismo a\u00f1o. Tras su muerte, el 14 de febrero, los organizadores de los Estados Generales decidieron presentar este mensaje en su sesi\u00f3n de apertura.<\/em><\/p>\n<p><em>\u00a0En una \u00e9poca en la que, entre otras cosas a ra\u00edz de la pandemia de la covid-19, muchas personas se han visto abocadas al desempleo, este texto nos invita a repensar la actividad humana de manera que permita a cada ser humano acceder al trabajo y a la dignidad que este confiere y, al mismo tiempo, a la cultura que le permite participar plenamente en la vida de la Naci\u00f3n.<\/em><\/p>\n<p>[Leyenda imagen:\u00a0 <em>La Gr\u00e8ve au pays de Charlero<\/em>i (<em>Huelga en la regi\u00f3n de Charleroi<\/em>), Robert Koehler, 1886, Deutsches Historisches Museum].<\/p>\n<p><strong>I &#8211; DERECHO AL TRABAJO Y DERECHOS HUMANOS<\/strong><\/p>\n<p>La importancia de los Estados Generales del Desempleo y el Trabajo <span id='easy-footnote-1-2283' class='easy-footnote-margin-adjust'><\/span><span class='easy-footnote'><a href='https:\/\/www.joseph-wresinski.org\/es\/repensar-la-actividad-humana\/#easy-footnote-bottom-1-2283' title='En Francia, el t\u00e9rmino \u00abEstados Generales\u00bb se utiliza hoy en d\u00eda para referirse a una consulta formal de grupos de ciudadanos u organizaciones sobre un tema concreto. En este caso, se trata del desempleo y de la participaci\u00f3n de las organizaciones de empleadores y trabajadores, pero tambi\u00e9n puede referirse a la educaci\u00f3n, el medio ambiente u otras cuestiones. El t\u00e9rmino \u00abEstados Generales\u00bb se refiere, bajo el Antiguo R\u00e9gimen, a la asamblea legislativa y consultiva de las diferentes clases (o estados) de s\u00fabditos franceses. Hab\u00eda una asamblea separada para cada uno de los tres estados (clero, nobleza y el pueblo llano o Tercer Estado), convocada y disuelta por el Rey. En abril de 1789, se exige sin \u00e9xito que se convoque tambi\u00e9n a los representantes del \u00abCuarto Estado\u00bb, el orden de los pobres y desafortunados. El t\u00e9rmino \u00abCuarto Mundo\u00bb acu\u00f1ado por el Movimiento ATD Cuarto Mundo a mediados de los a\u00f1os 60 es una extensi\u00f3n contempor\u00e1nea de este episodio de la historia de la Revoluci\u00f3n Francesa'><sup>1<\/sup><\/a><\/span>\u00a0 y de los asuntos que all\u00ed se debatir\u00e1n es evidente. Son importantes para las personas trabajadoras actualmente desempleadas o amenazadas por el desempleo. Pero m\u00e1s all\u00e1 de eso, tienen su importancia para una sociedad en su conjunto que actualmente vive el desaf\u00edo de repensar la igualdad del derecho al trabajo y a la participaci\u00f3n en el marco de la realizaci\u00f3n de todos los derechos humanos. Estos Estados Generales tendr\u00e1n un valor de progreso en la medida en que sean capaces de examinar las realidades del derecho al trabajo en el contexto de la indivisibilidad de todas las libertades y derechos humanos y de la ciudadan\u00eda.<\/p>\n<p>\u00bfCu\u00e1l es nuestra posici\u00f3n al respecto?<\/p>\n<p><strong><em>\u00a0<\/em><\/strong><strong>II &#8211; LA INSUFICIENCIA DE UNA \u00abGESTI\u00d3N SOCIAL DEL DESEMPLEO\u00bb<\/strong><span id='easy-footnote-2-2283' class='easy-footnote-margin-adjust'><\/span><span class='easy-footnote'><a href='https:\/\/www.joseph-wresinski.org\/es\/repensar-la-actividad-humana\/#easy-footnote-bottom-2-2283' title='En franc\u00e9s, la expresi\u00f3n \u00abtraitement social du ch\u00f4mage\u00bb, traducido aqu\u00ed como \u00abgesti\u00f3n social del desempleo\u00bb, hace referencia al conjunto de pol\u00edticas de apoyo econ\u00f3mico y social a personas desempleadas. A menudo se trata de pol\u00edticas pasivas, en contraposici\u00f3n a las pol\u00edticas activas, cuyo principal objetivo es lograr que las personas desempleadas vuelvan a trabajar mediante la mejora de su capacitaci\u00f3n y competencias.'><sup>2<\/sup><\/a><\/span><\/p>\n<p>En una sociedad en la que ganarse la vida mediante el trabajo se ha convertido progresivamente en el principal medio \u2014casi absoluto\u2014 de demostrar la propia dignidad como ser humano y como ciudadano, durante varias d\u00e9cadas hemos dejado de estar vigilantes, a la hora de\u00a0 garantizar de manera concreta el derecho al trabajo\u00a0 hasta los niveles m\u00e1s bajos de la escala social.<\/p>\n<p>Y lo que es m\u00e1s grave, en la parte inferior de la escala,\u00a0 los sistemas de seguridad que hubieran permitido a las personas desempleadas mantener su estatuto de trabajadores y una protecci\u00f3n para sus familias tambi\u00e9n han seguido siendo inaccesibles. Esta falta de garant\u00edas, que ya exist\u00eda antes de la desaceleraci\u00f3n y de los grandes cambios econ\u00f3micos, hizo que, con el aumento del desempleo de larga duraci\u00f3n, sobre todo entre los hombres y mujeres menos cualificados y a veces analfabetos, se agravara tambi\u00e9n el estado de exclusi\u00f3n del estatuto y de los derechos adquiridos de los trabajadores.<\/p>\n<p>Puede decirse que hoy, a medida que aumenta el n\u00famero de personas afectadas, se han hecho m\u00e1s visibles las deficiencias que hemos tenido a la hora de aplicar los derechos humanos reconocidos por la Constituci\u00f3n. Estas carencias conmocionan cada vez m\u00e1s a la opini\u00f3n p\u00fablica, que durante d\u00e9cadas los hab\u00eda ignorado. Por lo tanto, hoy en d\u00eda ya no puede tratarse de \u00abgestionar\u00bb el desempleo. Ya que ninguna \u00abgesti\u00f3n\u00bb <em>ad hoc<\/em> y temporal a trav\u00e9s de un \u00abtrabajo m\u00ednimo\u00bb o una formaci\u00f3n t\u00e9cnica que no d\u00e9 acceso al mercado laboral o a la participaci\u00f3n contribuye a restablecer los derechos.<\/p>\n<p><strong>III &#8211; EL DOBLE DEBER DEL ESTADO:\u00a0 GARANTIZAR EL DERECHO AL TRABAJO Y EL DERECHO A LA CULTURA<\/strong><\/p>\n<p><strong>\u00a0<\/strong>A\u00fan cuando siempre ser\u00e1 cierto que la creaci\u00f3n de empleos y el establecimiento de programas de formaci\u00f3n profesional a gran escala son un deber absoluto del Estado, no puede seguir dependiendo \u00fanicamente de la buena voluntad o de la ideolog\u00eda de tal o cual partido en el poder. Se requiere un consenso nacional para que el desempleo deje de ser una prerrogativa de rivalidades pol\u00edticas cambiantes.<\/p>\n<p>Pero tambi\u00e9n se requiere otro consenso nacional sobre el valor real del tiempo que los trabajadores pasan desempleados. Funcionarios, empleados, directores, maestros, trabajadores aut\u00f3nomos hablan cada vez m\u00e1s de la necesidad, en la vida laboral moderna, de a\u00f1os sab\u00e1ticos, de tiempos de reciclaje libre, de excedencias voluntarias&#8230; Reivindican y obtienen, con raz\u00f3n, este tiempo, que no est\u00e1 destinado en absoluto a una mayor formaci\u00f3n dirigida espec\u00edficamente a su \u00e1mbito profesional, sino a una considerable ampliaci\u00f3n de su formaci\u00f3n cultural m\u00e1s general.<\/p>\n<p>As\u00ed pues, quienes siguen en la carrera hacia una mayor participaci\u00f3n en la vida econ\u00f3mica en el futuro no se equivocan en cuanto a la exigencia fundamental de un s\u00f3lido enriquecimiento cultural. Por desgracia, este medio [cultural], a\u00fan m\u00e1s necesario para las personas desempleadas de larga duraci\u00f3n, a menudo desculturalizados o muy poco cultivados, es completamente inexistente. De manera general, a la clase obrera se le ha privado siempre se le ha privado de la cultura, en el sentido m\u00e1s amplio de la palabra. Han tenido que construirse a s\u00ed mismos y salir de la pobreza gracias a la fuerza de sus proprias manos y a su organizaci\u00f3n. Los y las trabajadoras en situaci\u00f3n de extrema pobreza no tienen esta posibilidad. Desde ahora la cultura es un derecho y una necesidad absoluta para estas personas.<\/p>\n<p>Por lo tanto, un segundo deber inexorable del Estado es el de asentar mejor los derechos y las libertades humanas, tomando medidas necesarias para que el tiempo de desempleo, cuando no se puede evitar, se transforme en un tiempo sab\u00e1tico. Un tiempo en el que las personas afectadas puedan realmente retomar fuerzas, desarrollar competencias, dominar nuevas t\u00e9cnicas, pero sobre todo, a trav\u00e9s de todo esto, adquirir una cultura universal de la que siempre han carecido para alcanzar una situaci\u00f3n de igualdad, tanto en la vida econ\u00f3mica tanto como en la vida misma.<\/p>\n<p><strong>EN CONCLUSI\u00d3N<\/strong><\/p>\n<p>Es imprescindible luchar para que todas las personas tengan un trabajo valioso y puedan tener la honra de que se les considere como trabajadores y trabajadoras de calidad. Pero precisamente, para tener \u00e9xito en esta lucha fundamental, es necesario al mismo tiempo luchar sin cesar para que el tiempo de desempleo, a veces temporalmente inevitable, sea un tiempo sab\u00e1tico para el progreso humano y cultural. Un tiempo de formaci\u00f3n la m\u00e1s amplia posible, incluyendo la participaci\u00f3n en los sindicatos, la pol\u00edtica, la religi\u00f3n y la creaci\u00f3n art\u00edstica.<\/p>\n<p>Por lo tanto, el Movimiento Internacional ATD Cuarto Mundo pide a los Estados Generales del Desempleo y del Trabajo que exijan el derecho a la cultura para las personas desempleadas de larga duraci\u00f3n, para todas las personas desempleadas y para toda las personas trabajadoras con un nivel modesto de formaci\u00f3n que se ven amenazados por el desempleo.\u00a0 Que exijan que se tomen medidas significativas para que el doble derecho al trabajo y a la cultura est\u00e9 contenido irreversiblemente en los deberes del Estado,<\/p>\n<p>&nbsp;<\/p>\n<p style=\"text-align: right\">Joseph Wresinski, Febrero 1988<\/p>\n<div id=\"ConnectiveDocSignExtentionInstalled\" data-extension-version=\"1.0.4\"><\/div>\n","protected":false},"excerpt":{"rendered":"<p>Este mensaje, dirigido a los Estados Generales del Desempleo y el Trabajo [Etats g\u00e9n\u00e9raux du Ch\u00f4mage et de l\u2019Emploi ], (&#8230;) <a class=\"more-link\" href=\"https:\/\/www.joseph-wresinski.org\/es\/repensar-la-actividad-humana\/\">Leer m\u00e1s <span class=\"meta-nav\">&rarr;<\/span><\/a><\/p>\n","protected":false},"author":4,"featured_media":2280,"comment_status":"open","ping_status":"open","sticky":false,"template":"","format":"standard","meta":{"_acf_changed":false,"ep_exclude_from_search":false,"footnotes":""},"categories":[12,69,63],"tags":[],"class_list":["post-2283","post","type-post","status-publish","format-standard","has-post-thumbnail","hentry","category-actualidades","category-discursos","category-recopilacion"],"acf":[],"yoast_head":"<!-- This site is optimized with the Yoast SEO plugin v27.5 - https:\/\/yoast.com\/product\/yoast-seo-wordpress\/ -->\n<title>Repensar la actividad humana - Joseph Wresinski ES<\/title>\n<meta name=\"robots\" content=\"index, follow, max-snippet:-1, max-image-preview:large, max-video-preview:-1\" \/>\n<link rel=\"canonical\" href=\"https:\/\/www.joseph-wresinski.org\/es\/repensar-la-actividad-humana\/\" \/>\n<meta property=\"og:locale\" content=\"es_ES\" \/>\n<meta property=\"og:type\" content=\"article\" \/>\n<meta property=\"og:title\" content=\"Repensar la actividad humana - Joseph Wresinski ES\" \/>\n<meta property=\"og:description\" content=\"Este mensaje, dirigido a los Estados Generales del Desempleo y el Trabajo [Etats g\u00e9n\u00e9raux du Ch\u00f4mage et de l\u2019Emploi ], (...) Leer m\u00e1s &rarr;\" \/>\n<meta property=\"og:url\" content=\"https:\/\/www.joseph-wresinski.org\/es\/repensar-la-actividad-humana\/\" \/>\n<meta property=\"og:site_name\" content=\"Joseph Wresinski ES\" \/>\n<meta property=\"article:published_time\" content=\"2021-04-30T22:00:16+00:00\" \/>\n<meta property=\"article:modified_time\" content=\"2021-05-01T09:02:24+00:00\" \/>\n<meta property=\"og:image\" content=\"https:\/\/www.joseph-wresinski.org\/es\/wp-content\/uploads\/sites\/13\/2021\/04\/1163px-Der_Streik-_von_Robert_Koehler.jpg\" \/>\n\t<meta property=\"og:image:width\" content=\"1163\" \/>\n\t<meta property=\"og:image:height\" content=\"720\" \/>\n\t<meta property=\"og:image:type\" content=\"image\/jpeg\" \/>\n<meta name=\"author\" content=\"Jean Tonglet\" \/>\n<meta name=\"twitter:card\" content=\"summary_large_image\" \/>\n<meta name=\"twitter:label1\" content=\"Escrito por\" \/>\n\t<meta name=\"twitter:data1\" content=\"Jean Tonglet\" \/>\n\t<meta name=\"twitter:label2\" content=\"Tiempo de lectura\" \/>\n\t<meta name=\"twitter:data2\" content=\"7 minutos\" \/>\n<script type=\"application\/ld+json\" class=\"yoast-schema-graph\">{\"@context\":\"https:\\\/\\\/schema.org\",\"@graph\":[{\"@type\":\"Article\",\"@id\":\"https:\\\/\\\/www.joseph-wresinski.org\\\/es\\\/repensar-la-actividad-humana\\\/#article\",\"isPartOf\":{\"@id\":\"https:\\\/\\\/www.joseph-wresinski.org\\\/es\\\/repensar-la-actividad-humana\\\/\"},\"author\":{\"name\":\"Jean Tonglet\",\"@id\":\"https:\\\/\\\/www.joseph-wresinski.org\\\/es\\\/#\\\/schema\\\/person\\\/93469e0206778753beddb73f4e07c8e0\"},\"headline\":\"Repensar la actividad humana\",\"datePublished\":\"2021-04-30T22:00:16+00:00\",\"dateModified\":\"2021-05-01T09:02:24+00:00\",\"mainEntityOfPage\":{\"@id\":\"https:\\\/\\\/www.joseph-wresinski.org\\\/es\\\/repensar-la-actividad-humana\\\/\"},\"wordCount\":1493,\"commentCount\":0,\"image\":{\"@id\":\"https:\\\/\\\/www.joseph-wresinski.org\\\/es\\\/repensar-la-actividad-humana\\\/#primaryimage\"},\"thumbnailUrl\":\"https:\\\/\\\/www.joseph-wresinski.org\\\/es\\\/wp-content\\\/uploads\\\/sites\\\/13\\\/2021\\\/04\\\/1163px-Der_Streik-_von_Robert_Koehler.jpg\",\"articleSection\":[\"Actualidades\",\"Discursos\",\"Textos\"],\"inLanguage\":\"es\",\"potentialAction\":[{\"@type\":\"CommentAction\",\"name\":\"Comment\",\"target\":[\"https:\\\/\\\/www.joseph-wresinski.org\\\/es\\\/repensar-la-actividad-humana\\\/#respond\"]}]},{\"@type\":\"WebPage\",\"@id\":\"https:\\\/\\\/www.joseph-wresinski.org\\\/es\\\/repensar-la-actividad-humana\\\/\",\"url\":\"https:\\\/\\\/www.joseph-wresinski.org\\\/es\\\/repensar-la-actividad-humana\\\/\",\"name\":\"Repensar la actividad humana - Joseph Wresinski ES\",\"isPartOf\":{\"@id\":\"https:\\\/\\\/www.joseph-wresinski.org\\\/es\\\/#website\"},\"primaryImageOfPage\":{\"@id\":\"https:\\\/\\\/www.joseph-wresinski.org\\\/es\\\/repensar-la-actividad-humana\\\/#primaryimage\"},\"image\":{\"@id\":\"https:\\\/\\\/www.joseph-wresinski.org\\\/es\\\/repensar-la-actividad-humana\\\/#primaryimage\"},\"thumbnailUrl\":\"https:\\\/\\\/www.joseph-wresinski.org\\\/es\\\/wp-content\\\/uploads\\\/sites\\\/13\\\/2021\\\/04\\\/1163px-Der_Streik-_von_Robert_Koehler.jpg\",\"datePublished\":\"2021-04-30T22:00:16+00:00\",\"dateModified\":\"2021-05-01T09:02:24+00:00\",\"author\":{\"@id\":\"https:\\\/\\\/www.joseph-wresinski.org\\\/es\\\/#\\\/schema\\\/person\\\/93469e0206778753beddb73f4e07c8e0\"},\"breadcrumb\":{\"@id\":\"https:\\\/\\\/www.joseph-wresinski.org\\\/es\\\/repensar-la-actividad-humana\\\/#breadcrumb\"},\"inLanguage\":\"es\",\"potentialAction\":[{\"@type\":\"ReadAction\",\"target\":[\"https:\\\/\\\/www.joseph-wresinski.org\\\/es\\\/repensar-la-actividad-humana\\\/\"]}]},{\"@type\":\"ImageObject\",\"inLanguage\":\"es\",\"@id\":\"https:\\\/\\\/www.joseph-wresinski.org\\\/es\\\/repensar-la-actividad-humana\\\/#primaryimage\",\"url\":\"https:\\\/\\\/www.joseph-wresinski.org\\\/es\\\/wp-content\\\/uploads\\\/sites\\\/13\\\/2021\\\/04\\\/1163px-Der_Streik-_von_Robert_Koehler.jpg\",\"contentUrl\":\"https:\\\/\\\/www.joseph-wresinski.org\\\/es\\\/wp-content\\\/uploads\\\/sites\\\/13\\\/2021\\\/04\\\/1163px-Der_Streik-_von_Robert_Koehler.jpg\",\"width\":1163,\"height\":720},{\"@type\":\"BreadcrumbList\",\"@id\":\"https:\\\/\\\/www.joseph-wresinski.org\\\/es\\\/repensar-la-actividad-humana\\\/#breadcrumb\",\"itemListElement\":[{\"@type\":\"ListItem\",\"position\":1,\"name\":\"Portada\",\"item\":\"https:\\\/\\\/www.joseph-wresinski.org\\\/es\\\/\"},{\"@type\":\"ListItem\",\"position\":2,\"name\":\"Repensar la actividad humana\"}]},{\"@type\":\"WebSite\",\"@id\":\"https:\\\/\\\/www.joseph-wresinski.org\\\/es\\\/#website\",\"url\":\"https:\\\/\\\/www.joseph-wresinski.org\\\/es\\\/\",\"name\":\"Joseph Wresinski ES\",\"description\":\"Un sitio web propuesto por el Centro Joseph Wresinski\",\"potentialAction\":[{\"@type\":\"SearchAction\",\"target\":{\"@type\":\"EntryPoint\",\"urlTemplate\":\"https:\\\/\\\/www.joseph-wresinski.org\\\/es\\\/?s={search_term_string}\"},\"query-input\":{\"@type\":\"PropertyValueSpecification\",\"valueRequired\":true,\"valueName\":\"search_term_string\"}}],\"inLanguage\":\"es\"},{\"@type\":\"Person\",\"@id\":\"https:\\\/\\\/www.joseph-wresinski.org\\\/es\\\/#\\\/schema\\\/person\\\/93469e0206778753beddb73f4e07c8e0\",\"name\":\"Jean Tonglet\",\"image\":{\"@type\":\"ImageObject\",\"inLanguage\":\"es\",\"@id\":\"https:\\\/\\\/secure.gravatar.com\\\/avatar\\\/599cfd98b536979bcebf2d6839f0c694333341f1caf7ba53413b62de5453de40?s=96&d=mm&r=g\",\"url\":\"https:\\\/\\\/secure.gravatar.com\\\/avatar\\\/599cfd98b536979bcebf2d6839f0c694333341f1caf7ba53413b62de5453de40?s=96&d=mm&r=g\",\"contentUrl\":\"https:\\\/\\\/secure.gravatar.com\\\/avatar\\\/599cfd98b536979bcebf2d6839f0c694333341f1caf7ba53413b62de5453de40?s=96&d=mm&r=g\",\"caption\":\"Jean Tonglet\"},\"url\":\"https:\\\/\\\/www.joseph-wresinski.org\\\/es\\\/author\\\/jean\\\/\"}]}<\/script>\n<!-- \/ Yoast SEO plugin. -->","yoast_head_json":{"title":"Repensar la actividad humana - Joseph Wresinski ES","robots":{"index":"index","follow":"follow","max-snippet":"max-snippet:-1","max-image-preview":"max-image-preview:large","max-video-preview":"max-video-preview:-1"},"canonical":"https:\/\/www.joseph-wresinski.org\/es\/repensar-la-actividad-humana\/","og_locale":"es_ES","og_type":"article","og_title":"Repensar la actividad humana - Joseph Wresinski ES","og_description":"Este mensaje, dirigido a los Estados Generales del Desempleo y el Trabajo [Etats g\u00e9n\u00e9raux du Ch\u00f4mage et de l\u2019Emploi ], (...) Leer m\u00e1s &rarr;","og_url":"https:\/\/www.joseph-wresinski.org\/es\/repensar-la-actividad-humana\/","og_site_name":"Joseph Wresinski ES","article_published_time":"2021-04-30T22:00:16+00:00","article_modified_time":"2021-05-01T09:02:24+00:00","og_image":[{"width":1163,"height":720,"url":"https:\/\/www.joseph-wresinski.org\/es\/wp-content\/uploads\/sites\/13\/2021\/04\/1163px-Der_Streik-_von_Robert_Koehler.jpg","type":"image\/jpeg"}],"author":"Jean Tonglet","twitter_card":"summary_large_image","twitter_misc":{"Escrito por":"Jean Tonglet","Tiempo de lectura":"7 minutos"},"schema":{"@context":"https:\/\/schema.org","@graph":[{"@type":"Article","@id":"https:\/\/www.joseph-wresinski.org\/es\/repensar-la-actividad-humana\/#article","isPartOf":{"@id":"https:\/\/www.joseph-wresinski.org\/es\/repensar-la-actividad-humana\/"},"author":{"name":"Jean Tonglet","@id":"https:\/\/www.joseph-wresinski.org\/es\/#\/schema\/person\/93469e0206778753beddb73f4e07c8e0"},"headline":"Repensar la actividad humana","datePublished":"2021-04-30T22:00:16+00:00","dateModified":"2021-05-01T09:02:24+00:00","mainEntityOfPage":{"@id":"https:\/\/www.joseph-wresinski.org\/es\/repensar-la-actividad-humana\/"},"wordCount":1493,"commentCount":0,"image":{"@id":"https:\/\/www.joseph-wresinski.org\/es\/repensar-la-actividad-humana\/#primaryimage"},"thumbnailUrl":"https:\/\/www.joseph-wresinski.org\/es\/wp-content\/uploads\/sites\/13\/2021\/04\/1163px-Der_Streik-_von_Robert_Koehler.jpg","articleSection":["Actualidades","Discursos","Textos"],"inLanguage":"es","potentialAction":[{"@type":"CommentAction","name":"Comment","target":["https:\/\/www.joseph-wresinski.org\/es\/repensar-la-actividad-humana\/#respond"]}]},{"@type":"WebPage","@id":"https:\/\/www.joseph-wresinski.org\/es\/repensar-la-actividad-humana\/","url":"https:\/\/www.joseph-wresinski.org\/es\/repensar-la-actividad-humana\/","name":"Repensar la actividad humana - Joseph Wresinski ES","isPartOf":{"@id":"https:\/\/www.joseph-wresinski.org\/es\/#website"},"primaryImageOfPage":{"@id":"https:\/\/www.joseph-wresinski.org\/es\/repensar-la-actividad-humana\/#primaryimage"},"image":{"@id":"https:\/\/www.joseph-wresinski.org\/es\/repensar-la-actividad-humana\/#primaryimage"},"thumbnailUrl":"https:\/\/www.joseph-wresinski.org\/es\/wp-content\/uploads\/sites\/13\/2021\/04\/1163px-Der_Streik-_von_Robert_Koehler.jpg","datePublished":"2021-04-30T22:00:16+00:00","dateModified":"2021-05-01T09:02:24+00:00","author":{"@id":"https:\/\/www.joseph-wresinski.org\/es\/#\/schema\/person\/93469e0206778753beddb73f4e07c8e0"},"breadcrumb":{"@id":"https:\/\/www.joseph-wresinski.org\/es\/repensar-la-actividad-humana\/#breadcrumb"},"inLanguage":"es","potentialAction":[{"@type":"ReadAction","target":["https:\/\/www.joseph-wresinski.org\/es\/repensar-la-actividad-humana\/"]}]},{"@type":"ImageObject","inLanguage":"es","@id":"https:\/\/www.joseph-wresinski.org\/es\/repensar-la-actividad-humana\/#primaryimage","url":"https:\/\/www.joseph-wresinski.org\/es\/wp-content\/uploads\/sites\/13\/2021\/04\/1163px-Der_Streik-_von_Robert_Koehler.jpg","contentUrl":"https:\/\/www.joseph-wresinski.org\/es\/wp-content\/uploads\/sites\/13\/2021\/04\/1163px-Der_Streik-_von_Robert_Koehler.jpg","width":1163,"height":720},{"@type":"BreadcrumbList","@id":"https:\/\/www.joseph-wresinski.org\/es\/repensar-la-actividad-humana\/#breadcrumb","itemListElement":[{"@type":"ListItem","position":1,"name":"Portada","item":"https:\/\/www.joseph-wresinski.org\/es\/"},{"@type":"ListItem","position":2,"name":"Repensar la actividad humana"}]},{"@type":"WebSite","@id":"https:\/\/www.joseph-wresinski.org\/es\/#website","url":"https:\/\/www.joseph-wresinski.org\/es\/","name":"Joseph Wresinski ES","description":"Un sitio web propuesto por el Centro Joseph Wresinski","potentialAction":[{"@type":"SearchAction","target":{"@type":"EntryPoint","urlTemplate":"https:\/\/www.joseph-wresinski.org\/es\/?s={search_term_string}"},"query-input":{"@type":"PropertyValueSpecification","valueRequired":true,"valueName":"search_term_string"}}],"inLanguage":"es"},{"@type":"Person","@id":"https:\/\/www.joseph-wresinski.org\/es\/#\/schema\/person\/93469e0206778753beddb73f4e07c8e0","name":"Jean Tonglet","image":{"@type":"ImageObject","inLanguage":"es","@id":"https:\/\/secure.gravatar.com\/avatar\/599cfd98b536979bcebf2d6839f0c694333341f1caf7ba53413b62de5453de40?s=96&d=mm&r=g","url":"https:\/\/secure.gravatar.com\/avatar\/599cfd98b536979bcebf2d6839f0c694333341f1caf7ba53413b62de5453de40?s=96&d=mm&r=g","contentUrl":"https:\/\/secure.gravatar.com\/avatar\/599cfd98b536979bcebf2d6839f0c694333341f1caf7ba53413b62de5453de40?s=96&d=mm&r=g","caption":"Jean Tonglet"},"url":"https:\/\/www.joseph-wresinski.org\/es\/author\/jean\/"}]}},"_links":{"self":[{"href":"https:\/\/www.joseph-wresinski.org\/es\/wp-json\/wp\/v2\/posts\/2283","targetHints":{"allow":["GET"]}}],"collection":[{"href":"https:\/\/www.joseph-wresinski.org\/es\/wp-json\/wp\/v2\/posts"}],"about":[{"href":"https:\/\/www.joseph-wresinski.org\/es\/wp-json\/wp\/v2\/types\/post"}],"author":[{"embeddable":true,"href":"https:\/\/www.joseph-wresinski.org\/es\/wp-json\/wp\/v2\/users\/4"}],"replies":[{"embeddable":true,"href":"https:\/\/www.joseph-wresinski.org\/es\/wp-json\/wp\/v2\/comments?post=2283"}],"version-history":[{"count":15,"href":"https:\/\/www.joseph-wresinski.org\/es\/wp-json\/wp\/v2\/posts\/2283\/revisions"}],"predecessor-version":[{"id":2309,"href":"https:\/\/www.joseph-wresinski.org\/es\/wp-json\/wp\/v2\/posts\/2283\/revisions\/2309"}],"wp:featuredmedia":[{"embeddable":true,"href":"https:\/\/www.joseph-wresinski.org\/es\/wp-json\/wp\/v2\/media\/2280"}],"wp:attachment":[{"href":"https:\/\/www.joseph-wresinski.org\/es\/wp-json\/wp\/v2\/media?parent=2283"}],"wp:term":[{"taxonomy":"category","embeddable":true,"href":"https:\/\/www.joseph-wresinski.org\/es\/wp-json\/wp\/v2\/categories?post=2283"},{"taxonomy":"post_tag","embeddable":true,"href":"https:\/\/www.joseph-wresinski.org\/es\/wp-json\/wp\/v2\/tags?post=2283"}],"curies":[{"name":"wp","href":"https:\/\/api.w.org\/{rel}","templated":true}]}}