{"id":2361,"date":"2021-07-20T00:00:12","date_gmt":"2021-07-19T22:00:12","guid":{"rendered":"https:\/\/www.joseph-wresinski.org\/es\/?p=2361"},"modified":"2021-09-17T12:32:14","modified_gmt":"2021-09-17T10:32:14","slug":"hace-ya-tres-anos-que-no-han-salidoo","status":"publish","type":"post","link":"https:\/\/www.joseph-wresinski.org\/es\/hace-ya-tres-anos-que-no-han-salidoo\/","title":{"rendered":"Hace tres a\u00f1os que no han salido"},"content":{"rendered":"<p><em>M\u00e1s que nunca, el descanso, el tiempo libre y las vacaciones se consideran, con raz\u00f3n, actividades esenciales. En este texto de 1986, el padre Joseph Wresinski nos recuerda c\u00f3mo a menudo los m\u00e1s pobres se ven privados de ellas.<\/em><\/p>\n<p>A medida que se acerca la \u00e9poca de las vacaciones la tensi\u00f3n aumenta en los asentamientos. Los ni\u00f1os est\u00e1n m\u00e1s nerviosos, a veces m\u00e1s insolentes. Les resulta m\u00e1s dif\u00edcil aguantar la escuela y sus fracasos. Las familias exigen con m\u00e1s insistencia un poco de descanso.<\/p>\n<p>\u00abQu\u00e9 lleguen pronto las vacaciones, para que tengamos un poco de paz&#8230;\u00bb. Y dicen: \u00abSer\u00eda bueno para los ni\u00f1os y ni\u00f1as, las necesitan, aprender\u00e1n cosas\u00bb.<\/p>\n<p>Desde febrero algunas personas han logrado ahorrar algo. Pero la mayor\u00eda lo gastar\u00e1 antes, porque tendr\u00e1n que pagar el m\u00e9dico, los pagos atrasados del alquiler, las deudas se acumular\u00e1n.<\/p>\n<p>Todos cuentan con la paga extra de vacaciones, quiz\u00e1s tambi\u00e9n con tener un poco de suerte&#8230;<\/p>\n<p>Se hacen proyectos: \u00abIremos juntos con los ni\u00f1os a un centro de vacaciones familiares, o mejor, al pueblo\u00bb.<\/p>\n<p>\u00abSer\u00e1 un antes y un despu\u00e9s\u00bb, dice el se\u00f1or Jacket. \u00abMe voy a desintoxicar. Iremos un mes a la casa del Jura, nos lo han prometido. Y despu\u00e9s, tendr\u00e9 trabajo de una vez por todas\u00bb.<\/p>\n<p>Pero seg\u00fan se van acercando las vacaciones el miedo atenaza a las familias.<\/p>\n<p>\u00abEste a\u00f1o no ser\u00e1 posible, hemos estado enfermos, su padre no tiene trabajo&#8230;\u00bb. \u00abY adem\u00e1s, hay que mandar a todos y,\u00a0 \u00bfcon qu\u00e9 les voy a mandar?\u00bb.<\/p>\n<p>Entonces, la gente rehuye a los asistentes sociales, porque no han rellenado los formularios&#8230;<\/p>\n<p>\u00bfPero para qu\u00e9 van a hacerlo&#8230;? si de todas formas los ni\u00f1os se van a quedar aqu\u00ed.<\/p>\n<p>Y cuando los ni\u00f1os y ni\u00f1as hablan de vacaciones, los mayores se ponen nerviosos y encuentran excusas para gritar.<\/p>\n<p>Los ni\u00f1os y ni\u00f1as se quedan hasta m\u00e1s tarde en la calle: no hay buen ambiente en casa.<\/p>\n<p>Sobre todo porque en mayo y junio muchas veces es \u00e9poca de desahucios.<\/p>\n<p>Entonces, los m\u00e1s peque\u00f1os reciben los golpes, los mayores murmuran: \u00abel campamento, \u00a1qu\u00e9 asco!\u00bb.<\/p>\n<p>Pienso en la se\u00f1ora Estienne, hace a\u00f1os, sus ocho ni\u00f1os no hab\u00edan podido ir de vacaciones, no hab\u00eda dinero, no ten\u00edan ropa&#8230;<\/p>\n<p>Desde hac\u00eda ocho d\u00edas me rehu\u00eda. Esa noche, era tarde, ya me iba a la cama.<\/p>\n<p>Estaba sentada en un banco, la cabeza inclinada; lloraba.<\/p>\n<p>Al cabo de un rato, murmur\u00f3 en voz baja: \u00abHace tres a\u00f1os que no han salido. Y el padre bebe&#8230; \u00bfQu\u00e9 va a ser de ellos?\u00bb.<\/p>\n<p>Nosotros mismos, que ni siquiera imaginamos que dejamos atr\u00e1s a ninguno de estos ni\u00f1os y ni\u00f1as, \u00bfaceptar\u00edamos vivir en un mundo donde los hijos e hijas de los m\u00e1s desheredados no pudieran llegar a tener ninguna perspectiva de futuro?<\/p>\n<p>&nbsp;<\/p>\n","protected":false},"excerpt":{"rendered":"<p>M\u00e1s que nunca, el descanso, el tiempo libre y las vacaciones se consideran, con raz\u00f3n, actividades esenciales. En este texto (&#8230;) <a class=\"more-link\" href=\"https:\/\/www.joseph-wresinski.org\/es\/hace-ya-tres-anos-que-no-han-salidoo\/\">Leer m\u00e1s <span class=\"meta-nav\">&rarr;<\/span><\/a><\/p>\n","protected":false},"author":4,"featured_media":2356,"comment_status":"open","ping_status":"open","sticky":false,"template":"","format":"standard","meta":{"_acf_changed":false,"ep_exclude_from_search":false,"footnotes":""},"categories":[12,68,63],"tags":[],"class_list":["post-2361","post","type-post","status-publish","format-standard","has-post-thumbnail","hentry","category-actualidades","category-extractos-de-libros","category-recopilacion"],"acf":[],"yoast_head":"<!-- This site is optimized with the Yoast SEO plugin v27.5 - https:\/\/yoast.com\/product\/yoast-seo-wordpress\/ -->\n<title>Hace tres a\u00f1os que no han salido - Joseph Wresinski ES<\/title>\n<meta name=\"robots\" content=\"index, follow, max-snippet:-1, max-image-preview:large, max-video-preview:-1\" \/>\n<link rel=\"canonical\" href=\"https:\/\/www.joseph-wresinski.org\/es\/hace-ya-tres-anos-que-no-han-salidoo\/\" \/>\n<meta property=\"og:locale\" content=\"es_ES\" \/>\n<meta property=\"og:type\" content=\"article\" \/>\n<meta property=\"og:title\" content=\"Hace tres a\u00f1os que no han salido - Joseph Wresinski ES\" \/>\n<meta property=\"og:description\" content=\"M\u00e1s que nunca, el descanso, el tiempo libre y las vacaciones se consideran, con raz\u00f3n, actividades esenciales. En este texto (...) Leer m\u00e1s &rarr;\" \/>\n<meta property=\"og:url\" content=\"https:\/\/www.joseph-wresinski.org\/es\/hace-ya-tres-anos-que-no-han-salidoo\/\" \/>\n<meta property=\"og:site_name\" content=\"Joseph Wresinski ES\" \/>\n<meta property=\"article:published_time\" content=\"2021-07-19T22:00:12+00:00\" \/>\n<meta property=\"article:modified_time\" content=\"2021-09-17T10:32:14+00:00\" \/>\n<meta property=\"og:image\" content=\"https:\/\/www.joseph-wresinski.org\/es\/wp-content\/uploads\/sites\/13\/2021\/06\/bise3.jpg\" \/>\n\t<meta property=\"og:image:width\" content=\"700\" \/>\n\t<meta property=\"og:image:height\" content=\"371\" \/>\n\t<meta property=\"og:image:type\" content=\"image\/jpeg\" \/>\n<meta name=\"author\" content=\"Jean Tonglet\" \/>\n<meta name=\"twitter:card\" content=\"summary_large_image\" \/>\n<meta name=\"twitter:label1\" content=\"Escrito por\" \/>\n\t<meta name=\"twitter:data1\" content=\"Jean Tonglet\" \/>\n\t<meta name=\"twitter:label2\" content=\"Tiempo de lectura\" \/>\n\t<meta name=\"twitter:data2\" content=\"2 minutos\" \/>\n<script type=\"application\/ld+json\" class=\"yoast-schema-graph\">{\"@context\":\"https:\\\/\\\/schema.org\",\"@graph\":[{\"@type\":\"Article\",\"@id\":\"https:\\\/\\\/www.joseph-wresinski.org\\\/es\\\/hace-ya-tres-anos-que-no-han-salidoo\\\/#article\",\"isPartOf\":{\"@id\":\"https:\\\/\\\/www.joseph-wresinski.org\\\/es\\\/hace-ya-tres-anos-que-no-han-salidoo\\\/\"},\"author\":{\"name\":\"Jean Tonglet\",\"@id\":\"https:\\\/\\\/www.joseph-wresinski.org\\\/es\\\/#\\\/schema\\\/person\\\/93469e0206778753beddb73f4e07c8e0\"},\"headline\":\"Hace tres a\u00f1os que no han salido\",\"datePublished\":\"2021-07-19T22:00:12+00:00\",\"dateModified\":\"2021-09-17T10:32:14+00:00\",\"mainEntityOfPage\":{\"@id\":\"https:\\\/\\\/www.joseph-wresinski.org\\\/es\\\/hace-ya-tres-anos-que-no-han-salidoo\\\/\"},\"wordCount\":514,\"commentCount\":0,\"image\":{\"@id\":\"https:\\\/\\\/www.joseph-wresinski.org\\\/es\\\/hace-ya-tres-anos-que-no-han-salidoo\\\/#primaryimage\"},\"thumbnailUrl\":\"https:\\\/\\\/www.joseph-wresinski.org\\\/es\\\/wp-content\\\/uploads\\\/sites\\\/13\\\/2021\\\/06\\\/bise3.jpg\",\"articleSection\":[\"Actualidades\",\"Extractos de libros\",\"Textos\"],\"inLanguage\":\"es\",\"potentialAction\":[{\"@type\":\"CommentAction\",\"name\":\"Comment\",\"target\":[\"https:\\\/\\\/www.joseph-wresinski.org\\\/es\\\/hace-ya-tres-anos-que-no-han-salidoo\\\/#respond\"]}]},{\"@type\":\"WebPage\",\"@id\":\"https:\\\/\\\/www.joseph-wresinski.org\\\/es\\\/hace-ya-tres-anos-que-no-han-salidoo\\\/\",\"url\":\"https:\\\/\\\/www.joseph-wresinski.org\\\/es\\\/hace-ya-tres-anos-que-no-han-salidoo\\\/\",\"name\":\"Hace tres a\u00f1os que no han salido - Joseph Wresinski ES\",\"isPartOf\":{\"@id\":\"https:\\\/\\\/www.joseph-wresinski.org\\\/es\\\/#website\"},\"primaryImageOfPage\":{\"@id\":\"https:\\\/\\\/www.joseph-wresinski.org\\\/es\\\/hace-ya-tres-anos-que-no-han-salidoo\\\/#primaryimage\"},\"image\":{\"@id\":\"https:\\\/\\\/www.joseph-wresinski.org\\\/es\\\/hace-ya-tres-anos-que-no-han-salidoo\\\/#primaryimage\"},\"thumbnailUrl\":\"https:\\\/\\\/www.joseph-wresinski.org\\\/es\\\/wp-content\\\/uploads\\\/sites\\\/13\\\/2021\\\/06\\\/bise3.jpg\",\"datePublished\":\"2021-07-19T22:00:12+00:00\",\"dateModified\":\"2021-09-17T10:32:14+00:00\",\"author\":{\"@id\":\"https:\\\/\\\/www.joseph-wresinski.org\\\/es\\\/#\\\/schema\\\/person\\\/93469e0206778753beddb73f4e07c8e0\"},\"breadcrumb\":{\"@id\":\"https:\\\/\\\/www.joseph-wresinski.org\\\/es\\\/hace-ya-tres-anos-que-no-han-salidoo\\\/#breadcrumb\"},\"inLanguage\":\"es\",\"potentialAction\":[{\"@type\":\"ReadAction\",\"target\":[\"https:\\\/\\\/www.joseph-wresinski.org\\\/es\\\/hace-ya-tres-anos-que-no-han-salidoo\\\/\"]}]},{\"@type\":\"ImageObject\",\"inLanguage\":\"es\",\"@id\":\"https:\\\/\\\/www.joseph-wresinski.org\\\/es\\\/hace-ya-tres-anos-que-no-han-salidoo\\\/#primaryimage\",\"url\":\"https:\\\/\\\/www.joseph-wresinski.org\\\/es\\\/wp-content\\\/uploads\\\/sites\\\/13\\\/2021\\\/06\\\/bise3.jpg\",\"contentUrl\":\"https:\\\/\\\/www.joseph-wresinski.org\\\/es\\\/wp-content\\\/uploads\\\/sites\\\/13\\\/2021\\\/06\\\/bise3.jpg\",\"width\":700,\"height\":371},{\"@type\":\"BreadcrumbList\",\"@id\":\"https:\\\/\\\/www.joseph-wresinski.org\\\/es\\\/hace-ya-tres-anos-que-no-han-salidoo\\\/#breadcrumb\",\"itemListElement\":[{\"@type\":\"ListItem\",\"position\":1,\"name\":\"Portada\",\"item\":\"https:\\\/\\\/www.joseph-wresinski.org\\\/es\\\/\"},{\"@type\":\"ListItem\",\"position\":2,\"name\":\"Hace tres a\u00f1os que no han salido\"}]},{\"@type\":\"WebSite\",\"@id\":\"https:\\\/\\\/www.joseph-wresinski.org\\\/es\\\/#website\",\"url\":\"https:\\\/\\\/www.joseph-wresinski.org\\\/es\\\/\",\"name\":\"Joseph Wresinski ES\",\"description\":\"Un sitio web propuesto por el Centro Joseph Wresinski\",\"potentialAction\":[{\"@type\":\"SearchAction\",\"target\":{\"@type\":\"EntryPoint\",\"urlTemplate\":\"https:\\\/\\\/www.joseph-wresinski.org\\\/es\\\/?s={search_term_string}\"},\"query-input\":{\"@type\":\"PropertyValueSpecification\",\"valueRequired\":true,\"valueName\":\"search_term_string\"}}],\"inLanguage\":\"es\"},{\"@type\":\"Person\",\"@id\":\"https:\\\/\\\/www.joseph-wresinski.org\\\/es\\\/#\\\/schema\\\/person\\\/93469e0206778753beddb73f4e07c8e0\",\"name\":\"Jean Tonglet\",\"image\":{\"@type\":\"ImageObject\",\"inLanguage\":\"es\",\"@id\":\"https:\\\/\\\/secure.gravatar.com\\\/avatar\\\/599cfd98b536979bcebf2d6839f0c694333341f1caf7ba53413b62de5453de40?s=96&d=mm&r=g\",\"url\":\"https:\\\/\\\/secure.gravatar.com\\\/avatar\\\/599cfd98b536979bcebf2d6839f0c694333341f1caf7ba53413b62de5453de40?s=96&d=mm&r=g\",\"contentUrl\":\"https:\\\/\\\/secure.gravatar.com\\\/avatar\\\/599cfd98b536979bcebf2d6839f0c694333341f1caf7ba53413b62de5453de40?s=96&d=mm&r=g\",\"caption\":\"Jean Tonglet\"},\"url\":\"https:\\\/\\\/www.joseph-wresinski.org\\\/es\\\/author\\\/jean\\\/\"}]}<\/script>\n<!-- \/ Yoast SEO plugin. -->","yoast_head_json":{"title":"Hace tres a\u00f1os que no han salido - Joseph Wresinski ES","robots":{"index":"index","follow":"follow","max-snippet":"max-snippet:-1","max-image-preview":"max-image-preview:large","max-video-preview":"max-video-preview:-1"},"canonical":"https:\/\/www.joseph-wresinski.org\/es\/hace-ya-tres-anos-que-no-han-salidoo\/","og_locale":"es_ES","og_type":"article","og_title":"Hace tres a\u00f1os que no han salido - Joseph Wresinski ES","og_description":"M\u00e1s que nunca, el descanso, el tiempo libre y las vacaciones se consideran, con raz\u00f3n, actividades esenciales. En este texto (...) Leer m\u00e1s &rarr;","og_url":"https:\/\/www.joseph-wresinski.org\/es\/hace-ya-tres-anos-que-no-han-salidoo\/","og_site_name":"Joseph Wresinski ES","article_published_time":"2021-07-19T22:00:12+00:00","article_modified_time":"2021-09-17T10:32:14+00:00","og_image":[{"width":700,"height":371,"url":"https:\/\/www.joseph-wresinski.org\/es\/wp-content\/uploads\/sites\/13\/2021\/06\/bise3.jpg","type":"image\/jpeg"}],"author":"Jean Tonglet","twitter_card":"summary_large_image","twitter_misc":{"Escrito por":"Jean Tonglet","Tiempo de lectura":"2 minutos"},"schema":{"@context":"https:\/\/schema.org","@graph":[{"@type":"Article","@id":"https:\/\/www.joseph-wresinski.org\/es\/hace-ya-tres-anos-que-no-han-salidoo\/#article","isPartOf":{"@id":"https:\/\/www.joseph-wresinski.org\/es\/hace-ya-tres-anos-que-no-han-salidoo\/"},"author":{"name":"Jean Tonglet","@id":"https:\/\/www.joseph-wresinski.org\/es\/#\/schema\/person\/93469e0206778753beddb73f4e07c8e0"},"headline":"Hace tres a\u00f1os que no han salido","datePublished":"2021-07-19T22:00:12+00:00","dateModified":"2021-09-17T10:32:14+00:00","mainEntityOfPage":{"@id":"https:\/\/www.joseph-wresinski.org\/es\/hace-ya-tres-anos-que-no-han-salidoo\/"},"wordCount":514,"commentCount":0,"image":{"@id":"https:\/\/www.joseph-wresinski.org\/es\/hace-ya-tres-anos-que-no-han-salidoo\/#primaryimage"},"thumbnailUrl":"https:\/\/www.joseph-wresinski.org\/es\/wp-content\/uploads\/sites\/13\/2021\/06\/bise3.jpg","articleSection":["Actualidades","Extractos de libros","Textos"],"inLanguage":"es","potentialAction":[{"@type":"CommentAction","name":"Comment","target":["https:\/\/www.joseph-wresinski.org\/es\/hace-ya-tres-anos-que-no-han-salidoo\/#respond"]}]},{"@type":"WebPage","@id":"https:\/\/www.joseph-wresinski.org\/es\/hace-ya-tres-anos-que-no-han-salidoo\/","url":"https:\/\/www.joseph-wresinski.org\/es\/hace-ya-tres-anos-que-no-han-salidoo\/","name":"Hace tres a\u00f1os que no han salido - Joseph Wresinski ES","isPartOf":{"@id":"https:\/\/www.joseph-wresinski.org\/es\/#website"},"primaryImageOfPage":{"@id":"https:\/\/www.joseph-wresinski.org\/es\/hace-ya-tres-anos-que-no-han-salidoo\/#primaryimage"},"image":{"@id":"https:\/\/www.joseph-wresinski.org\/es\/hace-ya-tres-anos-que-no-han-salidoo\/#primaryimage"},"thumbnailUrl":"https:\/\/www.joseph-wresinski.org\/es\/wp-content\/uploads\/sites\/13\/2021\/06\/bise3.jpg","datePublished":"2021-07-19T22:00:12+00:00","dateModified":"2021-09-17T10:32:14+00:00","author":{"@id":"https:\/\/www.joseph-wresinski.org\/es\/#\/schema\/person\/93469e0206778753beddb73f4e07c8e0"},"breadcrumb":{"@id":"https:\/\/www.joseph-wresinski.org\/es\/hace-ya-tres-anos-que-no-han-salidoo\/#breadcrumb"},"inLanguage":"es","potentialAction":[{"@type":"ReadAction","target":["https:\/\/www.joseph-wresinski.org\/es\/hace-ya-tres-anos-que-no-han-salidoo\/"]}]},{"@type":"ImageObject","inLanguage":"es","@id":"https:\/\/www.joseph-wresinski.org\/es\/hace-ya-tres-anos-que-no-han-salidoo\/#primaryimage","url":"https:\/\/www.joseph-wresinski.org\/es\/wp-content\/uploads\/sites\/13\/2021\/06\/bise3.jpg","contentUrl":"https:\/\/www.joseph-wresinski.org\/es\/wp-content\/uploads\/sites\/13\/2021\/06\/bise3.jpg","width":700,"height":371},{"@type":"BreadcrumbList","@id":"https:\/\/www.joseph-wresinski.org\/es\/hace-ya-tres-anos-que-no-han-salidoo\/#breadcrumb","itemListElement":[{"@type":"ListItem","position":1,"name":"Portada","item":"https:\/\/www.joseph-wresinski.org\/es\/"},{"@type":"ListItem","position":2,"name":"Hace tres a\u00f1os que no han salido"}]},{"@type":"WebSite","@id":"https:\/\/www.joseph-wresinski.org\/es\/#website","url":"https:\/\/www.joseph-wresinski.org\/es\/","name":"Joseph Wresinski ES","description":"Un sitio web propuesto por el Centro Joseph Wresinski","potentialAction":[{"@type":"SearchAction","target":{"@type":"EntryPoint","urlTemplate":"https:\/\/www.joseph-wresinski.org\/es\/?s={search_term_string}"},"query-input":{"@type":"PropertyValueSpecification","valueRequired":true,"valueName":"search_term_string"}}],"inLanguage":"es"},{"@type":"Person","@id":"https:\/\/www.joseph-wresinski.org\/es\/#\/schema\/person\/93469e0206778753beddb73f4e07c8e0","name":"Jean Tonglet","image":{"@type":"ImageObject","inLanguage":"es","@id":"https:\/\/secure.gravatar.com\/avatar\/599cfd98b536979bcebf2d6839f0c694333341f1caf7ba53413b62de5453de40?s=96&d=mm&r=g","url":"https:\/\/secure.gravatar.com\/avatar\/599cfd98b536979bcebf2d6839f0c694333341f1caf7ba53413b62de5453de40?s=96&d=mm&r=g","contentUrl":"https:\/\/secure.gravatar.com\/avatar\/599cfd98b536979bcebf2d6839f0c694333341f1caf7ba53413b62de5453de40?s=96&d=mm&r=g","caption":"Jean Tonglet"},"url":"https:\/\/www.joseph-wresinski.org\/es\/author\/jean\/"}]}},"_links":{"self":[{"href":"https:\/\/www.joseph-wresinski.org\/es\/wp-json\/wp\/v2\/posts\/2361","targetHints":{"allow":["GET"]}}],"collection":[{"href":"https:\/\/www.joseph-wresinski.org\/es\/wp-json\/wp\/v2\/posts"}],"about":[{"href":"https:\/\/www.joseph-wresinski.org\/es\/wp-json\/wp\/v2\/types\/post"}],"author":[{"embeddable":true,"href":"https:\/\/www.joseph-wresinski.org\/es\/wp-json\/wp\/v2\/users\/4"}],"replies":[{"embeddable":true,"href":"https:\/\/www.joseph-wresinski.org\/es\/wp-json\/wp\/v2\/comments?post=2361"}],"version-history":[{"count":11,"href":"https:\/\/www.joseph-wresinski.org\/es\/wp-json\/wp\/v2\/posts\/2361\/revisions"}],"predecessor-version":[{"id":2445,"href":"https:\/\/www.joseph-wresinski.org\/es\/wp-json\/wp\/v2\/posts\/2361\/revisions\/2445"}],"wp:featuredmedia":[{"embeddable":true,"href":"https:\/\/www.joseph-wresinski.org\/es\/wp-json\/wp\/v2\/media\/2356"}],"wp:attachment":[{"href":"https:\/\/www.joseph-wresinski.org\/es\/wp-json\/wp\/v2\/media?parent=2361"}],"wp:term":[{"taxonomy":"category","embeddable":true,"href":"https:\/\/www.joseph-wresinski.org\/es\/wp-json\/wp\/v2\/categories?post=2361"},{"taxonomy":"post_tag","embeddable":true,"href":"https:\/\/www.joseph-wresinski.org\/es\/wp-json\/wp\/v2\/tags?post=2361"}],"curies":[{"name":"wp","href":"https:\/\/api.w.org\/{rel}","templated":true}]}}