{"id":2500,"date":"2021-10-04T09:36:07","date_gmt":"2021-10-04T07:36:07","guid":{"rendered":"https:\/\/www.joseph-wresinski.org\/es\/?p=2500"},"modified":"2021-10-05T15:25:56","modified_gmt":"2021-10-05T13:25:56","slug":"no-teniamos-mas-que-nuestras-personas-para-ofrecer","status":"publish","type":"post","link":"https:\/\/www.joseph-wresinski.org\/es\/no-teniamos-mas-que-nuestras-personas-para-ofrecer\/","title":{"rendered":"No ten\u00edamos m\u00e1s que nuestras personas para ofrecer"},"content":{"rendered":"<p><em>He aqu\u00ed ahora c\u00f3mo el padre Joseph dice en pocas palabras las razones de ATD Cuarto Mundo.<\/em><\/p>\n<p>No somos creadores sino s\u00f3lo herederos. Otros han esbozado en la Iglesia contempor\u00e1nea, en Francia y en el mundo, movimientos de encuentro con los pobres, con el pueblo de los marginados. Hombres como el Abb\u00e9 Godin, el Padre Depierre, el Abb\u00e9 Pierre, han abierto puertas, han penetrado en el mundo de la miseria. Estamos en el seno de una corriente espiritual, de inteligencia del coraz\u00f3n m\u00e1s que de ideas, que ha encontrado a los pobres, la gente de la miseria. Movimiento de lucha por la paz, lucha por el pan, combate por la justicia. Estos combates y acciones se juntan en alg\u00fan punto con la preocupaci\u00f3n por el hombre m\u00e1s despreciado. No somos creadores, aunque la miseria nos lleve a serlo; innovadores quiz\u00e1 s\u00ed.<\/p>\n<p>\u00bfD\u00f3nde est\u00e1 nuestra originalidad? Cuando el Movimiento ATD Cuarto Mundo empez\u00f3, la sociedad estaba segura de s\u00ed misma: todo el mundo pensaba que el progreso, ligado a la asistencia, iba a suprimir la miseria, autom\u00e1ticamente, y que la victoria estaba asegurada, ineluctablemente. En tal contexto, \u00bfc\u00f3mo pod\u00eda creerse lo que dec\u00edamos de la miseria? Esta era nuestra mayor dificultad. Fue en este contexto donde el Abb\u00e9 Pierre puso de relieve la realidad de los m\u00e1s desgraciados. ATD Cuarto Mundo la enmarc\u00f3 en la familia. Era una empresa audaz en estos tiempos en que la sociedad comenzaba a desinteresarse de la familia. De hecho, ni los servicios sociales, ni los poderes p\u00fablicos entendieron nunca nuestra insistencia sobre la familia. \u00bfPor qu\u00e9 tanto inter\u00e9s? La familia es el \u00fanico refugio del hombre cuando todo le falla. S\u00f3lo all\u00ed encuentra a alguien que le acoja, all\u00ed s\u00f3lo sigue siendo alguien. En la familia encuentra su identidad. Los suyos, sus hijos, su esposa, su compa\u00f1era&#8230;constituyen para \u00e9l su \u00faltimo espacio de libertad. Aunque los hijos les sean arrebatados, el hombre y la mujer se refieren siempre a los que han engendrado. Al insistir sobre esta realidad de la familia, se nos ten\u00eda por hombres del pasado, y esto nos ha hecho sufrir, pero nunca vacilar.<\/p>\n<p>Lo determinante en el Movimiento, ya desde su origen, fue que no ten\u00edamos m\u00e1s que nuestras personas para ofrecer. No pose\u00edamos nada, no \u00e9ramos ning\u00fan organismo de casas baratas, ni de trabajadores sociales dependientes de un servicio. Nuestros pechos y el coraz\u00f3n que en ellos lat\u00eda, era lo \u00fanico que pod\u00edamos ofrecer. Nuestra total desnudez, nuestra falta absoluta de medios, nos han permitido ser aceptados por las familias m\u00e1s desvalidas. No ten\u00edamos ning\u00fan poder, ni pol\u00edtico, ni social; ni tampoco la garant\u00eda de una confesi\u00f3n religiosa. Lleg\u00e1bamos con las manos vac\u00edas, los pies desnudos, al coraz\u00f3n de la miseria. No ten\u00edamos m\u00e1s para ofrecer que lo que \u00e9ramos, mujeres y hombres decididos a consagrar nuestras vidas a combatir con los que se encontraban marginados en la miseria. Nuestro \u00fanico objetivo era el hombre, la promoci\u00f3n del hombre. Quisimos desde el principio que estas familias que viven en la extrema pobreza fueran los defensores de sus hermanos. Ven\u00edamos de lejos, sin relaciones. atados a la condici\u00f3n de la desnudez total de las familias. Muchas de ellas no hab\u00edan conocido m\u00e1s que la indigencia, la ignorancia, la enfermedad, el paro; y siempre el rechazo y la exclusi\u00f3n. Quer\u00edamos que su militancia fuese la garant\u00eda para que la sociedad volviera a reintegrarles como responsables de ellas mismas, de sus hijos, de su vida, de su palabra. La meta de esta militancia era el dar testimonio de las posibilidades de todo hombre; ning\u00fan hombre se halla jam\u00e1s al final de su carrera. Si los pobres pod\u00edan vivir en cierta convivencia y solidaridad, a pesar de la miseria que les agobiaba; si los subproletarios eran capaces de afirmar que el consumo, el provecho, pod\u00edan no ser los \u00fanicos motores de la vida, de la sociedad, era un mundo nuevo lo que se propon\u00eda a todo hombre, un cambio radical de perspectiva. Propon\u00edamos otra forma de relaci\u00f3n, otro fin para nuestros combates.<\/p>\n<p>\u00a1Cu\u00e1ntas dificultades ante tal proyecto! La sociedad rica, instalada, ya no quer\u00eda o no pod\u00eda ver la miseria. Pretend\u00eda haberla destruido. Nos vimos obligados a ser testigos de lo que ve\u00edamos, de lo que o\u00edamos, de lo que viv\u00edamos. No bastaba con proclamar este testimonio con nuestro coraz\u00f3n, era menester hacerlo inteligible a la mentalidad de los hombres de hoy. Esta necesidad condujo al Movimiento a crear el Instituto de Investigaci\u00f3n<span id='easy-footnote-1-2500' class='easy-footnote-margin-adjust'><\/span><span class='easy-footnote'><a href='https:\/\/www.joseph-wresinski.org\/es\/no-teniamos-mas-que-nuestras-personas-para-ofrecer\/#easy-footnote-bottom-1-2500' title=' Instituto de Investigaci\u00f3n y Formaci\u00f3n en Relaciones Humanas (&lt;em&gt;Institut de Recherche et de Formation aux Relations Humaines&lt;\/em&gt;, IRFRH). Sucesor en 1966 de la Oficina de Investigaci\u00f3n Social (&lt;em&gt;Bureau de Recherches Sociales&lt;\/em&gt;, creada en 1960), el Instituto de Investigaci\u00f3n se propone desarrollar un conocimiento riguroso de la situaci\u00f3n de los m\u00e1s pobres y de los cambios que sugieren emprender para el respeto de su dignidad y la defensa de los Derechos Humanos'><sup>1<\/sup><\/a><\/span>. Hemos afirmado con pruebas fehacientes, no s\u00f3lo que los pobres siguen existiendo, que est\u00e1n aqu\u00ed, entre nosotros, sino adem\u00e1s que son los testigos, por las condiciones de vida que les impon\u00e9is, de todas vuestras trampas contra vuestras propias convicciones, declaraciones, ideales. La creaci\u00f3n del Instituto de Investigaci\u00f3n ha sido un acto pol\u00edtico en el verdadero sentido de la palabra; ha denunciado aportando pruebas, y ha hecho propuestas. Ha comprobado tambi\u00e9n que la poblaci\u00f3n pod\u00eda al mismo tiempo reunir a hombres de extracciones muy diversas en una causa justa para que los m\u00e1s desfavorecidos asumieran sus responsabilidades. Ha demostrado que era totalmente contrario al Derecho impedir que estas familias pudieran asumir sus responsabilidades familiares, sociales, pol\u00edticas y religiosas.<\/p>\n<p>Otro punto a subrayar es el hecho de que, frente a esta sociedad rica que pretend\u00eda dejar la miseria en un punto muerto, el Movimiento ha escogido, desde su comienzo, ser <em>inter<\/em>confesional e <em>inter<\/em>pol\u00edtico, que no es lo mismo que aconfesional y <em>a<\/em>pol\u00edtico. Yo hab\u00eda experimentado la suerte que tienen los cat\u00f3licos, y los creyentes en general; su educaci\u00f3n les lleva a amar al pr\u00f3jimo.\u00a0 Al encontrar muchas instituciones incapaces, a pesar de su deseo, de luchar para la liberaci\u00f3n de los m\u00e1s pobres, pensaba que ten\u00edamos que ofrecer a todos los hombres nuestra suerte de creyentes. Para m\u00ed, era una cuesti\u00f3n de derecho, de justicia, permitir que cualquier hombre, cualquiera que fuesen sus ideas, su cultura, su fe, pudiera bajar hasta el \u00faltimo pelda\u00f1o de la escala social. Es dif\u00edcil imaginar lo inc\u00f3modo que es esto para los que no han tenido el privilegio de vivir en las esferas donde vivimos los que pertenecemos a la Iglesia. Todo hombre ha de poder hacer de la familia m\u00e1s pobre un polo de confluencia, un agente de liberaci\u00f3n de los dem\u00e1s hombres, una familia que salva a sus hermanos. Nos cuesta comprender el sufrimiento frente a la miseria de los que no conocieron, desde su infancia, esta mirada vuelta hacia los dem\u00e1s, hacia el m\u00e1s desgraciado, hacia aquel cuya condici\u00f3n Cristo asumi\u00f3 sin reserva alguna. No siempre nos damos cuenta de lo que debemos a la Iglesia, tambi\u00e9n en este aspecto.<\/p>\n<p>La primera voluntaria francesa atea solo tiene frente a la miseria la justicia y su profunda humanidad. El fracaso de las familias la consume y la destruye. No puede ir m\u00e1s all\u00e1, no puede aceptar el fracaso porque para ella no hay nada m\u00e1s all\u00e1 del fracaso. Si digo que la interconfesionalidad es un acto de justicia para los que no han tenido la suerte de haber sido educados con la mirada vuelta hacia los dem\u00e1s, no lo digo porque me crea superior. En todo hombre existe una parcela de ternura que necesita ser sacada a la luz, a la acci\u00f3n, y esta ternura ha de ser educada desde la infancia. El acto de misericordia, la necesidad de compartir con el pr\u00f3jimo, de hacerse pr\u00f3jimo al sufrir profundamente, llevando consigo el sufrimiento del otro, cambiando este sufrimiento en esperanza, es el resultado de una educaci\u00f3n o de una conversi\u00f3n.<\/p>\n<p>En el Movimiento nos ponemos en contacto con el hombre directamente, sin el intermediario de un servicio, de una oficina.\u00a0 Cuando no se est\u00e1 limitado o encerrado en un organismo, se puede vivir un proyecto de sociedad que depende del otro, de aquel con quien se quiere compartir. Entonces se puede poner a la familia m\u00e1s pobre en el coraz\u00f3n del mundo, en el centro del mundo. Hacer del hombre m\u00e1s desvalido el centro, es abrazar a toda la humanidad en un solo hombre, es no retener la mirada ni reducir su visi\u00f3n, es lanzarla hacia las fronteras del amor; y el amor no tiene fronteras. no se encierra, no se domina, es siempre locura.<\/p>\n<p>Para empezar, hay que tener la audacia de juntar al m\u00e1s pobre con Jesucristo; los dos no hacen sino uno. De entrada, no se puede denegar a ning\u00fan hombre, sea rico o pobre, sea responsable o v\u00edctima de su situaci\u00f3n de pobreza. En amor no hay fronteras. Todos forman parte de la misma humanidad; todos andan hacia el mismo destino.<\/p>\n<p>Al llegar al Campo de Noisy-le-Grand<span id='easy-footnote-2-2500' class='easy-footnote-margin-adjust'><\/span><span class='easy-footnote'><a href='https:\/\/www.joseph-wresinski.org\/es\/no-teniamos-mas-que-nuestras-personas-para-ofrecer\/#easy-footnote-bottom-2-2500' title='El padre Joseph Wresinski fue enviado por su obispo al campo de Noisy-le-Grand, donde se instal\u00f3 el 14 de julio de 1956. En 1957 fund\u00f3 la asociaci\u00f3n \u201cAide \u00e0 Toute D\u00e9tresse\u201d (ATD), que se convirti\u00f3 en el \u201cMovimiento ATD Cuarto Mundo\u201d en 1968 y en el \u00abMovimiento Internacional ATD Cuarto Mundo\u00bb en 1974.'><sup>2<\/sup><\/a><\/span>me dije: estas familias nunca saldr\u00e1n a flote por s\u00ed mismas; yo les har\u00e9 subir las escaleras del Elys\u00e9e<span id='easy-footnote-3-2500' class='easy-footnote-margin-adjust'><\/span><span class='easy-footnote'><a href='https:\/\/www.joseph-wresinski.org\/es\/no-teniamos-mas-que-nuestras-personas-para-ofrecer\/#easy-footnote-bottom-3-2500' title='Delegaciones del Movimiento ATD Cuarto Mundo han sido recibidas por presidentes de la Rep\u00fablica francesa, secretarios generales de las Naciones Unidas y el Papa Juan Pablo II.'><sup>3<\/sup><\/a><\/span>, del Vaticano, de la ONU, de las grandes organizaciones internacionales. Tienen que ser interlocutores con todos los derechos. \u00a1Qu\u00e9 imaginaci\u00f3n tan rid\u00edcula, pensar\u00e1n algunos, nacida en esta meseta \u00e1rida en pleno verano de 1965! Cristo en el G\u00f3lgota, mirando el mundo, afirmaba haberlo vencido. Cualquier hombre que ponga al hombre m\u00e1s pobre en el centro de su visi\u00f3n, por fuerza tiene que verlo todo, tiene que englobar a todos los hombres, no puede dejar de lado a ning\u00fan hombre. De alguna manera puede tambi\u00e9n afirmar que ha vencido al mundo.<\/p>\n<p>&nbsp;<\/p>\n<p><a href=\"#_ftnref3\" name=\"_ftn3\"><\/a><\/p>\n","protected":false},"excerpt":{"rendered":"<p>He aqu\u00ed ahora c\u00f3mo el padre Joseph dice en pocas palabras las razones de ATD Cuarto Mundo. No somos creadores (&#8230;) <a class=\"more-link\" href=\"https:\/\/www.joseph-wresinski.org\/es\/no-teniamos-mas-que-nuestras-personas-para-ofrecer\/\">Leer m\u00e1s <span class=\"meta-nav\">&rarr;<\/span><\/a><\/p>\n","protected":false},"author":4,"featured_media":2501,"comment_status":"open","ping_status":"open","sticky":false,"template":"","format":"standard","meta":{"_acf_changed":false,"ep_exclude_from_search":false,"footnotes":""},"categories":[68,63],"tags":[],"class_list":["post-2500","post","type-post","status-publish","format-standard","has-post-thumbnail","hentry","category-extractos-de-libros","category-recopilacion"],"acf":[],"yoast_head":"<!-- This site is optimized with the Yoast SEO plugin v27.5 - https:\/\/yoast.com\/product\/yoast-seo-wordpress\/ -->\n<title>No ten\u00edamos m\u00e1s que nuestras personas para ofrecer - Joseph Wresinski ES<\/title>\n<meta name=\"robots\" content=\"index, follow, max-snippet:-1, max-image-preview:large, max-video-preview:-1\" \/>\n<link rel=\"canonical\" href=\"https:\/\/www.joseph-wresinski.org\/es\/no-teniamos-mas-que-nuestras-personas-para-ofrecer\/\" \/>\n<meta property=\"og:locale\" content=\"es_ES\" \/>\n<meta property=\"og:type\" content=\"article\" \/>\n<meta property=\"og:title\" content=\"No ten\u00edamos m\u00e1s que nuestras personas para ofrecer - Joseph Wresinski ES\" \/>\n<meta property=\"og:description\" content=\"He aqu\u00ed ahora c\u00f3mo el padre Joseph dice en pocas palabras las razones de ATD Cuarto Mundo. No somos creadores (...) Leer m\u00e1s &rarr;\" \/>\n<meta property=\"og:url\" content=\"https:\/\/www.joseph-wresinski.org\/es\/no-teniamos-mas-que-nuestras-personas-para-ofrecer\/\" \/>\n<meta property=\"og:site_name\" content=\"Joseph Wresinski ES\" \/>\n<meta property=\"article:published_time\" content=\"2021-10-04T07:36:07+00:00\" \/>\n<meta property=\"article:modified_time\" content=\"2021-10-05T13:25:56+00:00\" \/>\n<meta property=\"og:image\" content=\"https:\/\/www.joseph-wresinski.org\/es\/wp-content\/uploads\/sites\/13\/2021\/10\/Lets-Move-Forward3.jpg\" \/>\n\t<meta property=\"og:image:width\" content=\"708\" \/>\n\t<meta property=\"og:image:height\" content=\"368\" \/>\n\t<meta property=\"og:image:type\" content=\"image\/jpeg\" \/>\n<meta name=\"author\" content=\"Jean Tonglet\" \/>\n<meta name=\"twitter:card\" content=\"summary_large_image\" \/>\n<meta name=\"twitter:label1\" content=\"Escrito por\" \/>\n\t<meta name=\"twitter:data1\" content=\"Jean Tonglet\" \/>\n\t<meta name=\"twitter:label2\" content=\"Tiempo de lectura\" \/>\n\t<meta name=\"twitter:data2\" content=\"8 minutos\" \/>\n<script type=\"application\/ld+json\" class=\"yoast-schema-graph\">{\"@context\":\"https:\\\/\\\/schema.org\",\"@graph\":[{\"@type\":\"Article\",\"@id\":\"https:\\\/\\\/www.joseph-wresinski.org\\\/es\\\/no-teniamos-mas-que-nuestras-personas-para-ofrecer\\\/#article\",\"isPartOf\":{\"@id\":\"https:\\\/\\\/www.joseph-wresinski.org\\\/es\\\/no-teniamos-mas-que-nuestras-personas-para-ofrecer\\\/\"},\"author\":{\"name\":\"Jean Tonglet\",\"@id\":\"https:\\\/\\\/www.joseph-wresinski.org\\\/es\\\/#\\\/schema\\\/person\\\/93469e0206778753beddb73f4e07c8e0\"},\"headline\":\"No ten\u00edamos m\u00e1s que nuestras personas para ofrecer\",\"datePublished\":\"2021-10-04T07:36:07+00:00\",\"dateModified\":\"2021-10-05T13:25:56+00:00\",\"mainEntityOfPage\":{\"@id\":\"https:\\\/\\\/www.joseph-wresinski.org\\\/es\\\/no-teniamos-mas-que-nuestras-personas-para-ofrecer\\\/\"},\"wordCount\":1825,\"commentCount\":0,\"image\":{\"@id\":\"https:\\\/\\\/www.joseph-wresinski.org\\\/es\\\/no-teniamos-mas-que-nuestras-personas-para-ofrecer\\\/#primaryimage\"},\"thumbnailUrl\":\"https:\\\/\\\/www.joseph-wresinski.org\\\/es\\\/wp-content\\\/uploads\\\/sites\\\/13\\\/2021\\\/10\\\/Lets-Move-Forward3.jpg\",\"articleSection\":[\"Extractos de libros\",\"Textos\"],\"inLanguage\":\"es\",\"potentialAction\":[{\"@type\":\"CommentAction\",\"name\":\"Comment\",\"target\":[\"https:\\\/\\\/www.joseph-wresinski.org\\\/es\\\/no-teniamos-mas-que-nuestras-personas-para-ofrecer\\\/#respond\"]}]},{\"@type\":\"WebPage\",\"@id\":\"https:\\\/\\\/www.joseph-wresinski.org\\\/es\\\/no-teniamos-mas-que-nuestras-personas-para-ofrecer\\\/\",\"url\":\"https:\\\/\\\/www.joseph-wresinski.org\\\/es\\\/no-teniamos-mas-que-nuestras-personas-para-ofrecer\\\/\",\"name\":\"No ten\u00edamos m\u00e1s que nuestras personas para ofrecer - Joseph Wresinski ES\",\"isPartOf\":{\"@id\":\"https:\\\/\\\/www.joseph-wresinski.org\\\/es\\\/#website\"},\"primaryImageOfPage\":{\"@id\":\"https:\\\/\\\/www.joseph-wresinski.org\\\/es\\\/no-teniamos-mas-que-nuestras-personas-para-ofrecer\\\/#primaryimage\"},\"image\":{\"@id\":\"https:\\\/\\\/www.joseph-wresinski.org\\\/es\\\/no-teniamos-mas-que-nuestras-personas-para-ofrecer\\\/#primaryimage\"},\"thumbnailUrl\":\"https:\\\/\\\/www.joseph-wresinski.org\\\/es\\\/wp-content\\\/uploads\\\/sites\\\/13\\\/2021\\\/10\\\/Lets-Move-Forward3.jpg\",\"datePublished\":\"2021-10-04T07:36:07+00:00\",\"dateModified\":\"2021-10-05T13:25:56+00:00\",\"author\":{\"@id\":\"https:\\\/\\\/www.joseph-wresinski.org\\\/es\\\/#\\\/schema\\\/person\\\/93469e0206778753beddb73f4e07c8e0\"},\"breadcrumb\":{\"@id\":\"https:\\\/\\\/www.joseph-wresinski.org\\\/es\\\/no-teniamos-mas-que-nuestras-personas-para-ofrecer\\\/#breadcrumb\"},\"inLanguage\":\"es\",\"potentialAction\":[{\"@type\":\"ReadAction\",\"target\":[\"https:\\\/\\\/www.joseph-wresinski.org\\\/es\\\/no-teniamos-mas-que-nuestras-personas-para-ofrecer\\\/\"]}]},{\"@type\":\"ImageObject\",\"inLanguage\":\"es\",\"@id\":\"https:\\\/\\\/www.joseph-wresinski.org\\\/es\\\/no-teniamos-mas-que-nuestras-personas-para-ofrecer\\\/#primaryimage\",\"url\":\"https:\\\/\\\/www.joseph-wresinski.org\\\/es\\\/wp-content\\\/uploads\\\/sites\\\/13\\\/2021\\\/10\\\/Lets-Move-Forward3.jpg\",\"contentUrl\":\"https:\\\/\\\/www.joseph-wresinski.org\\\/es\\\/wp-content\\\/uploads\\\/sites\\\/13\\\/2021\\\/10\\\/Lets-Move-Forward3.jpg\",\"width\":708,\"height\":368},{\"@type\":\"BreadcrumbList\",\"@id\":\"https:\\\/\\\/www.joseph-wresinski.org\\\/es\\\/no-teniamos-mas-que-nuestras-personas-para-ofrecer\\\/#breadcrumb\",\"itemListElement\":[{\"@type\":\"ListItem\",\"position\":1,\"name\":\"Portada\",\"item\":\"https:\\\/\\\/www.joseph-wresinski.org\\\/es\\\/\"},{\"@type\":\"ListItem\",\"position\":2,\"name\":\"No ten\u00edamos m\u00e1s que nuestras personas para ofrecer\"}]},{\"@type\":\"WebSite\",\"@id\":\"https:\\\/\\\/www.joseph-wresinski.org\\\/es\\\/#website\",\"url\":\"https:\\\/\\\/www.joseph-wresinski.org\\\/es\\\/\",\"name\":\"Joseph Wresinski ES\",\"description\":\"Un sitio web propuesto por el Centro Joseph Wresinski\",\"potentialAction\":[{\"@type\":\"SearchAction\",\"target\":{\"@type\":\"EntryPoint\",\"urlTemplate\":\"https:\\\/\\\/www.joseph-wresinski.org\\\/es\\\/?s={search_term_string}\"},\"query-input\":{\"@type\":\"PropertyValueSpecification\",\"valueRequired\":true,\"valueName\":\"search_term_string\"}}],\"inLanguage\":\"es\"},{\"@type\":\"Person\",\"@id\":\"https:\\\/\\\/www.joseph-wresinski.org\\\/es\\\/#\\\/schema\\\/person\\\/93469e0206778753beddb73f4e07c8e0\",\"name\":\"Jean Tonglet\",\"image\":{\"@type\":\"ImageObject\",\"inLanguage\":\"es\",\"@id\":\"https:\\\/\\\/secure.gravatar.com\\\/avatar\\\/599cfd98b536979bcebf2d6839f0c694333341f1caf7ba53413b62de5453de40?s=96&d=mm&r=g\",\"url\":\"https:\\\/\\\/secure.gravatar.com\\\/avatar\\\/599cfd98b536979bcebf2d6839f0c694333341f1caf7ba53413b62de5453de40?s=96&d=mm&r=g\",\"contentUrl\":\"https:\\\/\\\/secure.gravatar.com\\\/avatar\\\/599cfd98b536979bcebf2d6839f0c694333341f1caf7ba53413b62de5453de40?s=96&d=mm&r=g\",\"caption\":\"Jean Tonglet\"},\"url\":\"https:\\\/\\\/www.joseph-wresinski.org\\\/es\\\/author\\\/jean\\\/\"}]}<\/script>\n<!-- \/ Yoast SEO plugin. -->","yoast_head_json":{"title":"No ten\u00edamos m\u00e1s que nuestras personas para ofrecer - Joseph Wresinski ES","robots":{"index":"index","follow":"follow","max-snippet":"max-snippet:-1","max-image-preview":"max-image-preview:large","max-video-preview":"max-video-preview:-1"},"canonical":"https:\/\/www.joseph-wresinski.org\/es\/no-teniamos-mas-que-nuestras-personas-para-ofrecer\/","og_locale":"es_ES","og_type":"article","og_title":"No ten\u00edamos m\u00e1s que nuestras personas para ofrecer - Joseph Wresinski ES","og_description":"He aqu\u00ed ahora c\u00f3mo el padre Joseph dice en pocas palabras las razones de ATD Cuarto Mundo. No somos creadores (...) Leer m\u00e1s &rarr;","og_url":"https:\/\/www.joseph-wresinski.org\/es\/no-teniamos-mas-que-nuestras-personas-para-ofrecer\/","og_site_name":"Joseph Wresinski ES","article_published_time":"2021-10-04T07:36:07+00:00","article_modified_time":"2021-10-05T13:25:56+00:00","og_image":[{"width":708,"height":368,"url":"https:\/\/www.joseph-wresinski.org\/es\/wp-content\/uploads\/sites\/13\/2021\/10\/Lets-Move-Forward3.jpg","type":"image\/jpeg"}],"author":"Jean Tonglet","twitter_card":"summary_large_image","twitter_misc":{"Escrito por":"Jean Tonglet","Tiempo de lectura":"8 minutos"},"schema":{"@context":"https:\/\/schema.org","@graph":[{"@type":"Article","@id":"https:\/\/www.joseph-wresinski.org\/es\/no-teniamos-mas-que-nuestras-personas-para-ofrecer\/#article","isPartOf":{"@id":"https:\/\/www.joseph-wresinski.org\/es\/no-teniamos-mas-que-nuestras-personas-para-ofrecer\/"},"author":{"name":"Jean Tonglet","@id":"https:\/\/www.joseph-wresinski.org\/es\/#\/schema\/person\/93469e0206778753beddb73f4e07c8e0"},"headline":"No ten\u00edamos m\u00e1s que nuestras personas para ofrecer","datePublished":"2021-10-04T07:36:07+00:00","dateModified":"2021-10-05T13:25:56+00:00","mainEntityOfPage":{"@id":"https:\/\/www.joseph-wresinski.org\/es\/no-teniamos-mas-que-nuestras-personas-para-ofrecer\/"},"wordCount":1825,"commentCount":0,"image":{"@id":"https:\/\/www.joseph-wresinski.org\/es\/no-teniamos-mas-que-nuestras-personas-para-ofrecer\/#primaryimage"},"thumbnailUrl":"https:\/\/www.joseph-wresinski.org\/es\/wp-content\/uploads\/sites\/13\/2021\/10\/Lets-Move-Forward3.jpg","articleSection":["Extractos de libros","Textos"],"inLanguage":"es","potentialAction":[{"@type":"CommentAction","name":"Comment","target":["https:\/\/www.joseph-wresinski.org\/es\/no-teniamos-mas-que-nuestras-personas-para-ofrecer\/#respond"]}]},{"@type":"WebPage","@id":"https:\/\/www.joseph-wresinski.org\/es\/no-teniamos-mas-que-nuestras-personas-para-ofrecer\/","url":"https:\/\/www.joseph-wresinski.org\/es\/no-teniamos-mas-que-nuestras-personas-para-ofrecer\/","name":"No ten\u00edamos m\u00e1s que nuestras personas para ofrecer - Joseph Wresinski ES","isPartOf":{"@id":"https:\/\/www.joseph-wresinski.org\/es\/#website"},"primaryImageOfPage":{"@id":"https:\/\/www.joseph-wresinski.org\/es\/no-teniamos-mas-que-nuestras-personas-para-ofrecer\/#primaryimage"},"image":{"@id":"https:\/\/www.joseph-wresinski.org\/es\/no-teniamos-mas-que-nuestras-personas-para-ofrecer\/#primaryimage"},"thumbnailUrl":"https:\/\/www.joseph-wresinski.org\/es\/wp-content\/uploads\/sites\/13\/2021\/10\/Lets-Move-Forward3.jpg","datePublished":"2021-10-04T07:36:07+00:00","dateModified":"2021-10-05T13:25:56+00:00","author":{"@id":"https:\/\/www.joseph-wresinski.org\/es\/#\/schema\/person\/93469e0206778753beddb73f4e07c8e0"},"breadcrumb":{"@id":"https:\/\/www.joseph-wresinski.org\/es\/no-teniamos-mas-que-nuestras-personas-para-ofrecer\/#breadcrumb"},"inLanguage":"es","potentialAction":[{"@type":"ReadAction","target":["https:\/\/www.joseph-wresinski.org\/es\/no-teniamos-mas-que-nuestras-personas-para-ofrecer\/"]}]},{"@type":"ImageObject","inLanguage":"es","@id":"https:\/\/www.joseph-wresinski.org\/es\/no-teniamos-mas-que-nuestras-personas-para-ofrecer\/#primaryimage","url":"https:\/\/www.joseph-wresinski.org\/es\/wp-content\/uploads\/sites\/13\/2021\/10\/Lets-Move-Forward3.jpg","contentUrl":"https:\/\/www.joseph-wresinski.org\/es\/wp-content\/uploads\/sites\/13\/2021\/10\/Lets-Move-Forward3.jpg","width":708,"height":368},{"@type":"BreadcrumbList","@id":"https:\/\/www.joseph-wresinski.org\/es\/no-teniamos-mas-que-nuestras-personas-para-ofrecer\/#breadcrumb","itemListElement":[{"@type":"ListItem","position":1,"name":"Portada","item":"https:\/\/www.joseph-wresinski.org\/es\/"},{"@type":"ListItem","position":2,"name":"No ten\u00edamos m\u00e1s que nuestras personas para ofrecer"}]},{"@type":"WebSite","@id":"https:\/\/www.joseph-wresinski.org\/es\/#website","url":"https:\/\/www.joseph-wresinski.org\/es\/","name":"Joseph Wresinski ES","description":"Un sitio web propuesto por el Centro Joseph Wresinski","potentialAction":[{"@type":"SearchAction","target":{"@type":"EntryPoint","urlTemplate":"https:\/\/www.joseph-wresinski.org\/es\/?s={search_term_string}"},"query-input":{"@type":"PropertyValueSpecification","valueRequired":true,"valueName":"search_term_string"}}],"inLanguage":"es"},{"@type":"Person","@id":"https:\/\/www.joseph-wresinski.org\/es\/#\/schema\/person\/93469e0206778753beddb73f4e07c8e0","name":"Jean Tonglet","image":{"@type":"ImageObject","inLanguage":"es","@id":"https:\/\/secure.gravatar.com\/avatar\/599cfd98b536979bcebf2d6839f0c694333341f1caf7ba53413b62de5453de40?s=96&d=mm&r=g","url":"https:\/\/secure.gravatar.com\/avatar\/599cfd98b536979bcebf2d6839f0c694333341f1caf7ba53413b62de5453de40?s=96&d=mm&r=g","contentUrl":"https:\/\/secure.gravatar.com\/avatar\/599cfd98b536979bcebf2d6839f0c694333341f1caf7ba53413b62de5453de40?s=96&d=mm&r=g","caption":"Jean Tonglet"},"url":"https:\/\/www.joseph-wresinski.org\/es\/author\/jean\/"}]}},"_links":{"self":[{"href":"https:\/\/www.joseph-wresinski.org\/es\/wp-json\/wp\/v2\/posts\/2500","targetHints":{"allow":["GET"]}}],"collection":[{"href":"https:\/\/www.joseph-wresinski.org\/es\/wp-json\/wp\/v2\/posts"}],"about":[{"href":"https:\/\/www.joseph-wresinski.org\/es\/wp-json\/wp\/v2\/types\/post"}],"author":[{"embeddable":true,"href":"https:\/\/www.joseph-wresinski.org\/es\/wp-json\/wp\/v2\/users\/4"}],"replies":[{"embeddable":true,"href":"https:\/\/www.joseph-wresinski.org\/es\/wp-json\/wp\/v2\/comments?post=2500"}],"version-history":[{"count":7,"href":"https:\/\/www.joseph-wresinski.org\/es\/wp-json\/wp\/v2\/posts\/2500\/revisions"}],"predecessor-version":[{"id":2517,"href":"https:\/\/www.joseph-wresinski.org\/es\/wp-json\/wp\/v2\/posts\/2500\/revisions\/2517"}],"wp:featuredmedia":[{"embeddable":true,"href":"https:\/\/www.joseph-wresinski.org\/es\/wp-json\/wp\/v2\/media\/2501"}],"wp:attachment":[{"href":"https:\/\/www.joseph-wresinski.org\/es\/wp-json\/wp\/v2\/media?parent=2500"}],"wp:term":[{"taxonomy":"category","embeddable":true,"href":"https:\/\/www.joseph-wresinski.org\/es\/wp-json\/wp\/v2\/categories?post=2500"},{"taxonomy":"post_tag","embeddable":true,"href":"https:\/\/www.joseph-wresinski.org\/es\/wp-json\/wp\/v2\/tags?post=2500"}],"curies":[{"name":"wp","href":"https:\/\/api.w.org\/{rel}","templated":true}]}}