{"id":3113,"date":"2026-04-28T10:17:32","date_gmt":"2026-04-28T08:17:32","guid":{"rendered":"https:\/\/www.joseph-wresinski.org\/es\/?p=3113"},"modified":"2026-04-28T11:13:16","modified_gmt":"2026-04-28T09:13:16","slug":"una-presentacion-sobre-la-infancia-y-la-juventud-del-padre-joseph-wresinski","status":"publish","type":"post","link":"https:\/\/www.joseph-wresinski.org\/es\/una-presentacion-sobre-la-infancia-y-la-juventud-del-padre-joseph-wresinski\/","title":{"rendered":"Una presentaci\u00f3n sobre la infancia y la juventud del padre Joseph Wresinski"},"content":{"rendered":"<p>Esta presentaci\u00f3n fue elaborada en el Centro de Memoria e Investigaci\u00f3n Joseph Wresinski, en 2007, por Laurence Bervas, a partir de una exposici\u00f3n concebida y realizada por Gabrielle Erpicum y Eileen Donovan en 1997.<\/p>\n<p>Los documentos y fotograf\u00edas proceden de las colecciones del Centro Joseph Wresinski y de los Archivos Departamentales de Angers.<\/p>\n<p>La presentaci\u00f3n se puede descargar como archivo adjunto a este art\u00edculo, en dos versiones: presentaci\u00f3n (.ppt) o PDF, si su conexi\u00f3n es demasiado lenta o inestable para descargar la presentaci\u00f3n.<\/p>\n<p>\u00a9 ATD Cuarto Mundo &#8211; CIJW &#8211; Junio de 2007<\/p>\n<p>&nbsp;<\/p>\n","protected":false},"excerpt":{"rendered":"<p>Esta presentaci\u00f3n fue elaborada en el Centro de Memoria e Investigaci\u00f3n Joseph Wresinski, en 2007, por Laurence Bervas, a partir (&#8230;) <a class=\"more-link\" href=\"https:\/\/www.joseph-wresinski.org\/es\/una-presentacion-sobre-la-infancia-y-la-juventud-del-padre-joseph-wresinski\/\">Leer m\u00e1s <span class=\"meta-nav\">&rarr;<\/span><\/a><\/p>\n","protected":false},"author":4,"featured_media":3115,"comment_status":"open","ping_status":"open","sticky":false,"template":"","format":"standard","meta":{"_acf_changed":false,"ep_exclude_from_search":false,"footnotes":""},"categories":[12,88],"tags":[],"class_list":["post-3113","post","type-post","status-publish","format-standard","has-post-thumbnail","hentry","category-actualidades","category-fotografias"],"acf":[],"yoast_head":"<!-- This site is optimized with the Yoast SEO plugin v27.5 - https:\/\/yoast.com\/product\/yoast-seo-wordpress\/ -->\n<title>Una presentaci\u00f3n sobre la infancia y la juventud del padre Joseph Wresinski - Joseph Wresinski ES<\/title>\n<meta name=\"robots\" content=\"index, follow, max-snippet:-1, max-image-preview:large, max-video-preview:-1\" \/>\n<link rel=\"canonical\" href=\"https:\/\/www.joseph-wresinski.org\/es\/una-presentacion-sobre-la-infancia-y-la-juventud-del-padre-joseph-wresinski\/\" \/>\n<meta property=\"og:locale\" content=\"es_ES\" \/>\n<meta property=\"og:type\" content=\"article\" \/>\n<meta property=\"og:title\" content=\"Una presentaci\u00f3n sobre la infancia y la juventud del padre Joseph Wresinski - Joseph Wresinski ES\" \/>\n<meta property=\"og:description\" content=\"Esta presentaci\u00f3n fue elaborada en el Centro de Memoria e Investigaci\u00f3n Joseph Wresinski, en 2007, por Laurence Bervas, a partir (...) Leer m\u00e1s &rarr;\" \/>\n<meta property=\"og:url\" content=\"https:\/\/www.joseph-wresinski.org\/es\/una-presentacion-sobre-la-infancia-y-la-juventud-del-padre-joseph-wresinski\/\" \/>\n<meta property=\"og:site_name\" content=\"Joseph Wresinski ES\" \/>\n<meta property=\"article:published_time\" content=\"2026-04-28T08:17:32+00:00\" \/>\n<meta property=\"article:modified_time\" content=\"2026-04-28T09:13:16+00:00\" \/>\n<meta property=\"og:image\" content=\"https:\/\/www.joseph-wresinski.org\/es\/wp-content\/uploads\/sites\/13\/2026\/04\/Image1.jpg\" \/>\n\t<meta property=\"og:image:width\" content=\"802\" \/>\n\t<meta property=\"og:image:height\" content=\"613\" \/>\n\t<meta property=\"og:image:type\" content=\"image\/jpeg\" \/>\n<meta name=\"author\" content=\"Jean Tonglet\" \/>\n<meta name=\"twitter:card\" content=\"summary_large_image\" \/>\n<meta name=\"twitter:label1\" content=\"Escrito por\" \/>\n\t<meta name=\"twitter:data1\" content=\"Jean Tonglet\" \/>\n\t<meta name=\"twitter:label2\" content=\"Tiempo de lectura\" \/>\n\t<meta name=\"twitter:data2\" content=\"1 minuto\" \/>\n<script type=\"application\/ld+json\" class=\"yoast-schema-graph\">{\"@context\":\"https:\\\/\\\/schema.org\",\"@graph\":[{\"@type\":\"Article\",\"@id\":\"https:\\\/\\\/www.joseph-wresinski.org\\\/es\\\/una-presentacion-sobre-la-infancia-y-la-juventud-del-padre-joseph-wresinski\\\/#article\",\"isPartOf\":{\"@id\":\"https:\\\/\\\/www.joseph-wresinski.org\\\/es\\\/una-presentacion-sobre-la-infancia-y-la-juventud-del-padre-joseph-wresinski\\\/\"},\"author\":{\"name\":\"Jean Tonglet\",\"@id\":\"https:\\\/\\\/www.joseph-wresinski.org\\\/es\\\/#\\\/schema\\\/person\\\/93469e0206778753beddb73f4e07c8e0\"},\"headline\":\"Una presentaci\u00f3n sobre la infancia y la juventud del padre Joseph Wresinski\",\"datePublished\":\"2026-04-28T08:17:32+00:00\",\"dateModified\":\"2026-04-28T09:13:16+00:00\",\"mainEntityOfPage\":{\"@id\":\"https:\\\/\\\/www.joseph-wresinski.org\\\/es\\\/una-presentacion-sobre-la-infancia-y-la-juventud-del-padre-joseph-wresinski\\\/\"},\"wordCount\":112,\"commentCount\":0,\"image\":{\"@id\":\"https:\\\/\\\/www.joseph-wresinski.org\\\/es\\\/una-presentacion-sobre-la-infancia-y-la-juventud-del-padre-joseph-wresinski\\\/#primaryimage\"},\"thumbnailUrl\":\"https:\\\/\\\/www.joseph-wresinski.org\\\/es\\\/wp-content\\\/uploads\\\/sites\\\/13\\\/2026\\\/04\\\/Image1.jpg\",\"articleSection\":[\"Actualidades\",\"Fotograf\u00edas\"],\"inLanguage\":\"es\",\"potentialAction\":[{\"@type\":\"CommentAction\",\"name\":\"Comment\",\"target\":[\"https:\\\/\\\/www.joseph-wresinski.org\\\/es\\\/una-presentacion-sobre-la-infancia-y-la-juventud-del-padre-joseph-wresinski\\\/#respond\"]}]},{\"@type\":\"WebPage\",\"@id\":\"https:\\\/\\\/www.joseph-wresinski.org\\\/es\\\/una-presentacion-sobre-la-infancia-y-la-juventud-del-padre-joseph-wresinski\\\/\",\"url\":\"https:\\\/\\\/www.joseph-wresinski.org\\\/es\\\/una-presentacion-sobre-la-infancia-y-la-juventud-del-padre-joseph-wresinski\\\/\",\"name\":\"Una presentaci\u00f3n sobre la infancia y la juventud del padre Joseph Wresinski - Joseph Wresinski ES\",\"isPartOf\":{\"@id\":\"https:\\\/\\\/www.joseph-wresinski.org\\\/es\\\/#website\"},\"primaryImageOfPage\":{\"@id\":\"https:\\\/\\\/www.joseph-wresinski.org\\\/es\\\/una-presentacion-sobre-la-infancia-y-la-juventud-del-padre-joseph-wresinski\\\/#primaryimage\"},\"image\":{\"@id\":\"https:\\\/\\\/www.joseph-wresinski.org\\\/es\\\/una-presentacion-sobre-la-infancia-y-la-juventud-del-padre-joseph-wresinski\\\/#primaryimage\"},\"thumbnailUrl\":\"https:\\\/\\\/www.joseph-wresinski.org\\\/es\\\/wp-content\\\/uploads\\\/sites\\\/13\\\/2026\\\/04\\\/Image1.jpg\",\"datePublished\":\"2026-04-28T08:17:32+00:00\",\"dateModified\":\"2026-04-28T09:13:16+00:00\",\"author\":{\"@id\":\"https:\\\/\\\/www.joseph-wresinski.org\\\/es\\\/#\\\/schema\\\/person\\\/93469e0206778753beddb73f4e07c8e0\"},\"breadcrumb\":{\"@id\":\"https:\\\/\\\/www.joseph-wresinski.org\\\/es\\\/una-presentacion-sobre-la-infancia-y-la-juventud-del-padre-joseph-wresinski\\\/#breadcrumb\"},\"inLanguage\":\"es\",\"potentialAction\":[{\"@type\":\"ReadAction\",\"target\":[\"https:\\\/\\\/www.joseph-wresinski.org\\\/es\\\/una-presentacion-sobre-la-infancia-y-la-juventud-del-padre-joseph-wresinski\\\/\"]}]},{\"@type\":\"ImageObject\",\"inLanguage\":\"es\",\"@id\":\"https:\\\/\\\/www.joseph-wresinski.org\\\/es\\\/una-presentacion-sobre-la-infancia-y-la-juventud-del-padre-joseph-wresinski\\\/#primaryimage\",\"url\":\"https:\\\/\\\/www.joseph-wresinski.org\\\/es\\\/wp-content\\\/uploads\\\/sites\\\/13\\\/2026\\\/04\\\/Image1.jpg\",\"contentUrl\":\"https:\\\/\\\/www.joseph-wresinski.org\\\/es\\\/wp-content\\\/uploads\\\/sites\\\/13\\\/2026\\\/04\\\/Image1.jpg\",\"width\":802,\"height\":613},{\"@type\":\"BreadcrumbList\",\"@id\":\"https:\\\/\\\/www.joseph-wresinski.org\\\/es\\\/una-presentacion-sobre-la-infancia-y-la-juventud-del-padre-joseph-wresinski\\\/#breadcrumb\",\"itemListElement\":[{\"@type\":\"ListItem\",\"position\":1,\"name\":\"Portada\",\"item\":\"https:\\\/\\\/www.joseph-wresinski.org\\\/es\\\/\"},{\"@type\":\"ListItem\",\"position\":2,\"name\":\"Una presentaci\u00f3n sobre la infancia y la juventud del padre Joseph Wresinski\"}]},{\"@type\":\"WebSite\",\"@id\":\"https:\\\/\\\/www.joseph-wresinski.org\\\/es\\\/#website\",\"url\":\"https:\\\/\\\/www.joseph-wresinski.org\\\/es\\\/\",\"name\":\"Joseph Wresinski ES\",\"description\":\"Un sitio web propuesto por el Centro Joseph Wresinski\",\"potentialAction\":[{\"@type\":\"SearchAction\",\"target\":{\"@type\":\"EntryPoint\",\"urlTemplate\":\"https:\\\/\\\/www.joseph-wresinski.org\\\/es\\\/?s={search_term_string}\"},\"query-input\":{\"@type\":\"PropertyValueSpecification\",\"valueRequired\":true,\"valueName\":\"search_term_string\"}}],\"inLanguage\":\"es\"},{\"@type\":\"Person\",\"@id\":\"https:\\\/\\\/www.joseph-wresinski.org\\\/es\\\/#\\\/schema\\\/person\\\/93469e0206778753beddb73f4e07c8e0\",\"name\":\"Jean Tonglet\",\"image\":{\"@type\":\"ImageObject\",\"inLanguage\":\"es\",\"@id\":\"https:\\\/\\\/secure.gravatar.com\\\/avatar\\\/599cfd98b536979bcebf2d6839f0c694333341f1caf7ba53413b62de5453de40?s=96&d=mm&r=g\",\"url\":\"https:\\\/\\\/secure.gravatar.com\\\/avatar\\\/599cfd98b536979bcebf2d6839f0c694333341f1caf7ba53413b62de5453de40?s=96&d=mm&r=g\",\"contentUrl\":\"https:\\\/\\\/secure.gravatar.com\\\/avatar\\\/599cfd98b536979bcebf2d6839f0c694333341f1caf7ba53413b62de5453de40?s=96&d=mm&r=g\",\"caption\":\"Jean Tonglet\"},\"url\":\"https:\\\/\\\/www.joseph-wresinski.org\\\/es\\\/author\\\/jean\\\/\"}]}<\/script>\n<!-- \/ Yoast SEO plugin. -->","yoast_head_json":{"title":"Una presentaci\u00f3n sobre la infancia y la juventud del padre Joseph Wresinski - Joseph Wresinski ES","robots":{"index":"index","follow":"follow","max-snippet":"max-snippet:-1","max-image-preview":"max-image-preview:large","max-video-preview":"max-video-preview:-1"},"canonical":"https:\/\/www.joseph-wresinski.org\/es\/una-presentacion-sobre-la-infancia-y-la-juventud-del-padre-joseph-wresinski\/","og_locale":"es_ES","og_type":"article","og_title":"Una presentaci\u00f3n sobre la infancia y la juventud del padre Joseph Wresinski - Joseph Wresinski ES","og_description":"Esta presentaci\u00f3n fue elaborada en el Centro de Memoria e Investigaci\u00f3n Joseph Wresinski, en 2007, por Laurence Bervas, a partir (...) Leer m\u00e1s &rarr;","og_url":"https:\/\/www.joseph-wresinski.org\/es\/una-presentacion-sobre-la-infancia-y-la-juventud-del-padre-joseph-wresinski\/","og_site_name":"Joseph Wresinski ES","article_published_time":"2026-04-28T08:17:32+00:00","article_modified_time":"2026-04-28T09:13:16+00:00","og_image":[{"width":802,"height":613,"url":"https:\/\/www.joseph-wresinski.org\/es\/wp-content\/uploads\/sites\/13\/2026\/04\/Image1.jpg","type":"image\/jpeg"}],"author":"Jean Tonglet","twitter_card":"summary_large_image","twitter_misc":{"Escrito por":"Jean Tonglet","Tiempo de lectura":"1 minuto"},"schema":{"@context":"https:\/\/schema.org","@graph":[{"@type":"Article","@id":"https:\/\/www.joseph-wresinski.org\/es\/una-presentacion-sobre-la-infancia-y-la-juventud-del-padre-joseph-wresinski\/#article","isPartOf":{"@id":"https:\/\/www.joseph-wresinski.org\/es\/una-presentacion-sobre-la-infancia-y-la-juventud-del-padre-joseph-wresinski\/"},"author":{"name":"Jean Tonglet","@id":"https:\/\/www.joseph-wresinski.org\/es\/#\/schema\/person\/93469e0206778753beddb73f4e07c8e0"},"headline":"Una presentaci\u00f3n sobre la infancia y la juventud del padre Joseph Wresinski","datePublished":"2026-04-28T08:17:32+00:00","dateModified":"2026-04-28T09:13:16+00:00","mainEntityOfPage":{"@id":"https:\/\/www.joseph-wresinski.org\/es\/una-presentacion-sobre-la-infancia-y-la-juventud-del-padre-joseph-wresinski\/"},"wordCount":112,"commentCount":0,"image":{"@id":"https:\/\/www.joseph-wresinski.org\/es\/una-presentacion-sobre-la-infancia-y-la-juventud-del-padre-joseph-wresinski\/#primaryimage"},"thumbnailUrl":"https:\/\/www.joseph-wresinski.org\/es\/wp-content\/uploads\/sites\/13\/2026\/04\/Image1.jpg","articleSection":["Actualidades","Fotograf\u00edas"],"inLanguage":"es","potentialAction":[{"@type":"CommentAction","name":"Comment","target":["https:\/\/www.joseph-wresinski.org\/es\/una-presentacion-sobre-la-infancia-y-la-juventud-del-padre-joseph-wresinski\/#respond"]}]},{"@type":"WebPage","@id":"https:\/\/www.joseph-wresinski.org\/es\/una-presentacion-sobre-la-infancia-y-la-juventud-del-padre-joseph-wresinski\/","url":"https:\/\/www.joseph-wresinski.org\/es\/una-presentacion-sobre-la-infancia-y-la-juventud-del-padre-joseph-wresinski\/","name":"Una presentaci\u00f3n sobre la infancia y la juventud del padre Joseph Wresinski - Joseph Wresinski ES","isPartOf":{"@id":"https:\/\/www.joseph-wresinski.org\/es\/#website"},"primaryImageOfPage":{"@id":"https:\/\/www.joseph-wresinski.org\/es\/una-presentacion-sobre-la-infancia-y-la-juventud-del-padre-joseph-wresinski\/#primaryimage"},"image":{"@id":"https:\/\/www.joseph-wresinski.org\/es\/una-presentacion-sobre-la-infancia-y-la-juventud-del-padre-joseph-wresinski\/#primaryimage"},"thumbnailUrl":"https:\/\/www.joseph-wresinski.org\/es\/wp-content\/uploads\/sites\/13\/2026\/04\/Image1.jpg","datePublished":"2026-04-28T08:17:32+00:00","dateModified":"2026-04-28T09:13:16+00:00","author":{"@id":"https:\/\/www.joseph-wresinski.org\/es\/#\/schema\/person\/93469e0206778753beddb73f4e07c8e0"},"breadcrumb":{"@id":"https:\/\/www.joseph-wresinski.org\/es\/una-presentacion-sobre-la-infancia-y-la-juventud-del-padre-joseph-wresinski\/#breadcrumb"},"inLanguage":"es","potentialAction":[{"@type":"ReadAction","target":["https:\/\/www.joseph-wresinski.org\/es\/una-presentacion-sobre-la-infancia-y-la-juventud-del-padre-joseph-wresinski\/"]}]},{"@type":"ImageObject","inLanguage":"es","@id":"https:\/\/www.joseph-wresinski.org\/es\/una-presentacion-sobre-la-infancia-y-la-juventud-del-padre-joseph-wresinski\/#primaryimage","url":"https:\/\/www.joseph-wresinski.org\/es\/wp-content\/uploads\/sites\/13\/2026\/04\/Image1.jpg","contentUrl":"https:\/\/www.joseph-wresinski.org\/es\/wp-content\/uploads\/sites\/13\/2026\/04\/Image1.jpg","width":802,"height":613},{"@type":"BreadcrumbList","@id":"https:\/\/www.joseph-wresinski.org\/es\/una-presentacion-sobre-la-infancia-y-la-juventud-del-padre-joseph-wresinski\/#breadcrumb","itemListElement":[{"@type":"ListItem","position":1,"name":"Portada","item":"https:\/\/www.joseph-wresinski.org\/es\/"},{"@type":"ListItem","position":2,"name":"Una presentaci\u00f3n sobre la infancia y la juventud del padre Joseph Wresinski"}]},{"@type":"WebSite","@id":"https:\/\/www.joseph-wresinski.org\/es\/#website","url":"https:\/\/www.joseph-wresinski.org\/es\/","name":"Joseph Wresinski ES","description":"Un sitio web propuesto por el Centro Joseph Wresinski","potentialAction":[{"@type":"SearchAction","target":{"@type":"EntryPoint","urlTemplate":"https:\/\/www.joseph-wresinski.org\/es\/?s={search_term_string}"},"query-input":{"@type":"PropertyValueSpecification","valueRequired":true,"valueName":"search_term_string"}}],"inLanguage":"es"},{"@type":"Person","@id":"https:\/\/www.joseph-wresinski.org\/es\/#\/schema\/person\/93469e0206778753beddb73f4e07c8e0","name":"Jean Tonglet","image":{"@type":"ImageObject","inLanguage":"es","@id":"https:\/\/secure.gravatar.com\/avatar\/599cfd98b536979bcebf2d6839f0c694333341f1caf7ba53413b62de5453de40?s=96&d=mm&r=g","url":"https:\/\/secure.gravatar.com\/avatar\/599cfd98b536979bcebf2d6839f0c694333341f1caf7ba53413b62de5453de40?s=96&d=mm&r=g","contentUrl":"https:\/\/secure.gravatar.com\/avatar\/599cfd98b536979bcebf2d6839f0c694333341f1caf7ba53413b62de5453de40?s=96&d=mm&r=g","caption":"Jean Tonglet"},"url":"https:\/\/www.joseph-wresinski.org\/es\/author\/jean\/"}]}},"_links":{"self":[{"href":"https:\/\/www.joseph-wresinski.org\/es\/wp-json\/wp\/v2\/posts\/3113","targetHints":{"allow":["GET"]}}],"collection":[{"href":"https:\/\/www.joseph-wresinski.org\/es\/wp-json\/wp\/v2\/posts"}],"about":[{"href":"https:\/\/www.joseph-wresinski.org\/es\/wp-json\/wp\/v2\/types\/post"}],"author":[{"embeddable":true,"href":"https:\/\/www.joseph-wresinski.org\/es\/wp-json\/wp\/v2\/users\/4"}],"replies":[{"embeddable":true,"href":"https:\/\/www.joseph-wresinski.org\/es\/wp-json\/wp\/v2\/comments?post=3113"}],"version-history":[{"count":3,"href":"https:\/\/www.joseph-wresinski.org\/es\/wp-json\/wp\/v2\/posts\/3113\/revisions"}],"predecessor-version":[{"id":3120,"href":"https:\/\/www.joseph-wresinski.org\/es\/wp-json\/wp\/v2\/posts\/3113\/revisions\/3120"}],"wp:featuredmedia":[{"embeddable":true,"href":"https:\/\/www.joseph-wresinski.org\/es\/wp-json\/wp\/v2\/media\/3115"}],"wp:attachment":[{"href":"https:\/\/www.joseph-wresinski.org\/es\/wp-json\/wp\/v2\/media?parent=3113"}],"wp:term":[{"taxonomy":"category","embeddable":true,"href":"https:\/\/www.joseph-wresinski.org\/es\/wp-json\/wp\/v2\/categories?post=3113"},{"taxonomy":"post_tag","embeddable":true,"href":"https:\/\/www.joseph-wresinski.org\/es\/wp-json\/wp\/v2\/tags?post=3113"}],"curies":[{"name":"wp","href":"https:\/\/api.w.org\/{rel}","templated":true}]}}