{"id":152,"date":"2012-12-07T16:42:13","date_gmt":"2012-12-07T15:42:13","guid":{"rendered":"http:\/\/www.joseph-wresinski.org\/fr\/2012\/12\/07\/nous-n-avions-rien-que-nos\/"},"modified":"2021-10-09T13:44:16","modified_gmt":"2021-10-09T11:44:16","slug":"nous-n-avions-rien-que-nos","status":"publish","type":"post","link":"https:\/\/www.joseph-wresinski.org\/fr\/nous-n-avions-rien-que-nos\/","title":{"rendered":"Nous n\u2019avions rien que nos personnes \u00e0 offrir"},"content":{"rendered":"<p><em>Dans le liminaire de son livre \u00ab\u00a0Les pauvres sont l\u2019Eglise\u00a0\u00bb, apr\u00e8s avoir \u00e9voqu\u00e9 son enfance dans le texte <a href=\"http:\/\/www.joseph-wresinski.org\/Petit-garcon-dans-le-cercle.html\">\u00ab\u00a0Petit enfant dans le cercle infernal des violences\u00a0\u00bb<\/a>, le p\u00e8re Joseph raconte les d\u00e9buts du Mouvement ATD Quart Monde et en explique les motivations principales en les resituant dans le contexte de l&rsquo;histoire contemporaine.<\/em><\/p>\n<p>Nous ne sommes pas des cr\u00e9ateurs, seulement des h\u00e9ritiers. D\u2019autres ont \u00e9bauch\u00e9, dans l\u2019Eglise contemporaine, en France et dans le monde, des mouvements de rencontres des pauvres, du peuple des exclus. Des hommes comme l\u2019Abb\u00e9 Henri Godin <span id='easy-footnote-1-152' class='easy-footnote-margin-adjust'><\/span><span class='easy-footnote'><a href='https:\/\/www.joseph-wresinski.org\/fr\/nous-n-avions-rien-que-nos\/#easy-footnote-bottom-1-152' title='&lt;em&gt;GODIN&lt;\/em&gt; Henri\u00a0(Abb\u00e9) : Co&lt;strong&gt;&amp;#8211;&lt;\/strong&gt;auteur avec Yvan Daniel en 1942 de \u00ab France, pays de mission \u00bb. L\u2019ouvrage suscita la cr\u00e9ation, en 1943, de la Mission de Paris avec l\u2019envoi de pr\u00eatres en monde ouvrier par le Cardinal Suhard. Celle-ci essaima en province de 1944 \u00e0 1946 sous le nom de \u00ab Mission de France \u00bb. Le mouvement dit \u00ab des pr\u00eatres ouvriers \u00bb sera suspendu en 1954 car jug\u00e9 trop proche des activit\u00e9s syndicales et de la philosophie marxiste avant d\u2019\u00eatre de nouveau autoris\u00e9 \u00e0 partir de 1965 \u00e0 l\u2019issue du concile Vatican II'><sup>1<\/sup><\/a><\/span>, le P\u00e8re Depierre<span id='easy-footnote-2-152' class='easy-footnote-margin-adjust'><\/span><span class='easy-footnote'><a href='https:\/\/www.joseph-wresinski.org\/fr\/nous-n-avions-rien-que-nos\/#easy-footnote-bottom-2-152' title='&lt;i&gt;&lt;span lang=&quot;FR&quot;&gt;DEPIERRE &lt;\/span&gt;&lt;\/i&gt;&lt;span lang=&quot;FR&quot;&gt;Andr\u00e9 (P\u00e8re) : n\u00e9 en 1920, il fut l\u2019un des fondateurs de la Mission de Paris, s\u2019implantant \u00e0 Montreuil \u00e0 la fin de la seconde guerre mondiale. Apr\u00e8s le concile Vatican II, il fut d\u00e9sign\u00e9 par le Comit\u00e9 \u00e9piscopal de la Mission Ouvri\u00e8re pour animer la mise en place des nouvelles \u00e9quipes de pr\u00eatres au travail sur le plan national'><sup>2<\/sup><\/a><\/span><\/span>, l\u2019Abb\u00e9 Pierre<span id='easy-footnote-3-152' class='easy-footnote-margin-adjust'><\/span><span class='easy-footnote'><a href='https:\/\/www.joseph-wresinski.org\/fr\/nous-n-avions-rien-que-nos\/#easy-footnote-bottom-3-152' title=' &lt;em&gt;PIERRE&lt;\/em&gt; Abb\u00e9 (Henri Grou\u00e8s)\u00a0:\u00a0 1912-2007. Fondateur des Compagnons d\u2019Emma\u00fcs. A la suite de son appel de d\u00e9tresse de l\u2019hiver 1954, des familles accourent par centaines, soulev\u00e9es par l\u2019espoir de trouver un logement et sont accueillies \u00e0 Paris, Porte de Vanves et Porte d\u2019Orl\u00e9ans, sous la tente. Puis, c\u2019est l\u2019achat d\u2019un terrain, dit du &lt;em&gt;\u00ab\u00a0Ch\u00e2teau de France\u00a0\u00bb&lt;\/em&gt;, une ancienne carri\u00e8re, sur le territoire d\u2019une petite commune de l\u2019Est parisien, Noisy-le-Grand, qui \u00e0 l\u2019\u00e9poque comptait 10 000 habitants. En quelques mois, plus de 2 000 personnes s\u2019y ajoutent, augmentant brutalement la population communale de 20%. A l\u2019entr\u00e9e du camp, il fait apposer un panneau qui proclame\u00a0: &lt;em&gt;\u00ab\u00a0Cette cit\u00e9 est \u00e0 l\u2019honneur de ceux qui, par leur travail et leurs dons, ont permis de l\u2019\u00e9tablir et \u00e0 la honte d\u2019une soci\u00e9t\u00e9 incapable de loger dignement ses travailleurs\u00a0\u00bb.&lt;\/em&gt; Ce sont d\u2019abord des tentes, \u00e0 nouveau, qui accueillent les habitants. Puis, en novembre 1954, avec l\u2019aide financi\u00e8re de Charlie Chaplin et des Chocolateries de France, sont construits des abris en fibrociment, appel\u00e9s &lt;em&gt;\u00ab\u00a0igloos\u00a0\u00bb&lt;\/em&gt; en raison de leur forme de demi-cylindre. Ce camp dit &lt;em&gt;\u00ab\u00a0des sans logis\u00a0\u00bb&lt;\/em&gt; sera ferm\u00e9 en 1971'><sup>3<\/sup><\/a><\/span>ont ouvert des portes, p\u00e9n\u00e9tr\u00e9 dans le monde de la mis\u00e8re. Nous sommes plac\u00e9s au sein d\u2019un courant spirituel, d\u2019intelligence du coeur plus que d\u2019id\u00e9es, qui a rencontr\u00e9 les pauvres, les gens de la mis\u00e8re. Mouvement de lutte pour la paix, lutte pour le pain, combat pour la justice, ces combats et actions se rejoignent en quelque point dans le souci de l\u2019homme le plus m\u00e9pris\u00e9. Nous ne sommes pas des cr\u00e9ateurs, bien que la mis\u00e8re nous y entra\u00eene, peut-\u00eatre sommes-nous des innovateurs.<br \/>\nO\u00f9 se trouve notre originalit\u00e9 ? Quand le Mouvement Aide \u00e0 Toute D\u00e9tresse Quart Monde a commenc\u00e9, la soci\u00e9t\u00e9 \u00e9tait s\u00fbre d\u2019elle; tout le monde pensait que le progr\u00e8s li\u00e9 \u00e0 l&rsquo;assistance allait supprimer la mis\u00e8re de fa\u00e7on automatique et in\u00e9luctable, on \u00e9tait s\u00fbr de la victoire. Dans ce contexte, comment, \u00e0 tous les niveaux, pouvait-on croire \u00e0 ce que nous disions de la mis\u00e8re ? Voil\u00e0 la difficult\u00e9 majeure \u00e0 laquelle nous nous heurtions.<\/p>\n<p><em>T\u00e9l\u00e9charger l&rsquo;ensemble du document ci-dessous<\/em><\/p>\n","protected":false},"excerpt":{"rendered":"<p>Dans le liminaire de son livre \u00ab\u00a0Les pauvres sont l\u2019Eglise\u00a0\u00bb, apr\u00e8s avoir \u00e9voqu\u00e9 son enfance dans le texte \u00ab\u00a0Petit enfant (&#8230;) <a class=\"more-link\" href=\"https:\/\/www.joseph-wresinski.org\/fr\/nous-n-avions-rien-que-nos\/\">Lire la suite <span class=\"meta-nav\">&rarr;<\/span><\/a><\/p>\n","protected":false},"author":1,"featured_media":2862,"comment_status":"open","ping_status":"open","sticky":false,"template":"","format":"standard","meta":{"_acf_changed":false,"ep_exclude_from_search":false,"footnotes":""},"categories":[49,62],"tags":[],"class_list":["post-152","post","type-post","status-publish","format-standard","has-post-thumbnail","hentry","category-ecrits","category-extraits-de-livres"],"acf":[],"yoast_head":"<!-- This site is optimized with the Yoast SEO plugin v27.5 - https:\/\/yoast.com\/product\/yoast-seo-wordpress\/ -->\n<title>Nous n\u2019avions rien que nos personnes \u00e0 offrir - Joseph Wresinski FR<\/title>\n<meta name=\"robots\" content=\"index, follow, max-snippet:-1, max-image-preview:large, max-video-preview:-1\" \/>\n<link rel=\"canonical\" href=\"https:\/\/www.joseph-wresinski.org\/fr\/nous-n-avions-rien-que-nos\/\" \/>\n<meta property=\"og:locale\" content=\"fr_FR\" \/>\n<meta property=\"og:type\" content=\"article\" \/>\n<meta property=\"og:title\" content=\"Nous n\u2019avions rien que nos personnes \u00e0 offrir - Joseph Wresinski FR\" \/>\n<meta property=\"og:description\" content=\"Dans le liminaire de son livre \u00ab\u00a0Les pauvres sont l\u2019Eglise\u00a0\u00bb, apr\u00e8s avoir \u00e9voqu\u00e9 son enfance dans le texte \u00ab\u00a0Petit enfant (...) Lire la suite &rarr;\" \/>\n<meta property=\"og:url\" content=\"https:\/\/www.joseph-wresinski.org\/fr\/nous-n-avions-rien-que-nos\/\" \/>\n<meta property=\"og:site_name\" content=\"Joseph Wresinski FR\" \/>\n<meta property=\"article:published_time\" content=\"2012-12-07T15:42:13+00:00\" \/>\n<meta property=\"article:modified_time\" content=\"2021-10-09T11:44:16+00:00\" \/>\n<meta property=\"og:image\" content=\"https:\/\/www.joseph-wresinski.org\/fr\/wp-content\/uploads\/sites\/2\/2013\/02\/Lets-Move-Forward3.jpg\" \/>\n\t<meta property=\"og:image:width\" content=\"708\" \/>\n\t<meta property=\"og:image:height\" content=\"368\" \/>\n\t<meta property=\"og:image:type\" content=\"image\/jpeg\" \/>\n<meta name=\"author\" content=\"webmestre\" \/>\n<meta name=\"twitter:card\" content=\"summary_large_image\" \/>\n<meta name=\"twitter:label1\" content=\"\u00c9crit par\" \/>\n\t<meta name=\"twitter:data1\" content=\"webmestre\" \/>\n\t<meta name=\"twitter:label2\" content=\"Dur\u00e9e de lecture estim\u00e9e\" \/>\n\t<meta name=\"twitter:data2\" content=\"3 minutes\" \/>\n<script type=\"application\/ld+json\" class=\"yoast-schema-graph\">{\"@context\":\"https:\\\/\\\/schema.org\",\"@graph\":[{\"@type\":\"Article\",\"@id\":\"https:\\\/\\\/www.joseph-wresinski.org\\\/fr\\\/nous-n-avions-rien-que-nos\\\/#article\",\"isPartOf\":{\"@id\":\"https:\\\/\\\/www.joseph-wresinski.org\\\/fr\\\/nous-n-avions-rien-que-nos\\\/\"},\"author\":{\"name\":\"webmestre\",\"@id\":\"https:\\\/\\\/www.joseph-wresinski.org\\\/fr\\\/#\\\/schema\\\/person\\\/c666928d4be7b5b71419e1a78b02d04a\"},\"headline\":\"Nous n\u2019avions rien que nos personnes \u00e0 offrir\",\"datePublished\":\"2012-12-07T15:42:13+00:00\",\"dateModified\":\"2021-10-09T11:44:16+00:00\",\"mainEntityOfPage\":{\"@id\":\"https:\\\/\\\/www.joseph-wresinski.org\\\/fr\\\/nous-n-avions-rien-que-nos\\\/\"},\"wordCount\":656,\"commentCount\":0,\"image\":{\"@id\":\"https:\\\/\\\/www.joseph-wresinski.org\\\/fr\\\/nous-n-avions-rien-que-nos\\\/#primaryimage\"},\"thumbnailUrl\":\"https:\\\/\\\/www.joseph-wresinski.org\\\/fr\\\/wp-content\\\/uploads\\\/sites\\\/2\\\/2013\\\/02\\\/Lets-Move-Forward3.jpg\",\"articleSection\":[\"Ecrits\",\"Extraits de livres\"],\"inLanguage\":\"fr-FR\",\"potentialAction\":[{\"@type\":\"CommentAction\",\"name\":\"Comment\",\"target\":[\"https:\\\/\\\/www.joseph-wresinski.org\\\/fr\\\/nous-n-avions-rien-que-nos\\\/#respond\"]}]},{\"@type\":\"WebPage\",\"@id\":\"https:\\\/\\\/www.joseph-wresinski.org\\\/fr\\\/nous-n-avions-rien-que-nos\\\/\",\"url\":\"https:\\\/\\\/www.joseph-wresinski.org\\\/fr\\\/nous-n-avions-rien-que-nos\\\/\",\"name\":\"Nous n\u2019avions rien que nos personnes \u00e0 offrir - Joseph Wresinski FR\",\"isPartOf\":{\"@id\":\"https:\\\/\\\/www.joseph-wresinski.org\\\/fr\\\/#website\"},\"primaryImageOfPage\":{\"@id\":\"https:\\\/\\\/www.joseph-wresinski.org\\\/fr\\\/nous-n-avions-rien-que-nos\\\/#primaryimage\"},\"image\":{\"@id\":\"https:\\\/\\\/www.joseph-wresinski.org\\\/fr\\\/nous-n-avions-rien-que-nos\\\/#primaryimage\"},\"thumbnailUrl\":\"https:\\\/\\\/www.joseph-wresinski.org\\\/fr\\\/wp-content\\\/uploads\\\/sites\\\/2\\\/2013\\\/02\\\/Lets-Move-Forward3.jpg\",\"datePublished\":\"2012-12-07T15:42:13+00:00\",\"dateModified\":\"2021-10-09T11:44:16+00:00\",\"author\":{\"@id\":\"https:\\\/\\\/www.joseph-wresinski.org\\\/fr\\\/#\\\/schema\\\/person\\\/c666928d4be7b5b71419e1a78b02d04a\"},\"breadcrumb\":{\"@id\":\"https:\\\/\\\/www.joseph-wresinski.org\\\/fr\\\/nous-n-avions-rien-que-nos\\\/#breadcrumb\"},\"inLanguage\":\"fr-FR\",\"potentialAction\":[{\"@type\":\"ReadAction\",\"target\":[\"https:\\\/\\\/www.joseph-wresinski.org\\\/fr\\\/nous-n-avions-rien-que-nos\\\/\"]}]},{\"@type\":\"ImageObject\",\"inLanguage\":\"fr-FR\",\"@id\":\"https:\\\/\\\/www.joseph-wresinski.org\\\/fr\\\/nous-n-avions-rien-que-nos\\\/#primaryimage\",\"url\":\"https:\\\/\\\/www.joseph-wresinski.org\\\/fr\\\/wp-content\\\/uploads\\\/sites\\\/2\\\/2013\\\/02\\\/Lets-Move-Forward3.jpg\",\"contentUrl\":\"https:\\\/\\\/www.joseph-wresinski.org\\\/fr\\\/wp-content\\\/uploads\\\/sites\\\/2\\\/2013\\\/02\\\/Lets-Move-Forward3.jpg\",\"width\":708,\"height\":368},{\"@type\":\"BreadcrumbList\",\"@id\":\"https:\\\/\\\/www.joseph-wresinski.org\\\/fr\\\/nous-n-avions-rien-que-nos\\\/#breadcrumb\",\"itemListElement\":[{\"@type\":\"ListItem\",\"position\":1,\"name\":\"Accueil\",\"item\":\"https:\\\/\\\/www.joseph-wresinski.org\\\/fr\\\/\"},{\"@type\":\"ListItem\",\"position\":2,\"name\":\"Nous n\u2019avions rien que nos personnes \u00e0 offrir\"}]},{\"@type\":\"WebSite\",\"@id\":\"https:\\\/\\\/www.joseph-wresinski.org\\\/fr\\\/#website\",\"url\":\"https:\\\/\\\/www.joseph-wresinski.org\\\/fr\\\/\",\"name\":\"Joseph Wresinski FR\",\"description\":\"Un site propos\u00e9 par le centre Joseph Wresinski\",\"potentialAction\":[{\"@type\":\"SearchAction\",\"target\":{\"@type\":\"EntryPoint\",\"urlTemplate\":\"https:\\\/\\\/www.joseph-wresinski.org\\\/fr\\\/?s={search_term_string}\"},\"query-input\":{\"@type\":\"PropertyValueSpecification\",\"valueRequired\":true,\"valueName\":\"search_term_string\"}}],\"inLanguage\":\"fr-FR\"},{\"@type\":\"Person\",\"@id\":\"https:\\\/\\\/www.joseph-wresinski.org\\\/fr\\\/#\\\/schema\\\/person\\\/c666928d4be7b5b71419e1a78b02d04a\",\"name\":\"webmestre\",\"image\":{\"@type\":\"ImageObject\",\"inLanguage\":\"fr-FR\",\"@id\":\"https:\\\/\\\/secure.gravatar.com\\\/avatar\\\/416a097a3f95c03b93462266ddf7a1b5b815e837b340f6b881ae80c56b8c6d56?s=96&d=mm&r=g\",\"url\":\"https:\\\/\\\/secure.gravatar.com\\\/avatar\\\/416a097a3f95c03b93462266ddf7a1b5b815e837b340f6b881ae80c56b8c6d56?s=96&d=mm&r=g\",\"contentUrl\":\"https:\\\/\\\/secure.gravatar.com\\\/avatar\\\/416a097a3f95c03b93462266ddf7a1b5b815e837b340f6b881ae80c56b8c6d56?s=96&d=mm&r=g\",\"caption\":\"webmestre\"},\"url\":\"https:\\\/\\\/www.joseph-wresinski.org\\\/fr\\\/author\\\/webmestre\\\/\"}]}<\/script>\n<!-- \/ Yoast SEO plugin. -->","yoast_head_json":{"title":"Nous n\u2019avions rien que nos personnes \u00e0 offrir - Joseph Wresinski FR","robots":{"index":"index","follow":"follow","max-snippet":"max-snippet:-1","max-image-preview":"max-image-preview:large","max-video-preview":"max-video-preview:-1"},"canonical":"https:\/\/www.joseph-wresinski.org\/fr\/nous-n-avions-rien-que-nos\/","og_locale":"fr_FR","og_type":"article","og_title":"Nous n\u2019avions rien que nos personnes \u00e0 offrir - Joseph Wresinski FR","og_description":"Dans le liminaire de son livre \u00ab\u00a0Les pauvres sont l\u2019Eglise\u00a0\u00bb, apr\u00e8s avoir \u00e9voqu\u00e9 son enfance dans le texte \u00ab\u00a0Petit enfant (...) Lire la suite &rarr;","og_url":"https:\/\/www.joseph-wresinski.org\/fr\/nous-n-avions-rien-que-nos\/","og_site_name":"Joseph Wresinski FR","article_published_time":"2012-12-07T15:42:13+00:00","article_modified_time":"2021-10-09T11:44:16+00:00","og_image":[{"width":708,"height":368,"url":"https:\/\/www.joseph-wresinski.org\/fr\/wp-content\/uploads\/sites\/2\/2013\/02\/Lets-Move-Forward3.jpg","type":"image\/jpeg"}],"author":"webmestre","twitter_card":"summary_large_image","twitter_misc":{"\u00c9crit par":"webmestre","Dur\u00e9e de lecture estim\u00e9e":"3 minutes"},"schema":{"@context":"https:\/\/schema.org","@graph":[{"@type":"Article","@id":"https:\/\/www.joseph-wresinski.org\/fr\/nous-n-avions-rien-que-nos\/#article","isPartOf":{"@id":"https:\/\/www.joseph-wresinski.org\/fr\/nous-n-avions-rien-que-nos\/"},"author":{"name":"webmestre","@id":"https:\/\/www.joseph-wresinski.org\/fr\/#\/schema\/person\/c666928d4be7b5b71419e1a78b02d04a"},"headline":"Nous n\u2019avions rien que nos personnes \u00e0 offrir","datePublished":"2012-12-07T15:42:13+00:00","dateModified":"2021-10-09T11:44:16+00:00","mainEntityOfPage":{"@id":"https:\/\/www.joseph-wresinski.org\/fr\/nous-n-avions-rien-que-nos\/"},"wordCount":656,"commentCount":0,"image":{"@id":"https:\/\/www.joseph-wresinski.org\/fr\/nous-n-avions-rien-que-nos\/#primaryimage"},"thumbnailUrl":"https:\/\/www.joseph-wresinski.org\/fr\/wp-content\/uploads\/sites\/2\/2013\/02\/Lets-Move-Forward3.jpg","articleSection":["Ecrits","Extraits de livres"],"inLanguage":"fr-FR","potentialAction":[{"@type":"CommentAction","name":"Comment","target":["https:\/\/www.joseph-wresinski.org\/fr\/nous-n-avions-rien-que-nos\/#respond"]}]},{"@type":"WebPage","@id":"https:\/\/www.joseph-wresinski.org\/fr\/nous-n-avions-rien-que-nos\/","url":"https:\/\/www.joseph-wresinski.org\/fr\/nous-n-avions-rien-que-nos\/","name":"Nous n\u2019avions rien que nos personnes \u00e0 offrir - Joseph Wresinski FR","isPartOf":{"@id":"https:\/\/www.joseph-wresinski.org\/fr\/#website"},"primaryImageOfPage":{"@id":"https:\/\/www.joseph-wresinski.org\/fr\/nous-n-avions-rien-que-nos\/#primaryimage"},"image":{"@id":"https:\/\/www.joseph-wresinski.org\/fr\/nous-n-avions-rien-que-nos\/#primaryimage"},"thumbnailUrl":"https:\/\/www.joseph-wresinski.org\/fr\/wp-content\/uploads\/sites\/2\/2013\/02\/Lets-Move-Forward3.jpg","datePublished":"2012-12-07T15:42:13+00:00","dateModified":"2021-10-09T11:44:16+00:00","author":{"@id":"https:\/\/www.joseph-wresinski.org\/fr\/#\/schema\/person\/c666928d4be7b5b71419e1a78b02d04a"},"breadcrumb":{"@id":"https:\/\/www.joseph-wresinski.org\/fr\/nous-n-avions-rien-que-nos\/#breadcrumb"},"inLanguage":"fr-FR","potentialAction":[{"@type":"ReadAction","target":["https:\/\/www.joseph-wresinski.org\/fr\/nous-n-avions-rien-que-nos\/"]}]},{"@type":"ImageObject","inLanguage":"fr-FR","@id":"https:\/\/www.joseph-wresinski.org\/fr\/nous-n-avions-rien-que-nos\/#primaryimage","url":"https:\/\/www.joseph-wresinski.org\/fr\/wp-content\/uploads\/sites\/2\/2013\/02\/Lets-Move-Forward3.jpg","contentUrl":"https:\/\/www.joseph-wresinski.org\/fr\/wp-content\/uploads\/sites\/2\/2013\/02\/Lets-Move-Forward3.jpg","width":708,"height":368},{"@type":"BreadcrumbList","@id":"https:\/\/www.joseph-wresinski.org\/fr\/nous-n-avions-rien-que-nos\/#breadcrumb","itemListElement":[{"@type":"ListItem","position":1,"name":"Accueil","item":"https:\/\/www.joseph-wresinski.org\/fr\/"},{"@type":"ListItem","position":2,"name":"Nous n\u2019avions rien que nos personnes \u00e0 offrir"}]},{"@type":"WebSite","@id":"https:\/\/www.joseph-wresinski.org\/fr\/#website","url":"https:\/\/www.joseph-wresinski.org\/fr\/","name":"Joseph Wresinski FR","description":"Un site propos\u00e9 par le centre Joseph Wresinski","potentialAction":[{"@type":"SearchAction","target":{"@type":"EntryPoint","urlTemplate":"https:\/\/www.joseph-wresinski.org\/fr\/?s={search_term_string}"},"query-input":{"@type":"PropertyValueSpecification","valueRequired":true,"valueName":"search_term_string"}}],"inLanguage":"fr-FR"},{"@type":"Person","@id":"https:\/\/www.joseph-wresinski.org\/fr\/#\/schema\/person\/c666928d4be7b5b71419e1a78b02d04a","name":"webmestre","image":{"@type":"ImageObject","inLanguage":"fr-FR","@id":"https:\/\/secure.gravatar.com\/avatar\/416a097a3f95c03b93462266ddf7a1b5b815e837b340f6b881ae80c56b8c6d56?s=96&d=mm&r=g","url":"https:\/\/secure.gravatar.com\/avatar\/416a097a3f95c03b93462266ddf7a1b5b815e837b340f6b881ae80c56b8c6d56?s=96&d=mm&r=g","contentUrl":"https:\/\/secure.gravatar.com\/avatar\/416a097a3f95c03b93462266ddf7a1b5b815e837b340f6b881ae80c56b8c6d56?s=96&d=mm&r=g","caption":"webmestre"},"url":"https:\/\/www.joseph-wresinski.org\/fr\/author\/webmestre\/"}]}},"_links":{"self":[{"href":"https:\/\/www.joseph-wresinski.org\/fr\/wp-json\/wp\/v2\/posts\/152","targetHints":{"allow":["GET"]}}],"collection":[{"href":"https:\/\/www.joseph-wresinski.org\/fr\/wp-json\/wp\/v2\/posts"}],"about":[{"href":"https:\/\/www.joseph-wresinski.org\/fr\/wp-json\/wp\/v2\/types\/post"}],"author":[{"embeddable":true,"href":"https:\/\/www.joseph-wresinski.org\/fr\/wp-json\/wp\/v2\/users\/1"}],"replies":[{"embeddable":true,"href":"https:\/\/www.joseph-wresinski.org\/fr\/wp-json\/wp\/v2\/comments?post=152"}],"version-history":[{"count":10,"href":"https:\/\/www.joseph-wresinski.org\/fr\/wp-json\/wp\/v2\/posts\/152\/revisions"}],"predecessor-version":[{"id":3932,"href":"https:\/\/www.joseph-wresinski.org\/fr\/wp-json\/wp\/v2\/posts\/152\/revisions\/3932"}],"wp:featuredmedia":[{"embeddable":true,"href":"https:\/\/www.joseph-wresinski.org\/fr\/wp-json\/wp\/v2\/media\/2862"}],"wp:attachment":[{"href":"https:\/\/www.joseph-wresinski.org\/fr\/wp-json\/wp\/v2\/media?parent=152"}],"wp:term":[{"taxonomy":"category","embeddable":true,"href":"https:\/\/www.joseph-wresinski.org\/fr\/wp-json\/wp\/v2\/categories?post=152"},{"taxonomy":"post_tag","embeddable":true,"href":"https:\/\/www.joseph-wresinski.org\/fr\/wp-json\/wp\/v2\/tags?post=152"}],"curies":[{"name":"wp","href":"https:\/\/api.w.org\/{rel}","templated":true}]}}