{"id":187,"date":"2020-09-29T13:09:24","date_gmt":"2020-09-29T11:09:24","guid":{"rendered":"http:\/\/www.joseph-wresinski.org\/fr\/2010\/04\/15\/et-maintenant-qu-allons-nous-faire\/"},"modified":"2020-09-30T15:14:46","modified_gmt":"2020-09-30T13:14:46","slug":"et-maintenant-qu-allons-nous-faire","status":"publish","type":"post","link":"https:\/\/www.joseph-wresinski.org\/fr\/et-maintenant-qu-allons-nous-faire\/","title":{"rendered":"Et maintenant, qu\u2019allons-nous faire ?"},"content":{"rendered":"<h2>Appel final du p\u00e8re Joseph Wresinski, le 17 octobre 1987.<\/h2>\n<p><i>Le 17 octobre 1987, \u00e0 la fin du rassemblement des d\u00e9fenseurs des droits de l\u2019homme, \u00e0 Paris, le p\u00e8re Joseph Wresinski conclut la journ\u00e9e par cet appel final.<\/i><\/p>\n<p>Maintenant, la nuit est finie. Nous sommes au matin. Est finie cette nuit o\u00f9 les enfants \u00e9taient heureux d\u2019aller en classe. Est finie cette nuit o\u00f9 les p\u00e8res allaient aux syndicats et o\u00f9 les jeunes apprenaient un m\u00e9tier.<\/p>\n<p>Cette nuit, Nous-les citoyens, les ministres, les d\u00e9put\u00e9s, les fonctionnaires et tous les autres- avions fait un pacte d\u2019alliance avec les ch\u00f4meurs, les illettr\u00e9s, les indigents et les sans-logis. Non pas un pacte pour une nuit, mais un pacte pour l\u2019avenir.<\/p>\n<p>Qu\u2019allons-nous faire maintenant, nous les citoyens\u00a0? Qu\u2019allons-nous faire, nous les familles du Quart Monde, pour qu\u2019ensemble, nos cit\u00e9s, notre vie quotidienne soient enfin dignes de l\u2019humanit\u00e9 que nous avons en nous, que nous portons\u00a0?<\/p>\n<p>Et vous les jeunes, qui \u00eates impatients de justice, qui \u00eates impatients de v\u00e9rit\u00e9, qu\u2019allez-vous faire dans vos \u00e9coles, dans vos universit\u00e9s, dans vos maisons de jeunes\u00a0? Serez-vous des initiateurs de cette route neuve o\u00f9 la justice l\u2019emportera sur le profit, l\u2019exploitation, la paix sur la guerre, o\u00f9 la justice et l\u2019amour seront r\u00e9concili\u00e9s\u00a0?<\/p>\n<p>Il faut vivre avec l\u2019avenir. L\u2019avenir est entre vos mains. Le monde de demain sera le v\u00f4tre.<\/p>\n<p>P\u00e8re Joseph Wresinski<\/p>\n<div class=\"wp-playlist wp-audio-playlist wp-playlist-light\">\n\t\t\t<div class=\"wp-playlist-current-item\"><\/div>\n\t\t<audio controls=\"controls\" preload=\"none\" width=\"452\"\n\t\t\t><\/audio>\n\t<div class=\"wp-playlist-next\"><\/div>\n\t<div class=\"wp-playlist-prev\"><\/div>\n\t<noscript>\n\t<ol>\n\t\t<li><a href='https:\/\/www.joseph-wresinski.org\/fr\/wp-content\/uploads\/sites\/2\/2018\/04\/Et-maintenant.mp3'>Et maintenant qu'allons-nous faire?<\/a><\/li>\t<\/ol>\n\t<\/noscript>\n\t<script type=\"application\/json\" class=\"wp-playlist-script\">{\"type\":\"audio\",\"tracklist\":true,\"tracknumbers\":true,\"images\":true,\"artists\":true,\"tracks\":[{\"src\":\"https:\/\/www.joseph-wresinski.org\/fr\/wp-content\/uploads\/sites\/2\/2018\/04\/Et-maintenant.mp3\",\"type\":\"audio\/mpeg\",\"title\":\"Et maintenant qu'allons-nous faire?\",\"caption\":\"\",\"description\":\"\\u003Ci\\u003E17 octobre 1987 Piste 3\\u003C\/i\\u003E tir\\u00e9 de \\u003Ci\\u003E17 octobre 1987\\u003C\/i\\u003E par ATD Quart Monde. Piste 3. Genre&nbsp;: Ev\\u00e8nement historique\",\"meta\":{\"artist\":\"ATD Quart Monde\",\"album\":\"17 octobre 1987\",\"genre\":\"Ev\\u00e8nement historique\",\"length_formatted\":\"1:57\"},\"image\":{\"src\":\"https:\/\/www.joseph-wresinski.org\/fr\/wp-includes\/images\/media\/audio.svg\",\"width\":48,\"height\":64},\"thumb\":{\"src\":\"https:\/\/www.joseph-wresinski.org\/fr\/wp-includes\/images\/media\/audio.svg\",\"width\":48,\"height\":64}}]}<\/script>\n<\/div>\n\t\n<p>&nbsp;<\/p>\n","protected":false},"excerpt":{"rendered":"<p>Appel final du p\u00e8re Joseph Wresinski, le 17 octobre 1987. Le 17 octobre 1987, \u00e0 la fin du rassemblement des (&#8230;) <a class=\"more-link\" href=\"https:\/\/www.joseph-wresinski.org\/fr\/et-maintenant-qu-allons-nous-faire\/\">Lire la suite <span class=\"meta-nav\">&rarr;<\/span><\/a><\/p>\n","protected":false},"author":1,"featured_media":1230,"comment_status":"open","ping_status":"open","sticky":false,"template":"","format":"standard","meta":{"_acf_changed":false,"ep_exclude_from_search":false,"footnotes":""},"categories":[12,13,4,49],"tags":[],"class_list":["post-187","post","type-post","status-publish","format-standard","has-post-thumbnail","hentry","category-actualites","category-audiovisuel","category-discours","category-ecrits"],"acf":[],"yoast_head":"<!-- This site is optimized with the Yoast SEO plugin v27.5 - https:\/\/yoast.com\/product\/yoast-seo-wordpress\/ -->\n<title>Et maintenant, qu\u2019allons-nous faire ? - Joseph Wresinski FR<\/title>\n<meta name=\"robots\" content=\"index, follow, max-snippet:-1, max-image-preview:large, max-video-preview:-1\" \/>\n<link rel=\"canonical\" href=\"https:\/\/www.joseph-wresinski.org\/fr\/et-maintenant-qu-allons-nous-faire\/\" \/>\n<meta property=\"og:locale\" content=\"fr_FR\" \/>\n<meta property=\"og:type\" content=\"article\" \/>\n<meta property=\"og:title\" content=\"Et maintenant, qu\u2019allons-nous faire ? - Joseph Wresinski FR\" \/>\n<meta property=\"og:description\" content=\"Appel final du p\u00e8re Joseph Wresinski, le 17 octobre 1987. Le 17 octobre 1987, \u00e0 la fin du rassemblement des (...) Lire la suite &rarr;\" \/>\n<meta property=\"og:url\" content=\"https:\/\/www.joseph-wresinski.org\/fr\/et-maintenant-qu-allons-nous-faire\/\" \/>\n<meta property=\"og:site_name\" content=\"Joseph Wresinski FR\" \/>\n<meta property=\"article:published_time\" content=\"2020-09-29T11:09:24+00:00\" \/>\n<meta property=\"article:modified_time\" content=\"2020-09-30T13:14:46+00:00\" \/>\n<meta property=\"og:image\" content=\"https:\/\/www.joseph-wresinski.org\/fr\/wp-content\/uploads\/sites\/2\/2017\/02\/Etre-traites-comme-des-jeunes-et-pas-comme-des-assistes-692x530.jpg\" \/>\n\t<meta property=\"og:image:width\" content=\"692\" \/>\n\t<meta property=\"og:image:height\" content=\"530\" \/>\n\t<meta property=\"og:image:type\" content=\"image\/jpeg\" \/>\n<meta name=\"author\" content=\"webmestre\" \/>\n<meta name=\"twitter:card\" content=\"summary_large_image\" \/>\n<meta name=\"twitter:label1\" content=\"\u00c9crit par\" \/>\n\t<meta name=\"twitter:data1\" content=\"webmestre\" \/>\n\t<meta name=\"twitter:label2\" content=\"Dur\u00e9e de lecture estim\u00e9e\" \/>\n\t<meta name=\"twitter:data2\" content=\"1 minute\" \/>\n<script type=\"application\/ld+json\" class=\"yoast-schema-graph\">{\"@context\":\"https:\\\/\\\/schema.org\",\"@graph\":[{\"@type\":\"Article\",\"@id\":\"https:\\\/\\\/www.joseph-wresinski.org\\\/fr\\\/et-maintenant-qu-allons-nous-faire\\\/#article\",\"isPartOf\":{\"@id\":\"https:\\\/\\\/www.joseph-wresinski.org\\\/fr\\\/et-maintenant-qu-allons-nous-faire\\\/\"},\"author\":{\"name\":\"webmestre\",\"@id\":\"https:\\\/\\\/www.joseph-wresinski.org\\\/fr\\\/#\\\/schema\\\/person\\\/c666928d4be7b5b71419e1a78b02d04a\"},\"headline\":\"Et maintenant, qu\u2019allons-nous faire ?\",\"datePublished\":\"2020-09-29T11:09:24+00:00\",\"dateModified\":\"2020-09-30T13:14:46+00:00\",\"mainEntityOfPage\":{\"@id\":\"https:\\\/\\\/www.joseph-wresinski.org\\\/fr\\\/et-maintenant-qu-allons-nous-faire\\\/\"},\"wordCount\":258,\"commentCount\":2,\"image\":{\"@id\":\"https:\\\/\\\/www.joseph-wresinski.org\\\/fr\\\/et-maintenant-qu-allons-nous-faire\\\/#primaryimage\"},\"thumbnailUrl\":\"https:\\\/\\\/www.joseph-wresinski.org\\\/fr\\\/wp-content\\\/uploads\\\/sites\\\/2\\\/2017\\\/02\\\/Etre-traites-comme-des-jeunes-et-pas-comme-des-assistes-692x530.jpg\",\"articleSection\":[\"Actualit\u00e9s\",\"Audios\",\"Discours\",\"Ecrits\"],\"inLanguage\":\"fr-FR\",\"potentialAction\":[{\"@type\":\"CommentAction\",\"name\":\"Comment\",\"target\":[\"https:\\\/\\\/www.joseph-wresinski.org\\\/fr\\\/et-maintenant-qu-allons-nous-faire\\\/#respond\"]}]},{\"@type\":\"WebPage\",\"@id\":\"https:\\\/\\\/www.joseph-wresinski.org\\\/fr\\\/et-maintenant-qu-allons-nous-faire\\\/\",\"url\":\"https:\\\/\\\/www.joseph-wresinski.org\\\/fr\\\/et-maintenant-qu-allons-nous-faire\\\/\",\"name\":\"Et maintenant, qu\u2019allons-nous faire ? - Joseph Wresinski FR\",\"isPartOf\":{\"@id\":\"https:\\\/\\\/www.joseph-wresinski.org\\\/fr\\\/#website\"},\"primaryImageOfPage\":{\"@id\":\"https:\\\/\\\/www.joseph-wresinski.org\\\/fr\\\/et-maintenant-qu-allons-nous-faire\\\/#primaryimage\"},\"image\":{\"@id\":\"https:\\\/\\\/www.joseph-wresinski.org\\\/fr\\\/et-maintenant-qu-allons-nous-faire\\\/#primaryimage\"},\"thumbnailUrl\":\"https:\\\/\\\/www.joseph-wresinski.org\\\/fr\\\/wp-content\\\/uploads\\\/sites\\\/2\\\/2017\\\/02\\\/Etre-traites-comme-des-jeunes-et-pas-comme-des-assistes-692x530.jpg\",\"datePublished\":\"2020-09-29T11:09:24+00:00\",\"dateModified\":\"2020-09-30T13:14:46+00:00\",\"author\":{\"@id\":\"https:\\\/\\\/www.joseph-wresinski.org\\\/fr\\\/#\\\/schema\\\/person\\\/c666928d4be7b5b71419e1a78b02d04a\"},\"breadcrumb\":{\"@id\":\"https:\\\/\\\/www.joseph-wresinski.org\\\/fr\\\/et-maintenant-qu-allons-nous-faire\\\/#breadcrumb\"},\"inLanguage\":\"fr-FR\",\"potentialAction\":[{\"@type\":\"ReadAction\",\"target\":[\"https:\\\/\\\/www.joseph-wresinski.org\\\/fr\\\/et-maintenant-qu-allons-nous-faire\\\/\"]}]},{\"@type\":\"ImageObject\",\"inLanguage\":\"fr-FR\",\"@id\":\"https:\\\/\\\/www.joseph-wresinski.org\\\/fr\\\/et-maintenant-qu-allons-nous-faire\\\/#primaryimage\",\"url\":\"https:\\\/\\\/www.joseph-wresinski.org\\\/fr\\\/wp-content\\\/uploads\\\/sites\\\/2\\\/2017\\\/02\\\/Etre-traites-comme-des-jeunes-et-pas-comme-des-assistes-692x530.jpg\",\"contentUrl\":\"https:\\\/\\\/www.joseph-wresinski.org\\\/fr\\\/wp-content\\\/uploads\\\/sites\\\/2\\\/2017\\\/02\\\/Etre-traites-comme-des-jeunes-et-pas-comme-des-assistes-692x530.jpg\",\"width\":692,\"height\":530},{\"@type\":\"BreadcrumbList\",\"@id\":\"https:\\\/\\\/www.joseph-wresinski.org\\\/fr\\\/et-maintenant-qu-allons-nous-faire\\\/#breadcrumb\",\"itemListElement\":[{\"@type\":\"ListItem\",\"position\":1,\"name\":\"Accueil\",\"item\":\"https:\\\/\\\/www.joseph-wresinski.org\\\/fr\\\/\"},{\"@type\":\"ListItem\",\"position\":2,\"name\":\"Et maintenant, qu\u2019allons-nous faire ?\"}]},{\"@type\":\"WebSite\",\"@id\":\"https:\\\/\\\/www.joseph-wresinski.org\\\/fr\\\/#website\",\"url\":\"https:\\\/\\\/www.joseph-wresinski.org\\\/fr\\\/\",\"name\":\"Joseph Wresinski FR\",\"description\":\"Un site propos\u00e9 par le centre Joseph Wresinski\",\"potentialAction\":[{\"@type\":\"SearchAction\",\"target\":{\"@type\":\"EntryPoint\",\"urlTemplate\":\"https:\\\/\\\/www.joseph-wresinski.org\\\/fr\\\/?s={search_term_string}\"},\"query-input\":{\"@type\":\"PropertyValueSpecification\",\"valueRequired\":true,\"valueName\":\"search_term_string\"}}],\"inLanguage\":\"fr-FR\"},{\"@type\":\"Person\",\"@id\":\"https:\\\/\\\/www.joseph-wresinski.org\\\/fr\\\/#\\\/schema\\\/person\\\/c666928d4be7b5b71419e1a78b02d04a\",\"name\":\"webmestre\",\"image\":{\"@type\":\"ImageObject\",\"inLanguage\":\"fr-FR\",\"@id\":\"https:\\\/\\\/secure.gravatar.com\\\/avatar\\\/416a097a3f95c03b93462266ddf7a1b5b815e837b340f6b881ae80c56b8c6d56?s=96&d=mm&r=g\",\"url\":\"https:\\\/\\\/secure.gravatar.com\\\/avatar\\\/416a097a3f95c03b93462266ddf7a1b5b815e837b340f6b881ae80c56b8c6d56?s=96&d=mm&r=g\",\"contentUrl\":\"https:\\\/\\\/secure.gravatar.com\\\/avatar\\\/416a097a3f95c03b93462266ddf7a1b5b815e837b340f6b881ae80c56b8c6d56?s=96&d=mm&r=g\",\"caption\":\"webmestre\"},\"url\":\"https:\\\/\\\/www.joseph-wresinski.org\\\/fr\\\/author\\\/webmestre\\\/\"}]}<\/script>\n<!-- \/ Yoast SEO plugin. -->","yoast_head_json":{"title":"Et maintenant, qu\u2019allons-nous faire ? - Joseph Wresinski FR","robots":{"index":"index","follow":"follow","max-snippet":"max-snippet:-1","max-image-preview":"max-image-preview:large","max-video-preview":"max-video-preview:-1"},"canonical":"https:\/\/www.joseph-wresinski.org\/fr\/et-maintenant-qu-allons-nous-faire\/","og_locale":"fr_FR","og_type":"article","og_title":"Et maintenant, qu\u2019allons-nous faire ? - Joseph Wresinski FR","og_description":"Appel final du p\u00e8re Joseph Wresinski, le 17 octobre 1987. Le 17 octobre 1987, \u00e0 la fin du rassemblement des (...) Lire la suite &rarr;","og_url":"https:\/\/www.joseph-wresinski.org\/fr\/et-maintenant-qu-allons-nous-faire\/","og_site_name":"Joseph Wresinski FR","article_published_time":"2020-09-29T11:09:24+00:00","article_modified_time":"2020-09-30T13:14:46+00:00","og_image":[{"width":692,"height":530,"url":"https:\/\/www.joseph-wresinski.org\/fr\/wp-content\/uploads\/sites\/2\/2017\/02\/Etre-traites-comme-des-jeunes-et-pas-comme-des-assistes-692x530.jpg","type":"image\/jpeg"}],"author":"webmestre","twitter_card":"summary_large_image","twitter_misc":{"\u00c9crit par":"webmestre","Dur\u00e9e de lecture estim\u00e9e":"1 minute"},"schema":{"@context":"https:\/\/schema.org","@graph":[{"@type":"Article","@id":"https:\/\/www.joseph-wresinski.org\/fr\/et-maintenant-qu-allons-nous-faire\/#article","isPartOf":{"@id":"https:\/\/www.joseph-wresinski.org\/fr\/et-maintenant-qu-allons-nous-faire\/"},"author":{"name":"webmestre","@id":"https:\/\/www.joseph-wresinski.org\/fr\/#\/schema\/person\/c666928d4be7b5b71419e1a78b02d04a"},"headline":"Et maintenant, qu\u2019allons-nous faire ?","datePublished":"2020-09-29T11:09:24+00:00","dateModified":"2020-09-30T13:14:46+00:00","mainEntityOfPage":{"@id":"https:\/\/www.joseph-wresinski.org\/fr\/et-maintenant-qu-allons-nous-faire\/"},"wordCount":258,"commentCount":2,"image":{"@id":"https:\/\/www.joseph-wresinski.org\/fr\/et-maintenant-qu-allons-nous-faire\/#primaryimage"},"thumbnailUrl":"https:\/\/www.joseph-wresinski.org\/fr\/wp-content\/uploads\/sites\/2\/2017\/02\/Etre-traites-comme-des-jeunes-et-pas-comme-des-assistes-692x530.jpg","articleSection":["Actualit\u00e9s","Audios","Discours","Ecrits"],"inLanguage":"fr-FR","potentialAction":[{"@type":"CommentAction","name":"Comment","target":["https:\/\/www.joseph-wresinski.org\/fr\/et-maintenant-qu-allons-nous-faire\/#respond"]}]},{"@type":"WebPage","@id":"https:\/\/www.joseph-wresinski.org\/fr\/et-maintenant-qu-allons-nous-faire\/","url":"https:\/\/www.joseph-wresinski.org\/fr\/et-maintenant-qu-allons-nous-faire\/","name":"Et maintenant, qu\u2019allons-nous faire ? - Joseph Wresinski FR","isPartOf":{"@id":"https:\/\/www.joseph-wresinski.org\/fr\/#website"},"primaryImageOfPage":{"@id":"https:\/\/www.joseph-wresinski.org\/fr\/et-maintenant-qu-allons-nous-faire\/#primaryimage"},"image":{"@id":"https:\/\/www.joseph-wresinski.org\/fr\/et-maintenant-qu-allons-nous-faire\/#primaryimage"},"thumbnailUrl":"https:\/\/www.joseph-wresinski.org\/fr\/wp-content\/uploads\/sites\/2\/2017\/02\/Etre-traites-comme-des-jeunes-et-pas-comme-des-assistes-692x530.jpg","datePublished":"2020-09-29T11:09:24+00:00","dateModified":"2020-09-30T13:14:46+00:00","author":{"@id":"https:\/\/www.joseph-wresinski.org\/fr\/#\/schema\/person\/c666928d4be7b5b71419e1a78b02d04a"},"breadcrumb":{"@id":"https:\/\/www.joseph-wresinski.org\/fr\/et-maintenant-qu-allons-nous-faire\/#breadcrumb"},"inLanguage":"fr-FR","potentialAction":[{"@type":"ReadAction","target":["https:\/\/www.joseph-wresinski.org\/fr\/et-maintenant-qu-allons-nous-faire\/"]}]},{"@type":"ImageObject","inLanguage":"fr-FR","@id":"https:\/\/www.joseph-wresinski.org\/fr\/et-maintenant-qu-allons-nous-faire\/#primaryimage","url":"https:\/\/www.joseph-wresinski.org\/fr\/wp-content\/uploads\/sites\/2\/2017\/02\/Etre-traites-comme-des-jeunes-et-pas-comme-des-assistes-692x530.jpg","contentUrl":"https:\/\/www.joseph-wresinski.org\/fr\/wp-content\/uploads\/sites\/2\/2017\/02\/Etre-traites-comme-des-jeunes-et-pas-comme-des-assistes-692x530.jpg","width":692,"height":530},{"@type":"BreadcrumbList","@id":"https:\/\/www.joseph-wresinski.org\/fr\/et-maintenant-qu-allons-nous-faire\/#breadcrumb","itemListElement":[{"@type":"ListItem","position":1,"name":"Accueil","item":"https:\/\/www.joseph-wresinski.org\/fr\/"},{"@type":"ListItem","position":2,"name":"Et maintenant, qu\u2019allons-nous faire ?"}]},{"@type":"WebSite","@id":"https:\/\/www.joseph-wresinski.org\/fr\/#website","url":"https:\/\/www.joseph-wresinski.org\/fr\/","name":"Joseph Wresinski FR","description":"Un site propos\u00e9 par le centre Joseph Wresinski","potentialAction":[{"@type":"SearchAction","target":{"@type":"EntryPoint","urlTemplate":"https:\/\/www.joseph-wresinski.org\/fr\/?s={search_term_string}"},"query-input":{"@type":"PropertyValueSpecification","valueRequired":true,"valueName":"search_term_string"}}],"inLanguage":"fr-FR"},{"@type":"Person","@id":"https:\/\/www.joseph-wresinski.org\/fr\/#\/schema\/person\/c666928d4be7b5b71419e1a78b02d04a","name":"webmestre","image":{"@type":"ImageObject","inLanguage":"fr-FR","@id":"https:\/\/secure.gravatar.com\/avatar\/416a097a3f95c03b93462266ddf7a1b5b815e837b340f6b881ae80c56b8c6d56?s=96&d=mm&r=g","url":"https:\/\/secure.gravatar.com\/avatar\/416a097a3f95c03b93462266ddf7a1b5b815e837b340f6b881ae80c56b8c6d56?s=96&d=mm&r=g","contentUrl":"https:\/\/secure.gravatar.com\/avatar\/416a097a3f95c03b93462266ddf7a1b5b815e837b340f6b881ae80c56b8c6d56?s=96&d=mm&r=g","caption":"webmestre"},"url":"https:\/\/www.joseph-wresinski.org\/fr\/author\/webmestre\/"}]}},"_links":{"self":[{"href":"https:\/\/www.joseph-wresinski.org\/fr\/wp-json\/wp\/v2\/posts\/187","targetHints":{"allow":["GET"]}}],"collection":[{"href":"https:\/\/www.joseph-wresinski.org\/fr\/wp-json\/wp\/v2\/posts"}],"about":[{"href":"https:\/\/www.joseph-wresinski.org\/fr\/wp-json\/wp\/v2\/types\/post"}],"author":[{"embeddable":true,"href":"https:\/\/www.joseph-wresinski.org\/fr\/wp-json\/wp\/v2\/users\/1"}],"replies":[{"embeddable":true,"href":"https:\/\/www.joseph-wresinski.org\/fr\/wp-json\/wp\/v2\/comments?post=187"}],"version-history":[{"count":7,"href":"https:\/\/www.joseph-wresinski.org\/fr\/wp-json\/wp\/v2\/posts\/187\/revisions"}],"predecessor-version":[{"id":1691,"href":"https:\/\/www.joseph-wresinski.org\/fr\/wp-json\/wp\/v2\/posts\/187\/revisions\/1691"}],"wp:featuredmedia":[{"embeddable":true,"href":"https:\/\/www.joseph-wresinski.org\/fr\/wp-json\/wp\/v2\/media\/1230"}],"wp:attachment":[{"href":"https:\/\/www.joseph-wresinski.org\/fr\/wp-json\/wp\/v2\/media?parent=187"}],"wp:term":[{"taxonomy":"category","embeddable":true,"href":"https:\/\/www.joseph-wresinski.org\/fr\/wp-json\/wp\/v2\/categories?post=187"},{"taxonomy":"post_tag","embeddable":true,"href":"https:\/\/www.joseph-wresinski.org\/fr\/wp-json\/wp\/v2\/tags?post=187"}],"curies":[{"name":"wp","href":"https:\/\/api.w.org\/{rel}","templated":true}]}}