{"id":2433,"date":"2020-09-16T11:03:44","date_gmt":"2020-09-16T09:03:44","guid":{"rendered":"https:\/\/www.joseph-wresinski.org\/fr\/?p=2433"},"modified":"2020-09-16T11:08:45","modified_gmt":"2020-09-16T09:08:45","slug":"premiers-pas-avec-joseph-wresinski-nouvelle-publication","status":"publish","type":"post","link":"https:\/\/www.joseph-wresinski.org\/fr\/premiers-pas-avec-joseph-wresinski-nouvelle-publication\/","title":{"rendered":"Premiers pas avec Joseph Wresinski &#8211; Nouvelle publication"},"content":{"rendered":"<div class=\"slide-block-focus\"><\/div>\n<div class=\"block-text-livre\">\n<div class=\"grey date\">\n<div class=\"dark nombre\"><\/div>\n<\/div>\n<div class=\"grey theme\"><\/div>\n<div class=\"texte-livre\">\n<p><em>\u00ab\u00a0Toute personne est marqu\u00e9e \u00e0 jamais par ses exp\u00e9riences d\u2019enfant. Pour Joseph Wresinski, l\u2019exp\u00e9rience de la pauvret\u00e9 est fondamentalement <\/em><em>inscrite dans sa vie, d\u00e8s la petite enfance.\u00a0\u00bb<\/em><\/p>\n<\/div>\n<div class=\"block-texte-description\">\n<div class=\"texte un wysiwyg\">\n<p>Joseph Wresinski, fondateur du Mouvement ATD Quart Monde, est une figure exceptionnelle du XXe si\u00e8cle. En s\u2019immergeant dans le monde de la mis\u00e8re, vivant avec les familles du camp de Noisy-le-Grand, il d\u00e9veloppe une pens\u00e9e tr\u00e8s novatrice sur la pauvret\u00e9 en s\u2019appuyant sur le v\u00e9cu des personnes pauvres. Pr\u00eatre catholique, il n\u2019h\u00e9site pas \u00e0 s\u2019associer avec des personnes de tous horizons confessionnels pour lutter ensemble afin d\u2019\u00e9radiquer la pauvret\u00e9. Il initie un v\u00e9ritable changement de regard avec les personnes pauvres. Il innove des pratiques o\u00f9 la place des personnes en pr\u00e9carit\u00e9 est reconnue.<\/p>\n<p><em><strong>Gwennola Rimbaut<\/strong> a \u00e9t\u00e9 aum\u00f4nier d\u2019h\u00f4pital, d\u00e9l\u00e9gu\u00e9e dioc\u00e9saine pour la Pastorale de la sant\u00e9 et professeur de th\u00e9ologie pratique \u00e0 la facult\u00e9 de th\u00e9ologie d\u2019Angers jusqu\u2019en 2015. Elle contribue \u00e0 une th\u00e9ologie \u00e0 partir de la parole des plus pauvres.<\/em><\/p>\n<\/div>\n<div class=\"grey nombre\">\n<div class=\"grey prix\">142 pages, 9,<span class=\"woocommerce-Price-amount amount\">00<span class=\"woocommerce-Price-currencySymbol\">\u20ac<\/span><\/span> <small class=\"woocommerce-price-suffix\">TTC<\/small><\/div>\n<\/div>\n<div class=\"dark nombre\">Isbn:9782364525474<\/div>\n<div class=\"grey editeur\">\n<p>Editeur :\u00a0<a href=\"https:\/\/www.atd-quartmonde.fr\/editeurs\/saint-leger-editions\/\">Saint-L\u00e9ger Editions <\/a><\/p>\n<\/div>\n<div class=\"grey date\">Date de parution : mai 2020<\/div>\n<\/div>\n<\/div>\n","protected":false},"excerpt":{"rendered":"<p>\u00ab\u00a0Toute personne est marqu\u00e9e \u00e0 jamais par ses exp\u00e9riences d\u2019enfant. Pour Joseph Wresinski, l\u2019exp\u00e9rience de la pauvret\u00e9 est fondamentalement inscrite (&#8230;) <a class=\"more-link\" href=\"https:\/\/www.joseph-wresinski.org\/fr\/premiers-pas-avec-joseph-wresinski-nouvelle-publication\/\">Lire la suite <span class=\"meta-nav\">&rarr;<\/span><\/a><\/p>\n","protected":false},"author":4,"featured_media":2434,"comment_status":"open","ping_status":"closed","sticky":false,"template":"","format":"standard","meta":{"_acf_changed":false,"ep_exclude_from_search":false,"footnotes":""},"categories":[12,32,54],"tags":[],"class_list":["post-2433","post","type-post","status-publish","format-standard","has-post-thumbnail","hentry","category-actualites","category-biographie","category-selection-de-publications"],"acf":[],"yoast_head":"<!-- This site is optimized with the Yoast SEO plugin v27.5 - https:\/\/yoast.com\/product\/yoast-seo-wordpress\/ -->\n<title>Premiers pas avec Joseph Wresinski - Nouvelle publication - Joseph Wresinski FR<\/title>\n<meta name=\"robots\" content=\"index, follow, max-snippet:-1, max-image-preview:large, max-video-preview:-1\" \/>\n<link rel=\"canonical\" href=\"https:\/\/www.joseph-wresinski.org\/fr\/premiers-pas-avec-joseph-wresinski-nouvelle-publication\/\" \/>\n<meta property=\"og:locale\" content=\"fr_FR\" \/>\n<meta property=\"og:type\" content=\"article\" \/>\n<meta property=\"og:title\" content=\"Premiers pas avec Joseph Wresinski - Nouvelle publication - Joseph Wresinski FR\" \/>\n<meta property=\"og:description\" content=\"\u00ab\u00a0Toute personne est marqu\u00e9e \u00e0 jamais par ses exp\u00e9riences d\u2019enfant. Pour Joseph Wresinski, l\u2019exp\u00e9rience de la pauvret\u00e9 est fondamentalement inscrite (...) Lire la suite &rarr;\" \/>\n<meta property=\"og:url\" content=\"https:\/\/www.joseph-wresinski.org\/fr\/premiers-pas-avec-joseph-wresinski-nouvelle-publication\/\" \/>\n<meta property=\"og:site_name\" content=\"Joseph Wresinski FR\" \/>\n<meta property=\"article:published_time\" content=\"2020-09-16T09:03:44+00:00\" \/>\n<meta property=\"article:modified_time\" content=\"2020-09-16T09:08:45+00:00\" \/>\n<meta property=\"og:image\" content=\"https:\/\/www.joseph-wresinski.org\/fr\/wp-content\/uploads\/sites\/2\/2020\/09\/PremierspasavecJW_couv.jpg\" \/>\n\t<meta property=\"og:image:width\" content=\"371\" \/>\n\t<meta property=\"og:image:height\" content=\"499\" \/>\n\t<meta property=\"og:image:type\" content=\"image\/jpeg\" \/>\n<meta name=\"author\" content=\"Jean Tonglet\" \/>\n<meta name=\"twitter:card\" content=\"summary_large_image\" \/>\n<meta name=\"twitter:label1\" content=\"\u00c9crit par\" \/>\n\t<meta name=\"twitter:data1\" content=\"Jean Tonglet\" \/>\n\t<meta name=\"twitter:label2\" content=\"Dur\u00e9e de lecture estim\u00e9e\" \/>\n\t<meta name=\"twitter:data2\" content=\"1 minute\" \/>\n<script type=\"application\/ld+json\" class=\"yoast-schema-graph\">{\"@context\":\"https:\\\/\\\/schema.org\",\"@graph\":[{\"@type\":\"Article\",\"@id\":\"https:\\\/\\\/www.joseph-wresinski.org\\\/fr\\\/premiers-pas-avec-joseph-wresinski-nouvelle-publication\\\/#article\",\"isPartOf\":{\"@id\":\"https:\\\/\\\/www.joseph-wresinski.org\\\/fr\\\/premiers-pas-avec-joseph-wresinski-nouvelle-publication\\\/\"},\"author\":{\"name\":\"Jean Tonglet\",\"@id\":\"https:\\\/\\\/www.joseph-wresinski.org\\\/fr\\\/#\\\/schema\\\/person\\\/93469e0206778753beddb73f4e07c8e0\"},\"headline\":\"Premiers pas avec Joseph Wresinski &#8211; Nouvelle publication\",\"datePublished\":\"2020-09-16T09:03:44+00:00\",\"dateModified\":\"2020-09-16T09:08:45+00:00\",\"mainEntityOfPage\":{\"@id\":\"https:\\\/\\\/www.joseph-wresinski.org\\\/fr\\\/premiers-pas-avec-joseph-wresinski-nouvelle-publication\\\/\"},\"wordCount\":206,\"commentCount\":0,\"image\":{\"@id\":\"https:\\\/\\\/www.joseph-wresinski.org\\\/fr\\\/premiers-pas-avec-joseph-wresinski-nouvelle-publication\\\/#primaryimage\"},\"thumbnailUrl\":\"https:\\\/\\\/www.joseph-wresinski.org\\\/fr\\\/wp-content\\\/uploads\\\/sites\\\/2\\\/2020\\\/09\\\/PremierspasavecJW_couv.jpg\",\"articleSection\":[\"Actualit\u00e9s\",\"Biographie\",\"S\u00e9lection de publications\"],\"inLanguage\":\"fr-FR\",\"potentialAction\":[{\"@type\":\"CommentAction\",\"name\":\"Comment\",\"target\":[\"https:\\\/\\\/www.joseph-wresinski.org\\\/fr\\\/premiers-pas-avec-joseph-wresinski-nouvelle-publication\\\/#respond\"]}]},{\"@type\":\"WebPage\",\"@id\":\"https:\\\/\\\/www.joseph-wresinski.org\\\/fr\\\/premiers-pas-avec-joseph-wresinski-nouvelle-publication\\\/\",\"url\":\"https:\\\/\\\/www.joseph-wresinski.org\\\/fr\\\/premiers-pas-avec-joseph-wresinski-nouvelle-publication\\\/\",\"name\":\"Premiers pas avec Joseph Wresinski - Nouvelle publication - Joseph Wresinski FR\",\"isPartOf\":{\"@id\":\"https:\\\/\\\/www.joseph-wresinski.org\\\/fr\\\/#website\"},\"primaryImageOfPage\":{\"@id\":\"https:\\\/\\\/www.joseph-wresinski.org\\\/fr\\\/premiers-pas-avec-joseph-wresinski-nouvelle-publication\\\/#primaryimage\"},\"image\":{\"@id\":\"https:\\\/\\\/www.joseph-wresinski.org\\\/fr\\\/premiers-pas-avec-joseph-wresinski-nouvelle-publication\\\/#primaryimage\"},\"thumbnailUrl\":\"https:\\\/\\\/www.joseph-wresinski.org\\\/fr\\\/wp-content\\\/uploads\\\/sites\\\/2\\\/2020\\\/09\\\/PremierspasavecJW_couv.jpg\",\"datePublished\":\"2020-09-16T09:03:44+00:00\",\"dateModified\":\"2020-09-16T09:08:45+00:00\",\"author\":{\"@id\":\"https:\\\/\\\/www.joseph-wresinski.org\\\/fr\\\/#\\\/schema\\\/person\\\/93469e0206778753beddb73f4e07c8e0\"},\"breadcrumb\":{\"@id\":\"https:\\\/\\\/www.joseph-wresinski.org\\\/fr\\\/premiers-pas-avec-joseph-wresinski-nouvelle-publication\\\/#breadcrumb\"},\"inLanguage\":\"fr-FR\",\"potentialAction\":[{\"@type\":\"ReadAction\",\"target\":[\"https:\\\/\\\/www.joseph-wresinski.org\\\/fr\\\/premiers-pas-avec-joseph-wresinski-nouvelle-publication\\\/\"]}]},{\"@type\":\"ImageObject\",\"inLanguage\":\"fr-FR\",\"@id\":\"https:\\\/\\\/www.joseph-wresinski.org\\\/fr\\\/premiers-pas-avec-joseph-wresinski-nouvelle-publication\\\/#primaryimage\",\"url\":\"https:\\\/\\\/www.joseph-wresinski.org\\\/fr\\\/wp-content\\\/uploads\\\/sites\\\/2\\\/2020\\\/09\\\/PremierspasavecJW_couv.jpg\",\"contentUrl\":\"https:\\\/\\\/www.joseph-wresinski.org\\\/fr\\\/wp-content\\\/uploads\\\/sites\\\/2\\\/2020\\\/09\\\/PremierspasavecJW_couv.jpg\",\"width\":371,\"height\":499},{\"@type\":\"BreadcrumbList\",\"@id\":\"https:\\\/\\\/www.joseph-wresinski.org\\\/fr\\\/premiers-pas-avec-joseph-wresinski-nouvelle-publication\\\/#breadcrumb\",\"itemListElement\":[{\"@type\":\"ListItem\",\"position\":1,\"name\":\"Accueil\",\"item\":\"https:\\\/\\\/www.joseph-wresinski.org\\\/fr\\\/\"},{\"@type\":\"ListItem\",\"position\":2,\"name\":\"Premiers pas avec Joseph Wresinski &#8211; Nouvelle publication\"}]},{\"@type\":\"WebSite\",\"@id\":\"https:\\\/\\\/www.joseph-wresinski.org\\\/fr\\\/#website\",\"url\":\"https:\\\/\\\/www.joseph-wresinski.org\\\/fr\\\/\",\"name\":\"Joseph Wresinski FR\",\"description\":\"Un site propos\u00e9 par le centre Joseph Wresinski\",\"potentialAction\":[{\"@type\":\"SearchAction\",\"target\":{\"@type\":\"EntryPoint\",\"urlTemplate\":\"https:\\\/\\\/www.joseph-wresinski.org\\\/fr\\\/?s={search_term_string}\"},\"query-input\":{\"@type\":\"PropertyValueSpecification\",\"valueRequired\":true,\"valueName\":\"search_term_string\"}}],\"inLanguage\":\"fr-FR\"},{\"@type\":\"Person\",\"@id\":\"https:\\\/\\\/www.joseph-wresinski.org\\\/fr\\\/#\\\/schema\\\/person\\\/93469e0206778753beddb73f4e07c8e0\",\"name\":\"Jean Tonglet\",\"image\":{\"@type\":\"ImageObject\",\"inLanguage\":\"fr-FR\",\"@id\":\"https:\\\/\\\/secure.gravatar.com\\\/avatar\\\/599cfd98b536979bcebf2d6839f0c694333341f1caf7ba53413b62de5453de40?s=96&d=mm&r=g\",\"url\":\"https:\\\/\\\/secure.gravatar.com\\\/avatar\\\/599cfd98b536979bcebf2d6839f0c694333341f1caf7ba53413b62de5453de40?s=96&d=mm&r=g\",\"contentUrl\":\"https:\\\/\\\/secure.gravatar.com\\\/avatar\\\/599cfd98b536979bcebf2d6839f0c694333341f1caf7ba53413b62de5453de40?s=96&d=mm&r=g\",\"caption\":\"Jean Tonglet\"},\"url\":\"https:\\\/\\\/www.joseph-wresinski.org\\\/fr\\\/author\\\/jean\\\/\"}]}<\/script>\n<!-- \/ Yoast SEO plugin. -->","yoast_head_json":{"title":"Premiers pas avec Joseph Wresinski - Nouvelle publication - Joseph Wresinski FR","robots":{"index":"index","follow":"follow","max-snippet":"max-snippet:-1","max-image-preview":"max-image-preview:large","max-video-preview":"max-video-preview:-1"},"canonical":"https:\/\/www.joseph-wresinski.org\/fr\/premiers-pas-avec-joseph-wresinski-nouvelle-publication\/","og_locale":"fr_FR","og_type":"article","og_title":"Premiers pas avec Joseph Wresinski - Nouvelle publication - Joseph Wresinski FR","og_description":"\u00ab\u00a0Toute personne est marqu\u00e9e \u00e0 jamais par ses exp\u00e9riences d\u2019enfant. Pour Joseph Wresinski, l\u2019exp\u00e9rience de la pauvret\u00e9 est fondamentalement inscrite (...) Lire la suite &rarr;","og_url":"https:\/\/www.joseph-wresinski.org\/fr\/premiers-pas-avec-joseph-wresinski-nouvelle-publication\/","og_site_name":"Joseph Wresinski FR","article_published_time":"2020-09-16T09:03:44+00:00","article_modified_time":"2020-09-16T09:08:45+00:00","og_image":[{"width":371,"height":499,"url":"https:\/\/www.joseph-wresinski.org\/fr\/wp-content\/uploads\/sites\/2\/2020\/09\/PremierspasavecJW_couv.jpg","type":"image\/jpeg"}],"author":"Jean Tonglet","twitter_card":"summary_large_image","twitter_misc":{"\u00c9crit par":"Jean Tonglet","Dur\u00e9e de lecture estim\u00e9e":"1 minute"},"schema":{"@context":"https:\/\/schema.org","@graph":[{"@type":"Article","@id":"https:\/\/www.joseph-wresinski.org\/fr\/premiers-pas-avec-joseph-wresinski-nouvelle-publication\/#article","isPartOf":{"@id":"https:\/\/www.joseph-wresinski.org\/fr\/premiers-pas-avec-joseph-wresinski-nouvelle-publication\/"},"author":{"name":"Jean Tonglet","@id":"https:\/\/www.joseph-wresinski.org\/fr\/#\/schema\/person\/93469e0206778753beddb73f4e07c8e0"},"headline":"Premiers pas avec Joseph Wresinski &#8211; Nouvelle publication","datePublished":"2020-09-16T09:03:44+00:00","dateModified":"2020-09-16T09:08:45+00:00","mainEntityOfPage":{"@id":"https:\/\/www.joseph-wresinski.org\/fr\/premiers-pas-avec-joseph-wresinski-nouvelle-publication\/"},"wordCount":206,"commentCount":0,"image":{"@id":"https:\/\/www.joseph-wresinski.org\/fr\/premiers-pas-avec-joseph-wresinski-nouvelle-publication\/#primaryimage"},"thumbnailUrl":"https:\/\/www.joseph-wresinski.org\/fr\/wp-content\/uploads\/sites\/2\/2020\/09\/PremierspasavecJW_couv.jpg","articleSection":["Actualit\u00e9s","Biographie","S\u00e9lection de publications"],"inLanguage":"fr-FR","potentialAction":[{"@type":"CommentAction","name":"Comment","target":["https:\/\/www.joseph-wresinski.org\/fr\/premiers-pas-avec-joseph-wresinski-nouvelle-publication\/#respond"]}]},{"@type":"WebPage","@id":"https:\/\/www.joseph-wresinski.org\/fr\/premiers-pas-avec-joseph-wresinski-nouvelle-publication\/","url":"https:\/\/www.joseph-wresinski.org\/fr\/premiers-pas-avec-joseph-wresinski-nouvelle-publication\/","name":"Premiers pas avec Joseph Wresinski - Nouvelle publication - Joseph Wresinski FR","isPartOf":{"@id":"https:\/\/www.joseph-wresinski.org\/fr\/#website"},"primaryImageOfPage":{"@id":"https:\/\/www.joseph-wresinski.org\/fr\/premiers-pas-avec-joseph-wresinski-nouvelle-publication\/#primaryimage"},"image":{"@id":"https:\/\/www.joseph-wresinski.org\/fr\/premiers-pas-avec-joseph-wresinski-nouvelle-publication\/#primaryimage"},"thumbnailUrl":"https:\/\/www.joseph-wresinski.org\/fr\/wp-content\/uploads\/sites\/2\/2020\/09\/PremierspasavecJW_couv.jpg","datePublished":"2020-09-16T09:03:44+00:00","dateModified":"2020-09-16T09:08:45+00:00","author":{"@id":"https:\/\/www.joseph-wresinski.org\/fr\/#\/schema\/person\/93469e0206778753beddb73f4e07c8e0"},"breadcrumb":{"@id":"https:\/\/www.joseph-wresinski.org\/fr\/premiers-pas-avec-joseph-wresinski-nouvelle-publication\/#breadcrumb"},"inLanguage":"fr-FR","potentialAction":[{"@type":"ReadAction","target":["https:\/\/www.joseph-wresinski.org\/fr\/premiers-pas-avec-joseph-wresinski-nouvelle-publication\/"]}]},{"@type":"ImageObject","inLanguage":"fr-FR","@id":"https:\/\/www.joseph-wresinski.org\/fr\/premiers-pas-avec-joseph-wresinski-nouvelle-publication\/#primaryimage","url":"https:\/\/www.joseph-wresinski.org\/fr\/wp-content\/uploads\/sites\/2\/2020\/09\/PremierspasavecJW_couv.jpg","contentUrl":"https:\/\/www.joseph-wresinski.org\/fr\/wp-content\/uploads\/sites\/2\/2020\/09\/PremierspasavecJW_couv.jpg","width":371,"height":499},{"@type":"BreadcrumbList","@id":"https:\/\/www.joseph-wresinski.org\/fr\/premiers-pas-avec-joseph-wresinski-nouvelle-publication\/#breadcrumb","itemListElement":[{"@type":"ListItem","position":1,"name":"Accueil","item":"https:\/\/www.joseph-wresinski.org\/fr\/"},{"@type":"ListItem","position":2,"name":"Premiers pas avec Joseph Wresinski &#8211; Nouvelle publication"}]},{"@type":"WebSite","@id":"https:\/\/www.joseph-wresinski.org\/fr\/#website","url":"https:\/\/www.joseph-wresinski.org\/fr\/","name":"Joseph Wresinski FR","description":"Un site propos\u00e9 par le centre Joseph Wresinski","potentialAction":[{"@type":"SearchAction","target":{"@type":"EntryPoint","urlTemplate":"https:\/\/www.joseph-wresinski.org\/fr\/?s={search_term_string}"},"query-input":{"@type":"PropertyValueSpecification","valueRequired":true,"valueName":"search_term_string"}}],"inLanguage":"fr-FR"},{"@type":"Person","@id":"https:\/\/www.joseph-wresinski.org\/fr\/#\/schema\/person\/93469e0206778753beddb73f4e07c8e0","name":"Jean Tonglet","image":{"@type":"ImageObject","inLanguage":"fr-FR","@id":"https:\/\/secure.gravatar.com\/avatar\/599cfd98b536979bcebf2d6839f0c694333341f1caf7ba53413b62de5453de40?s=96&d=mm&r=g","url":"https:\/\/secure.gravatar.com\/avatar\/599cfd98b536979bcebf2d6839f0c694333341f1caf7ba53413b62de5453de40?s=96&d=mm&r=g","contentUrl":"https:\/\/secure.gravatar.com\/avatar\/599cfd98b536979bcebf2d6839f0c694333341f1caf7ba53413b62de5453de40?s=96&d=mm&r=g","caption":"Jean Tonglet"},"url":"https:\/\/www.joseph-wresinski.org\/fr\/author\/jean\/"}]}},"_links":{"self":[{"href":"https:\/\/www.joseph-wresinski.org\/fr\/wp-json\/wp\/v2\/posts\/2433","targetHints":{"allow":["GET"]}}],"collection":[{"href":"https:\/\/www.joseph-wresinski.org\/fr\/wp-json\/wp\/v2\/posts"}],"about":[{"href":"https:\/\/www.joseph-wresinski.org\/fr\/wp-json\/wp\/v2\/types\/post"}],"author":[{"embeddable":true,"href":"https:\/\/www.joseph-wresinski.org\/fr\/wp-json\/wp\/v2\/users\/4"}],"replies":[{"embeddable":true,"href":"https:\/\/www.joseph-wresinski.org\/fr\/wp-json\/wp\/v2\/comments?post=2433"}],"version-history":[{"count":3,"href":"https:\/\/www.joseph-wresinski.org\/fr\/wp-json\/wp\/v2\/posts\/2433\/revisions"}],"predecessor-version":[{"id":2437,"href":"https:\/\/www.joseph-wresinski.org\/fr\/wp-json\/wp\/v2\/posts\/2433\/revisions\/2437"}],"wp:featuredmedia":[{"embeddable":true,"href":"https:\/\/www.joseph-wresinski.org\/fr\/wp-json\/wp\/v2\/media\/2434"}],"wp:attachment":[{"href":"https:\/\/www.joseph-wresinski.org\/fr\/wp-json\/wp\/v2\/media?parent=2433"}],"wp:term":[{"taxonomy":"category","embeddable":true,"href":"https:\/\/www.joseph-wresinski.org\/fr\/wp-json\/wp\/v2\/categories?post=2433"},{"taxonomy":"post_tag","embeddable":true,"href":"https:\/\/www.joseph-wresinski.org\/fr\/wp-json\/wp\/v2\/tags?post=2433"}],"curies":[{"name":"wp","href":"https:\/\/api.w.org\/{rel}","templated":true}]}}