{"id":3440,"date":"2021-02-12T00:00:56","date_gmt":"2021-02-11T23:00:56","guid":{"rendered":"https:\/\/www.joseph-wresinski.org\/fr\/?p=3440"},"modified":"2021-09-18T15:29:49","modified_gmt":"2021-09-18T13:29:49","slug":"demblee-devant-mon-peuple","status":"publish","type":"post","link":"https:\/\/www.joseph-wresinski.org\/fr\/demblee-devant-mon-peuple\/","title":{"rendered":"D\u2019embl\u00e9e, devant mon peuple"},"content":{"rendered":"<p>Je suis arriv\u00e9 le 14 juillet 1956 et sur ce plateau, dit le Ch\u00e2teau de France, le soleil r\u00e9pandait une chaleur torride, les ruelles \u00e9taient d\u00e9sertes, personne n\u2019\u00e9tait dehors. Devant ce vide, je me suis dit : autrefois, les sources d\u2019eau, les croisements de route, un clocher, une industrie r\u00e9unissaient les hommes. Ici, les familles sont rassembl\u00e9es par la mis\u00e8re. C\u2019\u00e9tait comme une inspiration. Je savais ne plus \u00eatre en face d\u2019une situation banale de pauvret\u00e9 relative (comme on disait alors), de difficult\u00e9s personnelles. J\u2019avais affaire \u00e0 une mis\u00e8re collective. D\u2019embl\u00e9e, j\u2019ai senti que je me trouvais devant mon peuple. Cela ne s\u2019explique pas,\u00a0 ce fut ainsi.<\/p>\n<p>D\u00e8s cet instant, ma propre vie a pris un tournant. Car ce jour-l\u00e0, je me suis promis que si je restais, je ferais en sorte que ces familles puissent gravir les marches du Vatican, de l\u2019\u00c9lys\u00e9e, de l\u2019ONU\u2026. Cette mis\u00e8re aveuglante qui s\u2019\u00e9talait devant mes yeux dans une chaleur suffocante et un silence total m\u2019a pris au pi\u00e8ge. Depuis, j\u2019ai \u00e9t\u00e9 hant\u00e9 par l\u2019id\u00e9e que jamais ce peuple ne sortirait de sa mis\u00e8re, aussi longtemps qu\u2019il ne serait pas accueilli, dans son ensemble, en tant que peuple, l\u00e0 o\u00f9 discutaient et d\u00e9battaient les autres hommes. Il devait \u00eatre l\u00e0, \u00e0 \u00e9galit\u00e9, partout o\u00f9 les hommes parlent et d\u00e9cident non seulement du pr\u00e9sent, mais du destin de l\u2019homme, du futur de l\u2019humanit\u00e9.<\/p>\n<p>Le 14 juillet 1956, j\u2019ai sign\u00e9 mon sort, m\u00eame si j\u2019ai pu attendre jusqu\u2019au 11 novembre pour m\u2019installer d\u00e9finitivement \u00e0 Noisy-le-Grand. M\u00eame ce 11 novembre, je gardais d\u2019ailleurs mon ancienne paroisse. J\u2019y allais tous les samedis et dimanches. N\u00e9 enfant de la mis\u00e8re, rest\u00e9 un homme de la mis\u00e8re au plus profond de moi, j\u2019avais appris d\u2019elle \u00e0 tout croire, \u00e0 tout oser, mais \u00e0 garder quand m\u00eame quelque part une r\u00e9serve, une poire pour la soif, un morceau de pain rassis dans la poche. Aucun pauvre qui ne fasse de m\u00eame. Ma propre m\u00e8re faisait ainsi : elle gardait toujours une paire de chaussures en avance pour ses enfants, une culotte de trop. Et quand quelqu\u2019un venait nous apporter encore une paire de chaussures usag\u00e9es \u2013 car on nous faisait beaucoup l\u2019aum\u00f4ne \u2013 ma m\u00e8re disait \u00e0 la donatrice : \u00ab Heureusement que vous \u00eates venue, justement nous en avions besoin.\u00a0\u00bb Quand nous \u00e9tions seuls, je lui demandais : \u00ab Maman, pourquoi fais-tu ces simagr\u00e9es ? \u00bb Elle me disait : \u00ab Joseph, tu ne comprends pas, si tu refuses ce qu\u2019ils t\u2019apportent aujourd\u2019hui, le jour o\u00f9 tu en auras besoin, ils auront tout donn\u00e9 ailleurs. \u00bb J\u2019ai gard\u00e9 plusieurs mois mon ancienne paroisse, comme ma m\u00e8re gardait toujours une paire de chaussures, par mesure de s\u00e9curit\u00e9.<\/p>\n<p>&nbsp;<\/p>\n","protected":false},"excerpt":{"rendered":"<p>Je suis arriv\u00e9 le 14 juillet 1956 et sur ce plateau, dit le Ch\u00e2teau de France, le soleil r\u00e9pandait une (&#8230;) <a class=\"more-link\" href=\"https:\/\/www.joseph-wresinski.org\/fr\/demblee-devant-mon-peuple\/\">Lire la suite <span class=\"meta-nav\">&rarr;<\/span><\/a><\/p>\n","protected":false},"author":4,"featured_media":2035,"comment_status":"open","ping_status":"closed","sticky":false,"template":"","format":"standard","meta":{"_acf_changed":false,"ep_exclude_from_search":false,"footnotes":""},"categories":[12,49,62],"tags":[],"class_list":["post-3440","post","type-post","status-publish","format-standard","has-post-thumbnail","hentry","category-actualites","category-ecrits","category-extraits-de-livres"],"acf":[],"yoast_head":"<!-- This site is optimized with the Yoast SEO plugin v27.5 - https:\/\/yoast.com\/product\/yoast-seo-wordpress\/ -->\n<title>D\u2019embl\u00e9e, devant mon peuple - Joseph Wresinski FR<\/title>\n<meta name=\"robots\" content=\"index, follow, max-snippet:-1, max-image-preview:large, max-video-preview:-1\" \/>\n<link rel=\"canonical\" href=\"https:\/\/www.joseph-wresinski.org\/fr\/demblee-devant-mon-peuple\/\" \/>\n<meta property=\"og:locale\" content=\"fr_FR\" \/>\n<meta property=\"og:type\" content=\"article\" \/>\n<meta property=\"og:title\" content=\"D\u2019embl\u00e9e, devant mon peuple - Joseph Wresinski FR\" \/>\n<meta property=\"og:description\" content=\"Je suis arriv\u00e9 le 14 juillet 1956 et sur ce plateau, dit le Ch\u00e2teau de France, le soleil r\u00e9pandait une (...) Lire la suite &rarr;\" \/>\n<meta property=\"og:url\" content=\"https:\/\/www.joseph-wresinski.org\/fr\/demblee-devant-mon-peuple\/\" \/>\n<meta property=\"og:site_name\" content=\"Joseph Wresinski FR\" \/>\n<meta property=\"article:published_time\" content=\"2021-02-11T23:00:56+00:00\" \/>\n<meta property=\"article:modified_time\" content=\"2021-09-18T13:29:49+00:00\" \/>\n<meta property=\"og:image\" content=\"https:\/\/www.joseph-wresinski.org\/fr\/wp-content\/uploads\/sites\/2\/2019\/04\/CIJW-0070-631-004-Noisy-le-Grand-1963-5_Reduit.jpg\" \/>\n\t<meta property=\"og:image:width\" content=\"805\" \/>\n\t<meta property=\"og:image:height\" content=\"555\" \/>\n\t<meta property=\"og:image:type\" content=\"image\/jpeg\" \/>\n<meta name=\"author\" content=\"Jean Tonglet\" \/>\n<meta name=\"twitter:card\" content=\"summary_large_image\" \/>\n<meta name=\"twitter:label1\" content=\"\u00c9crit par\" \/>\n\t<meta name=\"twitter:data1\" content=\"Jean Tonglet\" \/>\n\t<meta name=\"twitter:label2\" content=\"Dur\u00e9e de lecture estim\u00e9e\" \/>\n\t<meta name=\"twitter:data2\" content=\"2 minutes\" \/>\n<script type=\"application\/ld+json\" class=\"yoast-schema-graph\">{\"@context\":\"https:\\\/\\\/schema.org\",\"@graph\":[{\"@type\":\"Article\",\"@id\":\"https:\\\/\\\/www.joseph-wresinski.org\\\/fr\\\/demblee-devant-mon-peuple\\\/#article\",\"isPartOf\":{\"@id\":\"https:\\\/\\\/www.joseph-wresinski.org\\\/fr\\\/demblee-devant-mon-peuple\\\/\"},\"author\":{\"name\":\"Jean Tonglet\",\"@id\":\"https:\\\/\\\/www.joseph-wresinski.org\\\/fr\\\/#\\\/schema\\\/person\\\/93469e0206778753beddb73f4e07c8e0\"},\"headline\":\"D\u2019embl\u00e9e, devant mon peuple\",\"datePublished\":\"2021-02-11T23:00:56+00:00\",\"dateModified\":\"2021-09-18T13:29:49+00:00\",\"mainEntityOfPage\":{\"@id\":\"https:\\\/\\\/www.joseph-wresinski.org\\\/fr\\\/demblee-devant-mon-peuple\\\/\"},\"wordCount\":491,\"commentCount\":1,\"image\":{\"@id\":\"https:\\\/\\\/www.joseph-wresinski.org\\\/fr\\\/demblee-devant-mon-peuple\\\/#primaryimage\"},\"thumbnailUrl\":\"https:\\\/\\\/www.joseph-wresinski.org\\\/fr\\\/wp-content\\\/uploads\\\/sites\\\/2\\\/2019\\\/04\\\/CIJW-0070-631-004-Noisy-le-Grand-1963-5_Reduit.jpg\",\"articleSection\":[\"Actualit\u00e9s\",\"Ecrits\",\"Extraits de livres\"],\"inLanguage\":\"fr-FR\",\"potentialAction\":[{\"@type\":\"CommentAction\",\"name\":\"Comment\",\"target\":[\"https:\\\/\\\/www.joseph-wresinski.org\\\/fr\\\/demblee-devant-mon-peuple\\\/#respond\"]}]},{\"@type\":\"WebPage\",\"@id\":\"https:\\\/\\\/www.joseph-wresinski.org\\\/fr\\\/demblee-devant-mon-peuple\\\/\",\"url\":\"https:\\\/\\\/www.joseph-wresinski.org\\\/fr\\\/demblee-devant-mon-peuple\\\/\",\"name\":\"D\u2019embl\u00e9e, devant mon peuple - Joseph Wresinski FR\",\"isPartOf\":{\"@id\":\"https:\\\/\\\/www.joseph-wresinski.org\\\/fr\\\/#website\"},\"primaryImageOfPage\":{\"@id\":\"https:\\\/\\\/www.joseph-wresinski.org\\\/fr\\\/demblee-devant-mon-peuple\\\/#primaryimage\"},\"image\":{\"@id\":\"https:\\\/\\\/www.joseph-wresinski.org\\\/fr\\\/demblee-devant-mon-peuple\\\/#primaryimage\"},\"thumbnailUrl\":\"https:\\\/\\\/www.joseph-wresinski.org\\\/fr\\\/wp-content\\\/uploads\\\/sites\\\/2\\\/2019\\\/04\\\/CIJW-0070-631-004-Noisy-le-Grand-1963-5_Reduit.jpg\",\"datePublished\":\"2021-02-11T23:00:56+00:00\",\"dateModified\":\"2021-09-18T13:29:49+00:00\",\"author\":{\"@id\":\"https:\\\/\\\/www.joseph-wresinski.org\\\/fr\\\/#\\\/schema\\\/person\\\/93469e0206778753beddb73f4e07c8e0\"},\"breadcrumb\":{\"@id\":\"https:\\\/\\\/www.joseph-wresinski.org\\\/fr\\\/demblee-devant-mon-peuple\\\/#breadcrumb\"},\"inLanguage\":\"fr-FR\",\"potentialAction\":[{\"@type\":\"ReadAction\",\"target\":[\"https:\\\/\\\/www.joseph-wresinski.org\\\/fr\\\/demblee-devant-mon-peuple\\\/\"]}]},{\"@type\":\"ImageObject\",\"inLanguage\":\"fr-FR\",\"@id\":\"https:\\\/\\\/www.joseph-wresinski.org\\\/fr\\\/demblee-devant-mon-peuple\\\/#primaryimage\",\"url\":\"https:\\\/\\\/www.joseph-wresinski.org\\\/fr\\\/wp-content\\\/uploads\\\/sites\\\/2\\\/2019\\\/04\\\/CIJW-0070-631-004-Noisy-le-Grand-1963-5_Reduit.jpg\",\"contentUrl\":\"https:\\\/\\\/www.joseph-wresinski.org\\\/fr\\\/wp-content\\\/uploads\\\/sites\\\/2\\\/2019\\\/04\\\/CIJW-0070-631-004-Noisy-le-Grand-1963-5_Reduit.jpg\",\"width\":805,\"height\":555},{\"@type\":\"BreadcrumbList\",\"@id\":\"https:\\\/\\\/www.joseph-wresinski.org\\\/fr\\\/demblee-devant-mon-peuple\\\/#breadcrumb\",\"itemListElement\":[{\"@type\":\"ListItem\",\"position\":1,\"name\":\"Accueil\",\"item\":\"https:\\\/\\\/www.joseph-wresinski.org\\\/fr\\\/\"},{\"@type\":\"ListItem\",\"position\":2,\"name\":\"D\u2019embl\u00e9e, devant mon peuple\"}]},{\"@type\":\"WebSite\",\"@id\":\"https:\\\/\\\/www.joseph-wresinski.org\\\/fr\\\/#website\",\"url\":\"https:\\\/\\\/www.joseph-wresinski.org\\\/fr\\\/\",\"name\":\"Joseph Wresinski FR\",\"description\":\"Un site propos\u00e9 par le centre Joseph Wresinski\",\"potentialAction\":[{\"@type\":\"SearchAction\",\"target\":{\"@type\":\"EntryPoint\",\"urlTemplate\":\"https:\\\/\\\/www.joseph-wresinski.org\\\/fr\\\/?s={search_term_string}\"},\"query-input\":{\"@type\":\"PropertyValueSpecification\",\"valueRequired\":true,\"valueName\":\"search_term_string\"}}],\"inLanguage\":\"fr-FR\"},{\"@type\":\"Person\",\"@id\":\"https:\\\/\\\/www.joseph-wresinski.org\\\/fr\\\/#\\\/schema\\\/person\\\/93469e0206778753beddb73f4e07c8e0\",\"name\":\"Jean Tonglet\",\"image\":{\"@type\":\"ImageObject\",\"inLanguage\":\"fr-FR\",\"@id\":\"https:\\\/\\\/secure.gravatar.com\\\/avatar\\\/599cfd98b536979bcebf2d6839f0c694333341f1caf7ba53413b62de5453de40?s=96&d=mm&r=g\",\"url\":\"https:\\\/\\\/secure.gravatar.com\\\/avatar\\\/599cfd98b536979bcebf2d6839f0c694333341f1caf7ba53413b62de5453de40?s=96&d=mm&r=g\",\"contentUrl\":\"https:\\\/\\\/secure.gravatar.com\\\/avatar\\\/599cfd98b536979bcebf2d6839f0c694333341f1caf7ba53413b62de5453de40?s=96&d=mm&r=g\",\"caption\":\"Jean Tonglet\"},\"url\":\"https:\\\/\\\/www.joseph-wresinski.org\\\/fr\\\/author\\\/jean\\\/\"}]}<\/script>\n<!-- \/ Yoast SEO plugin. -->","yoast_head_json":{"title":"D\u2019embl\u00e9e, devant mon peuple - Joseph Wresinski FR","robots":{"index":"index","follow":"follow","max-snippet":"max-snippet:-1","max-image-preview":"max-image-preview:large","max-video-preview":"max-video-preview:-1"},"canonical":"https:\/\/www.joseph-wresinski.org\/fr\/demblee-devant-mon-peuple\/","og_locale":"fr_FR","og_type":"article","og_title":"D\u2019embl\u00e9e, devant mon peuple - Joseph Wresinski FR","og_description":"Je suis arriv\u00e9 le 14 juillet 1956 et sur ce plateau, dit le Ch\u00e2teau de France, le soleil r\u00e9pandait une (...) Lire la suite &rarr;","og_url":"https:\/\/www.joseph-wresinski.org\/fr\/demblee-devant-mon-peuple\/","og_site_name":"Joseph Wresinski FR","article_published_time":"2021-02-11T23:00:56+00:00","article_modified_time":"2021-09-18T13:29:49+00:00","og_image":[{"width":805,"height":555,"url":"https:\/\/www.joseph-wresinski.org\/fr\/wp-content\/uploads\/sites\/2\/2019\/04\/CIJW-0070-631-004-Noisy-le-Grand-1963-5_Reduit.jpg","type":"image\/jpeg"}],"author":"Jean Tonglet","twitter_card":"summary_large_image","twitter_misc":{"\u00c9crit par":"Jean Tonglet","Dur\u00e9e de lecture estim\u00e9e":"2 minutes"},"schema":{"@context":"https:\/\/schema.org","@graph":[{"@type":"Article","@id":"https:\/\/www.joseph-wresinski.org\/fr\/demblee-devant-mon-peuple\/#article","isPartOf":{"@id":"https:\/\/www.joseph-wresinski.org\/fr\/demblee-devant-mon-peuple\/"},"author":{"name":"Jean Tonglet","@id":"https:\/\/www.joseph-wresinski.org\/fr\/#\/schema\/person\/93469e0206778753beddb73f4e07c8e0"},"headline":"D\u2019embl\u00e9e, devant mon peuple","datePublished":"2021-02-11T23:00:56+00:00","dateModified":"2021-09-18T13:29:49+00:00","mainEntityOfPage":{"@id":"https:\/\/www.joseph-wresinski.org\/fr\/demblee-devant-mon-peuple\/"},"wordCount":491,"commentCount":1,"image":{"@id":"https:\/\/www.joseph-wresinski.org\/fr\/demblee-devant-mon-peuple\/#primaryimage"},"thumbnailUrl":"https:\/\/www.joseph-wresinski.org\/fr\/wp-content\/uploads\/sites\/2\/2019\/04\/CIJW-0070-631-004-Noisy-le-Grand-1963-5_Reduit.jpg","articleSection":["Actualit\u00e9s","Ecrits","Extraits de livres"],"inLanguage":"fr-FR","potentialAction":[{"@type":"CommentAction","name":"Comment","target":["https:\/\/www.joseph-wresinski.org\/fr\/demblee-devant-mon-peuple\/#respond"]}]},{"@type":"WebPage","@id":"https:\/\/www.joseph-wresinski.org\/fr\/demblee-devant-mon-peuple\/","url":"https:\/\/www.joseph-wresinski.org\/fr\/demblee-devant-mon-peuple\/","name":"D\u2019embl\u00e9e, devant mon peuple - Joseph Wresinski FR","isPartOf":{"@id":"https:\/\/www.joseph-wresinski.org\/fr\/#website"},"primaryImageOfPage":{"@id":"https:\/\/www.joseph-wresinski.org\/fr\/demblee-devant-mon-peuple\/#primaryimage"},"image":{"@id":"https:\/\/www.joseph-wresinski.org\/fr\/demblee-devant-mon-peuple\/#primaryimage"},"thumbnailUrl":"https:\/\/www.joseph-wresinski.org\/fr\/wp-content\/uploads\/sites\/2\/2019\/04\/CIJW-0070-631-004-Noisy-le-Grand-1963-5_Reduit.jpg","datePublished":"2021-02-11T23:00:56+00:00","dateModified":"2021-09-18T13:29:49+00:00","author":{"@id":"https:\/\/www.joseph-wresinski.org\/fr\/#\/schema\/person\/93469e0206778753beddb73f4e07c8e0"},"breadcrumb":{"@id":"https:\/\/www.joseph-wresinski.org\/fr\/demblee-devant-mon-peuple\/#breadcrumb"},"inLanguage":"fr-FR","potentialAction":[{"@type":"ReadAction","target":["https:\/\/www.joseph-wresinski.org\/fr\/demblee-devant-mon-peuple\/"]}]},{"@type":"ImageObject","inLanguage":"fr-FR","@id":"https:\/\/www.joseph-wresinski.org\/fr\/demblee-devant-mon-peuple\/#primaryimage","url":"https:\/\/www.joseph-wresinski.org\/fr\/wp-content\/uploads\/sites\/2\/2019\/04\/CIJW-0070-631-004-Noisy-le-Grand-1963-5_Reduit.jpg","contentUrl":"https:\/\/www.joseph-wresinski.org\/fr\/wp-content\/uploads\/sites\/2\/2019\/04\/CIJW-0070-631-004-Noisy-le-Grand-1963-5_Reduit.jpg","width":805,"height":555},{"@type":"BreadcrumbList","@id":"https:\/\/www.joseph-wresinski.org\/fr\/demblee-devant-mon-peuple\/#breadcrumb","itemListElement":[{"@type":"ListItem","position":1,"name":"Accueil","item":"https:\/\/www.joseph-wresinski.org\/fr\/"},{"@type":"ListItem","position":2,"name":"D\u2019embl\u00e9e, devant mon peuple"}]},{"@type":"WebSite","@id":"https:\/\/www.joseph-wresinski.org\/fr\/#website","url":"https:\/\/www.joseph-wresinski.org\/fr\/","name":"Joseph Wresinski FR","description":"Un site propos\u00e9 par le centre Joseph Wresinski","potentialAction":[{"@type":"SearchAction","target":{"@type":"EntryPoint","urlTemplate":"https:\/\/www.joseph-wresinski.org\/fr\/?s={search_term_string}"},"query-input":{"@type":"PropertyValueSpecification","valueRequired":true,"valueName":"search_term_string"}}],"inLanguage":"fr-FR"},{"@type":"Person","@id":"https:\/\/www.joseph-wresinski.org\/fr\/#\/schema\/person\/93469e0206778753beddb73f4e07c8e0","name":"Jean Tonglet","image":{"@type":"ImageObject","inLanguage":"fr-FR","@id":"https:\/\/secure.gravatar.com\/avatar\/599cfd98b536979bcebf2d6839f0c694333341f1caf7ba53413b62de5453de40?s=96&d=mm&r=g","url":"https:\/\/secure.gravatar.com\/avatar\/599cfd98b536979bcebf2d6839f0c694333341f1caf7ba53413b62de5453de40?s=96&d=mm&r=g","contentUrl":"https:\/\/secure.gravatar.com\/avatar\/599cfd98b536979bcebf2d6839f0c694333341f1caf7ba53413b62de5453de40?s=96&d=mm&r=g","caption":"Jean Tonglet"},"url":"https:\/\/www.joseph-wresinski.org\/fr\/author\/jean\/"}]}},"_links":{"self":[{"href":"https:\/\/www.joseph-wresinski.org\/fr\/wp-json\/wp\/v2\/posts\/3440","targetHints":{"allow":["GET"]}}],"collection":[{"href":"https:\/\/www.joseph-wresinski.org\/fr\/wp-json\/wp\/v2\/posts"}],"about":[{"href":"https:\/\/www.joseph-wresinski.org\/fr\/wp-json\/wp\/v2\/types\/post"}],"author":[{"embeddable":true,"href":"https:\/\/www.joseph-wresinski.org\/fr\/wp-json\/wp\/v2\/users\/4"}],"replies":[{"embeddable":true,"href":"https:\/\/www.joseph-wresinski.org\/fr\/wp-json\/wp\/v2\/comments?post=3440"}],"version-history":[{"count":4,"href":"https:\/\/www.joseph-wresinski.org\/fr\/wp-json\/wp\/v2\/posts\/3440\/revisions"}],"predecessor-version":[{"id":3919,"href":"https:\/\/www.joseph-wresinski.org\/fr\/wp-json\/wp\/v2\/posts\/3440\/revisions\/3919"}],"wp:featuredmedia":[{"embeddable":true,"href":"https:\/\/www.joseph-wresinski.org\/fr\/wp-json\/wp\/v2\/media\/2035"}],"wp:attachment":[{"href":"https:\/\/www.joseph-wresinski.org\/fr\/wp-json\/wp\/v2\/media?parent=3440"}],"wp:term":[{"taxonomy":"category","embeddable":true,"href":"https:\/\/www.joseph-wresinski.org\/fr\/wp-json\/wp\/v2\/categories?post=3440"},{"taxonomy":"post_tag","embeddable":true,"href":"https:\/\/www.joseph-wresinski.org\/fr\/wp-json\/wp\/v2\/tags?post=3440"}],"curies":[{"name":"wp","href":"https:\/\/api.w.org\/{rel}","templated":true}]}}