{"id":345,"date":"2006-05-19T17:37:14","date_gmt":"2006-05-19T15:37:14","guid":{"rendered":"http:\/\/www.joseph-wresinski.org\/fr\/2006\/05\/19\/une-vie-notre-vie\/"},"modified":"2021-01-19T10:35:45","modified_gmt":"2021-01-19T09:35:45","slug":"une-vie-notre-vie","status":"publish","type":"post","link":"https:\/\/www.joseph-wresinski.org\/fr\/une-vie-notre-vie\/","title":{"rendered":"Une vie, notre vie"},"content":{"rendered":"<p>Extraits d\u2019interviews du p\u00e8re Joseph publi\u00e9s sous le titre : \u00ab\u00a0P\u00e8re Joseph Wresinski, fondateur du Mouvement ATD Quart Monde\u00a0\u00bb, en 1989, et r\u00e9\u00e9dit\u00e9 en 2005.<\/p>\n","protected":false},"excerpt":{"rendered":"<p>Extraits d\u2019interviews du p\u00e8re Joseph publi\u00e9s sous le titre : \u00ab\u00a0P\u00e8re Joseph Wresinski, fondateur du Mouvement ATD Quart Monde\u00a0\u00bb, en (&#8230;) <a class=\"more-link\" href=\"https:\/\/www.joseph-wresinski.org\/fr\/une-vie-notre-vie\/\">Lire la suite <span class=\"meta-nav\">&rarr;<\/span><\/a><\/p>\n","protected":false},"author":1,"featured_media":1349,"comment_status":"open","ping_status":"open","sticky":false,"template":"","format":"standard","meta":{"_acf_changed":false,"ep_exclude_from_search":false,"footnotes":""},"categories":[32],"tags":[],"class_list":["post-345","post","type-post","status-publish","format-standard","has-post-thumbnail","hentry","category-biographie"],"acf":[],"yoast_head":"<!-- This site is optimized with the Yoast SEO plugin v27.5 - https:\/\/yoast.com\/product\/yoast-seo-wordpress\/ -->\n<title>Une vie, notre vie - Joseph Wresinski FR<\/title>\n<meta name=\"robots\" content=\"index, follow, max-snippet:-1, max-image-preview:large, max-video-preview:-1\" \/>\n<link rel=\"canonical\" href=\"https:\/\/www.joseph-wresinski.org\/fr\/une-vie-notre-vie\/\" \/>\n<meta property=\"og:locale\" content=\"fr_FR\" \/>\n<meta property=\"og:type\" content=\"article\" \/>\n<meta property=\"og:title\" content=\"Une vie, notre vie - Joseph Wresinski FR\" \/>\n<meta property=\"og:description\" content=\"Extraits d\u2019interviews du p\u00e8re Joseph publi\u00e9s sous le titre : \u00ab\u00a0P\u00e8re Joseph Wresinski, fondateur du Mouvement ATD Quart Monde\u00a0\u00bb, en (...) Lire la suite &rarr;\" \/>\n<meta property=\"og:url\" content=\"https:\/\/www.joseph-wresinski.org\/fr\/une-vie-notre-vie\/\" \/>\n<meta property=\"og:site_name\" content=\"Joseph Wresinski FR\" \/>\n<meta property=\"article:published_time\" content=\"2006-05-19T15:37:14+00:00\" \/>\n<meta property=\"article:modified_time\" content=\"2021-01-19T09:35:45+00:00\" \/>\n<meta property=\"og:image\" content=\"https:\/\/www.joseph-wresinski.org\/fr\/wp-content\/uploads\/sites\/2\/2008\/04\/PJWFondateurUneVieMaxi.jpg\" \/>\n\t<meta property=\"og:image:width\" content=\"487\" \/>\n\t<meta property=\"og:image:height\" content=\"804\" \/>\n\t<meta property=\"og:image:type\" content=\"image\/jpeg\" \/>\n<meta name=\"author\" content=\"webmestre\" \/>\n<meta name=\"twitter:card\" content=\"summary_large_image\" \/>\n<meta name=\"twitter:label1\" content=\"\u00c9crit par\" \/>\n\t<meta name=\"twitter:data1\" content=\"webmestre\" \/>\n<script type=\"application\/ld+json\" class=\"yoast-schema-graph\">{\"@context\":\"https:\\\/\\\/schema.org\",\"@graph\":[{\"@type\":\"Article\",\"@id\":\"https:\\\/\\\/www.joseph-wresinski.org\\\/fr\\\/une-vie-notre-vie\\\/#article\",\"isPartOf\":{\"@id\":\"https:\\\/\\\/www.joseph-wresinski.org\\\/fr\\\/une-vie-notre-vie\\\/\"},\"author\":{\"name\":\"webmestre\",\"@id\":\"https:\\\/\\\/www.joseph-wresinski.org\\\/fr\\\/#\\\/schema\\\/person\\\/c666928d4be7b5b71419e1a78b02d04a\"},\"headline\":\"Une vie, notre vie\",\"datePublished\":\"2006-05-19T15:37:14+00:00\",\"dateModified\":\"2021-01-19T09:35:45+00:00\",\"mainEntityOfPage\":{\"@id\":\"https:\\\/\\\/www.joseph-wresinski.org\\\/fr\\\/une-vie-notre-vie\\\/\"},\"wordCount\":31,\"commentCount\":1,\"image\":{\"@id\":\"https:\\\/\\\/www.joseph-wresinski.org\\\/fr\\\/une-vie-notre-vie\\\/#primaryimage\"},\"thumbnailUrl\":\"https:\\\/\\\/www.joseph-wresinski.org\\\/fr\\\/wp-content\\\/uploads\\\/sites\\\/2\\\/2008\\\/04\\\/PJWFondateurUneVieMaxi.jpg\",\"articleSection\":[\"Biographie\"],\"inLanguage\":\"fr-FR\",\"potentialAction\":[{\"@type\":\"CommentAction\",\"name\":\"Comment\",\"target\":[\"https:\\\/\\\/www.joseph-wresinski.org\\\/fr\\\/une-vie-notre-vie\\\/#respond\"]}]},{\"@type\":\"WebPage\",\"@id\":\"https:\\\/\\\/www.joseph-wresinski.org\\\/fr\\\/une-vie-notre-vie\\\/\",\"url\":\"https:\\\/\\\/www.joseph-wresinski.org\\\/fr\\\/une-vie-notre-vie\\\/\",\"name\":\"Une vie, notre vie - Joseph Wresinski FR\",\"isPartOf\":{\"@id\":\"https:\\\/\\\/www.joseph-wresinski.org\\\/fr\\\/#website\"},\"primaryImageOfPage\":{\"@id\":\"https:\\\/\\\/www.joseph-wresinski.org\\\/fr\\\/une-vie-notre-vie\\\/#primaryimage\"},\"image\":{\"@id\":\"https:\\\/\\\/www.joseph-wresinski.org\\\/fr\\\/une-vie-notre-vie\\\/#primaryimage\"},\"thumbnailUrl\":\"https:\\\/\\\/www.joseph-wresinski.org\\\/fr\\\/wp-content\\\/uploads\\\/sites\\\/2\\\/2008\\\/04\\\/PJWFondateurUneVieMaxi.jpg\",\"datePublished\":\"2006-05-19T15:37:14+00:00\",\"dateModified\":\"2021-01-19T09:35:45+00:00\",\"author\":{\"@id\":\"https:\\\/\\\/www.joseph-wresinski.org\\\/fr\\\/#\\\/schema\\\/person\\\/c666928d4be7b5b71419e1a78b02d04a\"},\"breadcrumb\":{\"@id\":\"https:\\\/\\\/www.joseph-wresinski.org\\\/fr\\\/une-vie-notre-vie\\\/#breadcrumb\"},\"inLanguage\":\"fr-FR\",\"potentialAction\":[{\"@type\":\"ReadAction\",\"target\":[\"https:\\\/\\\/www.joseph-wresinski.org\\\/fr\\\/une-vie-notre-vie\\\/\"]}]},{\"@type\":\"ImageObject\",\"inLanguage\":\"fr-FR\",\"@id\":\"https:\\\/\\\/www.joseph-wresinski.org\\\/fr\\\/une-vie-notre-vie\\\/#primaryimage\",\"url\":\"https:\\\/\\\/www.joseph-wresinski.org\\\/fr\\\/wp-content\\\/uploads\\\/sites\\\/2\\\/2008\\\/04\\\/PJWFondateurUneVieMaxi.jpg\",\"contentUrl\":\"https:\\\/\\\/www.joseph-wresinski.org\\\/fr\\\/wp-content\\\/uploads\\\/sites\\\/2\\\/2008\\\/04\\\/PJWFondateurUneVieMaxi.jpg\",\"width\":487,\"height\":804},{\"@type\":\"BreadcrumbList\",\"@id\":\"https:\\\/\\\/www.joseph-wresinski.org\\\/fr\\\/une-vie-notre-vie\\\/#breadcrumb\",\"itemListElement\":[{\"@type\":\"ListItem\",\"position\":1,\"name\":\"Accueil\",\"item\":\"https:\\\/\\\/www.joseph-wresinski.org\\\/fr\\\/\"},{\"@type\":\"ListItem\",\"position\":2,\"name\":\"Une vie, notre vie\"}]},{\"@type\":\"WebSite\",\"@id\":\"https:\\\/\\\/www.joseph-wresinski.org\\\/fr\\\/#website\",\"url\":\"https:\\\/\\\/www.joseph-wresinski.org\\\/fr\\\/\",\"name\":\"Joseph Wresinski FR\",\"description\":\"Un site propos\u00e9 par le centre Joseph Wresinski\",\"potentialAction\":[{\"@type\":\"SearchAction\",\"target\":{\"@type\":\"EntryPoint\",\"urlTemplate\":\"https:\\\/\\\/www.joseph-wresinski.org\\\/fr\\\/?s={search_term_string}\"},\"query-input\":{\"@type\":\"PropertyValueSpecification\",\"valueRequired\":true,\"valueName\":\"search_term_string\"}}],\"inLanguage\":\"fr-FR\"},{\"@type\":\"Person\",\"@id\":\"https:\\\/\\\/www.joseph-wresinski.org\\\/fr\\\/#\\\/schema\\\/person\\\/c666928d4be7b5b71419e1a78b02d04a\",\"name\":\"webmestre\",\"image\":{\"@type\":\"ImageObject\",\"inLanguage\":\"fr-FR\",\"@id\":\"https:\\\/\\\/secure.gravatar.com\\\/avatar\\\/416a097a3f95c03b93462266ddf7a1b5b815e837b340f6b881ae80c56b8c6d56?s=96&d=mm&r=g\",\"url\":\"https:\\\/\\\/secure.gravatar.com\\\/avatar\\\/416a097a3f95c03b93462266ddf7a1b5b815e837b340f6b881ae80c56b8c6d56?s=96&d=mm&r=g\",\"contentUrl\":\"https:\\\/\\\/secure.gravatar.com\\\/avatar\\\/416a097a3f95c03b93462266ddf7a1b5b815e837b340f6b881ae80c56b8c6d56?s=96&d=mm&r=g\",\"caption\":\"webmestre\"},\"url\":\"https:\\\/\\\/www.joseph-wresinski.org\\\/fr\\\/author\\\/webmestre\\\/\"}]}<\/script>\n<!-- \/ Yoast SEO plugin. -->","yoast_head_json":{"title":"Une vie, notre vie - Joseph Wresinski FR","robots":{"index":"index","follow":"follow","max-snippet":"max-snippet:-1","max-image-preview":"max-image-preview:large","max-video-preview":"max-video-preview:-1"},"canonical":"https:\/\/www.joseph-wresinski.org\/fr\/une-vie-notre-vie\/","og_locale":"fr_FR","og_type":"article","og_title":"Une vie, notre vie - Joseph Wresinski FR","og_description":"Extraits d\u2019interviews du p\u00e8re Joseph publi\u00e9s sous le titre : \u00ab\u00a0P\u00e8re Joseph Wresinski, fondateur du Mouvement ATD Quart Monde\u00a0\u00bb, en (...) Lire la suite &rarr;","og_url":"https:\/\/www.joseph-wresinski.org\/fr\/une-vie-notre-vie\/","og_site_name":"Joseph Wresinski FR","article_published_time":"2006-05-19T15:37:14+00:00","article_modified_time":"2021-01-19T09:35:45+00:00","og_image":[{"width":487,"height":804,"url":"https:\/\/www.joseph-wresinski.org\/fr\/wp-content\/uploads\/sites\/2\/2008\/04\/PJWFondateurUneVieMaxi.jpg","type":"image\/jpeg"}],"author":"webmestre","twitter_card":"summary_large_image","twitter_misc":{"\u00c9crit par":"webmestre"},"schema":{"@context":"https:\/\/schema.org","@graph":[{"@type":"Article","@id":"https:\/\/www.joseph-wresinski.org\/fr\/une-vie-notre-vie\/#article","isPartOf":{"@id":"https:\/\/www.joseph-wresinski.org\/fr\/une-vie-notre-vie\/"},"author":{"name":"webmestre","@id":"https:\/\/www.joseph-wresinski.org\/fr\/#\/schema\/person\/c666928d4be7b5b71419e1a78b02d04a"},"headline":"Une vie, notre vie","datePublished":"2006-05-19T15:37:14+00:00","dateModified":"2021-01-19T09:35:45+00:00","mainEntityOfPage":{"@id":"https:\/\/www.joseph-wresinski.org\/fr\/une-vie-notre-vie\/"},"wordCount":31,"commentCount":1,"image":{"@id":"https:\/\/www.joseph-wresinski.org\/fr\/une-vie-notre-vie\/#primaryimage"},"thumbnailUrl":"https:\/\/www.joseph-wresinski.org\/fr\/wp-content\/uploads\/sites\/2\/2008\/04\/PJWFondateurUneVieMaxi.jpg","articleSection":["Biographie"],"inLanguage":"fr-FR","potentialAction":[{"@type":"CommentAction","name":"Comment","target":["https:\/\/www.joseph-wresinski.org\/fr\/une-vie-notre-vie\/#respond"]}]},{"@type":"WebPage","@id":"https:\/\/www.joseph-wresinski.org\/fr\/une-vie-notre-vie\/","url":"https:\/\/www.joseph-wresinski.org\/fr\/une-vie-notre-vie\/","name":"Une vie, notre vie - Joseph Wresinski FR","isPartOf":{"@id":"https:\/\/www.joseph-wresinski.org\/fr\/#website"},"primaryImageOfPage":{"@id":"https:\/\/www.joseph-wresinski.org\/fr\/une-vie-notre-vie\/#primaryimage"},"image":{"@id":"https:\/\/www.joseph-wresinski.org\/fr\/une-vie-notre-vie\/#primaryimage"},"thumbnailUrl":"https:\/\/www.joseph-wresinski.org\/fr\/wp-content\/uploads\/sites\/2\/2008\/04\/PJWFondateurUneVieMaxi.jpg","datePublished":"2006-05-19T15:37:14+00:00","dateModified":"2021-01-19T09:35:45+00:00","author":{"@id":"https:\/\/www.joseph-wresinski.org\/fr\/#\/schema\/person\/c666928d4be7b5b71419e1a78b02d04a"},"breadcrumb":{"@id":"https:\/\/www.joseph-wresinski.org\/fr\/une-vie-notre-vie\/#breadcrumb"},"inLanguage":"fr-FR","potentialAction":[{"@type":"ReadAction","target":["https:\/\/www.joseph-wresinski.org\/fr\/une-vie-notre-vie\/"]}]},{"@type":"ImageObject","inLanguage":"fr-FR","@id":"https:\/\/www.joseph-wresinski.org\/fr\/une-vie-notre-vie\/#primaryimage","url":"https:\/\/www.joseph-wresinski.org\/fr\/wp-content\/uploads\/sites\/2\/2008\/04\/PJWFondateurUneVieMaxi.jpg","contentUrl":"https:\/\/www.joseph-wresinski.org\/fr\/wp-content\/uploads\/sites\/2\/2008\/04\/PJWFondateurUneVieMaxi.jpg","width":487,"height":804},{"@type":"BreadcrumbList","@id":"https:\/\/www.joseph-wresinski.org\/fr\/une-vie-notre-vie\/#breadcrumb","itemListElement":[{"@type":"ListItem","position":1,"name":"Accueil","item":"https:\/\/www.joseph-wresinski.org\/fr\/"},{"@type":"ListItem","position":2,"name":"Une vie, notre vie"}]},{"@type":"WebSite","@id":"https:\/\/www.joseph-wresinski.org\/fr\/#website","url":"https:\/\/www.joseph-wresinski.org\/fr\/","name":"Joseph Wresinski FR","description":"Un site propos\u00e9 par le centre Joseph Wresinski","potentialAction":[{"@type":"SearchAction","target":{"@type":"EntryPoint","urlTemplate":"https:\/\/www.joseph-wresinski.org\/fr\/?s={search_term_string}"},"query-input":{"@type":"PropertyValueSpecification","valueRequired":true,"valueName":"search_term_string"}}],"inLanguage":"fr-FR"},{"@type":"Person","@id":"https:\/\/www.joseph-wresinski.org\/fr\/#\/schema\/person\/c666928d4be7b5b71419e1a78b02d04a","name":"webmestre","image":{"@type":"ImageObject","inLanguage":"fr-FR","@id":"https:\/\/secure.gravatar.com\/avatar\/416a097a3f95c03b93462266ddf7a1b5b815e837b340f6b881ae80c56b8c6d56?s=96&d=mm&r=g","url":"https:\/\/secure.gravatar.com\/avatar\/416a097a3f95c03b93462266ddf7a1b5b815e837b340f6b881ae80c56b8c6d56?s=96&d=mm&r=g","contentUrl":"https:\/\/secure.gravatar.com\/avatar\/416a097a3f95c03b93462266ddf7a1b5b815e837b340f6b881ae80c56b8c6d56?s=96&d=mm&r=g","caption":"webmestre"},"url":"https:\/\/www.joseph-wresinski.org\/fr\/author\/webmestre\/"}]}},"_links":{"self":[{"href":"https:\/\/www.joseph-wresinski.org\/fr\/wp-json\/wp\/v2\/posts\/345","targetHints":{"allow":["GET"]}}],"collection":[{"href":"https:\/\/www.joseph-wresinski.org\/fr\/wp-json\/wp\/v2\/posts"}],"about":[{"href":"https:\/\/www.joseph-wresinski.org\/fr\/wp-json\/wp\/v2\/types\/post"}],"author":[{"embeddable":true,"href":"https:\/\/www.joseph-wresinski.org\/fr\/wp-json\/wp\/v2\/users\/1"}],"replies":[{"embeddable":true,"href":"https:\/\/www.joseph-wresinski.org\/fr\/wp-json\/wp\/v2\/comments?post=345"}],"version-history":[{"count":6,"href":"https:\/\/www.joseph-wresinski.org\/fr\/wp-json\/wp\/v2\/posts\/345\/revisions"}],"predecessor-version":[{"id":3434,"href":"https:\/\/www.joseph-wresinski.org\/fr\/wp-json\/wp\/v2\/posts\/345\/revisions\/3434"}],"wp:featuredmedia":[{"embeddable":true,"href":"https:\/\/www.joseph-wresinski.org\/fr\/wp-json\/wp\/v2\/media\/1349"}],"wp:attachment":[{"href":"https:\/\/www.joseph-wresinski.org\/fr\/wp-json\/wp\/v2\/media?parent=345"}],"wp:term":[{"taxonomy":"category","embeddable":true,"href":"https:\/\/www.joseph-wresinski.org\/fr\/wp-json\/wp\/v2\/categories?post=345"},{"taxonomy":"post_tag","embeddable":true,"href":"https:\/\/www.joseph-wresinski.org\/fr\/wp-json\/wp\/v2\/tags?post=345"}],"curies":[{"name":"wp","href":"https:\/\/api.w.org\/{rel}","templated":true}]}}