{"id":3507,"date":"2021-04-01T00:00:19","date_gmt":"2021-03-31T22:00:19","guid":{"rendered":"https:\/\/www.joseph-wresinski.org\/fr\/?p=3507"},"modified":"2021-05-07T16:04:39","modified_gmt":"2021-05-07T14:04:39","slug":"pardonner-croyez-moi-cest-dur","status":"publish","type":"post","link":"https:\/\/www.joseph-wresinski.org\/fr\/pardonner-croyez-moi-cest-dur\/","title":{"rendered":"Pardonner, croyez-moi, c\u2019est dur"},"content":{"rendered":"<p><i>En ces temps de crise, ce message \u00e9crit en 1984 est de pleine actualit\u00e9, comme l&rsquo;est aussi l&rsquo;appel lanc\u00e9 par Joseph Wresinski en conclusion de son recueil de textes :<\/i><i> \u00ab\u00a0Amis, ces enfants, ces m\u00e8res, ces \u00e9poux, ce peuple de la mis\u00e8re peut-il compter sur vous demain ?\u00a0\u00bb (Paroles pour demain, p. 141)<\/i><\/p>\n<p>Ces mois derniers,<br \/>\nau carrefour de la rue Cadet<br \/>\net du boulevard Montmartre \u00e0 Paris,<br \/>\ndes jeunes femmes de vingt-cinq \u00e0 trente ans<br \/>\nfouillaient \u00e0 proximit\u00e9 d\u2019un march\u00e9<br \/>\ndans des cartons jet\u00e9s en vrac, les uns sur les autres.<br \/>\nL\u2019une d\u2019elles en tira deux cakes \u00e0 moiti\u00e9 mang\u00e9s,<br \/>\net les glissa furtivement dans un sac.<br \/>\nElle fut aussit\u00f4t rejointe par deux bambins<br \/>\n\u00e0 qui elle partagea l\u2019un des deux g\u00e2teaux.<\/p>\n<p>J\u2019\u00e9tais tellement boulevers\u00e9 que je ne sus rien dire\u00a0!<\/p>\n<p>Mais je revoyais ces gosses qui,<br \/>\ndans les ann\u00e9es 60,<br \/>\ncherchaient eux aussi,<br \/>\nau camp de Noisy-le-Grand,<br \/>\ndans les poubelles, quelque nourriture.<\/p>\n<p>Je me rappelais ces gar\u00e7ons<br \/>\nqui vendaient leurs billes<br \/>\npour acheter un pain pour la f\u00eate de leur m\u00e8re.<br \/>\nJe pensais que jamais je ne reverrais cela.<\/p>\n<p>Or voil\u00e0 qu\u2019une maman nourrissait<br \/>\nses deux enfants de cakes avari\u00e9s.<\/p>\n<p>Je n\u2019aurais pas imagin\u00e9 non plus vivre,<br \/>\nen ce mois de septembre 1984,<br \/>\nle cauchemar de quatre petits enfants<br \/>\nde huit mois \u00e0 huit ans,<br \/>\nchass\u00e9s d\u2019un terrain municipal\u00a0!<\/p>\n<p>C\u2019\u00e9tait hier matin.<br \/>\nLeur famille s\u2019y \u00e9tait r\u00e9fugi\u00e9e,<br \/>\nen juillet dernier,<br \/>\nsous une tente qui leur avait \u00e9t\u00e9 pr\u00eat\u00e9e.<br \/>\nNi le maire de la commune,<br \/>\nni l\u2019assistante sociale,<br \/>\nni le pr\u00e9fet n\u2019avaient rien fait pour eux.<br \/>\nSauf, bien s\u00fbr, de placer les enfants<br \/>\nen attendant que les choses s\u2019arrangent.<\/p>\n<p>Mais il n\u2019est pas que des choses tristes en Quart Monde.<br \/>\nIl y a la paix et le pardon,<br \/>\nplus forts que la mis\u00e8re.<\/p>\n<p>Ainsi je revois cet homme rencontr\u00e9 au cimeti\u00e8re,<br \/>\nen ao\u00fbt dernier.<br \/>\nSa fille de neuf ans a \u00e9t\u00e9 happ\u00e9e par une voiture,<br \/>\nsur le trottoir o\u00f9 elle marchait.<br \/>\nL\u2019enfant est morte.<br \/>\nApr\u00e8s l\u2019enterrement, le p\u00e8re me disait :<br \/>\n\u00ab Vous comprenez,<br \/>\nje voulais \u00e9trangler le salaud qui avait tu\u00e9 ma fille !<br \/>\nMais quand je suis arriv\u00e9 au commissariat<br \/>\net que j\u2019ai vu que la femme qui avait provoqu\u00e9 l\u2019accident<br \/>\n\u00e9tait une handicap\u00e9e<br \/>\nalors je n\u2019ai rien su lui dire.<br \/>\nJ\u2019ai pens\u00e9 que pour elle aussi<br \/>\nc\u2019\u00e9tait terrible d\u2019avoir tu\u00e9 mon enfant.<br \/>\nNous avons pleur\u00e9 ensemble<br \/>\net je me suis dit qu\u2019on devait pardonner.<\/p>\n<p>Mais P\u00e8re, croyez-moi, c\u2019est dur ! \u00bb<\/p>\n<p>&nbsp;<\/p>\n","protected":false},"excerpt":{"rendered":"<p>En ces temps de crise, ce message \u00e9crit en 1984 est de pleine actualit\u00e9, comme l&rsquo;est aussi l&rsquo;appel lanc\u00e9 par (&#8230;) <a class=\"more-link\" href=\"https:\/\/www.joseph-wresinski.org\/fr\/pardonner-croyez-moi-cest-dur\/\">Lire la suite <span class=\"meta-nav\">&rarr;<\/span><\/a><\/p>\n","protected":false},"author":4,"featured_media":3508,"comment_status":"open","ping_status":"closed","sticky":false,"template":"","format":"standard","meta":{"_acf_changed":false,"ep_exclude_from_search":false,"footnotes":""},"categories":[12,49,62],"tags":[],"class_list":["post-3507","post","type-post","status-publish","format-standard","has-post-thumbnail","hentry","category-actualites","category-ecrits","category-extraits-de-livres"],"acf":[],"yoast_head":"<!-- This site is optimized with the Yoast SEO plugin v27.5 - https:\/\/yoast.com\/product\/yoast-seo-wordpress\/ -->\n<title>Pardonner, croyez-moi, c\u2019est dur - Joseph Wresinski FR<\/title>\n<meta name=\"robots\" content=\"index, follow, max-snippet:-1, max-image-preview:large, max-video-preview:-1\" \/>\n<link rel=\"canonical\" href=\"https:\/\/www.joseph-wresinski.org\/fr\/pardonner-croyez-moi-cest-dur\/\" \/>\n<meta property=\"og:locale\" content=\"fr_FR\" \/>\n<meta property=\"og:type\" content=\"article\" \/>\n<meta property=\"og:title\" content=\"Pardonner, croyez-moi, c\u2019est dur - Joseph Wresinski FR\" \/>\n<meta property=\"og:description\" content=\"En ces temps de crise, ce message \u00e9crit en 1984 est de pleine actualit\u00e9, comme l&rsquo;est aussi l&rsquo;appel lanc\u00e9 par (...) Lire la suite &rarr;\" \/>\n<meta property=\"og:url\" content=\"https:\/\/www.joseph-wresinski.org\/fr\/pardonner-croyez-moi-cest-dur\/\" \/>\n<meta property=\"og:site_name\" content=\"Joseph Wresinski FR\" \/>\n<meta property=\"article:published_time\" content=\"2021-03-31T22:00:19+00:00\" \/>\n<meta property=\"article:modified_time\" content=\"2021-05-07T14:04:39+00:00\" \/>\n<meta property=\"og:image\" content=\"https:\/\/www.joseph-wresinski.org\/fr\/wp-content\/uploads\/sites\/2\/2021\/03\/Jules-Bastien-Lepage-1878-Recolte-de-pommes-de-terre-National-Gallery-of-Victoria.jpg\" \/>\n\t<meta property=\"og:image:width\" content=\"433\" \/>\n\t<meta property=\"og:image:height\" content=\"400\" \/>\n\t<meta property=\"og:image:type\" content=\"image\/jpeg\" \/>\n<meta name=\"author\" content=\"Jean Tonglet\" \/>\n<meta name=\"twitter:card\" content=\"summary_large_image\" \/>\n<meta name=\"twitter:label1\" content=\"\u00c9crit par\" \/>\n\t<meta name=\"twitter:data1\" content=\"Jean Tonglet\" \/>\n\t<meta name=\"twitter:label2\" content=\"Dur\u00e9e de lecture estim\u00e9e\" \/>\n\t<meta name=\"twitter:data2\" content=\"2 minutes\" \/>\n<script type=\"application\/ld+json\" class=\"yoast-schema-graph\">{\"@context\":\"https:\\\/\\\/schema.org\",\"@graph\":[{\"@type\":\"Article\",\"@id\":\"https:\\\/\\\/www.joseph-wresinski.org\\\/fr\\\/pardonner-croyez-moi-cest-dur\\\/#article\",\"isPartOf\":{\"@id\":\"https:\\\/\\\/www.joseph-wresinski.org\\\/fr\\\/pardonner-croyez-moi-cest-dur\\\/\"},\"author\":{\"name\":\"Jean Tonglet\",\"@id\":\"https:\\\/\\\/www.joseph-wresinski.org\\\/fr\\\/#\\\/schema\\\/person\\\/93469e0206778753beddb73f4e07c8e0\"},\"headline\":\"Pardonner, croyez-moi, c\u2019est dur\",\"datePublished\":\"2021-03-31T22:00:19+00:00\",\"dateModified\":\"2021-05-07T14:04:39+00:00\",\"mainEntityOfPage\":{\"@id\":\"https:\\\/\\\/www.joseph-wresinski.org\\\/fr\\\/pardonner-croyez-moi-cest-dur\\\/\"},\"wordCount\":446,\"commentCount\":0,\"image\":{\"@id\":\"https:\\\/\\\/www.joseph-wresinski.org\\\/fr\\\/pardonner-croyez-moi-cest-dur\\\/#primaryimage\"},\"thumbnailUrl\":\"https:\\\/\\\/www.joseph-wresinski.org\\\/fr\\\/wp-content\\\/uploads\\\/sites\\\/2\\\/2021\\\/03\\\/Jules-Bastien-Lepage-1878-Recolte-de-pommes-de-terre-National-Gallery-of-Victoria.jpg\",\"articleSection\":[\"Actualit\u00e9s\",\"Ecrits\",\"Extraits de livres\"],\"inLanguage\":\"fr-FR\",\"potentialAction\":[{\"@type\":\"CommentAction\",\"name\":\"Comment\",\"target\":[\"https:\\\/\\\/www.joseph-wresinski.org\\\/fr\\\/pardonner-croyez-moi-cest-dur\\\/#respond\"]}]},{\"@type\":\"WebPage\",\"@id\":\"https:\\\/\\\/www.joseph-wresinski.org\\\/fr\\\/pardonner-croyez-moi-cest-dur\\\/\",\"url\":\"https:\\\/\\\/www.joseph-wresinski.org\\\/fr\\\/pardonner-croyez-moi-cest-dur\\\/\",\"name\":\"Pardonner, croyez-moi, c\u2019est dur - Joseph Wresinski FR\",\"isPartOf\":{\"@id\":\"https:\\\/\\\/www.joseph-wresinski.org\\\/fr\\\/#website\"},\"primaryImageOfPage\":{\"@id\":\"https:\\\/\\\/www.joseph-wresinski.org\\\/fr\\\/pardonner-croyez-moi-cest-dur\\\/#primaryimage\"},\"image\":{\"@id\":\"https:\\\/\\\/www.joseph-wresinski.org\\\/fr\\\/pardonner-croyez-moi-cest-dur\\\/#primaryimage\"},\"thumbnailUrl\":\"https:\\\/\\\/www.joseph-wresinski.org\\\/fr\\\/wp-content\\\/uploads\\\/sites\\\/2\\\/2021\\\/03\\\/Jules-Bastien-Lepage-1878-Recolte-de-pommes-de-terre-National-Gallery-of-Victoria.jpg\",\"datePublished\":\"2021-03-31T22:00:19+00:00\",\"dateModified\":\"2021-05-07T14:04:39+00:00\",\"author\":{\"@id\":\"https:\\\/\\\/www.joseph-wresinski.org\\\/fr\\\/#\\\/schema\\\/person\\\/93469e0206778753beddb73f4e07c8e0\"},\"breadcrumb\":{\"@id\":\"https:\\\/\\\/www.joseph-wresinski.org\\\/fr\\\/pardonner-croyez-moi-cest-dur\\\/#breadcrumb\"},\"inLanguage\":\"fr-FR\",\"potentialAction\":[{\"@type\":\"ReadAction\",\"target\":[\"https:\\\/\\\/www.joseph-wresinski.org\\\/fr\\\/pardonner-croyez-moi-cest-dur\\\/\"]}]},{\"@type\":\"ImageObject\",\"inLanguage\":\"fr-FR\",\"@id\":\"https:\\\/\\\/www.joseph-wresinski.org\\\/fr\\\/pardonner-croyez-moi-cest-dur\\\/#primaryimage\",\"url\":\"https:\\\/\\\/www.joseph-wresinski.org\\\/fr\\\/wp-content\\\/uploads\\\/sites\\\/2\\\/2021\\\/03\\\/Jules-Bastien-Lepage-1878-Recolte-de-pommes-de-terre-National-Gallery-of-Victoria.jpg\",\"contentUrl\":\"https:\\\/\\\/www.joseph-wresinski.org\\\/fr\\\/wp-content\\\/uploads\\\/sites\\\/2\\\/2021\\\/03\\\/Jules-Bastien-Lepage-1878-Recolte-de-pommes-de-terre-National-Gallery-of-Victoria.jpg\",\"width\":433,\"height\":400},{\"@type\":\"BreadcrumbList\",\"@id\":\"https:\\\/\\\/www.joseph-wresinski.org\\\/fr\\\/pardonner-croyez-moi-cest-dur\\\/#breadcrumb\",\"itemListElement\":[{\"@type\":\"ListItem\",\"position\":1,\"name\":\"Accueil\",\"item\":\"https:\\\/\\\/www.joseph-wresinski.org\\\/fr\\\/\"},{\"@type\":\"ListItem\",\"position\":2,\"name\":\"Pardonner, croyez-moi, c\u2019est dur\"}]},{\"@type\":\"WebSite\",\"@id\":\"https:\\\/\\\/www.joseph-wresinski.org\\\/fr\\\/#website\",\"url\":\"https:\\\/\\\/www.joseph-wresinski.org\\\/fr\\\/\",\"name\":\"Joseph Wresinski FR\",\"description\":\"Un site propos\u00e9 par le centre Joseph Wresinski\",\"potentialAction\":[{\"@type\":\"SearchAction\",\"target\":{\"@type\":\"EntryPoint\",\"urlTemplate\":\"https:\\\/\\\/www.joseph-wresinski.org\\\/fr\\\/?s={search_term_string}\"},\"query-input\":{\"@type\":\"PropertyValueSpecification\",\"valueRequired\":true,\"valueName\":\"search_term_string\"}}],\"inLanguage\":\"fr-FR\"},{\"@type\":\"Person\",\"@id\":\"https:\\\/\\\/www.joseph-wresinski.org\\\/fr\\\/#\\\/schema\\\/person\\\/93469e0206778753beddb73f4e07c8e0\",\"name\":\"Jean Tonglet\",\"image\":{\"@type\":\"ImageObject\",\"inLanguage\":\"fr-FR\",\"@id\":\"https:\\\/\\\/secure.gravatar.com\\\/avatar\\\/599cfd98b536979bcebf2d6839f0c694333341f1caf7ba53413b62de5453de40?s=96&d=mm&r=g\",\"url\":\"https:\\\/\\\/secure.gravatar.com\\\/avatar\\\/599cfd98b536979bcebf2d6839f0c694333341f1caf7ba53413b62de5453de40?s=96&d=mm&r=g\",\"contentUrl\":\"https:\\\/\\\/secure.gravatar.com\\\/avatar\\\/599cfd98b536979bcebf2d6839f0c694333341f1caf7ba53413b62de5453de40?s=96&d=mm&r=g\",\"caption\":\"Jean Tonglet\"},\"url\":\"https:\\\/\\\/www.joseph-wresinski.org\\\/fr\\\/author\\\/jean\\\/\"}]}<\/script>\n<!-- \/ Yoast SEO plugin. -->","yoast_head_json":{"title":"Pardonner, croyez-moi, c\u2019est dur - Joseph Wresinski FR","robots":{"index":"index","follow":"follow","max-snippet":"max-snippet:-1","max-image-preview":"max-image-preview:large","max-video-preview":"max-video-preview:-1"},"canonical":"https:\/\/www.joseph-wresinski.org\/fr\/pardonner-croyez-moi-cest-dur\/","og_locale":"fr_FR","og_type":"article","og_title":"Pardonner, croyez-moi, c\u2019est dur - Joseph Wresinski FR","og_description":"En ces temps de crise, ce message \u00e9crit en 1984 est de pleine actualit\u00e9, comme l&rsquo;est aussi l&rsquo;appel lanc\u00e9 par (...) Lire la suite &rarr;","og_url":"https:\/\/www.joseph-wresinski.org\/fr\/pardonner-croyez-moi-cest-dur\/","og_site_name":"Joseph Wresinski FR","article_published_time":"2021-03-31T22:00:19+00:00","article_modified_time":"2021-05-07T14:04:39+00:00","og_image":[{"width":433,"height":400,"url":"https:\/\/www.joseph-wresinski.org\/fr\/wp-content\/uploads\/sites\/2\/2021\/03\/Jules-Bastien-Lepage-1878-Recolte-de-pommes-de-terre-National-Gallery-of-Victoria.jpg","type":"image\/jpeg"}],"author":"Jean Tonglet","twitter_card":"summary_large_image","twitter_misc":{"\u00c9crit par":"Jean Tonglet","Dur\u00e9e de lecture estim\u00e9e":"2 minutes"},"schema":{"@context":"https:\/\/schema.org","@graph":[{"@type":"Article","@id":"https:\/\/www.joseph-wresinski.org\/fr\/pardonner-croyez-moi-cest-dur\/#article","isPartOf":{"@id":"https:\/\/www.joseph-wresinski.org\/fr\/pardonner-croyez-moi-cest-dur\/"},"author":{"name":"Jean Tonglet","@id":"https:\/\/www.joseph-wresinski.org\/fr\/#\/schema\/person\/93469e0206778753beddb73f4e07c8e0"},"headline":"Pardonner, croyez-moi, c\u2019est dur","datePublished":"2021-03-31T22:00:19+00:00","dateModified":"2021-05-07T14:04:39+00:00","mainEntityOfPage":{"@id":"https:\/\/www.joseph-wresinski.org\/fr\/pardonner-croyez-moi-cest-dur\/"},"wordCount":446,"commentCount":0,"image":{"@id":"https:\/\/www.joseph-wresinski.org\/fr\/pardonner-croyez-moi-cest-dur\/#primaryimage"},"thumbnailUrl":"https:\/\/www.joseph-wresinski.org\/fr\/wp-content\/uploads\/sites\/2\/2021\/03\/Jules-Bastien-Lepage-1878-Recolte-de-pommes-de-terre-National-Gallery-of-Victoria.jpg","articleSection":["Actualit\u00e9s","Ecrits","Extraits de livres"],"inLanguage":"fr-FR","potentialAction":[{"@type":"CommentAction","name":"Comment","target":["https:\/\/www.joseph-wresinski.org\/fr\/pardonner-croyez-moi-cest-dur\/#respond"]}]},{"@type":"WebPage","@id":"https:\/\/www.joseph-wresinski.org\/fr\/pardonner-croyez-moi-cest-dur\/","url":"https:\/\/www.joseph-wresinski.org\/fr\/pardonner-croyez-moi-cest-dur\/","name":"Pardonner, croyez-moi, c\u2019est dur - Joseph Wresinski FR","isPartOf":{"@id":"https:\/\/www.joseph-wresinski.org\/fr\/#website"},"primaryImageOfPage":{"@id":"https:\/\/www.joseph-wresinski.org\/fr\/pardonner-croyez-moi-cest-dur\/#primaryimage"},"image":{"@id":"https:\/\/www.joseph-wresinski.org\/fr\/pardonner-croyez-moi-cest-dur\/#primaryimage"},"thumbnailUrl":"https:\/\/www.joseph-wresinski.org\/fr\/wp-content\/uploads\/sites\/2\/2021\/03\/Jules-Bastien-Lepage-1878-Recolte-de-pommes-de-terre-National-Gallery-of-Victoria.jpg","datePublished":"2021-03-31T22:00:19+00:00","dateModified":"2021-05-07T14:04:39+00:00","author":{"@id":"https:\/\/www.joseph-wresinski.org\/fr\/#\/schema\/person\/93469e0206778753beddb73f4e07c8e0"},"breadcrumb":{"@id":"https:\/\/www.joseph-wresinski.org\/fr\/pardonner-croyez-moi-cest-dur\/#breadcrumb"},"inLanguage":"fr-FR","potentialAction":[{"@type":"ReadAction","target":["https:\/\/www.joseph-wresinski.org\/fr\/pardonner-croyez-moi-cest-dur\/"]}]},{"@type":"ImageObject","inLanguage":"fr-FR","@id":"https:\/\/www.joseph-wresinski.org\/fr\/pardonner-croyez-moi-cest-dur\/#primaryimage","url":"https:\/\/www.joseph-wresinski.org\/fr\/wp-content\/uploads\/sites\/2\/2021\/03\/Jules-Bastien-Lepage-1878-Recolte-de-pommes-de-terre-National-Gallery-of-Victoria.jpg","contentUrl":"https:\/\/www.joseph-wresinski.org\/fr\/wp-content\/uploads\/sites\/2\/2021\/03\/Jules-Bastien-Lepage-1878-Recolte-de-pommes-de-terre-National-Gallery-of-Victoria.jpg","width":433,"height":400},{"@type":"BreadcrumbList","@id":"https:\/\/www.joseph-wresinski.org\/fr\/pardonner-croyez-moi-cest-dur\/#breadcrumb","itemListElement":[{"@type":"ListItem","position":1,"name":"Accueil","item":"https:\/\/www.joseph-wresinski.org\/fr\/"},{"@type":"ListItem","position":2,"name":"Pardonner, croyez-moi, c\u2019est dur"}]},{"@type":"WebSite","@id":"https:\/\/www.joseph-wresinski.org\/fr\/#website","url":"https:\/\/www.joseph-wresinski.org\/fr\/","name":"Joseph Wresinski FR","description":"Un site propos\u00e9 par le centre Joseph Wresinski","potentialAction":[{"@type":"SearchAction","target":{"@type":"EntryPoint","urlTemplate":"https:\/\/www.joseph-wresinski.org\/fr\/?s={search_term_string}"},"query-input":{"@type":"PropertyValueSpecification","valueRequired":true,"valueName":"search_term_string"}}],"inLanguage":"fr-FR"},{"@type":"Person","@id":"https:\/\/www.joseph-wresinski.org\/fr\/#\/schema\/person\/93469e0206778753beddb73f4e07c8e0","name":"Jean Tonglet","image":{"@type":"ImageObject","inLanguage":"fr-FR","@id":"https:\/\/secure.gravatar.com\/avatar\/599cfd98b536979bcebf2d6839f0c694333341f1caf7ba53413b62de5453de40?s=96&d=mm&r=g","url":"https:\/\/secure.gravatar.com\/avatar\/599cfd98b536979bcebf2d6839f0c694333341f1caf7ba53413b62de5453de40?s=96&d=mm&r=g","contentUrl":"https:\/\/secure.gravatar.com\/avatar\/599cfd98b536979bcebf2d6839f0c694333341f1caf7ba53413b62de5453de40?s=96&d=mm&r=g","caption":"Jean Tonglet"},"url":"https:\/\/www.joseph-wresinski.org\/fr\/author\/jean\/"}]}},"_links":{"self":[{"href":"https:\/\/www.joseph-wresinski.org\/fr\/wp-json\/wp\/v2\/posts\/3507","targetHints":{"allow":["GET"]}}],"collection":[{"href":"https:\/\/www.joseph-wresinski.org\/fr\/wp-json\/wp\/v2\/posts"}],"about":[{"href":"https:\/\/www.joseph-wresinski.org\/fr\/wp-json\/wp\/v2\/types\/post"}],"author":[{"embeddable":true,"href":"https:\/\/www.joseph-wresinski.org\/fr\/wp-json\/wp\/v2\/users\/4"}],"replies":[{"embeddable":true,"href":"https:\/\/www.joseph-wresinski.org\/fr\/wp-json\/wp\/v2\/comments?post=3507"}],"version-history":[{"count":8,"href":"https:\/\/www.joseph-wresinski.org\/fr\/wp-json\/wp\/v2\/posts\/3507\/revisions"}],"predecessor-version":[{"id":3516,"href":"https:\/\/www.joseph-wresinski.org\/fr\/wp-json\/wp\/v2\/posts\/3507\/revisions\/3516"}],"wp:featuredmedia":[{"embeddable":true,"href":"https:\/\/www.joseph-wresinski.org\/fr\/wp-json\/wp\/v2\/media\/3508"}],"wp:attachment":[{"href":"https:\/\/www.joseph-wresinski.org\/fr\/wp-json\/wp\/v2\/media?parent=3507"}],"wp:term":[{"taxonomy":"category","embeddable":true,"href":"https:\/\/www.joseph-wresinski.org\/fr\/wp-json\/wp\/v2\/categories?post=3507"},{"taxonomy":"post_tag","embeddable":true,"href":"https:\/\/www.joseph-wresinski.org\/fr\/wp-json\/wp\/v2\/tags?post=3507"}],"curies":[{"name":"wp","href":"https:\/\/api.w.org\/{rel}","templated":true}]}}