{"id":3539,"date":"2021-05-01T00:00:18","date_gmt":"2021-04-30T22:00:18","guid":{"rendered":"https:\/\/www.joseph-wresinski.org\/fr\/?p=3539"},"modified":"2021-05-03T14:47:23","modified_gmt":"2021-05-03T12:47:23","slug":"1-mai-fete-du-travail-repenser-lactivite-humaine","status":"publish","type":"post","link":"https:\/\/www.joseph-wresinski.org\/fr\/1-mai-fete-du-travail-repenser-lactivite-humaine\/","title":{"rendered":"Repenser l&rsquo;activit\u00e9 humaine"},"content":{"rendered":"<p><em>Ce message destin\u00e9 aux \u00c9tats g\u00e9n\u00e9raux du ch\u00f4mage et de l\u2019emploi, organis\u00e9s par le <\/em><a href=\"https:\/\/fr.wikipedia.org\/wiki\/Mouvement_national_des_ch\u00f4meurs_et_pr\u00e9caires\"><em>Mouvement National des Ch\u00f4meurs et des Pr\u00e9caires<\/em><\/a><em> \u00e0 Paris les 5 et 6 mars 1988, avait \u00e9t\u00e9 enregistr\u00e9 par le p\u00e8re Joseph Wresinski avant l\u2019op\u00e9ration qu\u2019il sub\u00eet en f\u00e9vrier de la m\u00eame ann\u00e9e. Apr\u00e8s son d\u00e9c\u00e8s, le 14 f\u00e9vrier, les organisateurs des \u00c9tats g\u00e9n\u00e9raux d\u00e9cid\u00e8rent de diffuser ce message lors de leur s\u00e9ance d\u2019ouverture.<\/em><\/p>\n<p><em>En cette p\u00e9riode o\u00f9, suite notamment \u00e0 la pand\u00e9mie du Covid 19, de nombreuses personnes sont pr\u00e9cipit\u00e9es dans le ch\u00f4mage, ce texte invite \u00e0 repenser l&rsquo;activit\u00e9 humaine de mani\u00e8re \u00e0 permettre \u00e0 chaque \u00eatre humain d&rsquo;avoir acc\u00e8s au travail et \u00e0 la dignit\u00e9 qu&rsquo;il conf\u00e8re, et, simultan\u00e9ment, \u00e0 la culture lui permettant de participer pleinement \u00e0 la vie de la Nation.<\/em><\/p>\n<p><strong><em>\u00a0<\/em><\/strong><strong>I &#8211; DROIT AU TRAVAIL ET DROITS DE L\u2019HOMME<\/strong><\/p>\n<p><strong><em>\u00a0L<\/em><\/strong>&lsquo;importance des \u00c9tats G\u00e9n\u00e9raux du Ch\u00f4mage et de l&rsquo;Emploi, des questions qui y seront d\u00e9battues est \u00e9vidente. Ils compteront pour les travailleurs et travailleuses actuellement sans emploi ou menac\u00e9 d&rsquo;en \u00eatre priv\u00e9s. Mais bien au-del\u00e0, ils compteront pour toute une soci\u00e9t\u00e9 aujourd&rsquo;hui au d\u00e9fi de repenser l&rsquo;\u00e9galit\u00e9 du droit au travail et \u00e0 la participation dans le cadre de la r\u00e9alisation de l&rsquo;ensemble des Droits de l&rsquo;Homme. Ces Etats G\u00e9n\u00e9raux auront, en effet, valeur de progr\u00e8s dans la mesure o\u00f9 ils sauront examiner les r\u00e9alit\u00e9s du droit au travail dans le contexte de l&rsquo;indivisibilit\u00e9 de l&rsquo;ensemble des libert\u00e9s et des Droits de l&rsquo;Homme et du Citoyen.<\/p>\n<p>O\u00f9 en sommes-nous \u00e0 cet \u00e9gard ?<\/p>\n<p><strong><em>\u00a0<\/em><\/strong><strong>II &#8211; L&rsquo;INSUFFISANCE D&rsquo;UN \u00ab\u00a0TRAITEMENT DU CH\u00d4MAGE\u00a0\u00bb<\/strong><\/p>\n<p><strong><em>\u00a0<\/em><\/strong>Dans une soci\u00e9t\u00e9 o\u00f9 de gagner sa vie par le travail \u00e9tait progressivement devenu le principal moyen &#8211; le moyen quasi absolu &#8211; de manifester sa dignit\u00e9 d&rsquo;homme et de citoyen, nous n&rsquo;avons nullement veill\u00e9, pendant plusieurs d\u00e9cennies, \u00e0 ce que le droit \u00e0 l&rsquo;occupation professionnelle soit concr\u00e8tement assur\u00e9 jusqu&rsquo;au plus bas de l&rsquo;\u00e9chelle sociale. Plus grave, au pied de l&rsquo;\u00e9chelle \u00e9taient \u00e9galement inaccessibles les syst\u00e8mes de s\u00e9curit\u00e9 permettant aux ch\u00f4meurs de garder leur statut de travailleur et une protection pour leur famille. Ces manques de garantie, qui existaient avant le ralentissement et les grandes mutations \u00e9conomiques, ont permis qu&rsquo;avec la progression du ch\u00f4mage de longue dur\u00e9e, particuli\u00e8rement parmi les hommes et les femmes les moins qualifi\u00e9s et parfois illettr\u00e9s, progressa aussi l&rsquo;\u00e9tat d&rsquo;exclusion du statut et des droits acquis des travailleurs.<\/p>\n<p>On peut dire qu&rsquo;aujourd&rsquo;hui, le nombre des int\u00e9ress\u00e9s augmentant, les failles dans notre application des Droits de l&rsquo;Homme reconnus par la Constitution sont devenues plus visibles. Elles choquent de plus en plus l&rsquo;opinion qui les avait ignor\u00e9es pendant quelques d\u00e9cennies. Aussi, aujourd&rsquo;hui, il ne peut plus \u00eatre question d&rsquo;un \u00ab\u00a0traitement du ch\u00f4mage\u00a0\u00bb. Puisque n&rsquo;importe quel \u00ab\u00a0traitement\u00a0\u00bb ad hoc, temporaire, par le moyen d&rsquo;un \u00ab\u00a0travail minimum\u00a0\u00bb ou d&rsquo;une formation technique qui ne donne pas acc\u00e8s au march\u00e9 de l&#8217;emploi ni \u00e0 la participation, ne contribue pas \u00e0 r\u00e9tablir des droits.<\/p>\n<p><strong>III &#8211; LE DOUBLE DEVOIR DE L\u2019\u00c9TAT : ASSURER LE DROIT AU TRAVAIL EN M\u00caME TEMPS QUE LE DROIT A LA CULTURE<\/strong><\/p>\n<p><strong>\u00a0I<\/strong>l restera toujours vrai que la cr\u00e9ation d&#8217;emplois et la mise en place de moyens de formation professionnelles d&rsquo;envergure demeurent un devoir absolu de l&rsquo;Etat. Ce devoir ne peut pas continuer de d\u00e9pendre de la seule bonne volont\u00e9 ou de l&rsquo;id\u00e9ologie de tel ou tel parti au pouvoir. Il faut un consensus national qui ne permette plus de faire du ch\u00f4mage l&rsquo;enjeu de rivalit\u00e9s politiciennes changeantes.<\/p>\n<p>Mais il faut aussi un autre consensus de la nation, pour ce qui concerne la valorisation r\u00e9elle du temps o\u00f9 les travailleurs n&rsquo;auront pas d&#8217;emploi. Des fonctionnaires, des employ\u00e9s, des cadres, des instituteurs, des travailleurs ind\u00e9pendants parlent de plus en plus de la n\u00e9cessit\u00e9, dans la vie professionnelle moderne, d&rsquo;ann\u00e9es sabbatiques, de temps de recyclage libre, de mise en cong\u00e9 volontaire&#8230; Ils revendiquent et obtiennent avec raison ce temps destin\u00e9 non pas du tout \u00e0 une formation plus pouss\u00e9e dans leur champ professionnel strict, mais \u00e0 un \u00e9largissement significatif de leur formation culturelle plus g\u00e9n\u00e9rale.<\/p>\n<p>Ainsi, ceux qui sont encore dans la course pour la participation la plus large \u00e0 la vie \u00e9conomique de demain ne se trompent pas sur l&rsquo;exigence de base que repr\u00e9sente un enrichissement culturel solide. Malheureusement, ce moyen, plus n\u00e9cessaire encore aux ch\u00f4meurs de longue dur\u00e9e, qui sont souvent d\u00e9culturalis\u00e9s ou trop peu cultiv\u00e9s, leur manque totalement. La culture au sens large est ce dont, d&rsquo;une mani\u00e8re g\u00e9n\u00e9rale, le monde ouvrier a toujours \u00e9t\u00e9 priv\u00e9. Il a d\u00fb se b\u00e2tir et sortir de la pauvret\u00e9 \u00e0 la force de ses poignets et gr\u00e2ce \u00e0 son organisation. Les travailleurs en grande pauvret\u00e9 n&rsquo;ont pas cette possibilit\u00e9. La culture est d\u00e9sormais pour eux un besoin et un droit absolus.<\/p>\n<p>Aussi, un second devoir inexorable de l\u2019\u00c9tat est de mieux asseoir les droits et libert\u00e9s de l&rsquo;homme, en prenant les mesures pour que le temps de ch\u00f4mage, lorsqu&rsquo;il ne peut \u00eatre \u00e9vit\u00e9, soit transform\u00e9 en un temps sabbatique. En un temps o\u00f9 les int\u00e9ress\u00e9s puissent r\u00e9ellement se ressourcer, acqu\u00e9rir des formations, ma\u00eetriser de nouvelles techniques mais surtout, \u00e0 travers tout cela, acqu\u00e9rir une culture universelle qui leur a toujours manqu\u00e9 pour obtenir une situation d&rsquo;\u00e9galit\u00e9, dans la vie \u00e9conomique et dans la vie tout court.<\/p>\n<p><strong>EN CONCLUSION<\/strong><\/p>\n<p>Lutter pour que chacun ait du travail de valeur et puisse avoir l&rsquo;honneur d&rsquo;\u00eatre consid\u00e9r\u00e9 comme un travailleur de rang est un combat essentiel. Mais justement, pour r\u00e9ussir ce combat de fond, il faut en m\u00eame temps lutter avec opini\u00e2tret\u00e9 pour que le temps parfois temporairement in\u00e9vitable du ch\u00f4mage soit ce temps sabbatique de l&rsquo;avanc\u00e9e humaine et culturelle. Le temps de la formation la plus vaste, y compris celle \u00e0 la participation syndicale, politique et religieuse et \u00e0 la cr\u00e9ation artistique.<\/p>\n<p>Aussi, le Mouvement International ATD Quart Monde demande-t-il aux Etats G\u00e9n\u00e9raux du Ch\u00f4mage et de l&rsquo;Emploi d&rsquo;exiger, pour les ch\u00f4meurs de longue dur\u00e9e, pour tous les ch\u00f4meurs et pour tous les travailleurs de niveau de formation modeste et menac\u00e9s de ch\u00f4mage, le droit \u00e0 la culture. D&rsquo;exiger que des mesures significatives soient prises pour que le double droit au travail et \u00e0 la culture soit ancr\u00e9 de fa\u00e7on irr\u00e9versible dans les devoirs de l&rsquo;Etat.<\/p>\n<p style=\"text-align: right\">Joseph Wresinski, f\u00e9vrier 1988<\/p>\n","protected":false},"excerpt":{"rendered":"<p>Ce message destin\u00e9 aux \u00c9tats g\u00e9n\u00e9raux du ch\u00f4mage et de l\u2019emploi, organis\u00e9s par le Mouvement National des Ch\u00f4meurs et des (&#8230;) <a class=\"more-link\" href=\"https:\/\/www.joseph-wresinski.org\/fr\/1-mai-fete-du-travail-repenser-lactivite-humaine\/\">Lire la suite <span class=\"meta-nav\">&rarr;<\/span><\/a><\/p>\n","protected":false},"author":4,"featured_media":3537,"comment_status":"open","ping_status":"closed","sticky":false,"template":"","format":"standard","meta":{"_acf_changed":false,"ep_exclude_from_search":false,"footnotes":""},"categories":[12,4,49],"tags":[],"class_list":["post-3539","post","type-post","status-publish","format-standard","has-post-thumbnail","hentry","category-actualites","category-discours","category-ecrits"],"acf":[],"yoast_head":"<!-- This site is optimized with the Yoast SEO plugin v27.5 - https:\/\/yoast.com\/product\/yoast-seo-wordpress\/ -->\n<title>Repenser l&#039;activit\u00e9 humaine - Joseph Wresinski FR<\/title>\n<meta name=\"robots\" content=\"index, follow, max-snippet:-1, max-image-preview:large, max-video-preview:-1\" \/>\n<link rel=\"canonical\" href=\"https:\/\/www.joseph-wresinski.org\/fr\/1-mai-fete-du-travail-repenser-lactivite-humaine\/\" \/>\n<meta property=\"og:locale\" content=\"fr_FR\" \/>\n<meta property=\"og:type\" content=\"article\" \/>\n<meta property=\"og:title\" content=\"Repenser l&#039;activit\u00e9 humaine - Joseph Wresinski FR\" \/>\n<meta property=\"og:description\" content=\"Ce message destin\u00e9 aux \u00c9tats g\u00e9n\u00e9raux du ch\u00f4mage et de l\u2019emploi, organis\u00e9s par le Mouvement National des Ch\u00f4meurs et des (...) Lire la suite &rarr;\" \/>\n<meta property=\"og:url\" content=\"https:\/\/www.joseph-wresinski.org\/fr\/1-mai-fete-du-travail-repenser-lactivite-humaine\/\" \/>\n<meta property=\"og:site_name\" content=\"Joseph Wresinski FR\" \/>\n<meta property=\"article:published_time\" content=\"2021-04-30T22:00:18+00:00\" \/>\n<meta property=\"article:modified_time\" content=\"2021-05-03T12:47:23+00:00\" \/>\n<meta property=\"og:image\" content=\"https:\/\/www.joseph-wresinski.org\/fr\/wp-content\/uploads\/sites\/2\/2021\/04\/1163px-Der_Streik-_von_Robert_Koehler.jpg\" \/>\n\t<meta property=\"og:image:width\" content=\"1163\" \/>\n\t<meta property=\"og:image:height\" content=\"720\" \/>\n\t<meta property=\"og:image:type\" content=\"image\/jpeg\" \/>\n<meta name=\"author\" content=\"Jean Tonglet\" \/>\n<meta name=\"twitter:card\" content=\"summary_large_image\" \/>\n<meta name=\"twitter:label1\" content=\"\u00c9crit par\" \/>\n\t<meta name=\"twitter:data1\" content=\"Jean Tonglet\" \/>\n\t<meta name=\"twitter:label2\" content=\"Dur\u00e9e de lecture estim\u00e9e\" \/>\n\t<meta name=\"twitter:data2\" content=\"5 minutes\" \/>\n<script type=\"application\/ld+json\" class=\"yoast-schema-graph\">{\"@context\":\"https:\\\/\\\/schema.org\",\"@graph\":[{\"@type\":\"Article\",\"@id\":\"https:\\\/\\\/www.joseph-wresinski.org\\\/fr\\\/1-mai-fete-du-travail-repenser-lactivite-humaine\\\/#article\",\"isPartOf\":{\"@id\":\"https:\\\/\\\/www.joseph-wresinski.org\\\/fr\\\/1-mai-fete-du-travail-repenser-lactivite-humaine\\\/\"},\"author\":{\"name\":\"Jean Tonglet\",\"@id\":\"https:\\\/\\\/www.joseph-wresinski.org\\\/fr\\\/#\\\/schema\\\/person\\\/93469e0206778753beddb73f4e07c8e0\"},\"headline\":\"Repenser l&rsquo;activit\u00e9 humaine\",\"datePublished\":\"2021-04-30T22:00:18+00:00\",\"dateModified\":\"2021-05-03T12:47:23+00:00\",\"mainEntityOfPage\":{\"@id\":\"https:\\\/\\\/www.joseph-wresinski.org\\\/fr\\\/1-mai-fete-du-travail-repenser-lactivite-humaine\\\/\"},\"wordCount\":1175,\"commentCount\":0,\"image\":{\"@id\":\"https:\\\/\\\/www.joseph-wresinski.org\\\/fr\\\/1-mai-fete-du-travail-repenser-lactivite-humaine\\\/#primaryimage\"},\"thumbnailUrl\":\"https:\\\/\\\/www.joseph-wresinski.org\\\/fr\\\/wp-content\\\/uploads\\\/sites\\\/2\\\/2021\\\/04\\\/1163px-Der_Streik-_von_Robert_Koehler.jpg\",\"articleSection\":[\"Actualit\u00e9s\",\"Discours\",\"Ecrits\"],\"inLanguage\":\"fr-FR\",\"potentialAction\":[{\"@type\":\"CommentAction\",\"name\":\"Comment\",\"target\":[\"https:\\\/\\\/www.joseph-wresinski.org\\\/fr\\\/1-mai-fete-du-travail-repenser-lactivite-humaine\\\/#respond\"]}]},{\"@type\":\"WebPage\",\"@id\":\"https:\\\/\\\/www.joseph-wresinski.org\\\/fr\\\/1-mai-fete-du-travail-repenser-lactivite-humaine\\\/\",\"url\":\"https:\\\/\\\/www.joseph-wresinski.org\\\/fr\\\/1-mai-fete-du-travail-repenser-lactivite-humaine\\\/\",\"name\":\"Repenser l'activit\u00e9 humaine - Joseph Wresinski FR\",\"isPartOf\":{\"@id\":\"https:\\\/\\\/www.joseph-wresinski.org\\\/fr\\\/#website\"},\"primaryImageOfPage\":{\"@id\":\"https:\\\/\\\/www.joseph-wresinski.org\\\/fr\\\/1-mai-fete-du-travail-repenser-lactivite-humaine\\\/#primaryimage\"},\"image\":{\"@id\":\"https:\\\/\\\/www.joseph-wresinski.org\\\/fr\\\/1-mai-fete-du-travail-repenser-lactivite-humaine\\\/#primaryimage\"},\"thumbnailUrl\":\"https:\\\/\\\/www.joseph-wresinski.org\\\/fr\\\/wp-content\\\/uploads\\\/sites\\\/2\\\/2021\\\/04\\\/1163px-Der_Streik-_von_Robert_Koehler.jpg\",\"datePublished\":\"2021-04-30T22:00:18+00:00\",\"dateModified\":\"2021-05-03T12:47:23+00:00\",\"author\":{\"@id\":\"https:\\\/\\\/www.joseph-wresinski.org\\\/fr\\\/#\\\/schema\\\/person\\\/93469e0206778753beddb73f4e07c8e0\"},\"breadcrumb\":{\"@id\":\"https:\\\/\\\/www.joseph-wresinski.org\\\/fr\\\/1-mai-fete-du-travail-repenser-lactivite-humaine\\\/#breadcrumb\"},\"inLanguage\":\"fr-FR\",\"potentialAction\":[{\"@type\":\"ReadAction\",\"target\":[\"https:\\\/\\\/www.joseph-wresinski.org\\\/fr\\\/1-mai-fete-du-travail-repenser-lactivite-humaine\\\/\"]}]},{\"@type\":\"ImageObject\",\"inLanguage\":\"fr-FR\",\"@id\":\"https:\\\/\\\/www.joseph-wresinski.org\\\/fr\\\/1-mai-fete-du-travail-repenser-lactivite-humaine\\\/#primaryimage\",\"url\":\"https:\\\/\\\/www.joseph-wresinski.org\\\/fr\\\/wp-content\\\/uploads\\\/sites\\\/2\\\/2021\\\/04\\\/1163px-Der_Streik-_von_Robert_Koehler.jpg\",\"contentUrl\":\"https:\\\/\\\/www.joseph-wresinski.org\\\/fr\\\/wp-content\\\/uploads\\\/sites\\\/2\\\/2021\\\/04\\\/1163px-Der_Streik-_von_Robert_Koehler.jpg\",\"width\":1163,\"height\":720,\"caption\":\"La Gr\u00e8ve au pays de Charleroi , Robert Koehler, 1886, Deutsches Historisches Museum, Berlin\"},{\"@type\":\"BreadcrumbList\",\"@id\":\"https:\\\/\\\/www.joseph-wresinski.org\\\/fr\\\/1-mai-fete-du-travail-repenser-lactivite-humaine\\\/#breadcrumb\",\"itemListElement\":[{\"@type\":\"ListItem\",\"position\":1,\"name\":\"Accueil\",\"item\":\"https:\\\/\\\/www.joseph-wresinski.org\\\/fr\\\/\"},{\"@type\":\"ListItem\",\"position\":2,\"name\":\"Repenser l&rsquo;activit\u00e9 humaine\"}]},{\"@type\":\"WebSite\",\"@id\":\"https:\\\/\\\/www.joseph-wresinski.org\\\/fr\\\/#website\",\"url\":\"https:\\\/\\\/www.joseph-wresinski.org\\\/fr\\\/\",\"name\":\"Joseph Wresinski FR\",\"description\":\"Un site propos\u00e9 par le centre Joseph Wresinski\",\"potentialAction\":[{\"@type\":\"SearchAction\",\"target\":{\"@type\":\"EntryPoint\",\"urlTemplate\":\"https:\\\/\\\/www.joseph-wresinski.org\\\/fr\\\/?s={search_term_string}\"},\"query-input\":{\"@type\":\"PropertyValueSpecification\",\"valueRequired\":true,\"valueName\":\"search_term_string\"}}],\"inLanguage\":\"fr-FR\"},{\"@type\":\"Person\",\"@id\":\"https:\\\/\\\/www.joseph-wresinski.org\\\/fr\\\/#\\\/schema\\\/person\\\/93469e0206778753beddb73f4e07c8e0\",\"name\":\"Jean Tonglet\",\"image\":{\"@type\":\"ImageObject\",\"inLanguage\":\"fr-FR\",\"@id\":\"https:\\\/\\\/secure.gravatar.com\\\/avatar\\\/599cfd98b536979bcebf2d6839f0c694333341f1caf7ba53413b62de5453de40?s=96&d=mm&r=g\",\"url\":\"https:\\\/\\\/secure.gravatar.com\\\/avatar\\\/599cfd98b536979bcebf2d6839f0c694333341f1caf7ba53413b62de5453de40?s=96&d=mm&r=g\",\"contentUrl\":\"https:\\\/\\\/secure.gravatar.com\\\/avatar\\\/599cfd98b536979bcebf2d6839f0c694333341f1caf7ba53413b62de5453de40?s=96&d=mm&r=g\",\"caption\":\"Jean Tonglet\"},\"url\":\"https:\\\/\\\/www.joseph-wresinski.org\\\/fr\\\/author\\\/jean\\\/\"}]}<\/script>\n<!-- \/ Yoast SEO plugin. -->","yoast_head_json":{"title":"Repenser l'activit\u00e9 humaine - Joseph Wresinski FR","robots":{"index":"index","follow":"follow","max-snippet":"max-snippet:-1","max-image-preview":"max-image-preview:large","max-video-preview":"max-video-preview:-1"},"canonical":"https:\/\/www.joseph-wresinski.org\/fr\/1-mai-fete-du-travail-repenser-lactivite-humaine\/","og_locale":"fr_FR","og_type":"article","og_title":"Repenser l'activit\u00e9 humaine - Joseph Wresinski FR","og_description":"Ce message destin\u00e9 aux \u00c9tats g\u00e9n\u00e9raux du ch\u00f4mage et de l\u2019emploi, organis\u00e9s par le Mouvement National des Ch\u00f4meurs et des (...) Lire la suite &rarr;","og_url":"https:\/\/www.joseph-wresinski.org\/fr\/1-mai-fete-du-travail-repenser-lactivite-humaine\/","og_site_name":"Joseph Wresinski FR","article_published_time":"2021-04-30T22:00:18+00:00","article_modified_time":"2021-05-03T12:47:23+00:00","og_image":[{"width":1163,"height":720,"url":"https:\/\/www.joseph-wresinski.org\/fr\/wp-content\/uploads\/sites\/2\/2021\/04\/1163px-Der_Streik-_von_Robert_Koehler.jpg","type":"image\/jpeg"}],"author":"Jean Tonglet","twitter_card":"summary_large_image","twitter_misc":{"\u00c9crit par":"Jean Tonglet","Dur\u00e9e de lecture estim\u00e9e":"5 minutes"},"schema":{"@context":"https:\/\/schema.org","@graph":[{"@type":"Article","@id":"https:\/\/www.joseph-wresinski.org\/fr\/1-mai-fete-du-travail-repenser-lactivite-humaine\/#article","isPartOf":{"@id":"https:\/\/www.joseph-wresinski.org\/fr\/1-mai-fete-du-travail-repenser-lactivite-humaine\/"},"author":{"name":"Jean Tonglet","@id":"https:\/\/www.joseph-wresinski.org\/fr\/#\/schema\/person\/93469e0206778753beddb73f4e07c8e0"},"headline":"Repenser l&rsquo;activit\u00e9 humaine","datePublished":"2021-04-30T22:00:18+00:00","dateModified":"2021-05-03T12:47:23+00:00","mainEntityOfPage":{"@id":"https:\/\/www.joseph-wresinski.org\/fr\/1-mai-fete-du-travail-repenser-lactivite-humaine\/"},"wordCount":1175,"commentCount":0,"image":{"@id":"https:\/\/www.joseph-wresinski.org\/fr\/1-mai-fete-du-travail-repenser-lactivite-humaine\/#primaryimage"},"thumbnailUrl":"https:\/\/www.joseph-wresinski.org\/fr\/wp-content\/uploads\/sites\/2\/2021\/04\/1163px-Der_Streik-_von_Robert_Koehler.jpg","articleSection":["Actualit\u00e9s","Discours","Ecrits"],"inLanguage":"fr-FR","potentialAction":[{"@type":"CommentAction","name":"Comment","target":["https:\/\/www.joseph-wresinski.org\/fr\/1-mai-fete-du-travail-repenser-lactivite-humaine\/#respond"]}]},{"@type":"WebPage","@id":"https:\/\/www.joseph-wresinski.org\/fr\/1-mai-fete-du-travail-repenser-lactivite-humaine\/","url":"https:\/\/www.joseph-wresinski.org\/fr\/1-mai-fete-du-travail-repenser-lactivite-humaine\/","name":"Repenser l'activit\u00e9 humaine - Joseph Wresinski FR","isPartOf":{"@id":"https:\/\/www.joseph-wresinski.org\/fr\/#website"},"primaryImageOfPage":{"@id":"https:\/\/www.joseph-wresinski.org\/fr\/1-mai-fete-du-travail-repenser-lactivite-humaine\/#primaryimage"},"image":{"@id":"https:\/\/www.joseph-wresinski.org\/fr\/1-mai-fete-du-travail-repenser-lactivite-humaine\/#primaryimage"},"thumbnailUrl":"https:\/\/www.joseph-wresinski.org\/fr\/wp-content\/uploads\/sites\/2\/2021\/04\/1163px-Der_Streik-_von_Robert_Koehler.jpg","datePublished":"2021-04-30T22:00:18+00:00","dateModified":"2021-05-03T12:47:23+00:00","author":{"@id":"https:\/\/www.joseph-wresinski.org\/fr\/#\/schema\/person\/93469e0206778753beddb73f4e07c8e0"},"breadcrumb":{"@id":"https:\/\/www.joseph-wresinski.org\/fr\/1-mai-fete-du-travail-repenser-lactivite-humaine\/#breadcrumb"},"inLanguage":"fr-FR","potentialAction":[{"@type":"ReadAction","target":["https:\/\/www.joseph-wresinski.org\/fr\/1-mai-fete-du-travail-repenser-lactivite-humaine\/"]}]},{"@type":"ImageObject","inLanguage":"fr-FR","@id":"https:\/\/www.joseph-wresinski.org\/fr\/1-mai-fete-du-travail-repenser-lactivite-humaine\/#primaryimage","url":"https:\/\/www.joseph-wresinski.org\/fr\/wp-content\/uploads\/sites\/2\/2021\/04\/1163px-Der_Streik-_von_Robert_Koehler.jpg","contentUrl":"https:\/\/www.joseph-wresinski.org\/fr\/wp-content\/uploads\/sites\/2\/2021\/04\/1163px-Der_Streik-_von_Robert_Koehler.jpg","width":1163,"height":720,"caption":"La Gr\u00e8ve au pays de Charleroi , Robert Koehler, 1886, Deutsches Historisches Museum, Berlin"},{"@type":"BreadcrumbList","@id":"https:\/\/www.joseph-wresinski.org\/fr\/1-mai-fete-du-travail-repenser-lactivite-humaine\/#breadcrumb","itemListElement":[{"@type":"ListItem","position":1,"name":"Accueil","item":"https:\/\/www.joseph-wresinski.org\/fr\/"},{"@type":"ListItem","position":2,"name":"Repenser l&rsquo;activit\u00e9 humaine"}]},{"@type":"WebSite","@id":"https:\/\/www.joseph-wresinski.org\/fr\/#website","url":"https:\/\/www.joseph-wresinski.org\/fr\/","name":"Joseph Wresinski FR","description":"Un site propos\u00e9 par le centre Joseph Wresinski","potentialAction":[{"@type":"SearchAction","target":{"@type":"EntryPoint","urlTemplate":"https:\/\/www.joseph-wresinski.org\/fr\/?s={search_term_string}"},"query-input":{"@type":"PropertyValueSpecification","valueRequired":true,"valueName":"search_term_string"}}],"inLanguage":"fr-FR"},{"@type":"Person","@id":"https:\/\/www.joseph-wresinski.org\/fr\/#\/schema\/person\/93469e0206778753beddb73f4e07c8e0","name":"Jean Tonglet","image":{"@type":"ImageObject","inLanguage":"fr-FR","@id":"https:\/\/secure.gravatar.com\/avatar\/599cfd98b536979bcebf2d6839f0c694333341f1caf7ba53413b62de5453de40?s=96&d=mm&r=g","url":"https:\/\/secure.gravatar.com\/avatar\/599cfd98b536979bcebf2d6839f0c694333341f1caf7ba53413b62de5453de40?s=96&d=mm&r=g","contentUrl":"https:\/\/secure.gravatar.com\/avatar\/599cfd98b536979bcebf2d6839f0c694333341f1caf7ba53413b62de5453de40?s=96&d=mm&r=g","caption":"Jean Tonglet"},"url":"https:\/\/www.joseph-wresinski.org\/fr\/author\/jean\/"}]}},"_links":{"self":[{"href":"https:\/\/www.joseph-wresinski.org\/fr\/wp-json\/wp\/v2\/posts\/3539","targetHints":{"allow":["GET"]}}],"collection":[{"href":"https:\/\/www.joseph-wresinski.org\/fr\/wp-json\/wp\/v2\/posts"}],"about":[{"href":"https:\/\/www.joseph-wresinski.org\/fr\/wp-json\/wp\/v2\/types\/post"}],"author":[{"embeddable":true,"href":"https:\/\/www.joseph-wresinski.org\/fr\/wp-json\/wp\/v2\/users\/4"}],"replies":[{"embeddable":true,"href":"https:\/\/www.joseph-wresinski.org\/fr\/wp-json\/wp\/v2\/comments?post=3539"}],"version-history":[{"count":9,"href":"https:\/\/www.joseph-wresinski.org\/fr\/wp-json\/wp\/v2\/posts\/3539\/revisions"}],"predecessor-version":[{"id":3560,"href":"https:\/\/www.joseph-wresinski.org\/fr\/wp-json\/wp\/v2\/posts\/3539\/revisions\/3560"}],"wp:featuredmedia":[{"embeddable":true,"href":"https:\/\/www.joseph-wresinski.org\/fr\/wp-json\/wp\/v2\/media\/3537"}],"wp:attachment":[{"href":"https:\/\/www.joseph-wresinski.org\/fr\/wp-json\/wp\/v2\/media?parent=3539"}],"wp:term":[{"taxonomy":"category","embeddable":true,"href":"https:\/\/www.joseph-wresinski.org\/fr\/wp-json\/wp\/v2\/categories?post=3539"},{"taxonomy":"post_tag","embeddable":true,"href":"https:\/\/www.joseph-wresinski.org\/fr\/wp-json\/wp\/v2\/tags?post=3539"}],"curies":[{"name":"wp","href":"https:\/\/api.w.org\/{rel}","templated":true}]}}