{"id":369,"date":"2006-04-10T19:12:43","date_gmt":"2006-04-10T17:12:43","guid":{"rendered":"http:\/\/www.joseph-wresinski.org\/fr\/2006\/04\/10\/articles-de-joseph-wresinski\/"},"modified":"2026-01-06T14:49:32","modified_gmt":"2026-01-06T13:49:32","slug":"articles-de-joseph-wresinski","status":"publish","type":"post","link":"https:\/\/www.joseph-wresinski.org\/fr\/articles-de-joseph-wresinski\/","title":{"rendered":"Articles de Joseph Wresinski"},"content":{"rendered":"<p><img loading=\"lazy\" decoding=\"async\" style=\"height: 11px;width: 8px\" src=\"\/wp-content\/uploads\/sites\/2\/2016\/07\/puce-68c92.gif\" alt=\"-\" width=\"8\" height=\"11\" \/>\u00a0Introduction, in\u00a0: Familles inadapt\u00e9es et relations humaines. Compte rendu du colloque international sur les familles inadapt\u00e9es (1), Paris, 1961, pp. 9-17.<\/p>\n<p><img loading=\"lazy\" decoding=\"async\" style=\"height: 11px;width: 8px\" src=\"\/wp-content\/uploads\/sites\/2\/2016\/07\/puce-68c92.gif\" alt=\"-\" width=\"8\" height=\"11\" \/>\u00a0L\u2019\u00c9glise et les familles sous-privil\u00e9gi\u00e9es, in\u00a0: Familles inadapt\u00e9es et relations humaines. Compte rendu du colloque international sur les familles inadapt\u00e9es (1), Paris, 1961, pp. 93-103.<\/p>\n<p><img loading=\"lazy\" decoding=\"async\" style=\"height: 11px;width: 8px\" src=\"\/wp-content\/uploads\/sites\/2\/2016\/07\/puce-68c92.gif\" alt=\"-\" width=\"8\" height=\"11\" \/>\u00a0Introduction, in\u00a0: Familles inadapt\u00e9es leur logement leur travail. Compte rendu du colloque international sur les familles inadapt\u00e9es (2), Paris, 1962, pp. 7-13.<\/p>\n<p><img loading=\"lazy\" decoding=\"async\" style=\"height: 11px;width: 8px\" src=\"\/wp-content\/uploads\/sites\/2\/2016\/07\/puce-68c92.gif\" alt=\"-\" width=\"8\" height=\"11\" \/>\u00a0La place du pauvre dans la pens\u00e9e, in\u00a0: Nouveaux aspects de la famille. Principes de promotion sociale de la famille inadapt\u00e9e, Paris, 1963, pp. 7-10. R\u00e9\u00e9dit\u00e9 dans\u00a0: Joseph Wresinski, Refuser la mis\u00e8re. Une pens\u00e9e politique n\u00e9e de l\u2019action, \u00c9d. du Cerf 2007, pp. 13-18. <a href=\"\/wp-content\/uploads\/sites\/2\/2016\/07\/La_place_du_pauvre_dans_la_pensee.pdf\">pdf<\/a><\/p>\n<p><img loading=\"lazy\" decoding=\"async\" style=\"height: 11px;width: 8px\" src=\"\/wp-content\/uploads\/sites\/2\/2016\/07\/puce-68c92.gif\" alt=\"-\" width=\"8\" height=\"11\" \/>\u00a0<a href=\"http:\/\/www.joseph-wresinski.org\/fr\/la-science-parente-pauvre-de-la\/\">La science, parente pauvre de la charit\u00e9<\/a>, in\u00a0: Jean Labbens, La condition sous-prol\u00e9tarienne. L\u2019h\u00e9ritage du pass\u00e9, Pierrelaye 1965, pp. 9-32. R\u00e9\u00e9dit\u00e9 dans\u00a0: Joseph Wresinski, Refuser la mis\u00e8re. Une pens\u00e9e politique n\u00e9e de l\u2019action, \u00c9d. du Cerf 2007, pp. 19-36.<\/p>\n<p><img loading=\"lazy\" decoding=\"async\" style=\"height: 11px;width: 8px\" src=\"\/wp-content\/uploads\/sites\/2\/2016\/07\/puce-68c92.gif\" alt=\"-\" width=\"8\" height=\"11\" \/>\u00a0Pauvret\u00e9 et mis\u00e8re (extrait), in\u00a0: Jules Klanfer, L\u2019exclusion sociale. Etude de la marginalit\u00e9 dans les soci\u00e9t\u00e9s occidentales, Paris, 1965, pp. 81-88.<\/p>\n<p><img loading=\"lazy\" decoding=\"async\" style=\"height: 11px;width: 8px\" src=\"\/wp-content\/uploads\/sites\/2\/2016\/07\/puce-68c92.gif\" alt=\"-\" width=\"8\" height=\"11\" \/>\u00a0Jugend ohne Zukunft, in\u00a0: Der Wanderer 2 (1965), pp. 17-22. <i>(original en allemand)<\/i><\/p>\n<p><img loading=\"lazy\" decoding=\"async\" style=\"height: 11px;width: 8px\" src=\"\/wp-content\/uploads\/sites\/2\/2016\/07\/puce-68c92.gif\" alt=\"-\" width=\"8\" height=\"11\" \/>\u00a0Pour une politique de la violence, in\u00a0: La violence faite aux pauvres, Igloos N\u00b0\u00a039-40 (1968) pp. 9-19. R\u00e9\u00e9dit\u00e9 dans\u00a0: Joseph Wresinski, Refuser la mis\u00e8re. Une pens\u00e9e politique n\u00e9e de l\u2019action, \u00c9d. du Cerf 2007, pp. 113-121. <a href=\"\/wp-content\/uploads\/sites\/2\/2016\/07\/La_violence_faite_aux_pauvres.pdf\">pdf<\/a><\/p>\n<p><img loading=\"lazy\" decoding=\"async\" style=\"height: 11px;width: 8px\" src=\"\/wp-content\/uploads\/sites\/2\/2016\/07\/puce-68c92.gif\" alt=\"-\" width=\"8\" height=\"11\" \/>\u00a0Pr\u00e9face, in\u00a0: Jean Labbens, Le Quart Monde. La pauvret\u00e9 dans la soci\u00e9t\u00e9 industrielle\u00a0: \u00e9tude sur le sous-prol\u00e9tariat fran\u00e7ais dans la r\u00e9gion parisienne, Pierrelaye, 1969, pp. 7-30.<\/p>\n<p><img loading=\"lazy\" decoding=\"async\" style=\"height: 11px;width: 8px\" src=\"\/wp-content\/uploads\/sites\/2\/2016\/07\/puce-68c92.gif\" alt=\"-\" width=\"8\" height=\"11\" \/>\u00a0Pour une politique de la magnificence &#8211; Approche de la foi en Quart-Monde, Igloos N\u00b0\u00a071\/72 (1973). R\u00e9\u00e9dit\u00e9 dans\u00a0: Joseph Wresinski, Les pauvres, rencontre du vrai dieu, \u00c9d. du Cerf \/ \u00c9d. Quart Monde 1986, pp. 13-59. <a href=\"\/wp-content\/uploads\/sites\/2\/2016\/07\/La_Foi_en_Quart_Monde.pdf\">La foi en Quart Monde (pdf)<\/a> <a>L\u2019esp\u00e9rance en Quart Monde (pdf)<\/a> <a href=\"\/wp-content\/uploads\/sites\/2\/2016\/07\/La_Charite_en_Quart_Monde.pdf\">La charit\u00e9 en Quart Monde (pdf)<\/a><\/p>\n<p><img loading=\"lazy\" decoding=\"async\" style=\"height: 11px;width: 8px\" src=\"\/wp-content\/uploads\/sites\/2\/2016\/07\/puce-68c92.gif\" alt=\"-\" width=\"8\" height=\"11\" \/>\u00a0Dans nos murs, le d\u00e9fi du Quart Monde, in\u00a0: Preuves 15(1973), pp. 14-28. <a href=\"\/wp-content\/uploads\/sites\/2\/2016\/07\/Dans_nos_murs_le_Quart_Monde_Revue_Preuves_1973.pdf\">pdf<\/a><\/p>\n<p><img loading=\"lazy\" decoding=\"async\" style=\"height: 11px;width: 8px\" src=\"\/wp-content\/uploads\/sites\/2\/2016\/07\/puce-68c92.gif\" alt=\"-\" width=\"8\" height=\"11\" \/>\u00a0Le r\u00f4le des associations non-gouvernementales, in\u00a0: Droit social 11 (1974), pp. 176-182.<\/p>\n<p><img loading=\"lazy\" decoding=\"async\" style=\"height: 11px;width: 8px\" src=\"\/wp-content\/uploads\/sites\/2\/2016\/07\/puce-68c92.gif\" alt=\"-\" width=\"8\" height=\"11\" \/>\u00a0A.T.D. science et service et inspiration \u00e9vang\u00e9lique, in\u00a0: Une approche \u00e9vang\u00e9lique au service des hommes, Igloos N\u00b0\u00a087\/88 (1976), pp. 9-78. <a href=\"\/wp-content\/uploads\/sites\/2\/2016\/07\/Presence_evangelique_en_Quart_Monde.pdf\">pdf<\/a><\/p>\n<p><img loading=\"lazy\" decoding=\"async\" style=\"height: 11px;width: 8px\" src=\"\/wp-content\/uploads\/sites\/2\/2016\/07\/puce-68c92.gif\" alt=\"-\" width=\"8\" height=\"11\" \/>\u00a0Pr\u00e9sence \u00e9vang\u00e9lique dans le Quart Monde, in\u00a0: Vie Consacr\u00e9e 48 (1976), pp. 80-93. <a href=\"\/wp-content\/uploads\/sites\/2\/2016\/07\/Presence_evangelique_en_Quart_Monde.pdf\">pdf<\/a><\/p>\n<p><img loading=\"lazy\" decoding=\"async\" style=\"height: 11px;width: 8px\" src=\"\/wp-content\/uploads\/sites\/2\/2016\/07\/puce-68c92.gif\" alt=\"-\" width=\"8\" height=\"11\" \/>\u00a0Investir dans l\u2019espoir. Pr\u00e9face, in\u00a0: Alwine De Vos van Steenwijk, Il fera beau. Lorsque le Sous-prol\u00e9tariat sera entendu. Pierrelaye, 1977, pp. 19-30.<\/p>\n<p><img loading=\"lazy\" decoding=\"async\" style=\"height: 11px;width: 8px\" src=\"\/wp-content\/uploads\/sites\/2\/2016\/07\/puce-68c92.gif\" alt=\"-\" width=\"8\" height=\"11\" \/>\u00a0Les plus pauvres dans le plan de Dieu, in\u00a0: Revue SURSAUT Janvier-Mars 1977, pp 101-102.<\/p>\n<p><img loading=\"lazy\" decoding=\"async\" style=\"height: 11px;width: 8px\" src=\"\/wp-content\/uploads\/sites\/2\/2016\/07\/puce-68c92.gif\" alt=\"-\" width=\"8\" height=\"11\" \/>\u00a0<a href=\"http:\/\/www.nrt.be\/fr\/Ann%C3%A9e-de-l%27Enfant-et-Quart-Monde-article-1039\">Ann\u00e9e de l\u2019enfant et Quart Monde<\/a>, in Nouvelle Revue Th\u00e9ologique, 101\/3, 1979, pp.403-406.<\/p>\n<p><img loading=\"lazy\" decoding=\"async\" style=\"height: 11px;width: 8px\" src=\"\/wp-content\/uploads\/sites\/2\/2016\/07\/puce-68c92.gif\" alt=\"-\" width=\"8\" height=\"11\" \/> Les enfants du Quart Monde, une chance pour tous les enfants, in\u00a0: Enfants de ce temps. Livre blanc des enfants du Quart Monde, Pierrelaye, 1979, pp. 11-15.<\/p>\n<p><img loading=\"lazy\" decoding=\"async\" style=\"height: 11px;width: 8px\" src=\"\/wp-content\/uploads\/sites\/2\/2016\/07\/puce-68c92.gif\" alt=\"-\" width=\"8\" height=\"11\" \/>\u00a0Le mouvement ATD Quart Monde ou la parole d\u2019un peuple, in\u00a0: Projet 14(1979), pp. 362-369.<\/p>\n<p><img loading=\"lazy\" decoding=\"async\" style=\"height: 11px;width: 8px\" src=\"\/wp-content\/uploads\/sites\/2\/2016\/07\/puce-68c92.gif\" alt=\"-\" width=\"8\" height=\"11\" \/>\u00a0L\u2019Eglise et les exclus, in\u00a0: Vie Consacr\u00e9e 51 (1979), pp. 237-245.<\/p>\n<p><img loading=\"lazy\" decoding=\"async\" style=\"height: 11px;width: 8px\" src=\"\/wp-content\/uploads\/sites\/2\/2016\/07\/puce-68c92.gif\" alt=\"-\" width=\"8\" height=\"11\" \/>\u00a0Le quart monde dans le monde actuel, in\u00a0: Revue des Sciences morales et politiques 138 (1983), pp. 437-454.<\/p>\n<p><img loading=\"lazy\" decoding=\"async\" style=\"height: 11px;width: 8px\" src=\"\/wp-content\/uploads\/sites\/2\/2016\/07\/puce-68c92.gif\" alt=\"-\" width=\"8\" height=\"11\" \/>\u00a0Les familles du Quart Monde, in\u00a0: Familles chr\u00e9tiennes N\u00b0\u00a0325 (1984).<\/p>\n<p><img loading=\"lazy\" decoding=\"async\" style=\"height: 11px;width: 8px\" src=\"\/wp-content\/uploads\/sites\/2\/2016\/07\/puce-68c92.gif\" alt=\"-\" width=\"8\" height=\"11\" \/>\u00a0Pr\u00e9face, in\u00a0: Carlos Mesters, La mission du peuple qui souffre, Paris, 1984, pp. 10-17.<\/p>\n<p><img loading=\"lazy\" decoding=\"async\" style=\"height: 11px;width: 8px\" src=\"\/wp-content\/uploads\/sites\/2\/2016\/07\/puce-68c92.gif\" alt=\"-\" width=\"8\" height=\"11\" \/>\u00a0Pr\u00e9face, in\u00a0: H\u00e9l\u00e8ne Beyeler-von Burg, Des Suisses sans nom, Pierrelaye, 1984, pp 7-14.<\/p>\n<p><img loading=\"lazy\" decoding=\"async\" style=\"height: 11px;width: 8px\" src=\"\/wp-content\/uploads\/sites\/2\/2016\/07\/puce-68c92.gif\" alt=\"-\" width=\"8\" height=\"11\" \/> L\u2019\u00c9glise devant les pauvres, in\u00a0: Andr\u00e9 S\u00e8ve, Si nous parlions de Dieu\u00a0? Interviews de th\u00e9ologiens, religieuses, \u00e9crivains, journalistes, scientifiques, vedettes parues dans le journal \u00a0\u00bb La Croix \u00ab\u00a0, Le Centurion, 1985.<\/p>\n<p><img loading=\"lazy\" decoding=\"async\" style=\"height: 11px;width: 8px\" src=\"\/wp-content\/uploads\/sites\/2\/2016\/07\/puce-68c92.gif\" alt=\"-\" width=\"8\" height=\"11\" \/>\u00a0Quart Monde et culture, in\u00a0: Minist\u00e8re de la Culture et de la Communication &amp; Centre Thomas More, Culture et pauvret\u00e9s, actes du colloque tenu \u00e0 la Tourette (l\u2019Arbesle) 13-15 d\u00e9c. 1985, pp. 151-160.<\/p>\n<p><img loading=\"lazy\" decoding=\"async\" style=\"height: 11px;width: 8px\" src=\"\/wp-content\/uploads\/sites\/2\/2016\/07\/puce-68c92.gif\" alt=\"-\" width=\"8\" height=\"11\" \/>\u00a0Vie religieuse en Quart Monde, in\u00a0: Vie Consacr\u00e9e 57 (1985), pp. 20-27. <a href=\"\/wp-content\/uploads\/sites\/2\/2016\/07\/Vie_religieuse_en_Quart_Monde.pdf\">pdf<\/a><\/p>\n<p><img loading=\"lazy\" decoding=\"async\" style=\"height: 11px;width: 8px\" src=\"\/wp-content\/uploads\/sites\/2\/2016\/07\/puce-68c92.gif\" alt=\"-\" width=\"8\" height=\"11\" \/>\u00a0Pr\u00e9face, in\u00a0: Fran\u00e7oise Ferrand, T\u2019es jeune ou quoi\u00a0? Paris, 1986, pp. 7-9.<\/p>\n<p><img loading=\"lazy\" decoding=\"async\" style=\"height: 11px;width: 8px\" src=\"\/wp-content\/uploads\/sites\/2\/2016\/07\/puce-68c92.gif\" alt=\"-\" width=\"8\" height=\"11\" \/>\u00a0Pr\u00e9face, in\u00a0: Francine de la Gorce, Famille. Terre de libert\u00e9, Paris, 1986, pp. 3-8.<\/p>\n<p><img loading=\"lazy\" decoding=\"async\" style=\"height: 11px;width: 8px\" src=\"\/wp-content\/uploads\/sites\/2\/2016\/07\/puce-68c92.gif\" alt=\"-\" width=\"8\" height=\"11\" \/>\u00a0<a href=\"\/wp-content\/uploads\/sites\/2\/2016\/07\/Droit_social_7-8_Juillet-Aout_1987.pdf\">Le difficile droit des pauvres<\/a>, in\u00a0: Droit social n\u00b0\u00a07-8 (juillet-ao\u00fbt 1987), pp. 629-632.<\/p>\n<p><img loading=\"lazy\" decoding=\"async\" style=\"height: 11px;width: 8px\" src=\"\/wp-content\/uploads\/sites\/2\/2016\/07\/puce-68c92.gif\" alt=\"-\" width=\"8\" height=\"11\" \/>\u00a0<a href=\"https:\/\/www.revue-quartmonde.org\/4330\">Une histoire pr\u00e9cieuse et r\u00e9v\u00e9latrice<\/a>, in\u00a0: Revue Quart Monde N\u00b0\u00a0125 (1987), pp. 6-21.<\/p>\n<p><img loading=\"lazy\" decoding=\"async\" style=\"height: 11px;width: 8px\" src=\"\/wp-content\/uploads\/sites\/2\/2016\/07\/puce-68c92.gif\" alt=\"-\" width=\"8\" height=\"11\" \/>\u00a0La famille, un lieu o\u00f9 nous pouvons vivre de l\u2019Evangile, in\u00a0: La foi et le temps 19(1989), pp. 118-144.<\/p>\n<p><img loading=\"lazy\" decoding=\"async\" style=\"height: 11px;width: 8px\" src=\"\/wp-content\/uploads\/sites\/2\/2016\/07\/puce-68c92.gif\" alt=\"-\" width=\"8\" height=\"11\" \/>\u00a0Une communaut\u00e9 pour demain\u00a0: ATD Quart Monde, in\u00a0: Pascal Pingault (Ed.), Renouveau de l\u2019\u00c9glise. Les communaut\u00e9s nouvelles, Paris, 1989, pp. 164-169.<\/p>\n<p><img loading=\"lazy\" decoding=\"async\" style=\"height: 11px;width: 8px\" src=\"\/wp-content\/uploads\/sites\/2\/2016\/07\/puce-68c92.gif\" alt=\"-\" width=\"8\" height=\"11\" \/>\u00a0<a href=\"https:\/\/www.revue-quartmonde.org\/3723\">Une connaissance qui conduise au combat<\/a>, in\u00a0: Revue Quart Monde, N\u00b0\u00a0140 (1991), pp. 44-52.<\/p>\n<p><img loading=\"lazy\" decoding=\"async\" style=\"height: 11px;width: 8px\" src=\"\/wp-content\/uploads\/sites\/2\/2016\/07\/puce-68c92.gif\" alt=\"-\" width=\"8\" height=\"11\" \/>\u00a0<a href=\"https:\/\/www.revue-quartmonde.org\/2405\">Qui en t\u00e9moignera\u00a0?<\/a>, in\u00a0: Revue Quart Monde N\u00b0\u00a0183 (2002), pp. 5-6.<\/p>\n<p><img loading=\"lazy\" decoding=\"async\" style=\"height: 11px;width: 8px\" src=\"\/wp-content\/uploads\/sites\/2\/2016\/07\/puce-68c92.gif\" alt=\"-\" width=\"8\" height=\"11\" \/>\u00a0<a href=\"https:\/\/www.revue-quartmonde.org\/2068\">L\u2019\u00e9criture, un enjeu politique<\/a>, in\u00a0: Revue Quart Monde N\u00b0188 (2003), 14-16.<\/p>\n","protected":false},"excerpt":{"rendered":"<p>\u00a0Introduction, in\u00a0: Familles inadapt\u00e9es et relations humaines. Compte rendu du colloque international sur les familles inadapt\u00e9es (1), Paris, 1961, pp. (&#8230;) <a class=\"more-link\" href=\"https:\/\/www.joseph-wresinski.org\/fr\/articles-de-joseph-wresinski\/\">Lire la suite <span class=\"meta-nav\">&rarr;<\/span><\/a><\/p>\n","protected":false},"author":1,"featured_media":2918,"comment_status":"open","ping_status":"open","sticky":false,"template":"","format":"standard","meta":{"_acf_changed":false,"ep_exclude_from_search":false,"footnotes":""},"categories":[23],"tags":[],"class_list":["post-369","post","type-post","status-publish","format-standard","has-post-thumbnail","hentry","category-bibliographie"],"acf":[],"yoast_head":"<!-- This site is optimized with the Yoast SEO plugin v27.5 - https:\/\/yoast.com\/product\/yoast-seo-wordpress\/ -->\n<title>Articles de Joseph Wresinski - Joseph Wresinski FR<\/title>\n<meta name=\"robots\" content=\"index, follow, max-snippet:-1, max-image-preview:large, max-video-preview:-1\" \/>\n<link rel=\"canonical\" href=\"https:\/\/www.joseph-wresinski.org\/fr\/articles-de-joseph-wresinski\/\" \/>\n<meta property=\"og:locale\" content=\"fr_FR\" \/>\n<meta property=\"og:type\" content=\"article\" \/>\n<meta property=\"og:title\" content=\"Articles de Joseph Wresinski - Joseph Wresinski FR\" \/>\n<meta property=\"og:description\" content=\"\u00a0Introduction, in\u00a0: Familles inadapt\u00e9es et relations humaines. Compte rendu du colloque international sur les familles inadapt\u00e9es (1), Paris, 1961, pp. (...) Lire la suite &rarr;\" \/>\n<meta property=\"og:url\" content=\"https:\/\/www.joseph-wresinski.org\/fr\/articles-de-joseph-wresinski\/\" \/>\n<meta property=\"og:site_name\" content=\"Joseph Wresinski FR\" \/>\n<meta property=\"article:published_time\" content=\"2006-04-10T17:12:43+00:00\" \/>\n<meta property=\"article:modified_time\" content=\"2026-01-06T13:49:32+00:00\" \/>\n<meta property=\"og:image\" content=\"https:\/\/www.joseph-wresinski.org\/fr\/wp-content\/uploads\/sites\/2\/2006\/04\/BUREAU_AU_TELEPHONE1.jpg\" \/>\n\t<meta property=\"og:image:width\" content=\"1286\" \/>\n\t<meta property=\"og:image:height\" content=\"848\" \/>\n\t<meta property=\"og:image:type\" content=\"image\/jpeg\" \/>\n<meta name=\"author\" content=\"webmestre\" \/>\n<meta name=\"twitter:card\" content=\"summary_large_image\" \/>\n<meta name=\"twitter:label1\" content=\"\u00c9crit par\" \/>\n\t<meta name=\"twitter:data1\" content=\"webmestre\" \/>\n\t<meta name=\"twitter:label2\" content=\"Dur\u00e9e de lecture estim\u00e9e\" \/>\n\t<meta name=\"twitter:data2\" content=\"12 minutes\" \/>\n<script type=\"application\/ld+json\" class=\"yoast-schema-graph\">{\"@context\":\"https:\\\/\\\/schema.org\",\"@graph\":[{\"@type\":\"Article\",\"@id\":\"https:\\\/\\\/www.joseph-wresinski.org\\\/fr\\\/articles-de-joseph-wresinski\\\/#article\",\"isPartOf\":{\"@id\":\"https:\\\/\\\/www.joseph-wresinski.org\\\/fr\\\/articles-de-joseph-wresinski\\\/\"},\"author\":{\"name\":\"webmestre\",\"@id\":\"https:\\\/\\\/www.joseph-wresinski.org\\\/fr\\\/#\\\/schema\\\/person\\\/c666928d4be7b5b71419e1a78b02d04a\"},\"headline\":\"Articles de Joseph Wresinski\",\"datePublished\":\"2006-04-10T17:12:43+00:00\",\"dateModified\":\"2026-01-06T13:49:32+00:00\",\"mainEntityOfPage\":{\"@id\":\"https:\\\/\\\/www.joseph-wresinski.org\\\/fr\\\/articles-de-joseph-wresinski\\\/\"},\"wordCount\":764,\"commentCount\":0,\"image\":{\"@id\":\"https:\\\/\\\/www.joseph-wresinski.org\\\/fr\\\/articles-de-joseph-wresinski\\\/#primaryimage\"},\"thumbnailUrl\":\"https:\\\/\\\/www.joseph-wresinski.org\\\/fr\\\/wp-content\\\/uploads\\\/sites\\\/2\\\/2006\\\/04\\\/BUREAU_AU_TELEPHONE1.jpg\",\"articleSection\":[\"Bibliographie\"],\"inLanguage\":\"fr-FR\",\"potentialAction\":[{\"@type\":\"CommentAction\",\"name\":\"Comment\",\"target\":[\"https:\\\/\\\/www.joseph-wresinski.org\\\/fr\\\/articles-de-joseph-wresinski\\\/#respond\"]}]},{\"@type\":\"WebPage\",\"@id\":\"https:\\\/\\\/www.joseph-wresinski.org\\\/fr\\\/articles-de-joseph-wresinski\\\/\",\"url\":\"https:\\\/\\\/www.joseph-wresinski.org\\\/fr\\\/articles-de-joseph-wresinski\\\/\",\"name\":\"Articles de Joseph Wresinski - Joseph Wresinski FR\",\"isPartOf\":{\"@id\":\"https:\\\/\\\/www.joseph-wresinski.org\\\/fr\\\/#website\"},\"primaryImageOfPage\":{\"@id\":\"https:\\\/\\\/www.joseph-wresinski.org\\\/fr\\\/articles-de-joseph-wresinski\\\/#primaryimage\"},\"image\":{\"@id\":\"https:\\\/\\\/www.joseph-wresinski.org\\\/fr\\\/articles-de-joseph-wresinski\\\/#primaryimage\"},\"thumbnailUrl\":\"https:\\\/\\\/www.joseph-wresinski.org\\\/fr\\\/wp-content\\\/uploads\\\/sites\\\/2\\\/2006\\\/04\\\/BUREAU_AU_TELEPHONE1.jpg\",\"datePublished\":\"2006-04-10T17:12:43+00:00\",\"dateModified\":\"2026-01-06T13:49:32+00:00\",\"author\":{\"@id\":\"https:\\\/\\\/www.joseph-wresinski.org\\\/fr\\\/#\\\/schema\\\/person\\\/c666928d4be7b5b71419e1a78b02d04a\"},\"breadcrumb\":{\"@id\":\"https:\\\/\\\/www.joseph-wresinski.org\\\/fr\\\/articles-de-joseph-wresinski\\\/#breadcrumb\"},\"inLanguage\":\"fr-FR\",\"potentialAction\":[{\"@type\":\"ReadAction\",\"target\":[\"https:\\\/\\\/www.joseph-wresinski.org\\\/fr\\\/articles-de-joseph-wresinski\\\/\"]}]},{\"@type\":\"ImageObject\",\"inLanguage\":\"fr-FR\",\"@id\":\"https:\\\/\\\/www.joseph-wresinski.org\\\/fr\\\/articles-de-joseph-wresinski\\\/#primaryimage\",\"url\":\"https:\\\/\\\/www.joseph-wresinski.org\\\/fr\\\/wp-content\\\/uploads\\\/sites\\\/2\\\/2006\\\/04\\\/BUREAU_AU_TELEPHONE1.jpg\",\"contentUrl\":\"https:\\\/\\\/www.joseph-wresinski.org\\\/fr\\\/wp-content\\\/uploads\\\/sites\\\/2\\\/2006\\\/04\\\/BUREAU_AU_TELEPHONE1.jpg\",\"width\":1286,\"height\":848},{\"@type\":\"BreadcrumbList\",\"@id\":\"https:\\\/\\\/www.joseph-wresinski.org\\\/fr\\\/articles-de-joseph-wresinski\\\/#breadcrumb\",\"itemListElement\":[{\"@type\":\"ListItem\",\"position\":1,\"name\":\"Accueil\",\"item\":\"https:\\\/\\\/www.joseph-wresinski.org\\\/fr\\\/\"},{\"@type\":\"ListItem\",\"position\":2,\"name\":\"Articles de Joseph Wresinski\"}]},{\"@type\":\"WebSite\",\"@id\":\"https:\\\/\\\/www.joseph-wresinski.org\\\/fr\\\/#website\",\"url\":\"https:\\\/\\\/www.joseph-wresinski.org\\\/fr\\\/\",\"name\":\"Joseph Wresinski FR\",\"description\":\"Un site propos\u00e9 par le centre Joseph Wresinski\",\"potentialAction\":[{\"@type\":\"SearchAction\",\"target\":{\"@type\":\"EntryPoint\",\"urlTemplate\":\"https:\\\/\\\/www.joseph-wresinski.org\\\/fr\\\/?s={search_term_string}\"},\"query-input\":{\"@type\":\"PropertyValueSpecification\",\"valueRequired\":true,\"valueName\":\"search_term_string\"}}],\"inLanguage\":\"fr-FR\"},{\"@type\":\"Person\",\"@id\":\"https:\\\/\\\/www.joseph-wresinski.org\\\/fr\\\/#\\\/schema\\\/person\\\/c666928d4be7b5b71419e1a78b02d04a\",\"name\":\"webmestre\",\"image\":{\"@type\":\"ImageObject\",\"inLanguage\":\"fr-FR\",\"@id\":\"https:\\\/\\\/secure.gravatar.com\\\/avatar\\\/416a097a3f95c03b93462266ddf7a1b5b815e837b340f6b881ae80c56b8c6d56?s=96&d=mm&r=g\",\"url\":\"https:\\\/\\\/secure.gravatar.com\\\/avatar\\\/416a097a3f95c03b93462266ddf7a1b5b815e837b340f6b881ae80c56b8c6d56?s=96&d=mm&r=g\",\"contentUrl\":\"https:\\\/\\\/secure.gravatar.com\\\/avatar\\\/416a097a3f95c03b93462266ddf7a1b5b815e837b340f6b881ae80c56b8c6d56?s=96&d=mm&r=g\",\"caption\":\"webmestre\"},\"url\":\"https:\\\/\\\/www.joseph-wresinski.org\\\/fr\\\/author\\\/webmestre\\\/\"}]}<\/script>\n<!-- \/ Yoast SEO plugin. -->","yoast_head_json":{"title":"Articles de Joseph Wresinski - Joseph Wresinski FR","robots":{"index":"index","follow":"follow","max-snippet":"max-snippet:-1","max-image-preview":"max-image-preview:large","max-video-preview":"max-video-preview:-1"},"canonical":"https:\/\/www.joseph-wresinski.org\/fr\/articles-de-joseph-wresinski\/","og_locale":"fr_FR","og_type":"article","og_title":"Articles de Joseph Wresinski - Joseph Wresinski FR","og_description":"\u00a0Introduction, in\u00a0: Familles inadapt\u00e9es et relations humaines. Compte rendu du colloque international sur les familles inadapt\u00e9es (1), Paris, 1961, pp. (...) Lire la suite &rarr;","og_url":"https:\/\/www.joseph-wresinski.org\/fr\/articles-de-joseph-wresinski\/","og_site_name":"Joseph Wresinski FR","article_published_time":"2006-04-10T17:12:43+00:00","article_modified_time":"2026-01-06T13:49:32+00:00","og_image":[{"width":1286,"height":848,"url":"https:\/\/www.joseph-wresinski.org\/fr\/wp-content\/uploads\/sites\/2\/2006\/04\/BUREAU_AU_TELEPHONE1.jpg","type":"image\/jpeg"}],"author":"webmestre","twitter_card":"summary_large_image","twitter_misc":{"\u00c9crit par":"webmestre","Dur\u00e9e de lecture estim\u00e9e":"12 minutes"},"schema":{"@context":"https:\/\/schema.org","@graph":[{"@type":"Article","@id":"https:\/\/www.joseph-wresinski.org\/fr\/articles-de-joseph-wresinski\/#article","isPartOf":{"@id":"https:\/\/www.joseph-wresinski.org\/fr\/articles-de-joseph-wresinski\/"},"author":{"name":"webmestre","@id":"https:\/\/www.joseph-wresinski.org\/fr\/#\/schema\/person\/c666928d4be7b5b71419e1a78b02d04a"},"headline":"Articles de Joseph Wresinski","datePublished":"2006-04-10T17:12:43+00:00","dateModified":"2026-01-06T13:49:32+00:00","mainEntityOfPage":{"@id":"https:\/\/www.joseph-wresinski.org\/fr\/articles-de-joseph-wresinski\/"},"wordCount":764,"commentCount":0,"image":{"@id":"https:\/\/www.joseph-wresinski.org\/fr\/articles-de-joseph-wresinski\/#primaryimage"},"thumbnailUrl":"https:\/\/www.joseph-wresinski.org\/fr\/wp-content\/uploads\/sites\/2\/2006\/04\/BUREAU_AU_TELEPHONE1.jpg","articleSection":["Bibliographie"],"inLanguage":"fr-FR","potentialAction":[{"@type":"CommentAction","name":"Comment","target":["https:\/\/www.joseph-wresinski.org\/fr\/articles-de-joseph-wresinski\/#respond"]}]},{"@type":"WebPage","@id":"https:\/\/www.joseph-wresinski.org\/fr\/articles-de-joseph-wresinski\/","url":"https:\/\/www.joseph-wresinski.org\/fr\/articles-de-joseph-wresinski\/","name":"Articles de Joseph Wresinski - Joseph Wresinski FR","isPartOf":{"@id":"https:\/\/www.joseph-wresinski.org\/fr\/#website"},"primaryImageOfPage":{"@id":"https:\/\/www.joseph-wresinski.org\/fr\/articles-de-joseph-wresinski\/#primaryimage"},"image":{"@id":"https:\/\/www.joseph-wresinski.org\/fr\/articles-de-joseph-wresinski\/#primaryimage"},"thumbnailUrl":"https:\/\/www.joseph-wresinski.org\/fr\/wp-content\/uploads\/sites\/2\/2006\/04\/BUREAU_AU_TELEPHONE1.jpg","datePublished":"2006-04-10T17:12:43+00:00","dateModified":"2026-01-06T13:49:32+00:00","author":{"@id":"https:\/\/www.joseph-wresinski.org\/fr\/#\/schema\/person\/c666928d4be7b5b71419e1a78b02d04a"},"breadcrumb":{"@id":"https:\/\/www.joseph-wresinski.org\/fr\/articles-de-joseph-wresinski\/#breadcrumb"},"inLanguage":"fr-FR","potentialAction":[{"@type":"ReadAction","target":["https:\/\/www.joseph-wresinski.org\/fr\/articles-de-joseph-wresinski\/"]}]},{"@type":"ImageObject","inLanguage":"fr-FR","@id":"https:\/\/www.joseph-wresinski.org\/fr\/articles-de-joseph-wresinski\/#primaryimage","url":"https:\/\/www.joseph-wresinski.org\/fr\/wp-content\/uploads\/sites\/2\/2006\/04\/BUREAU_AU_TELEPHONE1.jpg","contentUrl":"https:\/\/www.joseph-wresinski.org\/fr\/wp-content\/uploads\/sites\/2\/2006\/04\/BUREAU_AU_TELEPHONE1.jpg","width":1286,"height":848},{"@type":"BreadcrumbList","@id":"https:\/\/www.joseph-wresinski.org\/fr\/articles-de-joseph-wresinski\/#breadcrumb","itemListElement":[{"@type":"ListItem","position":1,"name":"Accueil","item":"https:\/\/www.joseph-wresinski.org\/fr\/"},{"@type":"ListItem","position":2,"name":"Articles de Joseph Wresinski"}]},{"@type":"WebSite","@id":"https:\/\/www.joseph-wresinski.org\/fr\/#website","url":"https:\/\/www.joseph-wresinski.org\/fr\/","name":"Joseph Wresinski FR","description":"Un site propos\u00e9 par le centre Joseph Wresinski","potentialAction":[{"@type":"SearchAction","target":{"@type":"EntryPoint","urlTemplate":"https:\/\/www.joseph-wresinski.org\/fr\/?s={search_term_string}"},"query-input":{"@type":"PropertyValueSpecification","valueRequired":true,"valueName":"search_term_string"}}],"inLanguage":"fr-FR"},{"@type":"Person","@id":"https:\/\/www.joseph-wresinski.org\/fr\/#\/schema\/person\/c666928d4be7b5b71419e1a78b02d04a","name":"webmestre","image":{"@type":"ImageObject","inLanguage":"fr-FR","@id":"https:\/\/secure.gravatar.com\/avatar\/416a097a3f95c03b93462266ddf7a1b5b815e837b340f6b881ae80c56b8c6d56?s=96&d=mm&r=g","url":"https:\/\/secure.gravatar.com\/avatar\/416a097a3f95c03b93462266ddf7a1b5b815e837b340f6b881ae80c56b8c6d56?s=96&d=mm&r=g","contentUrl":"https:\/\/secure.gravatar.com\/avatar\/416a097a3f95c03b93462266ddf7a1b5b815e837b340f6b881ae80c56b8c6d56?s=96&d=mm&r=g","caption":"webmestre"},"url":"https:\/\/www.joseph-wresinski.org\/fr\/author\/webmestre\/"}]}},"_links":{"self":[{"href":"https:\/\/www.joseph-wresinski.org\/fr\/wp-json\/wp\/v2\/posts\/369","targetHints":{"allow":["GET"]}}],"collection":[{"href":"https:\/\/www.joseph-wresinski.org\/fr\/wp-json\/wp\/v2\/posts"}],"about":[{"href":"https:\/\/www.joseph-wresinski.org\/fr\/wp-json\/wp\/v2\/types\/post"}],"author":[{"embeddable":true,"href":"https:\/\/www.joseph-wresinski.org\/fr\/wp-json\/wp\/v2\/users\/1"}],"replies":[{"embeddable":true,"href":"https:\/\/www.joseph-wresinski.org\/fr\/wp-json\/wp\/v2\/comments?post=369"}],"version-history":[{"count":5,"href":"https:\/\/www.joseph-wresinski.org\/fr\/wp-json\/wp\/v2\/posts\/369\/revisions"}],"predecessor-version":[{"id":4713,"href":"https:\/\/www.joseph-wresinski.org\/fr\/wp-json\/wp\/v2\/posts\/369\/revisions\/4713"}],"wp:featuredmedia":[{"embeddable":true,"href":"https:\/\/www.joseph-wresinski.org\/fr\/wp-json\/wp\/v2\/media\/2918"}],"wp:attachment":[{"href":"https:\/\/www.joseph-wresinski.org\/fr\/wp-json\/wp\/v2\/media?parent=369"}],"wp:term":[{"taxonomy":"category","embeddable":true,"href":"https:\/\/www.joseph-wresinski.org\/fr\/wp-json\/wp\/v2\/categories?post=369"},{"taxonomy":"post_tag","embeddable":true,"href":"https:\/\/www.joseph-wresinski.org\/fr\/wp-json\/wp\/v2\/tags?post=369"}],"curies":[{"name":"wp","href":"https:\/\/api.w.org\/{rel}","templated":true}]}}