{"id":3840,"date":"2021-07-20T00:00:18","date_gmt":"2021-07-19T22:00:18","guid":{"rendered":"https:\/\/www.joseph-wresinski.org\/fr\/?p=3840"},"modified":"2021-07-19T13:11:04","modified_gmt":"2021-07-19T11:11:04","slug":"cela-fait-trois-ans-quils-ne-sont-pas-partis","status":"publish","type":"post","link":"https:\/\/www.joseph-wresinski.org\/fr\/cela-fait-trois-ans-quils-ne-sont-pas-partis\/","title":{"rendered":"Cela fait trois ans qu\u2019ils ne sont pas partis"},"content":{"rendered":"<p><em>Plus que jamais, le repos, les loisirs, les vacances, sont \u00e0 juste titre consid\u00e9r\u00e9s comme des activit\u00e9s essentielles. Dans ce texte de 1986, le p\u00e8re Joseph Wresinski nous rappelle combien les plus pauvres en restent trop souvent priv\u00e9s.<\/em><\/p>\n<p>Au fur et \u00e0 mesure qu\u2019approche le temps des vacances, l\u2019effervescence gagne les cit\u00e9s.<\/p>\n<p>Les enfants se font plus nerveux, plus insolents aussi parfois. Ils supportent plus difficilement l\u2019\u00e9cole et ses \u00e9checs. Les parents r\u00e9clament avec plus d\u2019insistance un peu de repos.<\/p>\n<p>\u00ab\u00a0Bien vite les vacances, pour qu\u2019on ait enfin la paix\u2026\u00a0\u00bb<\/p>\n<p>Mais entre eux, ils se disent : \u00ab Cela fera du bien aux gosses, ils en ont bien besoin, ils apprendront des choses.\u00a0\u00bb<\/p>\n<p>Certains, depuis f\u00e9vrier, ont mis quelques sous de c\u00f4t\u00e9.<\/p>\n<p>La plupart les d\u00e9penseront avant, car il y aura le m\u00e9decin \u00e0 payer, le loyer en retard, les dettes qui s\u2019accumuleront.<\/p>\n<p>Tous comptent sur la prime de vacances, peut-\u00eatre aussi sur la chance\u2026<\/p>\n<p>On fait des projets\u00a0:<\/p>\n<p>\u00ab Nous irons tous ensemble avec les enfants en\u00a0maison familiale ou encore, chez des parents.\u00a0\u00bb<\/p>\n<p>\u00ab Ce sera un tournant, dit M. Jacket. Je vais me faire d\u00e9sintoxiquer. Nous irons un mois \u00e0 la maison du Jura, on nous l\u2019a promis. Et ensuite, ce sera le boulot pour de bon.\u00a0\u00bb<\/p>\n<p>Mais plus les vacances approchent, plus la crainte saisit les familles.<\/p>\n<p>Ce ne sera pas possible cette ann\u00e9e, on a \u00e9t\u00e9 malade, le p\u00e8re n\u2019a pas de travail\u2026 Et puis il faut les envoyer tous\u00a0: avec quoi\u00a0?<\/p>\n<p>Alors, les gens \u00e9vitent l\u2019assistante sociale, parce que les papiers ne sont pas remplis\u2026<\/p>\n<p>A quoi bon le faire, puisque, de toute fa\u00e7on, les gosses resteront l\u00e0.<\/p>\n<p>Quand ceux-ci parlent de vacances, alors, les grandes personnes s\u2019\u00e9nervent, trouvent des pr\u00e9textes pour crier.<\/p>\n<p>Les enfants restent plus tard le soir dans la rue : il ne fait pas bon \u00e0 la maison.<\/p>\n<p>Surtout qu\u2019en mai et juin, c\u2019est souvent le temps des saisies et des expulsions.<\/p>\n<p>Alors, les plus petits prennent des coups, des grands cr\u00e2nent : \u00ab\u00a0La colo, c\u2019est pourri\u00a0!\u00a0\u00bb<\/p>\n<p>Je pense \u00e0 Madame Estienne. Il y a quelques ann\u00e9es, les huit enfants ne pouvaient partir : pas d\u2019argent, pas de linge\u2026<\/p>\n<p>Depuis huit jours, elle m\u2019\u00e9vitait. Ce soir-l\u00e0, il \u00e9tait tard, je me pr\u00e9parais \u00e0 me coucher. Sans bruit, elle avait pouss\u00e9 la porte et \u00e9tait entr\u00e9e dans ma baraque.<\/p>\n<p>Elle s\u2019\u00e9tait assise sur un banc\u00a0; la t\u00eate pench\u00e9e, elle pleurait.<\/p>\n<p>Au bout d\u2019un moment, elle murmura tout bas : \u00ab Cela fait trois ans qu\u2019ils ne sont pas partis. Et le p\u00e8re qui boit\u2026Que vont-ils devenir\u00a0?\u00a0\u00bb<\/p>\n<p>Nous-m\u00eames qui ne songerions pas \u00e0 laisser\u00a0 aucun de nos enfants derri\u00e8re nous, accepterions-nous de vivre dans un monde o\u00f9 les enfants du sous-prol\u00e9tariat ne puissent devenir quelqu\u2019un\u00a0?<\/p>\n<h3><\/h3>\n<h3><\/h3>\n<h3><\/h3>\n<p>&nbsp;<\/p>\n","protected":false},"excerpt":{"rendered":"<p>Plus que jamais, le repos, les loisirs, les vacances, sont \u00e0 juste titre consid\u00e9r\u00e9s comme des activit\u00e9s essentielles. Dans ce (&#8230;) <a class=\"more-link\" href=\"https:\/\/www.joseph-wresinski.org\/fr\/cela-fait-trois-ans-quils-ne-sont-pas-partis\/\">Lire la suite <span class=\"meta-nav\">&rarr;<\/span><\/a><\/p>\n","protected":false},"author":4,"featured_media":3811,"comment_status":"open","ping_status":"closed","sticky":false,"template":"","format":"standard","meta":{"_acf_changed":false,"ep_exclude_from_search":false,"footnotes":""},"categories":[12,49,62],"tags":[],"class_list":["post-3840","post","type-post","status-publish","format-standard","has-post-thumbnail","hentry","category-actualites","category-ecrits","category-extraits-de-livres"],"acf":[],"yoast_head":"<!-- This site is optimized with the Yoast SEO plugin v27.5 - https:\/\/yoast.com\/product\/yoast-seo-wordpress\/ -->\n<title>Cela fait trois ans qu\u2019ils ne sont pas partis - Joseph Wresinski FR<\/title>\n<meta name=\"robots\" content=\"index, follow, max-snippet:-1, max-image-preview:large, max-video-preview:-1\" \/>\n<link rel=\"canonical\" href=\"https:\/\/www.joseph-wresinski.org\/fr\/cela-fait-trois-ans-quils-ne-sont-pas-partis\/\" \/>\n<meta property=\"og:locale\" content=\"fr_FR\" \/>\n<meta property=\"og:type\" content=\"article\" \/>\n<meta property=\"og:title\" content=\"Cela fait trois ans qu\u2019ils ne sont pas partis - Joseph Wresinski FR\" \/>\n<meta property=\"og:description\" content=\"Plus que jamais, le repos, les loisirs, les vacances, sont \u00e0 juste titre consid\u00e9r\u00e9s comme des activit\u00e9s essentielles. Dans ce (...) Lire la suite &rarr;\" \/>\n<meta property=\"og:url\" content=\"https:\/\/www.joseph-wresinski.org\/fr\/cela-fait-trois-ans-quils-ne-sont-pas-partis\/\" \/>\n<meta property=\"og:site_name\" content=\"Joseph Wresinski FR\" \/>\n<meta property=\"article:published_time\" content=\"2021-07-19T22:00:18+00:00\" \/>\n<meta property=\"og:image\" content=\"https:\/\/www.joseph-wresinski.org\/fr\/wp-content\/uploads\/sites\/2\/2021\/06\/bise3.jpg\" \/>\n\t<meta property=\"og:image:width\" content=\"700\" \/>\n\t<meta property=\"og:image:height\" content=\"371\" \/>\n\t<meta property=\"og:image:type\" content=\"image\/jpeg\" \/>\n<meta name=\"author\" content=\"Jean Tonglet\" \/>\n<meta name=\"twitter:card\" content=\"summary_large_image\" \/>\n<meta name=\"twitter:label1\" content=\"\u00c9crit par\" \/>\n\t<meta name=\"twitter:data1\" content=\"Jean Tonglet\" \/>\n\t<meta name=\"twitter:label2\" content=\"Dur\u00e9e de lecture estim\u00e9e\" \/>\n\t<meta name=\"twitter:data2\" content=\"2 minutes\" \/>\n<script type=\"application\/ld+json\" class=\"yoast-schema-graph\">{\"@context\":\"https:\\\/\\\/schema.org\",\"@graph\":[{\"@type\":\"Article\",\"@id\":\"https:\\\/\\\/www.joseph-wresinski.org\\\/fr\\\/cela-fait-trois-ans-quils-ne-sont-pas-partis\\\/#article\",\"isPartOf\":{\"@id\":\"https:\\\/\\\/www.joseph-wresinski.org\\\/fr\\\/cela-fait-trois-ans-quils-ne-sont-pas-partis\\\/\"},\"author\":{\"name\":\"Jean Tonglet\",\"@id\":\"https:\\\/\\\/www.joseph-wresinski.org\\\/fr\\\/#\\\/schema\\\/person\\\/93469e0206778753beddb73f4e07c8e0\"},\"headline\":\"Cela fait trois ans qu\u2019ils ne sont pas partis\",\"datePublished\":\"2021-07-19T22:00:18+00:00\",\"mainEntityOfPage\":{\"@id\":\"https:\\\/\\\/www.joseph-wresinski.org\\\/fr\\\/cela-fait-trois-ans-quils-ne-sont-pas-partis\\\/\"},\"wordCount\":493,\"commentCount\":0,\"image\":{\"@id\":\"https:\\\/\\\/www.joseph-wresinski.org\\\/fr\\\/cela-fait-trois-ans-quils-ne-sont-pas-partis\\\/#primaryimage\"},\"thumbnailUrl\":\"https:\\\/\\\/www.joseph-wresinski.org\\\/fr\\\/wp-content\\\/uploads\\\/sites\\\/2\\\/2021\\\/06\\\/bise3.jpg\",\"articleSection\":[\"Actualit\u00e9s\",\"Ecrits\",\"Extraits de livres\"],\"inLanguage\":\"fr-FR\",\"potentialAction\":[{\"@type\":\"CommentAction\",\"name\":\"Comment\",\"target\":[\"https:\\\/\\\/www.joseph-wresinski.org\\\/fr\\\/cela-fait-trois-ans-quils-ne-sont-pas-partis\\\/#respond\"]}]},{\"@type\":\"WebPage\",\"@id\":\"https:\\\/\\\/www.joseph-wresinski.org\\\/fr\\\/cela-fait-trois-ans-quils-ne-sont-pas-partis\\\/\",\"url\":\"https:\\\/\\\/www.joseph-wresinski.org\\\/fr\\\/cela-fait-trois-ans-quils-ne-sont-pas-partis\\\/\",\"name\":\"Cela fait trois ans qu\u2019ils ne sont pas partis - Joseph Wresinski FR\",\"isPartOf\":{\"@id\":\"https:\\\/\\\/www.joseph-wresinski.org\\\/fr\\\/#website\"},\"primaryImageOfPage\":{\"@id\":\"https:\\\/\\\/www.joseph-wresinski.org\\\/fr\\\/cela-fait-trois-ans-quils-ne-sont-pas-partis\\\/#primaryimage\"},\"image\":{\"@id\":\"https:\\\/\\\/www.joseph-wresinski.org\\\/fr\\\/cela-fait-trois-ans-quils-ne-sont-pas-partis\\\/#primaryimage\"},\"thumbnailUrl\":\"https:\\\/\\\/www.joseph-wresinski.org\\\/fr\\\/wp-content\\\/uploads\\\/sites\\\/2\\\/2021\\\/06\\\/bise3.jpg\",\"datePublished\":\"2021-07-19T22:00:18+00:00\",\"author\":{\"@id\":\"https:\\\/\\\/www.joseph-wresinski.org\\\/fr\\\/#\\\/schema\\\/person\\\/93469e0206778753beddb73f4e07c8e0\"},\"breadcrumb\":{\"@id\":\"https:\\\/\\\/www.joseph-wresinski.org\\\/fr\\\/cela-fait-trois-ans-quils-ne-sont-pas-partis\\\/#breadcrumb\"},\"inLanguage\":\"fr-FR\",\"potentialAction\":[{\"@type\":\"ReadAction\",\"target\":[\"https:\\\/\\\/www.joseph-wresinski.org\\\/fr\\\/cela-fait-trois-ans-quils-ne-sont-pas-partis\\\/\"]}]},{\"@type\":\"ImageObject\",\"inLanguage\":\"fr-FR\",\"@id\":\"https:\\\/\\\/www.joseph-wresinski.org\\\/fr\\\/cela-fait-trois-ans-quils-ne-sont-pas-partis\\\/#primaryimage\",\"url\":\"https:\\\/\\\/www.joseph-wresinski.org\\\/fr\\\/wp-content\\\/uploads\\\/sites\\\/2\\\/2021\\\/06\\\/bise3.jpg\",\"contentUrl\":\"https:\\\/\\\/www.joseph-wresinski.org\\\/fr\\\/wp-content\\\/uploads\\\/sites\\\/2\\\/2021\\\/06\\\/bise3.jpg\",\"width\":700,\"height\":371},{\"@type\":\"BreadcrumbList\",\"@id\":\"https:\\\/\\\/www.joseph-wresinski.org\\\/fr\\\/cela-fait-trois-ans-quils-ne-sont-pas-partis\\\/#breadcrumb\",\"itemListElement\":[{\"@type\":\"ListItem\",\"position\":1,\"name\":\"Accueil\",\"item\":\"https:\\\/\\\/www.joseph-wresinski.org\\\/fr\\\/\"},{\"@type\":\"ListItem\",\"position\":2,\"name\":\"Cela fait trois ans qu\u2019ils ne sont pas partis\"}]},{\"@type\":\"WebSite\",\"@id\":\"https:\\\/\\\/www.joseph-wresinski.org\\\/fr\\\/#website\",\"url\":\"https:\\\/\\\/www.joseph-wresinski.org\\\/fr\\\/\",\"name\":\"Joseph Wresinski FR\",\"description\":\"Un site propos\u00e9 par le centre Joseph Wresinski\",\"potentialAction\":[{\"@type\":\"SearchAction\",\"target\":{\"@type\":\"EntryPoint\",\"urlTemplate\":\"https:\\\/\\\/www.joseph-wresinski.org\\\/fr\\\/?s={search_term_string}\"},\"query-input\":{\"@type\":\"PropertyValueSpecification\",\"valueRequired\":true,\"valueName\":\"search_term_string\"}}],\"inLanguage\":\"fr-FR\"},{\"@type\":\"Person\",\"@id\":\"https:\\\/\\\/www.joseph-wresinski.org\\\/fr\\\/#\\\/schema\\\/person\\\/93469e0206778753beddb73f4e07c8e0\",\"name\":\"Jean Tonglet\",\"image\":{\"@type\":\"ImageObject\",\"inLanguage\":\"fr-FR\",\"@id\":\"https:\\\/\\\/secure.gravatar.com\\\/avatar\\\/599cfd98b536979bcebf2d6839f0c694333341f1caf7ba53413b62de5453de40?s=96&d=mm&r=g\",\"url\":\"https:\\\/\\\/secure.gravatar.com\\\/avatar\\\/599cfd98b536979bcebf2d6839f0c694333341f1caf7ba53413b62de5453de40?s=96&d=mm&r=g\",\"contentUrl\":\"https:\\\/\\\/secure.gravatar.com\\\/avatar\\\/599cfd98b536979bcebf2d6839f0c694333341f1caf7ba53413b62de5453de40?s=96&d=mm&r=g\",\"caption\":\"Jean Tonglet\"},\"url\":\"https:\\\/\\\/www.joseph-wresinski.org\\\/fr\\\/author\\\/jean\\\/\"}]}<\/script>\n<!-- \/ Yoast SEO plugin. -->","yoast_head_json":{"title":"Cela fait trois ans qu\u2019ils ne sont pas partis - Joseph Wresinski FR","robots":{"index":"index","follow":"follow","max-snippet":"max-snippet:-1","max-image-preview":"max-image-preview:large","max-video-preview":"max-video-preview:-1"},"canonical":"https:\/\/www.joseph-wresinski.org\/fr\/cela-fait-trois-ans-quils-ne-sont-pas-partis\/","og_locale":"fr_FR","og_type":"article","og_title":"Cela fait trois ans qu\u2019ils ne sont pas partis - Joseph Wresinski FR","og_description":"Plus que jamais, le repos, les loisirs, les vacances, sont \u00e0 juste titre consid\u00e9r\u00e9s comme des activit\u00e9s essentielles. Dans ce (...) Lire la suite &rarr;","og_url":"https:\/\/www.joseph-wresinski.org\/fr\/cela-fait-trois-ans-quils-ne-sont-pas-partis\/","og_site_name":"Joseph Wresinski FR","article_published_time":"2021-07-19T22:00:18+00:00","og_image":[{"width":700,"height":371,"url":"https:\/\/www.joseph-wresinski.org\/fr\/wp-content\/uploads\/sites\/2\/2021\/06\/bise3.jpg","type":"image\/jpeg"}],"author":"Jean Tonglet","twitter_card":"summary_large_image","twitter_misc":{"\u00c9crit par":"Jean Tonglet","Dur\u00e9e de lecture estim\u00e9e":"2 minutes"},"schema":{"@context":"https:\/\/schema.org","@graph":[{"@type":"Article","@id":"https:\/\/www.joseph-wresinski.org\/fr\/cela-fait-trois-ans-quils-ne-sont-pas-partis\/#article","isPartOf":{"@id":"https:\/\/www.joseph-wresinski.org\/fr\/cela-fait-trois-ans-quils-ne-sont-pas-partis\/"},"author":{"name":"Jean Tonglet","@id":"https:\/\/www.joseph-wresinski.org\/fr\/#\/schema\/person\/93469e0206778753beddb73f4e07c8e0"},"headline":"Cela fait trois ans qu\u2019ils ne sont pas partis","datePublished":"2021-07-19T22:00:18+00:00","mainEntityOfPage":{"@id":"https:\/\/www.joseph-wresinski.org\/fr\/cela-fait-trois-ans-quils-ne-sont-pas-partis\/"},"wordCount":493,"commentCount":0,"image":{"@id":"https:\/\/www.joseph-wresinski.org\/fr\/cela-fait-trois-ans-quils-ne-sont-pas-partis\/#primaryimage"},"thumbnailUrl":"https:\/\/www.joseph-wresinski.org\/fr\/wp-content\/uploads\/sites\/2\/2021\/06\/bise3.jpg","articleSection":["Actualit\u00e9s","Ecrits","Extraits de livres"],"inLanguage":"fr-FR","potentialAction":[{"@type":"CommentAction","name":"Comment","target":["https:\/\/www.joseph-wresinski.org\/fr\/cela-fait-trois-ans-quils-ne-sont-pas-partis\/#respond"]}]},{"@type":"WebPage","@id":"https:\/\/www.joseph-wresinski.org\/fr\/cela-fait-trois-ans-quils-ne-sont-pas-partis\/","url":"https:\/\/www.joseph-wresinski.org\/fr\/cela-fait-trois-ans-quils-ne-sont-pas-partis\/","name":"Cela fait trois ans qu\u2019ils ne sont pas partis - Joseph Wresinski FR","isPartOf":{"@id":"https:\/\/www.joseph-wresinski.org\/fr\/#website"},"primaryImageOfPage":{"@id":"https:\/\/www.joseph-wresinski.org\/fr\/cela-fait-trois-ans-quils-ne-sont-pas-partis\/#primaryimage"},"image":{"@id":"https:\/\/www.joseph-wresinski.org\/fr\/cela-fait-trois-ans-quils-ne-sont-pas-partis\/#primaryimage"},"thumbnailUrl":"https:\/\/www.joseph-wresinski.org\/fr\/wp-content\/uploads\/sites\/2\/2021\/06\/bise3.jpg","datePublished":"2021-07-19T22:00:18+00:00","author":{"@id":"https:\/\/www.joseph-wresinski.org\/fr\/#\/schema\/person\/93469e0206778753beddb73f4e07c8e0"},"breadcrumb":{"@id":"https:\/\/www.joseph-wresinski.org\/fr\/cela-fait-trois-ans-quils-ne-sont-pas-partis\/#breadcrumb"},"inLanguage":"fr-FR","potentialAction":[{"@type":"ReadAction","target":["https:\/\/www.joseph-wresinski.org\/fr\/cela-fait-trois-ans-quils-ne-sont-pas-partis\/"]}]},{"@type":"ImageObject","inLanguage":"fr-FR","@id":"https:\/\/www.joseph-wresinski.org\/fr\/cela-fait-trois-ans-quils-ne-sont-pas-partis\/#primaryimage","url":"https:\/\/www.joseph-wresinski.org\/fr\/wp-content\/uploads\/sites\/2\/2021\/06\/bise3.jpg","contentUrl":"https:\/\/www.joseph-wresinski.org\/fr\/wp-content\/uploads\/sites\/2\/2021\/06\/bise3.jpg","width":700,"height":371},{"@type":"BreadcrumbList","@id":"https:\/\/www.joseph-wresinski.org\/fr\/cela-fait-trois-ans-quils-ne-sont-pas-partis\/#breadcrumb","itemListElement":[{"@type":"ListItem","position":1,"name":"Accueil","item":"https:\/\/www.joseph-wresinski.org\/fr\/"},{"@type":"ListItem","position":2,"name":"Cela fait trois ans qu\u2019ils ne sont pas partis"}]},{"@type":"WebSite","@id":"https:\/\/www.joseph-wresinski.org\/fr\/#website","url":"https:\/\/www.joseph-wresinski.org\/fr\/","name":"Joseph Wresinski FR","description":"Un site propos\u00e9 par le centre Joseph Wresinski","potentialAction":[{"@type":"SearchAction","target":{"@type":"EntryPoint","urlTemplate":"https:\/\/www.joseph-wresinski.org\/fr\/?s={search_term_string}"},"query-input":{"@type":"PropertyValueSpecification","valueRequired":true,"valueName":"search_term_string"}}],"inLanguage":"fr-FR"},{"@type":"Person","@id":"https:\/\/www.joseph-wresinski.org\/fr\/#\/schema\/person\/93469e0206778753beddb73f4e07c8e0","name":"Jean Tonglet","image":{"@type":"ImageObject","inLanguage":"fr-FR","@id":"https:\/\/secure.gravatar.com\/avatar\/599cfd98b536979bcebf2d6839f0c694333341f1caf7ba53413b62de5453de40?s=96&d=mm&r=g","url":"https:\/\/secure.gravatar.com\/avatar\/599cfd98b536979bcebf2d6839f0c694333341f1caf7ba53413b62de5453de40?s=96&d=mm&r=g","contentUrl":"https:\/\/secure.gravatar.com\/avatar\/599cfd98b536979bcebf2d6839f0c694333341f1caf7ba53413b62de5453de40?s=96&d=mm&r=g","caption":"Jean Tonglet"},"url":"https:\/\/www.joseph-wresinski.org\/fr\/author\/jean\/"}]}},"_links":{"self":[{"href":"https:\/\/www.joseph-wresinski.org\/fr\/wp-json\/wp\/v2\/posts\/3840","targetHints":{"allow":["GET"]}}],"collection":[{"href":"https:\/\/www.joseph-wresinski.org\/fr\/wp-json\/wp\/v2\/posts"}],"about":[{"href":"https:\/\/www.joseph-wresinski.org\/fr\/wp-json\/wp\/v2\/types\/post"}],"author":[{"embeddable":true,"href":"https:\/\/www.joseph-wresinski.org\/fr\/wp-json\/wp\/v2\/users\/4"}],"replies":[{"embeddable":true,"href":"https:\/\/www.joseph-wresinski.org\/fr\/wp-json\/wp\/v2\/comments?post=3840"}],"version-history":[{"count":3,"href":"https:\/\/www.joseph-wresinski.org\/fr\/wp-json\/wp\/v2\/posts\/3840\/revisions"}],"predecessor-version":[{"id":3843,"href":"https:\/\/www.joseph-wresinski.org\/fr\/wp-json\/wp\/v2\/posts\/3840\/revisions\/3843"}],"wp:featuredmedia":[{"embeddable":true,"href":"https:\/\/www.joseph-wresinski.org\/fr\/wp-json\/wp\/v2\/media\/3811"}],"wp:attachment":[{"href":"https:\/\/www.joseph-wresinski.org\/fr\/wp-json\/wp\/v2\/media?parent=3840"}],"wp:term":[{"taxonomy":"category","embeddable":true,"href":"https:\/\/www.joseph-wresinski.org\/fr\/wp-json\/wp\/v2\/categories?post=3840"},{"taxonomy":"post_tag","embeddable":true,"href":"https:\/\/www.joseph-wresinski.org\/fr\/wp-json\/wp\/v2\/tags?post=3840"}],"curies":[{"name":"wp","href":"https:\/\/api.w.org\/{rel}","templated":true}]}}