{"id":3946,"date":"2021-11-19T00:00:47","date_gmt":"2021-11-18T23:00:47","guid":{"rendered":"https:\/\/www.joseph-wresinski.org\/fr\/?p=3946"},"modified":"2021-11-17T14:56:27","modified_gmt":"2021-11-17T13:56:27","slug":"letat-durgence-pour-les-enfants","status":"publish","type":"post","link":"https:\/\/www.joseph-wresinski.org\/fr\/letat-durgence-pour-les-enfants\/","title":{"rendered":"L\u2019\u00e9tat d\u2019urgence pour les enfants"},"content":{"rendered":"<p><em>Depuis la fin des ann\u00e9es 70, et notamment l\u2019ann\u00e9e de l\u2019Enfant en 1979, le Mouvement ATD Quart Monde a d\u00e9velopp\u00e9 des liens avec l\u2019UNICEF. Une relation tr\u00e8s forte s\u2019est ainsi cr\u00e9\u00e9e entre le directeur g\u00e9n\u00e9ral de l\u2019UNICEF, James Grant, et le p\u00e8re Joseph Wresinski. Pour ce dernier, il \u00e9tait essentiel que le mandat de l\u2019UNICEF s\u2019\u00e9largisse \u00e0 tous les enfants du monde, au Nord comme au Sud, et qu\u2019un effort particulier soit entrepris pour atteindre les plus pauvres et ne pas les laisser sur le bord du chemin. C\u2019est dans cette perspective qu\u2019il accueillit avec enthousiasme la cr\u00e9ation par l\u2019UNICEF, en 1987, d\u2019une Grande alliance en faveur des enfants ainsi d\u00e9crite dans le rapport E\/ICEF\/1988\/2 (partie II) du Directeur de l\u2019UNICEF \u00e0 l\u2019Assembl\u00e9e g\u00e9n\u00e9rale des Nations unies\u00a0: \u00ab\u00a0Cette grande alliance est n\u00e9e du vaste mouvement de solidarit\u00e9 qui s&rsquo;est affirm\u00e9 au cours de l&rsquo;ann\u00e9e comm\u00e9morative du quaranti\u00e8me anniversaire de l&rsquo;UNICEF. Pour d\u00e9velopper cette \u00ab\u00a0Grande alliance\u00a0\u00bb, l&rsquo;UNICEF a ax\u00e9 ses efforts sur le renforcement des liens avec les d\u00e9cideurs et les penseurs, l&rsquo;approfondissement du dialogue avec les parlementaires, la coop\u00e9ration avec un nombre croissant d&rsquo;ONG influentes et la fourniture d&rsquo;un appui aux m\u00e9dias pour faciliter leur t\u00e2che dans des domaines concernant les probl\u00e8mes et les priorit\u00e9s des enfants\u00a0\u00bb. Parall\u00e8lement \u00e0 ceux cr\u00e9\u00e9s au si\u00e8ge de l\u2019UNICEF \u00e0 New York, des liens se sont d\u00e9velopp\u00e9s dans plusieurs pays, dont la France, avec les Comit\u00e9s nationaux pour l\u2019UNICEF. C\u2019est dans la suite de ce partenariat que le p\u00e8re Joseph Wresinski fut invit\u00e9 par le Comit\u00e9 fran\u00e7ais pour l\u2019UNICEF \u00e0 prendre la parole lors de la conf\u00e9rence de presse \u00e0 l\u2019occasion de la publication du Rapport sur la situation des enfants dans le monde 1988.<\/em><\/p>\n<p>J\u2019aimerais partager avec vous quelques r\u00e9flexions avec le souci de ne pas diff\u00e9rencier les familles issues des pays en voie de d\u00e9veloppement de celles qui r\u00e9sident dans les pays industrialis\u00e9s. En effet, les familles de New York ou de Chicago qui se r\u00e9fugient dans les rues de leurs villes, les familles qui se terrent en France dans des camions d\u00e9saffect\u00e9s, install\u00e9s entre une d\u00e9charge, une autoroute et un cimeti\u00e8re, nous adressent le m\u00eame message que celles qui s\u2019accrochent sur la pente d\u2019une colline, au bord d\u2019un ravin ou sur une terre mar\u00e9cageuse en lisi\u00e8re d\u2019une baie dans des pays en voie de d\u00e9veloppement.<\/p>\n<p>Toutes ces familles sont non seulement refoul\u00e9es des zones d\u2019habitation d\u00e9centes. Pire, elles n\u2019ont m\u00eame pas leur place dans les cit\u00e9s, les slums ou bidonvilles. En r\u00e9alit\u00e9, elles sont refoul\u00e9es au-del\u00e0 de ces zones de pauvret\u00e9, exil\u00e9es dans la mis\u00e8re \u00e0 cause de leur grande pauvret\u00e9. C\u2019est pourquoi aucune ville ne conna\u00eet leur nombre exact. Pire encore, elles ne figurent pas, le plus souvent, dans les registres de l\u2019administration, ni dans les statistiques nationales. Elles n\u2019ont pas de place dans les pr\u00e9occupations prioritaires des responsables politiques. En somme, elles n\u2019existent pour personne. Il en d\u00e9coule que les enfants de ces familles les plus pauvres sans existence reconnue dans les pays industrialis\u00e9s ainsi que dans les pays en d\u00e9veloppement, ont en commun de ne pas avoir d\u2019avenir.<\/p>\n<p><em>T\u00e9l\u00e9charger le texte complet ci-dessous<\/em><\/p>\n<p>&nbsp;<\/p>\n","protected":false},"excerpt":{"rendered":"<p>Depuis la fin des ann\u00e9es 70, et notamment l\u2019ann\u00e9e de l\u2019Enfant en 1979, le Mouvement ATD Quart Monde a d\u00e9velopp\u00e9 (&#8230;) <a class=\"more-link\" href=\"https:\/\/www.joseph-wresinski.org\/fr\/letat-durgence-pour-les-enfants\/\">Lire la suite <span class=\"meta-nav\">&rarr;<\/span><\/a><\/p>\n","protected":false},"author":4,"featured_media":3947,"comment_status":"open","ping_status":"closed","sticky":false,"template":"","format":"standard","meta":{"_acf_changed":false,"ep_exclude_from_search":false,"footnotes":""},"categories":[12,63,49],"tags":[],"class_list":["post-3946","post","type-post","status-publish","format-standard","has-post-thumbnail","hentry","category-actualites","category-conferences-publiques","category-ecrits"],"acf":[],"yoast_head":"<!-- This site is optimized with the Yoast SEO plugin v27.5 - https:\/\/yoast.com\/product\/yoast-seo-wordpress\/ -->\n<title>L\u2019\u00e9tat d\u2019urgence pour les enfants - Joseph Wresinski FR<\/title>\n<meta name=\"robots\" content=\"index, follow, max-snippet:-1, max-image-preview:large, max-video-preview:-1\" \/>\n<link rel=\"canonical\" href=\"https:\/\/www.joseph-wresinski.org\/fr\/letat-durgence-pour-les-enfants\/\" \/>\n<meta property=\"og:locale\" content=\"fr_FR\" \/>\n<meta property=\"og:type\" content=\"article\" \/>\n<meta property=\"og:title\" content=\"L\u2019\u00e9tat d\u2019urgence pour les enfants - Joseph Wresinski FR\" \/>\n<meta property=\"og:description\" content=\"Depuis la fin des ann\u00e9es 70, et notamment l\u2019ann\u00e9e de l\u2019Enfant en 1979, le Mouvement ATD Quart Monde a d\u00e9velopp\u00e9 (...) Lire la suite &rarr;\" \/>\n<meta property=\"og:url\" content=\"https:\/\/www.joseph-wresinski.org\/fr\/letat-durgence-pour-les-enfants\/\" \/>\n<meta property=\"og:site_name\" content=\"Joseph Wresinski FR\" \/>\n<meta property=\"article:published_time\" content=\"2021-11-18T23:00:47+00:00\" \/>\n<meta property=\"og:image\" content=\"https:\/\/www.joseph-wresinski.org\/fr\/wp-content\/uploads\/sites\/2\/2021\/11\/Slide-Journee-des-enfants.png\" \/>\n\t<meta property=\"og:image:width\" content=\"1602\" \/>\n\t<meta property=\"og:image:height\" content=\"712\" \/>\n\t<meta property=\"og:image:type\" content=\"image\/png\" \/>\n<meta name=\"author\" content=\"Jean Tonglet\" \/>\n<meta name=\"twitter:card\" content=\"summary_large_image\" \/>\n<meta name=\"twitter:label1\" content=\"\u00c9crit par\" \/>\n\t<meta name=\"twitter:data1\" content=\"Jean Tonglet\" \/>\n\t<meta name=\"twitter:label2\" content=\"Dur\u00e9e de lecture estim\u00e9e\" \/>\n\t<meta name=\"twitter:data2\" content=\"3 minutes\" \/>\n<script type=\"application\/ld+json\" class=\"yoast-schema-graph\">{\"@context\":\"https:\\\/\\\/schema.org\",\"@graph\":[{\"@type\":\"Article\",\"@id\":\"https:\\\/\\\/www.joseph-wresinski.org\\\/fr\\\/letat-durgence-pour-les-enfants\\\/#article\",\"isPartOf\":{\"@id\":\"https:\\\/\\\/www.joseph-wresinski.org\\\/fr\\\/letat-durgence-pour-les-enfants\\\/\"},\"author\":{\"name\":\"Jean Tonglet\",\"@id\":\"https:\\\/\\\/www.joseph-wresinski.org\\\/fr\\\/#\\\/schema\\\/person\\\/93469e0206778753beddb73f4e07c8e0\"},\"headline\":\"L\u2019\u00e9tat d\u2019urgence pour les enfants\",\"datePublished\":\"2021-11-18T23:00:47+00:00\",\"mainEntityOfPage\":{\"@id\":\"https:\\\/\\\/www.joseph-wresinski.org\\\/fr\\\/letat-durgence-pour-les-enfants\\\/\"},\"wordCount\":614,\"commentCount\":0,\"image\":{\"@id\":\"https:\\\/\\\/www.joseph-wresinski.org\\\/fr\\\/letat-durgence-pour-les-enfants\\\/#primaryimage\"},\"thumbnailUrl\":\"https:\\\/\\\/www.joseph-wresinski.org\\\/fr\\\/wp-content\\\/uploads\\\/sites\\\/2\\\/2021\\\/11\\\/Slide-Journee-des-enfants.png\",\"articleSection\":[\"Actualit\u00e9s\",\"Conf\u00e9rences publiques\",\"Ecrits\"],\"inLanguage\":\"fr-FR\",\"potentialAction\":[{\"@type\":\"CommentAction\",\"name\":\"Comment\",\"target\":[\"https:\\\/\\\/www.joseph-wresinski.org\\\/fr\\\/letat-durgence-pour-les-enfants\\\/#respond\"]}]},{\"@type\":\"WebPage\",\"@id\":\"https:\\\/\\\/www.joseph-wresinski.org\\\/fr\\\/letat-durgence-pour-les-enfants\\\/\",\"url\":\"https:\\\/\\\/www.joseph-wresinski.org\\\/fr\\\/letat-durgence-pour-les-enfants\\\/\",\"name\":\"L\u2019\u00e9tat d\u2019urgence pour les enfants - Joseph Wresinski FR\",\"isPartOf\":{\"@id\":\"https:\\\/\\\/www.joseph-wresinski.org\\\/fr\\\/#website\"},\"primaryImageOfPage\":{\"@id\":\"https:\\\/\\\/www.joseph-wresinski.org\\\/fr\\\/letat-durgence-pour-les-enfants\\\/#primaryimage\"},\"image\":{\"@id\":\"https:\\\/\\\/www.joseph-wresinski.org\\\/fr\\\/letat-durgence-pour-les-enfants\\\/#primaryimage\"},\"thumbnailUrl\":\"https:\\\/\\\/www.joseph-wresinski.org\\\/fr\\\/wp-content\\\/uploads\\\/sites\\\/2\\\/2021\\\/11\\\/Slide-Journee-des-enfants.png\",\"datePublished\":\"2021-11-18T23:00:47+00:00\",\"author\":{\"@id\":\"https:\\\/\\\/www.joseph-wresinski.org\\\/fr\\\/#\\\/schema\\\/person\\\/93469e0206778753beddb73f4e07c8e0\"},\"breadcrumb\":{\"@id\":\"https:\\\/\\\/www.joseph-wresinski.org\\\/fr\\\/letat-durgence-pour-les-enfants\\\/#breadcrumb\"},\"inLanguage\":\"fr-FR\",\"potentialAction\":[{\"@type\":\"ReadAction\",\"target\":[\"https:\\\/\\\/www.joseph-wresinski.org\\\/fr\\\/letat-durgence-pour-les-enfants\\\/\"]}]},{\"@type\":\"ImageObject\",\"inLanguage\":\"fr-FR\",\"@id\":\"https:\\\/\\\/www.joseph-wresinski.org\\\/fr\\\/letat-durgence-pour-les-enfants\\\/#primaryimage\",\"url\":\"https:\\\/\\\/www.joseph-wresinski.org\\\/fr\\\/wp-content\\\/uploads\\\/sites\\\/2\\\/2021\\\/11\\\/Slide-Journee-des-enfants.png\",\"contentUrl\":\"https:\\\/\\\/www.joseph-wresinski.org\\\/fr\\\/wp-content\\\/uploads\\\/sites\\\/2\\\/2021\\\/11\\\/Slide-Journee-des-enfants.png\",\"width\":1602,\"height\":712},{\"@type\":\"BreadcrumbList\",\"@id\":\"https:\\\/\\\/www.joseph-wresinski.org\\\/fr\\\/letat-durgence-pour-les-enfants\\\/#breadcrumb\",\"itemListElement\":[{\"@type\":\"ListItem\",\"position\":1,\"name\":\"Accueil\",\"item\":\"https:\\\/\\\/www.joseph-wresinski.org\\\/fr\\\/\"},{\"@type\":\"ListItem\",\"position\":2,\"name\":\"L\u2019\u00e9tat d\u2019urgence pour les enfants\"}]},{\"@type\":\"WebSite\",\"@id\":\"https:\\\/\\\/www.joseph-wresinski.org\\\/fr\\\/#website\",\"url\":\"https:\\\/\\\/www.joseph-wresinski.org\\\/fr\\\/\",\"name\":\"Joseph Wresinski FR\",\"description\":\"Un site propos\u00e9 par le centre Joseph Wresinski\",\"potentialAction\":[{\"@type\":\"SearchAction\",\"target\":{\"@type\":\"EntryPoint\",\"urlTemplate\":\"https:\\\/\\\/www.joseph-wresinski.org\\\/fr\\\/?s={search_term_string}\"},\"query-input\":{\"@type\":\"PropertyValueSpecification\",\"valueRequired\":true,\"valueName\":\"search_term_string\"}}],\"inLanguage\":\"fr-FR\"},{\"@type\":\"Person\",\"@id\":\"https:\\\/\\\/www.joseph-wresinski.org\\\/fr\\\/#\\\/schema\\\/person\\\/93469e0206778753beddb73f4e07c8e0\",\"name\":\"Jean Tonglet\",\"image\":{\"@type\":\"ImageObject\",\"inLanguage\":\"fr-FR\",\"@id\":\"https:\\\/\\\/secure.gravatar.com\\\/avatar\\\/599cfd98b536979bcebf2d6839f0c694333341f1caf7ba53413b62de5453de40?s=96&d=mm&r=g\",\"url\":\"https:\\\/\\\/secure.gravatar.com\\\/avatar\\\/599cfd98b536979bcebf2d6839f0c694333341f1caf7ba53413b62de5453de40?s=96&d=mm&r=g\",\"contentUrl\":\"https:\\\/\\\/secure.gravatar.com\\\/avatar\\\/599cfd98b536979bcebf2d6839f0c694333341f1caf7ba53413b62de5453de40?s=96&d=mm&r=g\",\"caption\":\"Jean Tonglet\"},\"url\":\"https:\\\/\\\/www.joseph-wresinski.org\\\/fr\\\/author\\\/jean\\\/\"}]}<\/script>\n<!-- \/ Yoast SEO plugin. -->","yoast_head_json":{"title":"L\u2019\u00e9tat d\u2019urgence pour les enfants - Joseph Wresinski FR","robots":{"index":"index","follow":"follow","max-snippet":"max-snippet:-1","max-image-preview":"max-image-preview:large","max-video-preview":"max-video-preview:-1"},"canonical":"https:\/\/www.joseph-wresinski.org\/fr\/letat-durgence-pour-les-enfants\/","og_locale":"fr_FR","og_type":"article","og_title":"L\u2019\u00e9tat d\u2019urgence pour les enfants - Joseph Wresinski FR","og_description":"Depuis la fin des ann\u00e9es 70, et notamment l\u2019ann\u00e9e de l\u2019Enfant en 1979, le Mouvement ATD Quart Monde a d\u00e9velopp\u00e9 (...) Lire la suite &rarr;","og_url":"https:\/\/www.joseph-wresinski.org\/fr\/letat-durgence-pour-les-enfants\/","og_site_name":"Joseph Wresinski FR","article_published_time":"2021-11-18T23:00:47+00:00","og_image":[{"width":1602,"height":712,"url":"https:\/\/www.joseph-wresinski.org\/fr\/wp-content\/uploads\/sites\/2\/2021\/11\/Slide-Journee-des-enfants.png","type":"image\/png"}],"author":"Jean Tonglet","twitter_card":"summary_large_image","twitter_misc":{"\u00c9crit par":"Jean Tonglet","Dur\u00e9e de lecture estim\u00e9e":"3 minutes"},"schema":{"@context":"https:\/\/schema.org","@graph":[{"@type":"Article","@id":"https:\/\/www.joseph-wresinski.org\/fr\/letat-durgence-pour-les-enfants\/#article","isPartOf":{"@id":"https:\/\/www.joseph-wresinski.org\/fr\/letat-durgence-pour-les-enfants\/"},"author":{"name":"Jean Tonglet","@id":"https:\/\/www.joseph-wresinski.org\/fr\/#\/schema\/person\/93469e0206778753beddb73f4e07c8e0"},"headline":"L\u2019\u00e9tat d\u2019urgence pour les enfants","datePublished":"2021-11-18T23:00:47+00:00","mainEntityOfPage":{"@id":"https:\/\/www.joseph-wresinski.org\/fr\/letat-durgence-pour-les-enfants\/"},"wordCount":614,"commentCount":0,"image":{"@id":"https:\/\/www.joseph-wresinski.org\/fr\/letat-durgence-pour-les-enfants\/#primaryimage"},"thumbnailUrl":"https:\/\/www.joseph-wresinski.org\/fr\/wp-content\/uploads\/sites\/2\/2021\/11\/Slide-Journee-des-enfants.png","articleSection":["Actualit\u00e9s","Conf\u00e9rences publiques","Ecrits"],"inLanguage":"fr-FR","potentialAction":[{"@type":"CommentAction","name":"Comment","target":["https:\/\/www.joseph-wresinski.org\/fr\/letat-durgence-pour-les-enfants\/#respond"]}]},{"@type":"WebPage","@id":"https:\/\/www.joseph-wresinski.org\/fr\/letat-durgence-pour-les-enfants\/","url":"https:\/\/www.joseph-wresinski.org\/fr\/letat-durgence-pour-les-enfants\/","name":"L\u2019\u00e9tat d\u2019urgence pour les enfants - Joseph Wresinski FR","isPartOf":{"@id":"https:\/\/www.joseph-wresinski.org\/fr\/#website"},"primaryImageOfPage":{"@id":"https:\/\/www.joseph-wresinski.org\/fr\/letat-durgence-pour-les-enfants\/#primaryimage"},"image":{"@id":"https:\/\/www.joseph-wresinski.org\/fr\/letat-durgence-pour-les-enfants\/#primaryimage"},"thumbnailUrl":"https:\/\/www.joseph-wresinski.org\/fr\/wp-content\/uploads\/sites\/2\/2021\/11\/Slide-Journee-des-enfants.png","datePublished":"2021-11-18T23:00:47+00:00","author":{"@id":"https:\/\/www.joseph-wresinski.org\/fr\/#\/schema\/person\/93469e0206778753beddb73f4e07c8e0"},"breadcrumb":{"@id":"https:\/\/www.joseph-wresinski.org\/fr\/letat-durgence-pour-les-enfants\/#breadcrumb"},"inLanguage":"fr-FR","potentialAction":[{"@type":"ReadAction","target":["https:\/\/www.joseph-wresinski.org\/fr\/letat-durgence-pour-les-enfants\/"]}]},{"@type":"ImageObject","inLanguage":"fr-FR","@id":"https:\/\/www.joseph-wresinski.org\/fr\/letat-durgence-pour-les-enfants\/#primaryimage","url":"https:\/\/www.joseph-wresinski.org\/fr\/wp-content\/uploads\/sites\/2\/2021\/11\/Slide-Journee-des-enfants.png","contentUrl":"https:\/\/www.joseph-wresinski.org\/fr\/wp-content\/uploads\/sites\/2\/2021\/11\/Slide-Journee-des-enfants.png","width":1602,"height":712},{"@type":"BreadcrumbList","@id":"https:\/\/www.joseph-wresinski.org\/fr\/letat-durgence-pour-les-enfants\/#breadcrumb","itemListElement":[{"@type":"ListItem","position":1,"name":"Accueil","item":"https:\/\/www.joseph-wresinski.org\/fr\/"},{"@type":"ListItem","position":2,"name":"L\u2019\u00e9tat d\u2019urgence pour les enfants"}]},{"@type":"WebSite","@id":"https:\/\/www.joseph-wresinski.org\/fr\/#website","url":"https:\/\/www.joseph-wresinski.org\/fr\/","name":"Joseph Wresinski FR","description":"Un site propos\u00e9 par le centre Joseph Wresinski","potentialAction":[{"@type":"SearchAction","target":{"@type":"EntryPoint","urlTemplate":"https:\/\/www.joseph-wresinski.org\/fr\/?s={search_term_string}"},"query-input":{"@type":"PropertyValueSpecification","valueRequired":true,"valueName":"search_term_string"}}],"inLanguage":"fr-FR"},{"@type":"Person","@id":"https:\/\/www.joseph-wresinski.org\/fr\/#\/schema\/person\/93469e0206778753beddb73f4e07c8e0","name":"Jean Tonglet","image":{"@type":"ImageObject","inLanguage":"fr-FR","@id":"https:\/\/secure.gravatar.com\/avatar\/599cfd98b536979bcebf2d6839f0c694333341f1caf7ba53413b62de5453de40?s=96&d=mm&r=g","url":"https:\/\/secure.gravatar.com\/avatar\/599cfd98b536979bcebf2d6839f0c694333341f1caf7ba53413b62de5453de40?s=96&d=mm&r=g","contentUrl":"https:\/\/secure.gravatar.com\/avatar\/599cfd98b536979bcebf2d6839f0c694333341f1caf7ba53413b62de5453de40?s=96&d=mm&r=g","caption":"Jean Tonglet"},"url":"https:\/\/www.joseph-wresinski.org\/fr\/author\/jean\/"}]}},"_links":{"self":[{"href":"https:\/\/www.joseph-wresinski.org\/fr\/wp-json\/wp\/v2\/posts\/3946","targetHints":{"allow":["GET"]}}],"collection":[{"href":"https:\/\/www.joseph-wresinski.org\/fr\/wp-json\/wp\/v2\/posts"}],"about":[{"href":"https:\/\/www.joseph-wresinski.org\/fr\/wp-json\/wp\/v2\/types\/post"}],"author":[{"embeddable":true,"href":"https:\/\/www.joseph-wresinski.org\/fr\/wp-json\/wp\/v2\/users\/4"}],"replies":[{"embeddable":true,"href":"https:\/\/www.joseph-wresinski.org\/fr\/wp-json\/wp\/v2\/comments?post=3946"}],"version-history":[{"count":2,"href":"https:\/\/www.joseph-wresinski.org\/fr\/wp-json\/wp\/v2\/posts\/3946\/revisions"}],"predecessor-version":[{"id":3954,"href":"https:\/\/www.joseph-wresinski.org\/fr\/wp-json\/wp\/v2\/posts\/3946\/revisions\/3954"}],"wp:featuredmedia":[{"embeddable":true,"href":"https:\/\/www.joseph-wresinski.org\/fr\/wp-json\/wp\/v2\/media\/3947"}],"wp:attachment":[{"href":"https:\/\/www.joseph-wresinski.org\/fr\/wp-json\/wp\/v2\/media?parent=3946"}],"wp:term":[{"taxonomy":"category","embeddable":true,"href":"https:\/\/www.joseph-wresinski.org\/fr\/wp-json\/wp\/v2\/categories?post=3946"},{"taxonomy":"post_tag","embeddable":true,"href":"https:\/\/www.joseph-wresinski.org\/fr\/wp-json\/wp\/v2\/tags?post=3946"}],"curies":[{"name":"wp","href":"https:\/\/api.w.org\/{rel}","templated":true}]}}