{"id":4064,"date":"2022-04-07T00:00:20","date_gmt":"2022-04-06T22:00:20","guid":{"rendered":"https:\/\/www.joseph-wresinski.org\/fr\/?p=4064"},"modified":"2022-04-06T09:31:42","modified_gmt":"2022-04-06T07:31:42","slug":"la-sante-une-veritable-hantise-en-milieu-dextreme-pauvrete","status":"publish","type":"post","link":"https:\/\/www.joseph-wresinski.org\/fr\/la-sante-une-veritable-hantise-en-milieu-dextreme-pauvrete\/","title":{"rendered":"La sant\u00e9 : une v\u00e9ritable hantise en milieu d\u2019extr\u00eame pauvret\u00e9."},"content":{"rendered":"<p>En milieu d\u2019extr\u00eame pauvret\u00e9, (\u2026) la sant\u00e9 est une v\u00e9ritable hantise ; ce v\u0153u permanent dont \u00a0elle est l\u2019objet vient du fait que les gens ne ma\u00eetrisent en rien\u00a0 le corps, la maladie&#8230; Ils ne les ma\u00eetrisent pas parce qu\u2019ils vivent continuellement en \u00e9tat d&rsquo;extr\u00eame fatigue et d\u2019angoisse ; ils sont oblig\u00e9s de \u00ab tirer comme des \u00e2nes \u00bb\u00a0; ils ne peuvent pas s\u2019arr\u00eater \u00e0 cause des besoins mat\u00e9riels.<\/p>\n<p>Le signal d\u2019alarme est l&rsquo;invasion brutale de la souffrance. Quand ils ont mal, et\u00a0\u00a0 seulement\u00a0\u00a0 quand ils ont mal, ils s&rsquo;arr\u00eatent. Le seul moment o\u00f9 les sous-prol\u00e9taires s\u2019occupent\u00a0 de la sant\u00e9, c\u2019est quand il y a souffrance. La souffrance aigu\u00eb, non la souffrance ordinaire. Ainsi, les familles d\u2019une cit\u00e9 s\u2019\u00e9tonnaient de voir qu\u2019on parle de repos pour une permanente du Mouvement ATD. Quart Monde, \u00e0 cause \u00ab seulement\u00a0 d\u2019une entorse \u00bb. De m\u00eame, les femmes consid\u00e8rent souvent que l\u2019accouchement n\u2019\u00e9tant pas une maladie (ce qui est certes vrai), elles peuvent continuer \u00e0 travailler\u00a0 dans les heures qui suivent; les conditions de vie de la famille les y acculent d&rsquo;ailleurs.<\/p>\n<p>Oui, pour s\u2019arr\u00eater, en Quart Monde,\u00a0 il faut une souffrance insolite, soudaine (\u00e9ventration. tuberculose, cancer&#8230;), toutes maladies dont les plus pauvres sont souvent les h\u00e9ritiers. G\u00e9n\u00e9ralement, l\u2019\u00e9tat permanent de fatigue, l&rsquo;usure,\u00a0 font qu\u2019on s\u2019habitue au mal, qu&rsquo;on ne sent pas sa souffrance, qu\u2019on ne peut pas la dire ; on ne peut, en effet, \u00ab s\u2019\u00e9couter \u00bb que dans la mesure o\u00f9 on est certain qu&rsquo;il n&rsquo;y aura pas de cons\u00e9quences d\u00e9sastreuses.<\/p>\n<p>Priv\u00e9s des moyens d\u2019une ma\u00eetrise du corps, les pauvres vont jusqu\u2019au bout ; ils croient d\u2019ailleurs ne pas valoir la peine de se soigner. Ne faut-il pas en effet \u00eatre s\u00fbr de soi, s\u00fbr de son emploi, s\u00fbr des siens, s\u00fbr qu\u2019ils\u00a0\u00a0 comprendront\u00a0\u00a0 et assumeront\u00a0\u00a0 la chose et pourront\u00a0 s&rsquo;organiser sans vous\u00a0 pour consentir sans angoisse \u00e0 se laisser soigner ? Ainsi, \u00a0Madame H., atteinte d\u2019un cancer, qui s\u2019enfuit de l\u2019h\u00f4pital avant m\u00eame que le traitement ne soit commenc\u00e9 : elle n\u2019est pas s\u00fbre que son mari saura prendre soin des enfants. Ne va-t-on pas les placer comme ce fut le cas il\u00a0 y\u00a0 a quelques ann\u00e9es d\u00e9j\u00e0 pour la m\u00eame raison ?<\/p>\n<p>Le milieu ne comprend pas, n\u2019accepte pas, est d\u00e9rout\u00e9 par la maladie qui survient. D\u2019ailleurs, dans l\u2019\u00e9tat d&rsquo;extr\u00eame indigence, on est organis\u00e9 de telle mani\u00e8re qu\u2019il n\u2019y a que sur soi que l&rsquo;on puisse compter ; sur celui-l\u00e0 m\u00eame qui veut vous rendre service, on ne peut s\u2019appuyer de la m\u00eame mani\u00e8re ; les craintes \u00e0 son sujet se multiplient: Et si l\u2019argent allait \u00eatre gaspill\u00e9 ? Et s\u2019il allait d\u00e9penser le peu qu\u2019on a ? Et si, apr\u00e8s, les enfants restent sans rien ?<\/p>\n<p>Vis-\u00e0-vis des traitements \u00e0 suivre, c\u2019est la m\u00eame peur, la m\u00eame ignorance qui dominent. En Quart Monde, d\u00e8s que la souffrance dispara\u00eet, on ne peut plus croire \u00e0 la maladie, \u00e0 la n\u00e9cessit\u00e9 de se soigner davantage, d&rsquo;o\u00f9 l&rsquo;abandon tr\u00e8s fr\u00e9quent des soins. Sans un contexte stimulant, sans un environnement qui soutienne votre effort, dans un univers o\u00f9 la notion de dur\u00e9e et de r\u00e9gularit\u00e9 est rendue impossible, comment pers\u00e9v\u00e9rer dans un traitement ?<\/p>\n<p>Tant de faits d\u2019observation qui nous font dire et redire que le monde m\u00e9dical doit \u00e0 tous, et en priorit\u00e9 aux enfants les plus d\u00e9favoris\u00e9s, la joie du corps, et la joie comporte : la possibilit\u00e9 d\u2019un corps soign\u00e9, servi, que l\u2019on fait beau (esth\u00e9tique, gymnastique). Un corps dont on est fier, qui puisse exprimer tout un langage ; le sentiment d\u2019\u00eatre bien dans sa peau, de ne plus h\u00e9siter, de ne plus avoir peur de se pr\u00e9senter, de parler&#8230;<\/p>\n<p>Cela, ce sont les m\u00e9decins en tout premier qui le doivent au Quart Monde, c\u2019est \u00e0 eux de faire entrer pleinement en vigueur la Charte de l\u2019Organisation Mondiale de la Sant\u00e9\u00a0: \u00ab<em> La possession du meilleur \u00e9tat de sant\u00e9 qu\u2019il est capable d\u2019atteindre constitue l\u2019un des droits fondamentaux de tout \u00eatre humain, quelles que soient sa race, sa religion, ses opinions politiques, sa condition \u00e9conomique ou sociale. \u00bb <\/em>Et ils ne le feront que s\u2019ils s\u2019investissent au ras du sol, que si dans les cit\u00e9s, ils sont non seulement des praticiens, mais de v\u00e9ritables \u00e9ducateurs de la vie et de la sant\u00e9.<\/p>\n<p><em>\u00a0<\/em>En conclusion, il ressort qu\u2019ils doivent \u00eatre des femmes et des hommes capables de cr\u00e9er une nouvelle culture de la sant\u00e9 en partant des plus d\u00e9favoris\u00e9s, d\u2019inventer une m\u00e9decine du futur qui donnera enfin l\u2019\u00e9galit\u00e9 devant la vie \u00a0\u00e0 tous les \u00eatres humains et sp\u00e9cialement\u00a0\u00a0 aux\u00a0\u00a0 enfants.<\/p>\n<p>Alors les m\u00e9decins ne seront plus ces magiciens dont le Quart Monde attend des m\u00e9dicaments miracles et des r\u00e9sultats rapides\u00a0: ils seront des amis avec qui, dans la confiance, se construit la lib\u00e9ration et l\u2019int\u00e9grit\u00e9 de soi-m\u00eame, f\u00fbt on le plus d\u00e9sarm\u00e9, avec qui se construit un changement de soci\u00e9t\u00e9 en profondeur qui donne\u00a0 la priorit\u00e9 aux\u00a0 plus d\u00e9favoris\u00e9s.<\/p>\n","protected":false},"excerpt":{"rendered":"<p>En milieu d\u2019extr\u00eame pauvret\u00e9, (\u2026) la sant\u00e9 est une v\u00e9ritable hantise ; ce v\u0153u permanent dont \u00a0elle est l\u2019objet vient (&#8230;) <a class=\"more-link\" href=\"https:\/\/www.joseph-wresinski.org\/fr\/la-sante-une-veritable-hantise-en-milieu-dextreme-pauvrete\/\">Lire la suite <span class=\"meta-nav\">&rarr;<\/span><\/a><\/p>\n","protected":false},"author":4,"featured_media":4062,"comment_status":"open","ping_status":"closed","sticky":false,"template":"","format":"standard","meta":{"_acf_changed":false,"ep_exclude_from_search":false,"footnotes":""},"categories":[12,49,65],"tags":[],"class_list":["post-4064","post","type-post","status-publish","format-standard","has-post-thumbnail","hentry","category-actualites","category-ecrits","category-editoriaux-et-prefaces"],"acf":[],"yoast_head":"<!-- This site is optimized with the Yoast SEO plugin v27.5 - https:\/\/yoast.com\/product\/yoast-seo-wordpress\/ -->\n<title>La sant\u00e9 : une v\u00e9ritable hantise en milieu d\u2019extr\u00eame pauvret\u00e9. - Joseph Wresinski FR<\/title>\n<meta name=\"robots\" content=\"index, follow, max-snippet:-1, max-image-preview:large, max-video-preview:-1\" \/>\n<link rel=\"canonical\" href=\"https:\/\/www.joseph-wresinski.org\/fr\/la-sante-une-veritable-hantise-en-milieu-dextreme-pauvrete\/\" \/>\n<meta property=\"og:locale\" content=\"fr_FR\" \/>\n<meta property=\"og:type\" content=\"article\" \/>\n<meta property=\"og:title\" content=\"La sant\u00e9 : une v\u00e9ritable hantise en milieu d\u2019extr\u00eame pauvret\u00e9. - Joseph Wresinski FR\" \/>\n<meta property=\"og:description\" content=\"En milieu d\u2019extr\u00eame pauvret\u00e9, (\u2026) la sant\u00e9 est une v\u00e9ritable hantise ; ce v\u0153u permanent dont \u00a0elle est l\u2019objet vient (...) Lire la suite &rarr;\" \/>\n<meta property=\"og:url\" content=\"https:\/\/www.joseph-wresinski.org\/fr\/la-sante-une-veritable-hantise-en-milieu-dextreme-pauvrete\/\" \/>\n<meta property=\"og:site_name\" content=\"Joseph Wresinski FR\" \/>\n<meta property=\"article:published_time\" content=\"2022-04-06T22:00:20+00:00\" \/>\n<meta property=\"og:image\" content=\"https:\/\/www.joseph-wresinski.org\/fr\/wp-content\/uploads\/sites\/2\/2022\/03\/Munch_Det_Syke_Barn_1896.jpg\" \/>\n\t<meta property=\"og:image:width\" content=\"1458\" \/>\n\t<meta property=\"og:image:height\" content=\"1500\" \/>\n\t<meta property=\"og:image:type\" content=\"image\/jpeg\" \/>\n<meta name=\"author\" content=\"Jean Tonglet\" \/>\n<meta name=\"twitter:card\" content=\"summary_large_image\" \/>\n<meta name=\"twitter:label1\" content=\"\u00c9crit par\" \/>\n\t<meta name=\"twitter:data1\" content=\"Jean Tonglet\" \/>\n\t<meta name=\"twitter:label2\" content=\"Dur\u00e9e de lecture estim\u00e9e\" \/>\n\t<meta name=\"twitter:data2\" content=\"5 minutes\" \/>\n<script type=\"application\/ld+json\" class=\"yoast-schema-graph\">{\"@context\":\"https:\\\/\\\/schema.org\",\"@graph\":[{\"@type\":\"Article\",\"@id\":\"https:\\\/\\\/www.joseph-wresinski.org\\\/fr\\\/la-sante-une-veritable-hantise-en-milieu-dextreme-pauvrete\\\/#article\",\"isPartOf\":{\"@id\":\"https:\\\/\\\/www.joseph-wresinski.org\\\/fr\\\/la-sante-une-veritable-hantise-en-milieu-dextreme-pauvrete\\\/\"},\"author\":{\"name\":\"Jean Tonglet\",\"@id\":\"https:\\\/\\\/www.joseph-wresinski.org\\\/fr\\\/#\\\/schema\\\/person\\\/93469e0206778753beddb73f4e07c8e0\"},\"headline\":\"La sant\u00e9 : une v\u00e9ritable hantise en milieu d\u2019extr\u00eame pauvret\u00e9.\",\"datePublished\":\"2022-04-06T22:00:20+00:00\",\"mainEntityOfPage\":{\"@id\":\"https:\\\/\\\/www.joseph-wresinski.org\\\/fr\\\/la-sante-une-veritable-hantise-en-milieu-dextreme-pauvrete\\\/\"},\"wordCount\":929,\"commentCount\":0,\"image\":{\"@id\":\"https:\\\/\\\/www.joseph-wresinski.org\\\/fr\\\/la-sante-une-veritable-hantise-en-milieu-dextreme-pauvrete\\\/#primaryimage\"},\"thumbnailUrl\":\"https:\\\/\\\/www.joseph-wresinski.org\\\/fr\\\/wp-content\\\/uploads\\\/sites\\\/2\\\/2022\\\/03\\\/Munch_Det_Syke_Barn_1896.jpg\",\"articleSection\":[\"Actualit\u00e9s\",\"Ecrits\",\"Editoriaux et pr\u00e9faces\"],\"inLanguage\":\"fr-FR\",\"potentialAction\":[{\"@type\":\"CommentAction\",\"name\":\"Comment\",\"target\":[\"https:\\\/\\\/www.joseph-wresinski.org\\\/fr\\\/la-sante-une-veritable-hantise-en-milieu-dextreme-pauvrete\\\/#respond\"]}]},{\"@type\":\"WebPage\",\"@id\":\"https:\\\/\\\/www.joseph-wresinski.org\\\/fr\\\/la-sante-une-veritable-hantise-en-milieu-dextreme-pauvrete\\\/\",\"url\":\"https:\\\/\\\/www.joseph-wresinski.org\\\/fr\\\/la-sante-une-veritable-hantise-en-milieu-dextreme-pauvrete\\\/\",\"name\":\"La sant\u00e9 : une v\u00e9ritable hantise en milieu d\u2019extr\u00eame pauvret\u00e9. - Joseph Wresinski FR\",\"isPartOf\":{\"@id\":\"https:\\\/\\\/www.joseph-wresinski.org\\\/fr\\\/#website\"},\"primaryImageOfPage\":{\"@id\":\"https:\\\/\\\/www.joseph-wresinski.org\\\/fr\\\/la-sante-une-veritable-hantise-en-milieu-dextreme-pauvrete\\\/#primaryimage\"},\"image\":{\"@id\":\"https:\\\/\\\/www.joseph-wresinski.org\\\/fr\\\/la-sante-une-veritable-hantise-en-milieu-dextreme-pauvrete\\\/#primaryimage\"},\"thumbnailUrl\":\"https:\\\/\\\/www.joseph-wresinski.org\\\/fr\\\/wp-content\\\/uploads\\\/sites\\\/2\\\/2022\\\/03\\\/Munch_Det_Syke_Barn_1896.jpg\",\"datePublished\":\"2022-04-06T22:00:20+00:00\",\"author\":{\"@id\":\"https:\\\/\\\/www.joseph-wresinski.org\\\/fr\\\/#\\\/schema\\\/person\\\/93469e0206778753beddb73f4e07c8e0\"},\"breadcrumb\":{\"@id\":\"https:\\\/\\\/www.joseph-wresinski.org\\\/fr\\\/la-sante-une-veritable-hantise-en-milieu-dextreme-pauvrete\\\/#breadcrumb\"},\"inLanguage\":\"fr-FR\",\"potentialAction\":[{\"@type\":\"ReadAction\",\"target\":[\"https:\\\/\\\/www.joseph-wresinski.org\\\/fr\\\/la-sante-une-veritable-hantise-en-milieu-dextreme-pauvrete\\\/\"]}]},{\"@type\":\"ImageObject\",\"inLanguage\":\"fr-FR\",\"@id\":\"https:\\\/\\\/www.joseph-wresinski.org\\\/fr\\\/la-sante-une-veritable-hantise-en-milieu-dextreme-pauvrete\\\/#primaryimage\",\"url\":\"https:\\\/\\\/www.joseph-wresinski.org\\\/fr\\\/wp-content\\\/uploads\\\/sites\\\/2\\\/2022\\\/03\\\/Munch_Det_Syke_Barn_1896.jpg\",\"contentUrl\":\"https:\\\/\\\/www.joseph-wresinski.org\\\/fr\\\/wp-content\\\/uploads\\\/sites\\\/2\\\/2022\\\/03\\\/Munch_Det_Syke_Barn_1896.jpg\",\"width\":1458,\"height\":1500},{\"@type\":\"BreadcrumbList\",\"@id\":\"https:\\\/\\\/www.joseph-wresinski.org\\\/fr\\\/la-sante-une-veritable-hantise-en-milieu-dextreme-pauvrete\\\/#breadcrumb\",\"itemListElement\":[{\"@type\":\"ListItem\",\"position\":1,\"name\":\"Accueil\",\"item\":\"https:\\\/\\\/www.joseph-wresinski.org\\\/fr\\\/\"},{\"@type\":\"ListItem\",\"position\":2,\"name\":\"La sant\u00e9 : une v\u00e9ritable hantise en milieu d\u2019extr\u00eame pauvret\u00e9.\"}]},{\"@type\":\"WebSite\",\"@id\":\"https:\\\/\\\/www.joseph-wresinski.org\\\/fr\\\/#website\",\"url\":\"https:\\\/\\\/www.joseph-wresinski.org\\\/fr\\\/\",\"name\":\"Joseph Wresinski FR\",\"description\":\"Un site propos\u00e9 par le centre Joseph Wresinski\",\"potentialAction\":[{\"@type\":\"SearchAction\",\"target\":{\"@type\":\"EntryPoint\",\"urlTemplate\":\"https:\\\/\\\/www.joseph-wresinski.org\\\/fr\\\/?s={search_term_string}\"},\"query-input\":{\"@type\":\"PropertyValueSpecification\",\"valueRequired\":true,\"valueName\":\"search_term_string\"}}],\"inLanguage\":\"fr-FR\"},{\"@type\":\"Person\",\"@id\":\"https:\\\/\\\/www.joseph-wresinski.org\\\/fr\\\/#\\\/schema\\\/person\\\/93469e0206778753beddb73f4e07c8e0\",\"name\":\"Jean Tonglet\",\"image\":{\"@type\":\"ImageObject\",\"inLanguage\":\"fr-FR\",\"@id\":\"https:\\\/\\\/secure.gravatar.com\\\/avatar\\\/599cfd98b536979bcebf2d6839f0c694333341f1caf7ba53413b62de5453de40?s=96&d=mm&r=g\",\"url\":\"https:\\\/\\\/secure.gravatar.com\\\/avatar\\\/599cfd98b536979bcebf2d6839f0c694333341f1caf7ba53413b62de5453de40?s=96&d=mm&r=g\",\"contentUrl\":\"https:\\\/\\\/secure.gravatar.com\\\/avatar\\\/599cfd98b536979bcebf2d6839f0c694333341f1caf7ba53413b62de5453de40?s=96&d=mm&r=g\",\"caption\":\"Jean Tonglet\"},\"url\":\"https:\\\/\\\/www.joseph-wresinski.org\\\/fr\\\/author\\\/jean\\\/\"}]}<\/script>\n<!-- \/ Yoast SEO plugin. -->","yoast_head_json":{"title":"La sant\u00e9 : une v\u00e9ritable hantise en milieu d\u2019extr\u00eame pauvret\u00e9. - Joseph Wresinski FR","robots":{"index":"index","follow":"follow","max-snippet":"max-snippet:-1","max-image-preview":"max-image-preview:large","max-video-preview":"max-video-preview:-1"},"canonical":"https:\/\/www.joseph-wresinski.org\/fr\/la-sante-une-veritable-hantise-en-milieu-dextreme-pauvrete\/","og_locale":"fr_FR","og_type":"article","og_title":"La sant\u00e9 : une v\u00e9ritable hantise en milieu d\u2019extr\u00eame pauvret\u00e9. - Joseph Wresinski FR","og_description":"En milieu d\u2019extr\u00eame pauvret\u00e9, (\u2026) la sant\u00e9 est une v\u00e9ritable hantise ; ce v\u0153u permanent dont \u00a0elle est l\u2019objet vient (...) Lire la suite &rarr;","og_url":"https:\/\/www.joseph-wresinski.org\/fr\/la-sante-une-veritable-hantise-en-milieu-dextreme-pauvrete\/","og_site_name":"Joseph Wresinski FR","article_published_time":"2022-04-06T22:00:20+00:00","og_image":[{"width":1458,"height":1500,"url":"https:\/\/www.joseph-wresinski.org\/fr\/wp-content\/uploads\/sites\/2\/2022\/03\/Munch_Det_Syke_Barn_1896.jpg","type":"image\/jpeg"}],"author":"Jean Tonglet","twitter_card":"summary_large_image","twitter_misc":{"\u00c9crit par":"Jean Tonglet","Dur\u00e9e de lecture estim\u00e9e":"5 minutes"},"schema":{"@context":"https:\/\/schema.org","@graph":[{"@type":"Article","@id":"https:\/\/www.joseph-wresinski.org\/fr\/la-sante-une-veritable-hantise-en-milieu-dextreme-pauvrete\/#article","isPartOf":{"@id":"https:\/\/www.joseph-wresinski.org\/fr\/la-sante-une-veritable-hantise-en-milieu-dextreme-pauvrete\/"},"author":{"name":"Jean Tonglet","@id":"https:\/\/www.joseph-wresinski.org\/fr\/#\/schema\/person\/93469e0206778753beddb73f4e07c8e0"},"headline":"La sant\u00e9 : une v\u00e9ritable hantise en milieu d\u2019extr\u00eame pauvret\u00e9.","datePublished":"2022-04-06T22:00:20+00:00","mainEntityOfPage":{"@id":"https:\/\/www.joseph-wresinski.org\/fr\/la-sante-une-veritable-hantise-en-milieu-dextreme-pauvrete\/"},"wordCount":929,"commentCount":0,"image":{"@id":"https:\/\/www.joseph-wresinski.org\/fr\/la-sante-une-veritable-hantise-en-milieu-dextreme-pauvrete\/#primaryimage"},"thumbnailUrl":"https:\/\/www.joseph-wresinski.org\/fr\/wp-content\/uploads\/sites\/2\/2022\/03\/Munch_Det_Syke_Barn_1896.jpg","articleSection":["Actualit\u00e9s","Ecrits","Editoriaux et pr\u00e9faces"],"inLanguage":"fr-FR","potentialAction":[{"@type":"CommentAction","name":"Comment","target":["https:\/\/www.joseph-wresinski.org\/fr\/la-sante-une-veritable-hantise-en-milieu-dextreme-pauvrete\/#respond"]}]},{"@type":"WebPage","@id":"https:\/\/www.joseph-wresinski.org\/fr\/la-sante-une-veritable-hantise-en-milieu-dextreme-pauvrete\/","url":"https:\/\/www.joseph-wresinski.org\/fr\/la-sante-une-veritable-hantise-en-milieu-dextreme-pauvrete\/","name":"La sant\u00e9 : une v\u00e9ritable hantise en milieu d\u2019extr\u00eame pauvret\u00e9. - Joseph Wresinski FR","isPartOf":{"@id":"https:\/\/www.joseph-wresinski.org\/fr\/#website"},"primaryImageOfPage":{"@id":"https:\/\/www.joseph-wresinski.org\/fr\/la-sante-une-veritable-hantise-en-milieu-dextreme-pauvrete\/#primaryimage"},"image":{"@id":"https:\/\/www.joseph-wresinski.org\/fr\/la-sante-une-veritable-hantise-en-milieu-dextreme-pauvrete\/#primaryimage"},"thumbnailUrl":"https:\/\/www.joseph-wresinski.org\/fr\/wp-content\/uploads\/sites\/2\/2022\/03\/Munch_Det_Syke_Barn_1896.jpg","datePublished":"2022-04-06T22:00:20+00:00","author":{"@id":"https:\/\/www.joseph-wresinski.org\/fr\/#\/schema\/person\/93469e0206778753beddb73f4e07c8e0"},"breadcrumb":{"@id":"https:\/\/www.joseph-wresinski.org\/fr\/la-sante-une-veritable-hantise-en-milieu-dextreme-pauvrete\/#breadcrumb"},"inLanguage":"fr-FR","potentialAction":[{"@type":"ReadAction","target":["https:\/\/www.joseph-wresinski.org\/fr\/la-sante-une-veritable-hantise-en-milieu-dextreme-pauvrete\/"]}]},{"@type":"ImageObject","inLanguage":"fr-FR","@id":"https:\/\/www.joseph-wresinski.org\/fr\/la-sante-une-veritable-hantise-en-milieu-dextreme-pauvrete\/#primaryimage","url":"https:\/\/www.joseph-wresinski.org\/fr\/wp-content\/uploads\/sites\/2\/2022\/03\/Munch_Det_Syke_Barn_1896.jpg","contentUrl":"https:\/\/www.joseph-wresinski.org\/fr\/wp-content\/uploads\/sites\/2\/2022\/03\/Munch_Det_Syke_Barn_1896.jpg","width":1458,"height":1500},{"@type":"BreadcrumbList","@id":"https:\/\/www.joseph-wresinski.org\/fr\/la-sante-une-veritable-hantise-en-milieu-dextreme-pauvrete\/#breadcrumb","itemListElement":[{"@type":"ListItem","position":1,"name":"Accueil","item":"https:\/\/www.joseph-wresinski.org\/fr\/"},{"@type":"ListItem","position":2,"name":"La sant\u00e9 : une v\u00e9ritable hantise en milieu d\u2019extr\u00eame pauvret\u00e9."}]},{"@type":"WebSite","@id":"https:\/\/www.joseph-wresinski.org\/fr\/#website","url":"https:\/\/www.joseph-wresinski.org\/fr\/","name":"Joseph Wresinski FR","description":"Un site propos\u00e9 par le centre Joseph Wresinski","potentialAction":[{"@type":"SearchAction","target":{"@type":"EntryPoint","urlTemplate":"https:\/\/www.joseph-wresinski.org\/fr\/?s={search_term_string}"},"query-input":{"@type":"PropertyValueSpecification","valueRequired":true,"valueName":"search_term_string"}}],"inLanguage":"fr-FR"},{"@type":"Person","@id":"https:\/\/www.joseph-wresinski.org\/fr\/#\/schema\/person\/93469e0206778753beddb73f4e07c8e0","name":"Jean Tonglet","image":{"@type":"ImageObject","inLanguage":"fr-FR","@id":"https:\/\/secure.gravatar.com\/avatar\/599cfd98b536979bcebf2d6839f0c694333341f1caf7ba53413b62de5453de40?s=96&d=mm&r=g","url":"https:\/\/secure.gravatar.com\/avatar\/599cfd98b536979bcebf2d6839f0c694333341f1caf7ba53413b62de5453de40?s=96&d=mm&r=g","contentUrl":"https:\/\/secure.gravatar.com\/avatar\/599cfd98b536979bcebf2d6839f0c694333341f1caf7ba53413b62de5453de40?s=96&d=mm&r=g","caption":"Jean Tonglet"},"url":"https:\/\/www.joseph-wresinski.org\/fr\/author\/jean\/"}]}},"_links":{"self":[{"href":"https:\/\/www.joseph-wresinski.org\/fr\/wp-json\/wp\/v2\/posts\/4064","targetHints":{"allow":["GET"]}}],"collection":[{"href":"https:\/\/www.joseph-wresinski.org\/fr\/wp-json\/wp\/v2\/posts"}],"about":[{"href":"https:\/\/www.joseph-wresinski.org\/fr\/wp-json\/wp\/v2\/types\/post"}],"author":[{"embeddable":true,"href":"https:\/\/www.joseph-wresinski.org\/fr\/wp-json\/wp\/v2\/users\/4"}],"replies":[{"embeddable":true,"href":"https:\/\/www.joseph-wresinski.org\/fr\/wp-json\/wp\/v2\/comments?post=4064"}],"version-history":[{"count":3,"href":"https:\/\/www.joseph-wresinski.org\/fr\/wp-json\/wp\/v2\/posts\/4064\/revisions"}],"predecessor-version":[{"id":4073,"href":"https:\/\/www.joseph-wresinski.org\/fr\/wp-json\/wp\/v2\/posts\/4064\/revisions\/4073"}],"wp:featuredmedia":[{"embeddable":true,"href":"https:\/\/www.joseph-wresinski.org\/fr\/wp-json\/wp\/v2\/media\/4062"}],"wp:attachment":[{"href":"https:\/\/www.joseph-wresinski.org\/fr\/wp-json\/wp\/v2\/media?parent=4064"}],"wp:term":[{"taxonomy":"category","embeddable":true,"href":"https:\/\/www.joseph-wresinski.org\/fr\/wp-json\/wp\/v2\/categories?post=4064"},{"taxonomy":"post_tag","embeddable":true,"href":"https:\/\/www.joseph-wresinski.org\/fr\/wp-json\/wp\/v2\/tags?post=4064"}],"curies":[{"name":"wp","href":"https:\/\/api.w.org\/{rel}","templated":true}]}}