{"id":4156,"date":"2022-07-10T00:00:51","date_gmt":"2022-07-09T22:00:51","guid":{"rendered":"https:\/\/www.joseph-wresinski.org\/fr\/?p=4156"},"modified":"2022-07-12T16:24:51","modified_gmt":"2022-07-12T14:24:51","slug":"le-droit-aux-vacances-un-des-droits-humains","status":"publish","type":"post","link":"https:\/\/www.joseph-wresinski.org\/fr\/le-droit-aux-vacances-un-des-droits-humains\/","title":{"rendered":"Le droit aux vacances, un des droits humains"},"content":{"rendered":"<p>C\u2019\u00e9tait en 1959. Depuis plus de deux ans, j\u2019\u00e9tais au camp de Noisy-le-Grand. J\u2019\u00e9tais las ; mes nuits \u00e9taient charg\u00e9es d\u2019angoisse et de peur. Les choses allaient mal pour les familles. Le froid, cet hiver-l\u00e0, avait \u00e9t\u00e9 tr\u00e8s dur. Des enfants avaient \u00e9t\u00e9 arrach\u00e9s \u00e0 leurs parents qui ne pouvaient plus les nourrir. La plupart n\u2019avaient pu aller \u00e0 l\u2019\u00e9cole, faute de classes pour les accueillir et aussi de chaussures.<\/p>\n<p>L\u2019\u00e9t\u00e9 \u00e9tait arriv\u00e9. Des centaines d\u2019enfants n\u2019avaient pu \u00eatre accueillis par les \u0153uvres de vacances suisses, belges ou fran\u00e7aises. Les nouveau-n\u00e9s se d\u00e9shydrataient et \u00e9taient emmen\u00e9s \u00e0 l\u2019h\u00f4pital.<\/p>\n<p>Je ne vivais pas, d\u00e9sesp\u00e9r\u00e9 devant tant de mis\u00e8re et si peu de moyens pour y faire face. Des amis me proposaient de m\u2019accueillir quelques semaines en Suisse. Je fuirais cet enfer quotidien, retrouverais mes forces. Je reviendrais au c\u0153ur de la mis\u00e8re plus gaillard et plus confiant dans l\u2019avenir des familles.<\/p>\n<p>Je leur en parlais : certaines \u00e9taient heureuses et m\u2019encourageaient : \u00ab Vous \u00eates trop fatigu\u00e9. Vous ne tiendrez pas avec nous, c&rsquo;est trop dur \u00bb. Certains pensaient : \u00ab C\u2019est un pr\u00e9texte, il ne reviendra pas \u00bb. De la jalousie, il y en avait aussi. \u00ab Nous, depuis trois ans que nous sommes ici, nous n&rsquo;avons m\u00eame jamais \u00e9t\u00e9 jusqu\u2019\u00e0 la mairie de Noisy\u00bb.<\/p>\n<p>\u00ab Des vacances ? Mes enfants n\u2019ont pas \u00e9t\u00e9 accept\u00e9s par les Suisses. On ne pouvait pas payer \u00bb.<\/p>\n<p>En somme, les sentiments \u00e9taient mitig\u00e9s. Je d\u00e9couvrais, en cet \u00e9t\u00e9 1959, que les vacances \u00e9taient pour les riches. Parfois, certains me le disaient : \u00ab Vous avez de la chance d\u2019aller en Suisse \u00bb. D\u2019autres me le faisaient sentir : \u00ab C\u2019est bien pour vous, vous serez moins col\u00e9reux\u00bb.<\/p>\n<p>Le 12 juillet, je quittais donc le camp pour me rendre \u00e0 la gare de Lyon. Je n\u2019ai jamais eu le courage de monter dans le train. Je suis revenu sur mes pas, retournant le soir m\u00eame au bidonville.<\/p>\n<p>Partir en vacances, \u00e0 cette \u00e9poque, laissant derri\u00e8re moi 252 familles, plus d\u2019un millier d\u2019enfants sur les 1 200 qui ne prendraient jamais de vacances, je ne le pouvais pas.<\/p>\n<p>C\u2019est en cet \u00e9t\u00e9 1959 que, les mains nues, sans volontaires pour m\u2019encourager, je d\u00e9cidai \u00a0de cr\u00e9er des maisons de vacances o\u00f9 les familles pourraient \u00eatre accueillies et o\u00f9 elles-m\u00eames pourraient accueillir d\u2019autres familles. (\u2026)<\/p>\n<p>Les familles devaient avoir un lieu de repli, un havre de paix o\u00f9 elles puissent retrouver des forces, recr\u00e9er entre \u00e9poux et enfants de l\u2019amour, entre voisins de l\u2019amiti\u00e9. Un lieu ouvert en permanence, pr\u00eat \u00e0 accueillir \u00e0 n\u2019importe quelle date de l&rsquo;ann\u00e9e une famille, deux familles en difficult\u00e9, en train de sombrer. Tels \u00e9taient les projets que je portais en moi en cet \u00e9t\u00e9 de 1959.<\/p>\n<p style=\"text-align: center\">***<\/p>\n<p>En 1966, une maison fut acquise rue Cossoneau \u00e0 Noisy-le-Grand ; l\u2019ann\u00e9e suivante, La\u00a0 Crausa nous \u00e9tait donn\u00e9e \u00e0 Treyvaux en Suisse. En 1973, nous pouvions acheter la ferme de Wijhe, aux Pays-Bas, puis, en 1978, la Bise, \u00e0 Arbois, dans le Jura fran\u00e7ais. Enfin, en 1980, nous recevions Brendam, en Ecosse.<\/p>\n<p>Ainsi, gr\u00e2ce au courage de volontaires, les familles les plus pauvres d\u2019Europe avaient gagn\u00e9 des lieux o\u00f9 elles pourraient vivre des vacances, leurs vacances. Enfin, elles pourraient trouver la paix, le soleil, la nature, le rire et la joie. Fini pour elles de vivre prisonni\u00e8res, enferm\u00e9es dans la mis\u00e8re, emprisonn\u00e9es dans la vie quotidienne, sans autres perspective, jour apr\u00e8s jour, que de retrouver les murs gris des cit\u00e9s, leur propre peine et l\u2019angoisse des voisins ; fini pour quelques semaines l&rsquo;entassement, les \u00e9nervements et les cris. Enfin pouvoir s&rsquo;aimer et s\u2019estimer, parler ensemble dans le calme, \u00e9chafauder des projets, redevenir soi-m\u00eame et se faire des amis.<\/p>\n<p>Mais si, apr\u00e8s une dizaine d&rsquo;ann\u00e9es, les premi\u00e8res maisons de vacances \u00e9taient enfin ouvertes, rien n\u2019\u00e9tait gagn\u00e9. Se remplir l\u2019esprit et le c\u0153ur, boire le soleil, le partager et se baigner dedans, red\u00e9couvrir la nature et l&rsquo;aimer est affaire d\u2019\u00e9cologistes, de vrais touristes, non de pauvres gens.<\/p>\n<p>La nature pour tous, la mer, la montagne pour tous avait \u00e9t\u00e9 le r\u00eave des d\u00e9fenseurs des Droits de l\u2019Homme. Ce ne fut pas celui de l\u2019administration, que ce soit en Grande-Bretagne, aux Pays-Bas, en France ou en Suisse.<\/p>\n<p>Aussi, ces maisons de vacances, la densit\u00e9 d&rsquo;amiti\u00e9 qui y est partag\u00e9e, ne sont pas aid\u00e9es par les pouvoirs publics : le droit des enfants de conna\u00eetre les arbres, les moutons, les vaches, de d\u00e9couvrir d&rsquo;autres horizons est un droit nul pour les enfants de la mis\u00e8re. (\u2026)<\/p>\n<p>C\u2019est un fait. Le droit des familles les plus pauvres \u00e0 la d\u00e9tente, au d\u00e9paysement, \u00e0 un temps de libert\u00e9 et de renouveau de soi, n\u2019est pas reconnu en 1984, apr\u00e8s 25 ans de luttes et de combats.<\/p>\n<p>Aujourd\u2019hui, il para\u00eet que les temps sont trop difficiles pour penser aux vacances, pour offrir aux parents et aux enfants des familles les plus fatigu\u00e9es et les plus maltrait\u00e9es par la vie, des possibilit\u00e9s de penser qu\u2019ils sont des \u00eatres humains, des \u00eatres qui ont le droit de r\u00e9fl\u00e9chir, de rire, de jouer, de s\u2019\u00e9merveiller, en un mot d\u2019\u00eatre des hommes.<\/p>\n<p>La majorit\u00e9 des familles, dans nos pays, continuent \u00e0 prendre au moins une semaine ou deux pour s\u2019\u00e9loigner d\u2019une vie quotidienne toujours charg\u00e9e de soucis. Mais certains d\u2019entre nous vont jusqu\u2019\u00e0 dire que les ch\u00f4meurs prennent des vacances toute l\u2019ann\u00e9e et qu\u2019il serait ind\u00e9cent de leur payer des jours de repos et de joie. \u00ab S\u2019ils sont fatigu\u00e9s, c\u2019est \u00e0 ne rien faire \u00bb. Est-ce l\u00e9g\u00e8ret\u00e9, ironie ? Le travailleur sans travail, plus que quiconque n\u2019est-il pas us\u00e9, d\u00e9courag\u00e9, d\u00e9sesp\u00e9r\u00e9 ?<\/p>\n<p>Le droit aux vacances est celui d\u2019\u00eatre des hommes. Ne fermez pas ce document sans vous promettre de lutter pour que toutes les familles, riches et pauvres, puissent avoir la chance de quitter la vie quotidienne quelques semaines afin de se retrouver plus humaines.<\/p>\n","protected":false},"excerpt":{"rendered":"<p>C\u2019\u00e9tait en 1959. Depuis plus de deux ans, j\u2019\u00e9tais au camp de Noisy-le-Grand. J\u2019\u00e9tais las ; mes nuits \u00e9taient charg\u00e9es (&#8230;) <a class=\"more-link\" href=\"https:\/\/www.joseph-wresinski.org\/fr\/le-droit-aux-vacances-un-des-droits-humains\/\">Lire la suite <span class=\"meta-nav\">&rarr;<\/span><\/a><\/p>\n","protected":false},"author":4,"featured_media":4146,"comment_status":"open","ping_status":"closed","sticky":false,"template":"","format":"standard","meta":{"_acf_changed":false,"ep_exclude_from_search":false,"footnotes":""},"categories":[12,49,65],"tags":[],"class_list":["post-4156","post","type-post","status-publish","format-standard","has-post-thumbnail","hentry","category-actualites","category-ecrits","category-editoriaux-et-prefaces"],"acf":[],"yoast_head":"<!-- This site is optimized with the Yoast SEO plugin v27.5 - https:\/\/yoast.com\/product\/yoast-seo-wordpress\/ -->\n<title>Le droit aux vacances, un des droits humains - Joseph Wresinski FR<\/title>\n<meta name=\"robots\" content=\"index, follow, max-snippet:-1, max-image-preview:large, max-video-preview:-1\" \/>\n<link rel=\"canonical\" href=\"https:\/\/www.joseph-wresinski.org\/fr\/le-droit-aux-vacances-un-des-droits-humains\/\" \/>\n<meta property=\"og:locale\" content=\"fr_FR\" \/>\n<meta property=\"og:type\" content=\"article\" \/>\n<meta property=\"og:title\" content=\"Le droit aux vacances, un des droits humains - Joseph Wresinski FR\" \/>\n<meta property=\"og:description\" content=\"C\u2019\u00e9tait en 1959. Depuis plus de deux ans, j\u2019\u00e9tais au camp de Noisy-le-Grand. J\u2019\u00e9tais las ; mes nuits \u00e9taient charg\u00e9es (...) Lire la suite &rarr;\" \/>\n<meta property=\"og:url\" content=\"https:\/\/www.joseph-wresinski.org\/fr\/le-droit-aux-vacances-un-des-droits-humains\/\" \/>\n<meta property=\"og:site_name\" content=\"Joseph Wresinski FR\" \/>\n<meta property=\"article:published_time\" content=\"2022-07-09T22:00:51+00:00\" \/>\n<meta property=\"article:modified_time\" content=\"2022-07-12T14:24:51+00:00\" \/>\n<meta property=\"og:image\" content=\"https:\/\/www.joseph-wresinski.org\/fr\/wp-content\/uploads\/sites\/2\/2022\/07\/Brooklyn_Museum_-_Bathers_-_Edward_Henry_Potthast_-_overall.jpg\" \/>\n\t<meta property=\"og:image:width\" content=\"760\" \/>\n\t<meta property=\"og:image:height\" content=\"599\" \/>\n\t<meta property=\"og:image:type\" content=\"image\/jpeg\" \/>\n<meta name=\"author\" content=\"Jean Tonglet\" \/>\n<meta name=\"twitter:card\" content=\"summary_large_image\" \/>\n<meta name=\"twitter:label1\" content=\"\u00c9crit par\" \/>\n\t<meta name=\"twitter:data1\" content=\"Jean Tonglet\" \/>\n\t<meta name=\"twitter:label2\" content=\"Dur\u00e9e de lecture estim\u00e9e\" \/>\n\t<meta name=\"twitter:data2\" content=\"5 minutes\" \/>\n<script type=\"application\/ld+json\" class=\"yoast-schema-graph\">{\"@context\":\"https:\\\/\\\/schema.org\",\"@graph\":[{\"@type\":\"Article\",\"@id\":\"https:\\\/\\\/www.joseph-wresinski.org\\\/fr\\\/le-droit-aux-vacances-un-des-droits-humains\\\/#article\",\"isPartOf\":{\"@id\":\"https:\\\/\\\/www.joseph-wresinski.org\\\/fr\\\/le-droit-aux-vacances-un-des-droits-humains\\\/\"},\"author\":{\"name\":\"Jean Tonglet\",\"@id\":\"https:\\\/\\\/www.joseph-wresinski.org\\\/fr\\\/#\\\/schema\\\/person\\\/93469e0206778753beddb73f4e07c8e0\"},\"headline\":\"Le droit aux vacances, un des droits humains\",\"datePublished\":\"2022-07-09T22:00:51+00:00\",\"dateModified\":\"2022-07-12T14:24:51+00:00\",\"mainEntityOfPage\":{\"@id\":\"https:\\\/\\\/www.joseph-wresinski.org\\\/fr\\\/le-droit-aux-vacances-un-des-droits-humains\\\/\"},\"wordCount\":1054,\"commentCount\":0,\"image\":{\"@id\":\"https:\\\/\\\/www.joseph-wresinski.org\\\/fr\\\/le-droit-aux-vacances-un-des-droits-humains\\\/#primaryimage\"},\"thumbnailUrl\":\"https:\\\/\\\/www.joseph-wresinski.org\\\/fr\\\/wp-content\\\/uploads\\\/sites\\\/2\\\/2022\\\/07\\\/Brooklyn_Museum_-_Bathers_-_Edward_Henry_Potthast_-_overall.jpg\",\"articleSection\":[\"Actualit\u00e9s\",\"Ecrits\",\"Editoriaux et pr\u00e9faces\"],\"inLanguage\":\"fr-FR\",\"potentialAction\":[{\"@type\":\"CommentAction\",\"name\":\"Comment\",\"target\":[\"https:\\\/\\\/www.joseph-wresinski.org\\\/fr\\\/le-droit-aux-vacances-un-des-droits-humains\\\/#respond\"]}]},{\"@type\":\"WebPage\",\"@id\":\"https:\\\/\\\/www.joseph-wresinski.org\\\/fr\\\/le-droit-aux-vacances-un-des-droits-humains\\\/\",\"url\":\"https:\\\/\\\/www.joseph-wresinski.org\\\/fr\\\/le-droit-aux-vacances-un-des-droits-humains\\\/\",\"name\":\"Le droit aux vacances, un des droits humains - Joseph Wresinski FR\",\"isPartOf\":{\"@id\":\"https:\\\/\\\/www.joseph-wresinski.org\\\/fr\\\/#website\"},\"primaryImageOfPage\":{\"@id\":\"https:\\\/\\\/www.joseph-wresinski.org\\\/fr\\\/le-droit-aux-vacances-un-des-droits-humains\\\/#primaryimage\"},\"image\":{\"@id\":\"https:\\\/\\\/www.joseph-wresinski.org\\\/fr\\\/le-droit-aux-vacances-un-des-droits-humains\\\/#primaryimage\"},\"thumbnailUrl\":\"https:\\\/\\\/www.joseph-wresinski.org\\\/fr\\\/wp-content\\\/uploads\\\/sites\\\/2\\\/2022\\\/07\\\/Brooklyn_Museum_-_Bathers_-_Edward_Henry_Potthast_-_overall.jpg\",\"datePublished\":\"2022-07-09T22:00:51+00:00\",\"dateModified\":\"2022-07-12T14:24:51+00:00\",\"author\":{\"@id\":\"https:\\\/\\\/www.joseph-wresinski.org\\\/fr\\\/#\\\/schema\\\/person\\\/93469e0206778753beddb73f4e07c8e0\"},\"breadcrumb\":{\"@id\":\"https:\\\/\\\/www.joseph-wresinski.org\\\/fr\\\/le-droit-aux-vacances-un-des-droits-humains\\\/#breadcrumb\"},\"inLanguage\":\"fr-FR\",\"potentialAction\":[{\"@type\":\"ReadAction\",\"target\":[\"https:\\\/\\\/www.joseph-wresinski.org\\\/fr\\\/le-droit-aux-vacances-un-des-droits-humains\\\/\"]}]},{\"@type\":\"ImageObject\",\"inLanguage\":\"fr-FR\",\"@id\":\"https:\\\/\\\/www.joseph-wresinski.org\\\/fr\\\/le-droit-aux-vacances-un-des-droits-humains\\\/#primaryimage\",\"url\":\"https:\\\/\\\/www.joseph-wresinski.org\\\/fr\\\/wp-content\\\/uploads\\\/sites\\\/2\\\/2022\\\/07\\\/Brooklyn_Museum_-_Bathers_-_Edward_Henry_Potthast_-_overall.jpg\",\"contentUrl\":\"https:\\\/\\\/www.joseph-wresinski.org\\\/fr\\\/wp-content\\\/uploads\\\/sites\\\/2\\\/2022\\\/07\\\/Brooklyn_Museum_-_Bathers_-_Edward_Henry_Potthast_-_overall.jpg\",\"width\":760,\"height\":599},{\"@type\":\"BreadcrumbList\",\"@id\":\"https:\\\/\\\/www.joseph-wresinski.org\\\/fr\\\/le-droit-aux-vacances-un-des-droits-humains\\\/#breadcrumb\",\"itemListElement\":[{\"@type\":\"ListItem\",\"position\":1,\"name\":\"Accueil\",\"item\":\"https:\\\/\\\/www.joseph-wresinski.org\\\/fr\\\/\"},{\"@type\":\"ListItem\",\"position\":2,\"name\":\"Le droit aux vacances, un des droits humains\"}]},{\"@type\":\"WebSite\",\"@id\":\"https:\\\/\\\/www.joseph-wresinski.org\\\/fr\\\/#website\",\"url\":\"https:\\\/\\\/www.joseph-wresinski.org\\\/fr\\\/\",\"name\":\"Joseph Wresinski FR\",\"description\":\"Un site propos\u00e9 par le centre Joseph Wresinski\",\"potentialAction\":[{\"@type\":\"SearchAction\",\"target\":{\"@type\":\"EntryPoint\",\"urlTemplate\":\"https:\\\/\\\/www.joseph-wresinski.org\\\/fr\\\/?s={search_term_string}\"},\"query-input\":{\"@type\":\"PropertyValueSpecification\",\"valueRequired\":true,\"valueName\":\"search_term_string\"}}],\"inLanguage\":\"fr-FR\"},{\"@type\":\"Person\",\"@id\":\"https:\\\/\\\/www.joseph-wresinski.org\\\/fr\\\/#\\\/schema\\\/person\\\/93469e0206778753beddb73f4e07c8e0\",\"name\":\"Jean Tonglet\",\"image\":{\"@type\":\"ImageObject\",\"inLanguage\":\"fr-FR\",\"@id\":\"https:\\\/\\\/secure.gravatar.com\\\/avatar\\\/599cfd98b536979bcebf2d6839f0c694333341f1caf7ba53413b62de5453de40?s=96&d=mm&r=g\",\"url\":\"https:\\\/\\\/secure.gravatar.com\\\/avatar\\\/599cfd98b536979bcebf2d6839f0c694333341f1caf7ba53413b62de5453de40?s=96&d=mm&r=g\",\"contentUrl\":\"https:\\\/\\\/secure.gravatar.com\\\/avatar\\\/599cfd98b536979bcebf2d6839f0c694333341f1caf7ba53413b62de5453de40?s=96&d=mm&r=g\",\"caption\":\"Jean Tonglet\"},\"url\":\"https:\\\/\\\/www.joseph-wresinski.org\\\/fr\\\/author\\\/jean\\\/\"}]}<\/script>\n<!-- \/ Yoast SEO plugin. -->","yoast_head_json":{"title":"Le droit aux vacances, un des droits humains - Joseph Wresinski FR","robots":{"index":"index","follow":"follow","max-snippet":"max-snippet:-1","max-image-preview":"max-image-preview:large","max-video-preview":"max-video-preview:-1"},"canonical":"https:\/\/www.joseph-wresinski.org\/fr\/le-droit-aux-vacances-un-des-droits-humains\/","og_locale":"fr_FR","og_type":"article","og_title":"Le droit aux vacances, un des droits humains - Joseph Wresinski FR","og_description":"C\u2019\u00e9tait en 1959. Depuis plus de deux ans, j\u2019\u00e9tais au camp de Noisy-le-Grand. J\u2019\u00e9tais las ; mes nuits \u00e9taient charg\u00e9es (...) Lire la suite &rarr;","og_url":"https:\/\/www.joseph-wresinski.org\/fr\/le-droit-aux-vacances-un-des-droits-humains\/","og_site_name":"Joseph Wresinski FR","article_published_time":"2022-07-09T22:00:51+00:00","article_modified_time":"2022-07-12T14:24:51+00:00","og_image":[{"width":760,"height":599,"url":"https:\/\/www.joseph-wresinski.org\/fr\/wp-content\/uploads\/sites\/2\/2022\/07\/Brooklyn_Museum_-_Bathers_-_Edward_Henry_Potthast_-_overall.jpg","type":"image\/jpeg"}],"author":"Jean Tonglet","twitter_card":"summary_large_image","twitter_misc":{"\u00c9crit par":"Jean Tonglet","Dur\u00e9e de lecture estim\u00e9e":"5 minutes"},"schema":{"@context":"https:\/\/schema.org","@graph":[{"@type":"Article","@id":"https:\/\/www.joseph-wresinski.org\/fr\/le-droit-aux-vacances-un-des-droits-humains\/#article","isPartOf":{"@id":"https:\/\/www.joseph-wresinski.org\/fr\/le-droit-aux-vacances-un-des-droits-humains\/"},"author":{"name":"Jean Tonglet","@id":"https:\/\/www.joseph-wresinski.org\/fr\/#\/schema\/person\/93469e0206778753beddb73f4e07c8e0"},"headline":"Le droit aux vacances, un des droits humains","datePublished":"2022-07-09T22:00:51+00:00","dateModified":"2022-07-12T14:24:51+00:00","mainEntityOfPage":{"@id":"https:\/\/www.joseph-wresinski.org\/fr\/le-droit-aux-vacances-un-des-droits-humains\/"},"wordCount":1054,"commentCount":0,"image":{"@id":"https:\/\/www.joseph-wresinski.org\/fr\/le-droit-aux-vacances-un-des-droits-humains\/#primaryimage"},"thumbnailUrl":"https:\/\/www.joseph-wresinski.org\/fr\/wp-content\/uploads\/sites\/2\/2022\/07\/Brooklyn_Museum_-_Bathers_-_Edward_Henry_Potthast_-_overall.jpg","articleSection":["Actualit\u00e9s","Ecrits","Editoriaux et pr\u00e9faces"],"inLanguage":"fr-FR","potentialAction":[{"@type":"CommentAction","name":"Comment","target":["https:\/\/www.joseph-wresinski.org\/fr\/le-droit-aux-vacances-un-des-droits-humains\/#respond"]}]},{"@type":"WebPage","@id":"https:\/\/www.joseph-wresinski.org\/fr\/le-droit-aux-vacances-un-des-droits-humains\/","url":"https:\/\/www.joseph-wresinski.org\/fr\/le-droit-aux-vacances-un-des-droits-humains\/","name":"Le droit aux vacances, un des droits humains - Joseph Wresinski FR","isPartOf":{"@id":"https:\/\/www.joseph-wresinski.org\/fr\/#website"},"primaryImageOfPage":{"@id":"https:\/\/www.joseph-wresinski.org\/fr\/le-droit-aux-vacances-un-des-droits-humains\/#primaryimage"},"image":{"@id":"https:\/\/www.joseph-wresinski.org\/fr\/le-droit-aux-vacances-un-des-droits-humains\/#primaryimage"},"thumbnailUrl":"https:\/\/www.joseph-wresinski.org\/fr\/wp-content\/uploads\/sites\/2\/2022\/07\/Brooklyn_Museum_-_Bathers_-_Edward_Henry_Potthast_-_overall.jpg","datePublished":"2022-07-09T22:00:51+00:00","dateModified":"2022-07-12T14:24:51+00:00","author":{"@id":"https:\/\/www.joseph-wresinski.org\/fr\/#\/schema\/person\/93469e0206778753beddb73f4e07c8e0"},"breadcrumb":{"@id":"https:\/\/www.joseph-wresinski.org\/fr\/le-droit-aux-vacances-un-des-droits-humains\/#breadcrumb"},"inLanguage":"fr-FR","potentialAction":[{"@type":"ReadAction","target":["https:\/\/www.joseph-wresinski.org\/fr\/le-droit-aux-vacances-un-des-droits-humains\/"]}]},{"@type":"ImageObject","inLanguage":"fr-FR","@id":"https:\/\/www.joseph-wresinski.org\/fr\/le-droit-aux-vacances-un-des-droits-humains\/#primaryimage","url":"https:\/\/www.joseph-wresinski.org\/fr\/wp-content\/uploads\/sites\/2\/2022\/07\/Brooklyn_Museum_-_Bathers_-_Edward_Henry_Potthast_-_overall.jpg","contentUrl":"https:\/\/www.joseph-wresinski.org\/fr\/wp-content\/uploads\/sites\/2\/2022\/07\/Brooklyn_Museum_-_Bathers_-_Edward_Henry_Potthast_-_overall.jpg","width":760,"height":599},{"@type":"BreadcrumbList","@id":"https:\/\/www.joseph-wresinski.org\/fr\/le-droit-aux-vacances-un-des-droits-humains\/#breadcrumb","itemListElement":[{"@type":"ListItem","position":1,"name":"Accueil","item":"https:\/\/www.joseph-wresinski.org\/fr\/"},{"@type":"ListItem","position":2,"name":"Le droit aux vacances, un des droits humains"}]},{"@type":"WebSite","@id":"https:\/\/www.joseph-wresinski.org\/fr\/#website","url":"https:\/\/www.joseph-wresinski.org\/fr\/","name":"Joseph Wresinski FR","description":"Un site propos\u00e9 par le centre Joseph Wresinski","potentialAction":[{"@type":"SearchAction","target":{"@type":"EntryPoint","urlTemplate":"https:\/\/www.joseph-wresinski.org\/fr\/?s={search_term_string}"},"query-input":{"@type":"PropertyValueSpecification","valueRequired":true,"valueName":"search_term_string"}}],"inLanguage":"fr-FR"},{"@type":"Person","@id":"https:\/\/www.joseph-wresinski.org\/fr\/#\/schema\/person\/93469e0206778753beddb73f4e07c8e0","name":"Jean Tonglet","image":{"@type":"ImageObject","inLanguage":"fr-FR","@id":"https:\/\/secure.gravatar.com\/avatar\/599cfd98b536979bcebf2d6839f0c694333341f1caf7ba53413b62de5453de40?s=96&d=mm&r=g","url":"https:\/\/secure.gravatar.com\/avatar\/599cfd98b536979bcebf2d6839f0c694333341f1caf7ba53413b62de5453de40?s=96&d=mm&r=g","contentUrl":"https:\/\/secure.gravatar.com\/avatar\/599cfd98b536979bcebf2d6839f0c694333341f1caf7ba53413b62de5453de40?s=96&d=mm&r=g","caption":"Jean Tonglet"},"url":"https:\/\/www.joseph-wresinski.org\/fr\/author\/jean\/"}]}},"_links":{"self":[{"href":"https:\/\/www.joseph-wresinski.org\/fr\/wp-json\/wp\/v2\/posts\/4156","targetHints":{"allow":["GET"]}}],"collection":[{"href":"https:\/\/www.joseph-wresinski.org\/fr\/wp-json\/wp\/v2\/posts"}],"about":[{"href":"https:\/\/www.joseph-wresinski.org\/fr\/wp-json\/wp\/v2\/types\/post"}],"author":[{"embeddable":true,"href":"https:\/\/www.joseph-wresinski.org\/fr\/wp-json\/wp\/v2\/users\/4"}],"replies":[{"embeddable":true,"href":"https:\/\/www.joseph-wresinski.org\/fr\/wp-json\/wp\/v2\/comments?post=4156"}],"version-history":[{"count":1,"href":"https:\/\/www.joseph-wresinski.org\/fr\/wp-json\/wp\/v2\/posts\/4156\/revisions"}],"predecessor-version":[{"id":4157,"href":"https:\/\/www.joseph-wresinski.org\/fr\/wp-json\/wp\/v2\/posts\/4156\/revisions\/4157"}],"wp:featuredmedia":[{"embeddable":true,"href":"https:\/\/www.joseph-wresinski.org\/fr\/wp-json\/wp\/v2\/media\/4146"}],"wp:attachment":[{"href":"https:\/\/www.joseph-wresinski.org\/fr\/wp-json\/wp\/v2\/media?parent=4156"}],"wp:term":[{"taxonomy":"category","embeddable":true,"href":"https:\/\/www.joseph-wresinski.org\/fr\/wp-json\/wp\/v2\/categories?post=4156"},{"taxonomy":"post_tag","embeddable":true,"href":"https:\/\/www.joseph-wresinski.org\/fr\/wp-json\/wp\/v2\/tags?post=4156"}],"curies":[{"name":"wp","href":"https:\/\/api.w.org\/{rel}","templated":true}]}}