{"id":4177,"date":"2022-09-17T00:00:54","date_gmt":"2022-09-16T22:00:54","guid":{"rendered":"https:\/\/www.joseph-wresinski.org\/fr\/?p=4177"},"modified":"2022-09-19T10:54:31","modified_gmt":"2022-09-19T08:54:31","slug":"refuser-la-separation","status":"publish","type":"post","link":"https:\/\/www.joseph-wresinski.org\/fr\/refuser-la-separation\/","title":{"rendered":"Refuser la s\u00e9paration"},"content":{"rendered":"<p>\u00ab\u00a0Le Mouvement a voulu d\u00e9noncer l&rsquo;existence d&rsquo;une population ainsi mise de c\u00f4t\u00e9. De fait, il a tent\u00e9 d&rsquo;obliger la soci\u00e9t\u00e9 \u00e0 poser sur elle un autre regard. Car c&rsquo;est cela qu&rsquo;il a fait et depuis son existence, en France mais aussi en d&rsquo;autres pays, il n&rsquo;est plus tout \u00e0 fait possible de regarder ces familles de la m\u00eame mani\u00e8re qu&rsquo;avant. Vous savez tout ce qu&rsquo;on avait coutume de dire auparavant : \u00ab\u00a0Ce sont des cas, c&rsquo;est de leur faute, ils aiment \u00eatre comme cela, ils ont toujours \u00e9t\u00e9 comme cela et ils le seront toujours\u00a0\u00bb&#8230; Depuis que le Mouvement existe, cette population est en quelque sorte entr\u00e9e dans l&rsquo;histoire de notre soci\u00e9t\u00e9 (&#8230;). Aujourd&rsquo;hui on ne peut plus parler d&rsquo;elle sans penser \u00e0 l&rsquo;histoire de notre soci\u00e9t\u00e9, sans r\u00e9fl\u00e9chir sur ce que nous appelons maintenant le malentendu historique.<\/p>\n<p>Le malentendu est en effet que toute une partie de nos concitoyens a \u00e9t\u00e9 comme tenue en dehors de l&rsquo;histoire, sans que l&rsquo;ensemble des citoyens s&rsquo;en rende compte. C&rsquo;est un malentendu tragique. Dans toutes les soci\u00e9t\u00e9s, l&rsquo;histoire \u00e0 un point donn\u00e9, semble bifurquer. Ceux qui ont quelque pouvoir, quelques possibilit\u00e9s intellectuelles, culturelles, sociales ou politiques, vont dans un sens, laissant partir vers un autre destin ceux qui ne peuvent pas les aider, ni m\u00eame les suivre. A partir d&rsquo;un certain point, il y a comme une s\u00e9paration qui se cristallise et qui fait qu&rsquo;une partie des hommes est condamn\u00e9e \u00e0 poursuivre, \u00e0 vivre en dehors des autres.<\/p>\n<p>C&rsquo;est \u00e0 cela, \u00e0 cette bifurcation, que le Mouvement a voulu mettre fin. Il a voulu obliger les hommes \u00e0 se rencontrer, \u00e0 se reconna\u00eetre ; \u00e0 reconna\u00eetre l&rsquo;existence de ces hommes retranch\u00e9s des autres. Peut-\u00eatre est-ce cela, la r\u00e9ussite du Mouvement ? Il a voulu la rencontre et cela non pas pour l&rsquo;offre d&rsquo;une aide quelconque, mais pour un dialogue o\u00f9 la soci\u00e9t\u00e9 elle-m\u00eame mettrait en cause sa validit\u00e9.<\/p>\n","protected":false},"excerpt":{"rendered":"<p>\u00ab\u00a0Le Mouvement a voulu d\u00e9noncer l&rsquo;existence d&rsquo;une population ainsi mise de c\u00f4t\u00e9. De fait, il a tent\u00e9 d&rsquo;obliger la soci\u00e9t\u00e9 (&#8230;) <a class=\"more-link\" href=\"https:\/\/www.joseph-wresinski.org\/fr\/refuser-la-separation\/\">Lire la suite <span class=\"meta-nav\">&rarr;<\/span><\/a><\/p>\n","protected":false},"author":4,"featured_media":4178,"comment_status":"open","ping_status":"closed","sticky":false,"template":"","format":"standard","meta":{"_acf_changed":false,"ep_exclude_from_search":false,"footnotes":""},"categories":[12,4,49],"tags":[],"class_list":["post-4177","post","type-post","status-publish","format-standard","has-post-thumbnail","hentry","category-actualites","category-discours","category-ecrits"],"acf":[],"yoast_head":"<!-- This site is optimized with the Yoast SEO plugin v27.5 - https:\/\/yoast.com\/product\/yoast-seo-wordpress\/ -->\n<title>Refuser la s\u00e9paration - Joseph Wresinski FR<\/title>\n<meta name=\"robots\" content=\"index, follow, max-snippet:-1, max-image-preview:large, max-video-preview:-1\" \/>\n<link rel=\"canonical\" href=\"https:\/\/www.joseph-wresinski.org\/fr\/refuser-la-separation\/\" \/>\n<meta property=\"og:locale\" content=\"fr_FR\" \/>\n<meta property=\"og:type\" content=\"article\" \/>\n<meta property=\"og:title\" content=\"Refuser la s\u00e9paration - Joseph Wresinski FR\" \/>\n<meta property=\"og:description\" content=\"\u00ab\u00a0Le Mouvement a voulu d\u00e9noncer l&rsquo;existence d&rsquo;une population ainsi mise de c\u00f4t\u00e9. De fait, il a tent\u00e9 d&rsquo;obliger la soci\u00e9t\u00e9 (...) Lire la suite &rarr;\" \/>\n<meta property=\"og:url\" content=\"https:\/\/www.joseph-wresinski.org\/fr\/refuser-la-separation\/\" \/>\n<meta property=\"og:site_name\" content=\"Joseph Wresinski FR\" \/>\n<meta property=\"article:published_time\" content=\"2022-09-16T22:00:54+00:00\" \/>\n<meta property=\"article:modified_time\" content=\"2022-09-19T08:54:31+00:00\" \/>\n<meta property=\"og:image\" content=\"https:\/\/www.joseph-wresinski.org\/fr\/wp-content\/uploads\/sites\/2\/2022\/09\/Honore_Daumier_034.jpg\" \/>\n\t<meta property=\"og:image:width\" content=\"2536\" \/>\n\t<meta property=\"og:image:height\" content=\"1860\" \/>\n\t<meta property=\"og:image:type\" content=\"image\/jpeg\" \/>\n<meta name=\"author\" content=\"Jean Tonglet\" \/>\n<meta name=\"twitter:card\" content=\"summary_large_image\" \/>\n<meta name=\"twitter:label1\" content=\"\u00c9crit par\" \/>\n\t<meta name=\"twitter:data1\" content=\"Jean Tonglet\" \/>\n\t<meta name=\"twitter:label2\" content=\"Dur\u00e9e de lecture estim\u00e9e\" \/>\n\t<meta name=\"twitter:data2\" content=\"2 minutes\" \/>\n<script type=\"application\/ld+json\" class=\"yoast-schema-graph\">{\"@context\":\"https:\\\/\\\/schema.org\",\"@graph\":[{\"@type\":\"Article\",\"@id\":\"https:\\\/\\\/www.joseph-wresinski.org\\\/fr\\\/refuser-la-separation\\\/#article\",\"isPartOf\":{\"@id\":\"https:\\\/\\\/www.joseph-wresinski.org\\\/fr\\\/refuser-la-separation\\\/\"},\"author\":{\"name\":\"Jean Tonglet\",\"@id\":\"https:\\\/\\\/www.joseph-wresinski.org\\\/fr\\\/#\\\/schema\\\/person\\\/93469e0206778753beddb73f4e07c8e0\"},\"headline\":\"Refuser la s\u00e9paration\",\"datePublished\":\"2022-09-16T22:00:54+00:00\",\"dateModified\":\"2022-09-19T08:54:31+00:00\",\"mainEntityOfPage\":{\"@id\":\"https:\\\/\\\/www.joseph-wresinski.org\\\/fr\\\/refuser-la-separation\\\/\"},\"wordCount\":352,\"commentCount\":0,\"image\":{\"@id\":\"https:\\\/\\\/www.joseph-wresinski.org\\\/fr\\\/refuser-la-separation\\\/#primaryimage\"},\"thumbnailUrl\":\"https:\\\/\\\/www.joseph-wresinski.org\\\/fr\\\/wp-content\\\/uploads\\\/sites\\\/2\\\/2022\\\/09\\\/Honore_Daumier_034.jpg\",\"articleSection\":[\"Actualit\u00e9s\",\"Discours\",\"Ecrits\"],\"inLanguage\":\"fr-FR\",\"potentialAction\":[{\"@type\":\"CommentAction\",\"name\":\"Comment\",\"target\":[\"https:\\\/\\\/www.joseph-wresinski.org\\\/fr\\\/refuser-la-separation\\\/#respond\"]}]},{\"@type\":\"WebPage\",\"@id\":\"https:\\\/\\\/www.joseph-wresinski.org\\\/fr\\\/refuser-la-separation\\\/\",\"url\":\"https:\\\/\\\/www.joseph-wresinski.org\\\/fr\\\/refuser-la-separation\\\/\",\"name\":\"Refuser la s\u00e9paration - Joseph Wresinski FR\",\"isPartOf\":{\"@id\":\"https:\\\/\\\/www.joseph-wresinski.org\\\/fr\\\/#website\"},\"primaryImageOfPage\":{\"@id\":\"https:\\\/\\\/www.joseph-wresinski.org\\\/fr\\\/refuser-la-separation\\\/#primaryimage\"},\"image\":{\"@id\":\"https:\\\/\\\/www.joseph-wresinski.org\\\/fr\\\/refuser-la-separation\\\/#primaryimage\"},\"thumbnailUrl\":\"https:\\\/\\\/www.joseph-wresinski.org\\\/fr\\\/wp-content\\\/uploads\\\/sites\\\/2\\\/2022\\\/09\\\/Honore_Daumier_034.jpg\",\"datePublished\":\"2022-09-16T22:00:54+00:00\",\"dateModified\":\"2022-09-19T08:54:31+00:00\",\"author\":{\"@id\":\"https:\\\/\\\/www.joseph-wresinski.org\\\/fr\\\/#\\\/schema\\\/person\\\/93469e0206778753beddb73f4e07c8e0\"},\"breadcrumb\":{\"@id\":\"https:\\\/\\\/www.joseph-wresinski.org\\\/fr\\\/refuser-la-separation\\\/#breadcrumb\"},\"inLanguage\":\"fr-FR\",\"potentialAction\":[{\"@type\":\"ReadAction\",\"target\":[\"https:\\\/\\\/www.joseph-wresinski.org\\\/fr\\\/refuser-la-separation\\\/\"]}]},{\"@type\":\"ImageObject\",\"inLanguage\":\"fr-FR\",\"@id\":\"https:\\\/\\\/www.joseph-wresinski.org\\\/fr\\\/refuser-la-separation\\\/#primaryimage\",\"url\":\"https:\\\/\\\/www.joseph-wresinski.org\\\/fr\\\/wp-content\\\/uploads\\\/sites\\\/2\\\/2022\\\/09\\\/Honore_Daumier_034.jpg\",\"contentUrl\":\"https:\\\/\\\/www.joseph-wresinski.org\\\/fr\\\/wp-content\\\/uploads\\\/sites\\\/2\\\/2022\\\/09\\\/Honore_Daumier_034.jpg\",\"width\":2536,\"height\":1860},{\"@type\":\"BreadcrumbList\",\"@id\":\"https:\\\/\\\/www.joseph-wresinski.org\\\/fr\\\/refuser-la-separation\\\/#breadcrumb\",\"itemListElement\":[{\"@type\":\"ListItem\",\"position\":1,\"name\":\"Accueil\",\"item\":\"https:\\\/\\\/www.joseph-wresinski.org\\\/fr\\\/\"},{\"@type\":\"ListItem\",\"position\":2,\"name\":\"Refuser la s\u00e9paration\"}]},{\"@type\":\"WebSite\",\"@id\":\"https:\\\/\\\/www.joseph-wresinski.org\\\/fr\\\/#website\",\"url\":\"https:\\\/\\\/www.joseph-wresinski.org\\\/fr\\\/\",\"name\":\"Joseph Wresinski FR\",\"description\":\"Un site propos\u00e9 par le centre Joseph Wresinski\",\"potentialAction\":[{\"@type\":\"SearchAction\",\"target\":{\"@type\":\"EntryPoint\",\"urlTemplate\":\"https:\\\/\\\/www.joseph-wresinski.org\\\/fr\\\/?s={search_term_string}\"},\"query-input\":{\"@type\":\"PropertyValueSpecification\",\"valueRequired\":true,\"valueName\":\"search_term_string\"}}],\"inLanguage\":\"fr-FR\"},{\"@type\":\"Person\",\"@id\":\"https:\\\/\\\/www.joseph-wresinski.org\\\/fr\\\/#\\\/schema\\\/person\\\/93469e0206778753beddb73f4e07c8e0\",\"name\":\"Jean Tonglet\",\"image\":{\"@type\":\"ImageObject\",\"inLanguage\":\"fr-FR\",\"@id\":\"https:\\\/\\\/secure.gravatar.com\\\/avatar\\\/599cfd98b536979bcebf2d6839f0c694333341f1caf7ba53413b62de5453de40?s=96&d=mm&r=g\",\"url\":\"https:\\\/\\\/secure.gravatar.com\\\/avatar\\\/599cfd98b536979bcebf2d6839f0c694333341f1caf7ba53413b62de5453de40?s=96&d=mm&r=g\",\"contentUrl\":\"https:\\\/\\\/secure.gravatar.com\\\/avatar\\\/599cfd98b536979bcebf2d6839f0c694333341f1caf7ba53413b62de5453de40?s=96&d=mm&r=g\",\"caption\":\"Jean Tonglet\"},\"url\":\"https:\\\/\\\/www.joseph-wresinski.org\\\/fr\\\/author\\\/jean\\\/\"}]}<\/script>\n<!-- \/ Yoast SEO plugin. -->","yoast_head_json":{"title":"Refuser la s\u00e9paration - Joseph Wresinski FR","robots":{"index":"index","follow":"follow","max-snippet":"max-snippet:-1","max-image-preview":"max-image-preview:large","max-video-preview":"max-video-preview:-1"},"canonical":"https:\/\/www.joseph-wresinski.org\/fr\/refuser-la-separation\/","og_locale":"fr_FR","og_type":"article","og_title":"Refuser la s\u00e9paration - Joseph Wresinski FR","og_description":"\u00ab\u00a0Le Mouvement a voulu d\u00e9noncer l&rsquo;existence d&rsquo;une population ainsi mise de c\u00f4t\u00e9. De fait, il a tent\u00e9 d&rsquo;obliger la soci\u00e9t\u00e9 (...) Lire la suite &rarr;","og_url":"https:\/\/www.joseph-wresinski.org\/fr\/refuser-la-separation\/","og_site_name":"Joseph Wresinski FR","article_published_time":"2022-09-16T22:00:54+00:00","article_modified_time":"2022-09-19T08:54:31+00:00","og_image":[{"width":2536,"height":1860,"url":"https:\/\/www.joseph-wresinski.org\/fr\/wp-content\/uploads\/sites\/2\/2022\/09\/Honore_Daumier_034.jpg","type":"image\/jpeg"}],"author":"Jean Tonglet","twitter_card":"summary_large_image","twitter_misc":{"\u00c9crit par":"Jean Tonglet","Dur\u00e9e de lecture estim\u00e9e":"2 minutes"},"schema":{"@context":"https:\/\/schema.org","@graph":[{"@type":"Article","@id":"https:\/\/www.joseph-wresinski.org\/fr\/refuser-la-separation\/#article","isPartOf":{"@id":"https:\/\/www.joseph-wresinski.org\/fr\/refuser-la-separation\/"},"author":{"name":"Jean Tonglet","@id":"https:\/\/www.joseph-wresinski.org\/fr\/#\/schema\/person\/93469e0206778753beddb73f4e07c8e0"},"headline":"Refuser la s\u00e9paration","datePublished":"2022-09-16T22:00:54+00:00","dateModified":"2022-09-19T08:54:31+00:00","mainEntityOfPage":{"@id":"https:\/\/www.joseph-wresinski.org\/fr\/refuser-la-separation\/"},"wordCount":352,"commentCount":0,"image":{"@id":"https:\/\/www.joseph-wresinski.org\/fr\/refuser-la-separation\/#primaryimage"},"thumbnailUrl":"https:\/\/www.joseph-wresinski.org\/fr\/wp-content\/uploads\/sites\/2\/2022\/09\/Honore_Daumier_034.jpg","articleSection":["Actualit\u00e9s","Discours","Ecrits"],"inLanguage":"fr-FR","potentialAction":[{"@type":"CommentAction","name":"Comment","target":["https:\/\/www.joseph-wresinski.org\/fr\/refuser-la-separation\/#respond"]}]},{"@type":"WebPage","@id":"https:\/\/www.joseph-wresinski.org\/fr\/refuser-la-separation\/","url":"https:\/\/www.joseph-wresinski.org\/fr\/refuser-la-separation\/","name":"Refuser la s\u00e9paration - Joseph Wresinski FR","isPartOf":{"@id":"https:\/\/www.joseph-wresinski.org\/fr\/#website"},"primaryImageOfPage":{"@id":"https:\/\/www.joseph-wresinski.org\/fr\/refuser-la-separation\/#primaryimage"},"image":{"@id":"https:\/\/www.joseph-wresinski.org\/fr\/refuser-la-separation\/#primaryimage"},"thumbnailUrl":"https:\/\/www.joseph-wresinski.org\/fr\/wp-content\/uploads\/sites\/2\/2022\/09\/Honore_Daumier_034.jpg","datePublished":"2022-09-16T22:00:54+00:00","dateModified":"2022-09-19T08:54:31+00:00","author":{"@id":"https:\/\/www.joseph-wresinski.org\/fr\/#\/schema\/person\/93469e0206778753beddb73f4e07c8e0"},"breadcrumb":{"@id":"https:\/\/www.joseph-wresinski.org\/fr\/refuser-la-separation\/#breadcrumb"},"inLanguage":"fr-FR","potentialAction":[{"@type":"ReadAction","target":["https:\/\/www.joseph-wresinski.org\/fr\/refuser-la-separation\/"]}]},{"@type":"ImageObject","inLanguage":"fr-FR","@id":"https:\/\/www.joseph-wresinski.org\/fr\/refuser-la-separation\/#primaryimage","url":"https:\/\/www.joseph-wresinski.org\/fr\/wp-content\/uploads\/sites\/2\/2022\/09\/Honore_Daumier_034.jpg","contentUrl":"https:\/\/www.joseph-wresinski.org\/fr\/wp-content\/uploads\/sites\/2\/2022\/09\/Honore_Daumier_034.jpg","width":2536,"height":1860},{"@type":"BreadcrumbList","@id":"https:\/\/www.joseph-wresinski.org\/fr\/refuser-la-separation\/#breadcrumb","itemListElement":[{"@type":"ListItem","position":1,"name":"Accueil","item":"https:\/\/www.joseph-wresinski.org\/fr\/"},{"@type":"ListItem","position":2,"name":"Refuser la s\u00e9paration"}]},{"@type":"WebSite","@id":"https:\/\/www.joseph-wresinski.org\/fr\/#website","url":"https:\/\/www.joseph-wresinski.org\/fr\/","name":"Joseph Wresinski FR","description":"Un site propos\u00e9 par le centre Joseph Wresinski","potentialAction":[{"@type":"SearchAction","target":{"@type":"EntryPoint","urlTemplate":"https:\/\/www.joseph-wresinski.org\/fr\/?s={search_term_string}"},"query-input":{"@type":"PropertyValueSpecification","valueRequired":true,"valueName":"search_term_string"}}],"inLanguage":"fr-FR"},{"@type":"Person","@id":"https:\/\/www.joseph-wresinski.org\/fr\/#\/schema\/person\/93469e0206778753beddb73f4e07c8e0","name":"Jean Tonglet","image":{"@type":"ImageObject","inLanguage":"fr-FR","@id":"https:\/\/secure.gravatar.com\/avatar\/599cfd98b536979bcebf2d6839f0c694333341f1caf7ba53413b62de5453de40?s=96&d=mm&r=g","url":"https:\/\/secure.gravatar.com\/avatar\/599cfd98b536979bcebf2d6839f0c694333341f1caf7ba53413b62de5453de40?s=96&d=mm&r=g","contentUrl":"https:\/\/secure.gravatar.com\/avatar\/599cfd98b536979bcebf2d6839f0c694333341f1caf7ba53413b62de5453de40?s=96&d=mm&r=g","caption":"Jean Tonglet"},"url":"https:\/\/www.joseph-wresinski.org\/fr\/author\/jean\/"}]}},"_links":{"self":[{"href":"https:\/\/www.joseph-wresinski.org\/fr\/wp-json\/wp\/v2\/posts\/4177","targetHints":{"allow":["GET"]}}],"collection":[{"href":"https:\/\/www.joseph-wresinski.org\/fr\/wp-json\/wp\/v2\/posts"}],"about":[{"href":"https:\/\/www.joseph-wresinski.org\/fr\/wp-json\/wp\/v2\/types\/post"}],"author":[{"embeddable":true,"href":"https:\/\/www.joseph-wresinski.org\/fr\/wp-json\/wp\/v2\/users\/4"}],"replies":[{"embeddable":true,"href":"https:\/\/www.joseph-wresinski.org\/fr\/wp-json\/wp\/v2\/comments?post=4177"}],"version-history":[{"count":4,"href":"https:\/\/www.joseph-wresinski.org\/fr\/wp-json\/wp\/v2\/posts\/4177\/revisions"}],"predecessor-version":[{"id":4187,"href":"https:\/\/www.joseph-wresinski.org\/fr\/wp-json\/wp\/v2\/posts\/4177\/revisions\/4187"}],"wp:featuredmedia":[{"embeddable":true,"href":"https:\/\/www.joseph-wresinski.org\/fr\/wp-json\/wp\/v2\/media\/4178"}],"wp:attachment":[{"href":"https:\/\/www.joseph-wresinski.org\/fr\/wp-json\/wp\/v2\/media?parent=4177"}],"wp:term":[{"taxonomy":"category","embeddable":true,"href":"https:\/\/www.joseph-wresinski.org\/fr\/wp-json\/wp\/v2\/categories?post=4177"},{"taxonomy":"post_tag","embeddable":true,"href":"https:\/\/www.joseph-wresinski.org\/fr\/wp-json\/wp\/v2\/tags?post=4177"}],"curies":[{"name":"wp","href":"https:\/\/api.w.org\/{rel}","templated":true}]}}