{"id":4324,"date":"2023-05-22T12:39:57","date_gmt":"2023-05-22T10:39:57","guid":{"rendered":"https:\/\/www.joseph-wresinski.org\/fr\/?p=4324"},"modified":"2023-05-22T12:39:57","modified_gmt":"2023-05-22T10:39:57","slug":"les-archives-datd-quart-monde-au-registre-memoire-du-monde-de-lunesco","status":"publish","type":"post","link":"https:\/\/www.joseph-wresinski.org\/fr\/les-archives-datd-quart-monde-au-registre-memoire-du-monde-de-lunesco\/","title":{"rendered":"Les archives d\u2019ATD Quart Monde au Registre M\u00e9moire du Monde de l\u2019UNESCO"},"content":{"rendered":"<div class=\"inner-header\">\n<div class=\"post-thumbnail\"><\/div>\n<\/div>\n<div>\n<div class=\"inner-content\">\n<p><img loading=\"lazy\" decoding=\"async\" class=\"alignnone size-medium wp-image-43170\" src=\"https:\/\/www.atd-quartmonde.org\/wp-content\/uploads\/2019\/05\/communiqu\u00e9-de-presse-2-630x400.jpg\" alt=\"\" width=\"630\" height=\"400\" \/><\/p>\n<p><strong>Les archives du Mouvement International ATD Quart Monde, t\u00e9moignage de l\u2019histoire des personnes en situation de pauvret\u00e9, inscrites au Registre International M\u00e9moire du Monde de l\u2019Unesco<span id='easy-footnote-1-4324' class='easy-footnote-margin-adjust'><\/span><span class='easy-footnote'><a href='https:\/\/www.joseph-wresinski.org\/fr\/les-archives-datd-quart-monde-au-registre-memoire-du-monde-de-lunesco\/#easy-footnote-bottom-1-4324' title=' aussi appel\u00e9 Patrimoine documentaire de l&amp;rsquo;Humanit\u00e9'><sup>1<\/sup><\/a><\/span><span id=\"easy-footnote-1-55281\" class=\"easy-footnote-margin-adjust\"><\/span>.<\/strong><\/p>\n<p><strong>Depuis 65 ans ATD Quart Monde rassemble un patrimoine exceptionnel au Centre de m\u00e9moire et de recherche Joseph Wresinski (CJW). Aujourd\u2019hui, l\u2019Unesco a d\u00e9cid\u00e9 d\u2019inscrire une partie de ce fond au Registre M\u00e9moire du Monde : c\u2019est une reconnaissance de la vie, des souffrances, des r\u00e9sistances et des intelligences des personnes les plus exclues \u00e0 travers le monde<\/strong><\/p>\n<p>La mis\u00e8re, partout dans le monde, est l\u2019objet d\u2019oubli, voire de d\u00e9ni. Les t\u00e9moignages des personnes qui la vivent disparaissent ou sont effac\u00e9es. L\u2019Histoire les a trop souvent et trop longtemps oubli\u00e9s. Pour garder la trace de leurs souffrances mais aussi de leurs r\u00e9sistances, de leurs esp\u00e9rances et intelligences, ATD Quart Monde, a cr\u00e9\u00e9 le Centre de M\u00e9moire et de Recherche Joseph Wresinski. Depuis Baillet-en-France (95), il veille ainsi sur plus de 2,7 km d\u2019archives physiques et 130 To d\u2019archives num\u00e9riques parmi lesquelles plus de 6 millions de photos, des milliers d\u2019heures d\u2019enregistrement audio et vid\u00e9o, des \u00e9crits, des t\u00e9moignages, des \u00e9tudes et publications, des productions artistiques diverses\u2026, comme autant de tr\u00e9sors, <strong>m\u00e9moire de la vie du courage et des combats des personnes tr\u00e8s pauvres de tous les continents.<\/strong><\/p>\n<p>Le fonds d\u2019archives inscrit au Registre M\u00e9moire du Monde de l\u2019Unesco couvre plus particuli\u00e8rement la p\u00e9riode allant de la cr\u00e9ation d\u2019ATD Quart Monde, en 1957 dans le Camp de sans-logis de Noisy-le-Grand, \u00e0 la reconnaissance de la Journ\u00e9e mondiale du Refus de la Mis\u00e8re par l\u2019Organisation des Nations Unies ONU, le 22 d\u00e9cembre 1992. Rassemblant des archives venues de 26 pays, il a une valeur universelle et constitue une source de savoir pour penser et construire des soci\u00e9t\u00e9s pacifi\u00e9es o\u00f9 personne n\u2019est laiss\u00e9 de c\u00f4t\u00e9. Il refl\u00e8te la volont\u00e9 du fondateur du Mouvement ATD Quart Monde de <strong>conserver la trace de la vie et des combats des plus pauvres, face au constat d\u2019une carence dans les sources des m\u00e9moires individuelles et collective.<\/strong><\/p>\n<figure id=\"attachment_55285\" class=\"wp-caption alignnone\" aria-describedby=\"caption-attachment-55285\"><img loading=\"lazy\" decoding=\"async\" class=\"wp-image-55285 size-full\" src=\"https:\/\/www.atd-quartmonde.org\/wp-content\/uploads\/2023\/05\/2023-05-22-PEPs-ArtSi-CJW-Photo_CentreDocUnesco-fr.jpg\" alt=\"\" width=\"708\" height=\"244\" \/><figcaption id=\"caption-attachment-55285\" class=\"wp-caption-text\">Centre international de M\u00e9moire et de Recherche Joseph Wresinski, Baillet-en-France.<\/figcaption><\/figure>\n<p>Pour les plus pauvres dont l\u2019histoire est ni\u00e9e, cette reconnaissance est de la plus haute importance. Ainsi l\u2019exprime Madame Mariangeles, issue du monde le la mis\u00e8re, apr\u00e8s la visite des archives du Centre Joseph Wresinski :<\/p>\n<blockquote><p>\u00ab Nous les pauvres, la soci\u00e9t\u00e9 ne nous aime pas, et aimerait qu\u2019on n\u2019ait jamais exist\u00e9. Maintenant que j\u2019ai vu ces archives, je sais qu\u2019on ne pourra jamais plus nous effacer. \u00bb<\/p><\/blockquote>\n<p>Le Mouvement ATD Quart Monde tient \u00e0 remercier les Comit\u00e9s Nationaux pour l\u2019Unesco du Burkina Faso et de la France qui ont port\u00e9 ce projet de demande de proposition d\u2019inscription, ainsi que les nombreux universitaires, actrices et acteurs de terrain et personnes en situation de pauvret\u00e9 qui ont apport\u00e9 leur soutien \u00e0 cette d\u00e9marche<\/p>\n<hr \/>\n<p><strong>CONTACT PRESSE : <\/strong>Christine Muratet \u2013\u00a0 <span id=\"5f0338e6f9eafc99b0bd4b9f7855a794\" class=\"atdqm\">christine.muratet@atd-quartmonde.org<\/span><\/p>\n<p>Tel:\u00a0 06 28 61 69 05<\/p>\n<\/div>\n<\/div>\n","protected":false},"excerpt":{"rendered":"<p>Les archives du Mouvement International ATD Quart Monde, t\u00e9moignage de l\u2019histoire des personnes en situation de pauvret\u00e9, inscrites au Registre (&#8230;) <a class=\"more-link\" href=\"https:\/\/www.joseph-wresinski.org\/fr\/les-archives-datd-quart-monde-au-registre-memoire-du-monde-de-lunesco\/\">Lire la suite <span class=\"meta-nav\">&rarr;<\/span><\/a><\/p>\n","protected":false},"author":4,"featured_media":4326,"comment_status":"open","ping_status":"closed","sticky":false,"template":"","format":"standard","meta":{"_acf_changed":false,"ep_exclude_from_search":false,"footnotes":""},"categories":[68,12],"tags":[],"class_list":["post-4324","post","type-post","status-publish","format-standard","has-post-thumbnail","hentry","category-actualite-du-centre-joseph-wresinski","category-actualites"],"acf":[],"yoast_head":"<!-- This site is optimized with the Yoast SEO plugin v27.5 - https:\/\/yoast.com\/product\/yoast-seo-wordpress\/ -->\n<title>Les archives d\u2019ATD Quart Monde au Registre M\u00e9moire du Monde de l\u2019UNESCO - Joseph Wresinski FR<\/title>\n<meta name=\"robots\" content=\"index, follow, max-snippet:-1, max-image-preview:large, max-video-preview:-1\" \/>\n<link rel=\"canonical\" href=\"https:\/\/www.joseph-wresinski.org\/fr\/les-archives-datd-quart-monde-au-registre-memoire-du-monde-de-lunesco\/\" \/>\n<meta property=\"og:locale\" content=\"fr_FR\" \/>\n<meta property=\"og:type\" content=\"article\" \/>\n<meta property=\"og:title\" content=\"Les archives d\u2019ATD Quart Monde au Registre M\u00e9moire du Monde de l\u2019UNESCO - Joseph Wresinski FR\" \/>\n<meta property=\"og:description\" content=\"Les archives du Mouvement International ATD Quart Monde, t\u00e9moignage de l\u2019histoire des personnes en situation de pauvret\u00e9, inscrites au Registre (...) Lire la suite &rarr;\" \/>\n<meta property=\"og:url\" content=\"https:\/\/www.joseph-wresinski.org\/fr\/les-archives-datd-quart-monde-au-registre-memoire-du-monde-de-lunesco\/\" \/>\n<meta property=\"og:site_name\" content=\"Joseph Wresinski FR\" \/>\n<meta property=\"article:published_time\" content=\"2023-05-22T10:39:57+00:00\" \/>\n<meta property=\"og:image\" content=\"https:\/\/www.joseph-wresinski.org\/fr\/wp-content\/uploads\/sites\/2\/2023\/05\/Sans-titre104.jpg\" \/>\n\t<meta property=\"og:image:width\" content=\"456\" \/>\n\t<meta property=\"og:image:height\" content=\"280\" \/>\n\t<meta property=\"og:image:type\" content=\"image\/jpeg\" \/>\n<meta name=\"author\" content=\"Jean Tonglet\" \/>\n<meta name=\"twitter:card\" content=\"summary_large_image\" \/>\n<meta name=\"twitter:label1\" content=\"\u00c9crit par\" \/>\n\t<meta name=\"twitter:data1\" content=\"Jean Tonglet\" \/>\n\t<meta name=\"twitter:label2\" content=\"Dur\u00e9e de lecture estim\u00e9e\" \/>\n\t<meta name=\"twitter:data2\" content=\"3 minutes\" \/>\n<script type=\"application\/ld+json\" class=\"yoast-schema-graph\">{\"@context\":\"https:\\\/\\\/schema.org\",\"@graph\":[{\"@type\":\"Article\",\"@id\":\"https:\\\/\\\/www.joseph-wresinski.org\\\/fr\\\/les-archives-datd-quart-monde-au-registre-memoire-du-monde-de-lunesco\\\/#article\",\"isPartOf\":{\"@id\":\"https:\\\/\\\/www.joseph-wresinski.org\\\/fr\\\/les-archives-datd-quart-monde-au-registre-memoire-du-monde-de-lunesco\\\/\"},\"author\":{\"name\":\"Jean Tonglet\",\"@id\":\"https:\\\/\\\/www.joseph-wresinski.org\\\/fr\\\/#\\\/schema\\\/person\\\/93469e0206778753beddb73f4e07c8e0\"},\"headline\":\"Les archives d\u2019ATD Quart Monde au Registre M\u00e9moire du Monde de l\u2019UNESCO\",\"datePublished\":\"2023-05-22T10:39:57+00:00\",\"mainEntityOfPage\":{\"@id\":\"https:\\\/\\\/www.joseph-wresinski.org\\\/fr\\\/les-archives-datd-quart-monde-au-registre-memoire-du-monde-de-lunesco\\\/\"},\"wordCount\":550,\"commentCount\":0,\"image\":{\"@id\":\"https:\\\/\\\/www.joseph-wresinski.org\\\/fr\\\/les-archives-datd-quart-monde-au-registre-memoire-du-monde-de-lunesco\\\/#primaryimage\"},\"thumbnailUrl\":\"https:\\\/\\\/www.joseph-wresinski.org\\\/fr\\\/wp-content\\\/uploads\\\/sites\\\/2\\\/2023\\\/05\\\/Sans-titre104.jpg\",\"articleSection\":[\"Actualit\u00e9 du Centre Joseph Wresinski\",\"Actualit\u00e9s\"],\"inLanguage\":\"fr-FR\",\"potentialAction\":[{\"@type\":\"CommentAction\",\"name\":\"Comment\",\"target\":[\"https:\\\/\\\/www.joseph-wresinski.org\\\/fr\\\/les-archives-datd-quart-monde-au-registre-memoire-du-monde-de-lunesco\\\/#respond\"]}]},{\"@type\":\"WebPage\",\"@id\":\"https:\\\/\\\/www.joseph-wresinski.org\\\/fr\\\/les-archives-datd-quart-monde-au-registre-memoire-du-monde-de-lunesco\\\/\",\"url\":\"https:\\\/\\\/www.joseph-wresinski.org\\\/fr\\\/les-archives-datd-quart-monde-au-registre-memoire-du-monde-de-lunesco\\\/\",\"name\":\"Les archives d\u2019ATD Quart Monde au Registre M\u00e9moire du Monde de l\u2019UNESCO - Joseph Wresinski FR\",\"isPartOf\":{\"@id\":\"https:\\\/\\\/www.joseph-wresinski.org\\\/fr\\\/#website\"},\"primaryImageOfPage\":{\"@id\":\"https:\\\/\\\/www.joseph-wresinski.org\\\/fr\\\/les-archives-datd-quart-monde-au-registre-memoire-du-monde-de-lunesco\\\/#primaryimage\"},\"image\":{\"@id\":\"https:\\\/\\\/www.joseph-wresinski.org\\\/fr\\\/les-archives-datd-quart-monde-au-registre-memoire-du-monde-de-lunesco\\\/#primaryimage\"},\"thumbnailUrl\":\"https:\\\/\\\/www.joseph-wresinski.org\\\/fr\\\/wp-content\\\/uploads\\\/sites\\\/2\\\/2023\\\/05\\\/Sans-titre104.jpg\",\"datePublished\":\"2023-05-22T10:39:57+00:00\",\"author\":{\"@id\":\"https:\\\/\\\/www.joseph-wresinski.org\\\/fr\\\/#\\\/schema\\\/person\\\/93469e0206778753beddb73f4e07c8e0\"},\"breadcrumb\":{\"@id\":\"https:\\\/\\\/www.joseph-wresinski.org\\\/fr\\\/les-archives-datd-quart-monde-au-registre-memoire-du-monde-de-lunesco\\\/#breadcrumb\"},\"inLanguage\":\"fr-FR\",\"potentialAction\":[{\"@type\":\"ReadAction\",\"target\":[\"https:\\\/\\\/www.joseph-wresinski.org\\\/fr\\\/les-archives-datd-quart-monde-au-registre-memoire-du-monde-de-lunesco\\\/\"]}]},{\"@type\":\"ImageObject\",\"inLanguage\":\"fr-FR\",\"@id\":\"https:\\\/\\\/www.joseph-wresinski.org\\\/fr\\\/les-archives-datd-quart-monde-au-registre-memoire-du-monde-de-lunesco\\\/#primaryimage\",\"url\":\"https:\\\/\\\/www.joseph-wresinski.org\\\/fr\\\/wp-content\\\/uploads\\\/sites\\\/2\\\/2023\\\/05\\\/Sans-titre104.jpg\",\"contentUrl\":\"https:\\\/\\\/www.joseph-wresinski.org\\\/fr\\\/wp-content\\\/uploads\\\/sites\\\/2\\\/2023\\\/05\\\/Sans-titre104.jpg\",\"width\":456,\"height\":280},{\"@type\":\"BreadcrumbList\",\"@id\":\"https:\\\/\\\/www.joseph-wresinski.org\\\/fr\\\/les-archives-datd-quart-monde-au-registre-memoire-du-monde-de-lunesco\\\/#breadcrumb\",\"itemListElement\":[{\"@type\":\"ListItem\",\"position\":1,\"name\":\"Accueil\",\"item\":\"https:\\\/\\\/www.joseph-wresinski.org\\\/fr\\\/\"},{\"@type\":\"ListItem\",\"position\":2,\"name\":\"Les archives d\u2019ATD Quart Monde au Registre M\u00e9moire du Monde de l\u2019UNESCO\"}]},{\"@type\":\"WebSite\",\"@id\":\"https:\\\/\\\/www.joseph-wresinski.org\\\/fr\\\/#website\",\"url\":\"https:\\\/\\\/www.joseph-wresinski.org\\\/fr\\\/\",\"name\":\"Joseph Wresinski FR\",\"description\":\"Un site propos\u00e9 par le centre Joseph Wresinski\",\"potentialAction\":[{\"@type\":\"SearchAction\",\"target\":{\"@type\":\"EntryPoint\",\"urlTemplate\":\"https:\\\/\\\/www.joseph-wresinski.org\\\/fr\\\/?s={search_term_string}\"},\"query-input\":{\"@type\":\"PropertyValueSpecification\",\"valueRequired\":true,\"valueName\":\"search_term_string\"}}],\"inLanguage\":\"fr-FR\"},{\"@type\":\"Person\",\"@id\":\"https:\\\/\\\/www.joseph-wresinski.org\\\/fr\\\/#\\\/schema\\\/person\\\/93469e0206778753beddb73f4e07c8e0\",\"name\":\"Jean Tonglet\",\"image\":{\"@type\":\"ImageObject\",\"inLanguage\":\"fr-FR\",\"@id\":\"https:\\\/\\\/secure.gravatar.com\\\/avatar\\\/599cfd98b536979bcebf2d6839f0c694333341f1caf7ba53413b62de5453de40?s=96&d=mm&r=g\",\"url\":\"https:\\\/\\\/secure.gravatar.com\\\/avatar\\\/599cfd98b536979bcebf2d6839f0c694333341f1caf7ba53413b62de5453de40?s=96&d=mm&r=g\",\"contentUrl\":\"https:\\\/\\\/secure.gravatar.com\\\/avatar\\\/599cfd98b536979bcebf2d6839f0c694333341f1caf7ba53413b62de5453de40?s=96&d=mm&r=g\",\"caption\":\"Jean Tonglet\"},\"url\":\"https:\\\/\\\/www.joseph-wresinski.org\\\/fr\\\/author\\\/jean\\\/\"}]}<\/script>\n<!-- \/ Yoast SEO plugin. -->","yoast_head_json":{"title":"Les archives d\u2019ATD Quart Monde au Registre M\u00e9moire du Monde de l\u2019UNESCO - Joseph Wresinski FR","robots":{"index":"index","follow":"follow","max-snippet":"max-snippet:-1","max-image-preview":"max-image-preview:large","max-video-preview":"max-video-preview:-1"},"canonical":"https:\/\/www.joseph-wresinski.org\/fr\/les-archives-datd-quart-monde-au-registre-memoire-du-monde-de-lunesco\/","og_locale":"fr_FR","og_type":"article","og_title":"Les archives d\u2019ATD Quart Monde au Registre M\u00e9moire du Monde de l\u2019UNESCO - Joseph Wresinski FR","og_description":"Les archives du Mouvement International ATD Quart Monde, t\u00e9moignage de l\u2019histoire des personnes en situation de pauvret\u00e9, inscrites au Registre (...) Lire la suite &rarr;","og_url":"https:\/\/www.joseph-wresinski.org\/fr\/les-archives-datd-quart-monde-au-registre-memoire-du-monde-de-lunesco\/","og_site_name":"Joseph Wresinski FR","article_published_time":"2023-05-22T10:39:57+00:00","og_image":[{"width":456,"height":280,"url":"https:\/\/www.joseph-wresinski.org\/fr\/wp-content\/uploads\/sites\/2\/2023\/05\/Sans-titre104.jpg","type":"image\/jpeg"}],"author":"Jean Tonglet","twitter_card":"summary_large_image","twitter_misc":{"\u00c9crit par":"Jean Tonglet","Dur\u00e9e de lecture estim\u00e9e":"3 minutes"},"schema":{"@context":"https:\/\/schema.org","@graph":[{"@type":"Article","@id":"https:\/\/www.joseph-wresinski.org\/fr\/les-archives-datd-quart-monde-au-registre-memoire-du-monde-de-lunesco\/#article","isPartOf":{"@id":"https:\/\/www.joseph-wresinski.org\/fr\/les-archives-datd-quart-monde-au-registre-memoire-du-monde-de-lunesco\/"},"author":{"name":"Jean Tonglet","@id":"https:\/\/www.joseph-wresinski.org\/fr\/#\/schema\/person\/93469e0206778753beddb73f4e07c8e0"},"headline":"Les archives d\u2019ATD Quart Monde au Registre M\u00e9moire du Monde de l\u2019UNESCO","datePublished":"2023-05-22T10:39:57+00:00","mainEntityOfPage":{"@id":"https:\/\/www.joseph-wresinski.org\/fr\/les-archives-datd-quart-monde-au-registre-memoire-du-monde-de-lunesco\/"},"wordCount":550,"commentCount":0,"image":{"@id":"https:\/\/www.joseph-wresinski.org\/fr\/les-archives-datd-quart-monde-au-registre-memoire-du-monde-de-lunesco\/#primaryimage"},"thumbnailUrl":"https:\/\/www.joseph-wresinski.org\/fr\/wp-content\/uploads\/sites\/2\/2023\/05\/Sans-titre104.jpg","articleSection":["Actualit\u00e9 du Centre Joseph Wresinski","Actualit\u00e9s"],"inLanguage":"fr-FR","potentialAction":[{"@type":"CommentAction","name":"Comment","target":["https:\/\/www.joseph-wresinski.org\/fr\/les-archives-datd-quart-monde-au-registre-memoire-du-monde-de-lunesco\/#respond"]}]},{"@type":"WebPage","@id":"https:\/\/www.joseph-wresinski.org\/fr\/les-archives-datd-quart-monde-au-registre-memoire-du-monde-de-lunesco\/","url":"https:\/\/www.joseph-wresinski.org\/fr\/les-archives-datd-quart-monde-au-registre-memoire-du-monde-de-lunesco\/","name":"Les archives d\u2019ATD Quart Monde au Registre M\u00e9moire du Monde de l\u2019UNESCO - Joseph Wresinski FR","isPartOf":{"@id":"https:\/\/www.joseph-wresinski.org\/fr\/#website"},"primaryImageOfPage":{"@id":"https:\/\/www.joseph-wresinski.org\/fr\/les-archives-datd-quart-monde-au-registre-memoire-du-monde-de-lunesco\/#primaryimage"},"image":{"@id":"https:\/\/www.joseph-wresinski.org\/fr\/les-archives-datd-quart-monde-au-registre-memoire-du-monde-de-lunesco\/#primaryimage"},"thumbnailUrl":"https:\/\/www.joseph-wresinski.org\/fr\/wp-content\/uploads\/sites\/2\/2023\/05\/Sans-titre104.jpg","datePublished":"2023-05-22T10:39:57+00:00","author":{"@id":"https:\/\/www.joseph-wresinski.org\/fr\/#\/schema\/person\/93469e0206778753beddb73f4e07c8e0"},"breadcrumb":{"@id":"https:\/\/www.joseph-wresinski.org\/fr\/les-archives-datd-quart-monde-au-registre-memoire-du-monde-de-lunesco\/#breadcrumb"},"inLanguage":"fr-FR","potentialAction":[{"@type":"ReadAction","target":["https:\/\/www.joseph-wresinski.org\/fr\/les-archives-datd-quart-monde-au-registre-memoire-du-monde-de-lunesco\/"]}]},{"@type":"ImageObject","inLanguage":"fr-FR","@id":"https:\/\/www.joseph-wresinski.org\/fr\/les-archives-datd-quart-monde-au-registre-memoire-du-monde-de-lunesco\/#primaryimage","url":"https:\/\/www.joseph-wresinski.org\/fr\/wp-content\/uploads\/sites\/2\/2023\/05\/Sans-titre104.jpg","contentUrl":"https:\/\/www.joseph-wresinski.org\/fr\/wp-content\/uploads\/sites\/2\/2023\/05\/Sans-titre104.jpg","width":456,"height":280},{"@type":"BreadcrumbList","@id":"https:\/\/www.joseph-wresinski.org\/fr\/les-archives-datd-quart-monde-au-registre-memoire-du-monde-de-lunesco\/#breadcrumb","itemListElement":[{"@type":"ListItem","position":1,"name":"Accueil","item":"https:\/\/www.joseph-wresinski.org\/fr\/"},{"@type":"ListItem","position":2,"name":"Les archives d\u2019ATD Quart Monde au Registre M\u00e9moire du Monde de l\u2019UNESCO"}]},{"@type":"WebSite","@id":"https:\/\/www.joseph-wresinski.org\/fr\/#website","url":"https:\/\/www.joseph-wresinski.org\/fr\/","name":"Joseph Wresinski FR","description":"Un site propos\u00e9 par le centre Joseph Wresinski","potentialAction":[{"@type":"SearchAction","target":{"@type":"EntryPoint","urlTemplate":"https:\/\/www.joseph-wresinski.org\/fr\/?s={search_term_string}"},"query-input":{"@type":"PropertyValueSpecification","valueRequired":true,"valueName":"search_term_string"}}],"inLanguage":"fr-FR"},{"@type":"Person","@id":"https:\/\/www.joseph-wresinski.org\/fr\/#\/schema\/person\/93469e0206778753beddb73f4e07c8e0","name":"Jean Tonglet","image":{"@type":"ImageObject","inLanguage":"fr-FR","@id":"https:\/\/secure.gravatar.com\/avatar\/599cfd98b536979bcebf2d6839f0c694333341f1caf7ba53413b62de5453de40?s=96&d=mm&r=g","url":"https:\/\/secure.gravatar.com\/avatar\/599cfd98b536979bcebf2d6839f0c694333341f1caf7ba53413b62de5453de40?s=96&d=mm&r=g","contentUrl":"https:\/\/secure.gravatar.com\/avatar\/599cfd98b536979bcebf2d6839f0c694333341f1caf7ba53413b62de5453de40?s=96&d=mm&r=g","caption":"Jean Tonglet"},"url":"https:\/\/www.joseph-wresinski.org\/fr\/author\/jean\/"}]}},"_links":{"self":[{"href":"https:\/\/www.joseph-wresinski.org\/fr\/wp-json\/wp\/v2\/posts\/4324","targetHints":{"allow":["GET"]}}],"collection":[{"href":"https:\/\/www.joseph-wresinski.org\/fr\/wp-json\/wp\/v2\/posts"}],"about":[{"href":"https:\/\/www.joseph-wresinski.org\/fr\/wp-json\/wp\/v2\/types\/post"}],"author":[{"embeddable":true,"href":"https:\/\/www.joseph-wresinski.org\/fr\/wp-json\/wp\/v2\/users\/4"}],"replies":[{"embeddable":true,"href":"https:\/\/www.joseph-wresinski.org\/fr\/wp-json\/wp\/v2\/comments?post=4324"}],"version-history":[{"count":3,"href":"https:\/\/www.joseph-wresinski.org\/fr\/wp-json\/wp\/v2\/posts\/4324\/revisions"}],"predecessor-version":[{"id":4328,"href":"https:\/\/www.joseph-wresinski.org\/fr\/wp-json\/wp\/v2\/posts\/4324\/revisions\/4328"}],"wp:featuredmedia":[{"embeddable":true,"href":"https:\/\/www.joseph-wresinski.org\/fr\/wp-json\/wp\/v2\/media\/4326"}],"wp:attachment":[{"href":"https:\/\/www.joseph-wresinski.org\/fr\/wp-json\/wp\/v2\/media?parent=4324"}],"wp:term":[{"taxonomy":"category","embeddable":true,"href":"https:\/\/www.joseph-wresinski.org\/fr\/wp-json\/wp\/v2\/categories?post=4324"},{"taxonomy":"post_tag","embeddable":true,"href":"https:\/\/www.joseph-wresinski.org\/fr\/wp-json\/wp\/v2\/tags?post=4324"}],"curies":[{"name":"wp","href":"https:\/\/api.w.org\/{rel}","templated":true}]}}