{"id":4481,"date":"2024-03-28T12:00:44","date_gmt":"2024-03-28T11:00:44","guid":{"rendered":"https:\/\/www.joseph-wresinski.org\/fr\/?p=4481"},"modified":"2024-03-27T17:04:13","modified_gmt":"2024-03-27T16:04:13","slug":"notre-combat-est-ne-dun-refus-et-dun-defi","status":"publish","type":"post","link":"https:\/\/www.joseph-wresinski.org\/fr\/notre-combat-est-ne-dun-refus-et-dun-defi\/","title":{"rendered":"Notre combat est n\u00e9 d&rsquo;un refus et d&rsquo;un d\u00e9fi."},"content":{"rendered":"<p>Quand en juillet 1956, nous avons rejoint les familles du Camp de Noisy leGrand, nous nous sommes jur\u00e9s que le temps de l&rsquo;injustice \u00e9tait aboli, que le temps de la justice avait commenc\u00e9.<\/p>\n<p>Notre combat est n\u00e9 de ce refus : plus jamais la honte et la mis\u00e8re, plus jamais la hantise de l&rsquo;errance, plus jamais l&rsquo;humiliation de l&rsquo;ignorance, plus jamais l&rsquo;oppression sociale.<\/p>\n<p>Et notre combat est n\u00e9 d&rsquo;un d\u00e9fi : celui de rassembler les plus d\u00e9favoris\u00e9s en un mouvement Quart Monde, pour qu&rsquo;ils deviennent eux aussi les d\u00e9fenseurs des Droits de l&rsquo;Homme. Du d\u00e9fi de faire de ceux-l\u00e0 m\u00eame qui \u00e9taient exclus les agents de ces m\u00eames droits dont ils furent si longtemps priv\u00e9s ; de faire des sans-voix les porte-voix de la justice, de la libert\u00e9 et de la fraternit\u00e9. Notre combat est n\u00e9 du d\u00e9fi de faire des opprim\u00e9s, des inf\u00e9rieurs m\u00e9pris\u00e9s, les garants de la d\u00e9mocratie ; de faire reconna\u00eetre leur exp\u00e9rience comme b\u00e9n\u00e9fique et indispensable dans la construction d&rsquo;une soci\u00e9t\u00e9 qui \u00e9limine toute exclusion et toute mis\u00e8re.<\/p>\n<p>Mais ce d\u00e9fi a-t-il \u00e9t\u00e9 relev\u00e9\u00a0? Cette d\u00e9mocratie v\u00e9ritable qui ne laisse aucun citoyen de c\u00f4t\u00e9, qui les rassemble tous dans un m\u00eame souci de justice, qui donne la priorit\u00e9 aux plus d\u00e9favoris\u00e9s, \u00e0 ceux que la pr\u00e9carit\u00e9 broie de g\u00e9n\u00e9ration en g\u00e9n\u00e9ration, est-elle sur le point de na\u00eetre ? Pointe-t-elle \u00e0 l&rsquo;horizon de cette fin de si\u00e8cle ?<\/p>\n<p>Cela d\u00e9pendra des pouvoirs politiques et sociaux, \u00e9conomiques, culturels et religieux, mais cela d\u00e9pendra d&rsquo;abord de la volont\u00e9 de chaque citoyen. Car c&rsquo;est la d\u00e9termination des citoyens qui am\u00e8nera les pouvoirs \u00e0 prendre en compte les droits des plus d\u00e9favoris\u00e9s.<\/p>\n<p>La t\u00e2che de tous les pouvoirs est de ne pas laisser languir la justice, de reprendre et de coordonner les efforts des citoyens, de proclamer la fiabilit\u00e9 de leur cause, de r\u00e9aliser ce pourquoi les hommes luttent. Or, les plus d\u00e9favoris\u00e9s luttent, et des milliers de citoyens se sont joints \u00e0 eux et luttent avec eux. C&rsquo;est pourquoi nous pouvons nous adresser aux pouvoirs, \u00e0 tous les pouvoirs, en toute confiance, en toute libert\u00e9 : pour faire valoir les droits des plus pauvres, pour que la priorit\u00e9 des priorit\u00e9s soit enfin la destruction radicale de la mis\u00e8re et de l&rsquo;exclusion.<\/p>\n<p>Le temps presse. Il ne faut pas que la r\u00e9cession, l&rsquo;inflation, le ch\u00f4mage soient des alibis, des pr\u00e9textes pour reporter \u00e0 demain le sort des plus d\u00e9favoris\u00e9s. Cela \u00e9quivaudrait \u00e0 faire peser sur eux, encore une fois, tout le poids de la crise, \u00e0 accorder la priorit\u00e9 aux moins d\u00e9favoris\u00e9s, enlevant aux familles les plus pauvres le peu que, peut-\u00eatre, elles avaient obtenu. Cela \u00e9quivaudrait \u00e0 leur accorder moins de travail, de logement, d&rsquo;\u00e9ducation et, \u00e0 r\u00e9duire encore plus leurs faibles possibilit\u00e9s de faire valoir leur dignit\u00e9.<\/p>\n","protected":false},"excerpt":{"rendered":"<p>Quand en juillet 1956, nous avons rejoint les familles du Camp de Noisy leGrand, nous nous sommes jur\u00e9s que le (&#8230;) <a class=\"more-link\" href=\"https:\/\/www.joseph-wresinski.org\/fr\/notre-combat-est-ne-dun-refus-et-dun-defi\/\">Lire la suite <span class=\"meta-nav\">&rarr;<\/span><\/a><\/p>\n","protected":false},"author":4,"featured_media":4480,"comment_status":"open","ping_status":"closed","sticky":false,"template":"","format":"standard","meta":{"_acf_changed":false,"ep_exclude_from_search":false,"footnotes":""},"categories":[12,4,49],"tags":[],"class_list":["post-4481","post","type-post","status-publish","format-standard","has-post-thumbnail","hentry","category-actualites","category-discours","category-ecrits"],"acf":[],"yoast_head":"<!-- This site is optimized with the Yoast SEO plugin v27.5 - https:\/\/yoast.com\/product\/yoast-seo-wordpress\/ -->\n<title>Notre combat est n\u00e9 d&#039;un refus et d&#039;un d\u00e9fi. - Joseph Wresinski FR<\/title>\n<meta name=\"robots\" content=\"index, follow, max-snippet:-1, max-image-preview:large, max-video-preview:-1\" \/>\n<link rel=\"canonical\" href=\"https:\/\/www.joseph-wresinski.org\/fr\/notre-combat-est-ne-dun-refus-et-dun-defi\/\" \/>\n<meta property=\"og:locale\" content=\"fr_FR\" \/>\n<meta property=\"og:type\" content=\"article\" \/>\n<meta property=\"og:title\" content=\"Notre combat est n\u00e9 d&#039;un refus et d&#039;un d\u00e9fi. - Joseph Wresinski FR\" \/>\n<meta property=\"og:description\" content=\"Quand en juillet 1956, nous avons rejoint les familles du Camp de Noisy leGrand, nous nous sommes jur\u00e9s que le (...) Lire la suite &rarr;\" \/>\n<meta property=\"og:url\" content=\"https:\/\/www.joseph-wresinski.org\/fr\/notre-combat-est-ne-dun-refus-et-dun-defi\/\" \/>\n<meta property=\"og:site_name\" content=\"Joseph Wresinski FR\" \/>\n<meta property=\"article:published_time\" content=\"2024-03-28T11:00:44+00:00\" \/>\n<meta property=\"og:image\" content=\"https:\/\/www.joseph-wresinski.org\/fr\/wp-content\/uploads\/sites\/2\/2024\/03\/CIJW-0070-821-052-15-05-1982-Bruxelles-25ans-du-Mouvement-1-scaled.jpg\" \/>\n\t<meta property=\"og:image:width\" content=\"2560\" \/>\n\t<meta property=\"og:image:height\" content=\"1710\" \/>\n\t<meta property=\"og:image:type\" content=\"image\/jpeg\" \/>\n<meta name=\"author\" content=\"Jean Tonglet\" \/>\n<meta name=\"twitter:card\" content=\"summary_large_image\" \/>\n<meta name=\"twitter:label1\" content=\"\u00c9crit par\" \/>\n\t<meta name=\"twitter:data1\" content=\"Jean Tonglet\" \/>\n\t<meta name=\"twitter:label2\" content=\"Dur\u00e9e de lecture estim\u00e9e\" \/>\n\t<meta name=\"twitter:data2\" content=\"3 minutes\" \/>\n<script type=\"application\/ld+json\" class=\"yoast-schema-graph\">{\"@context\":\"https:\\\/\\\/schema.org\",\"@graph\":[{\"@type\":\"Article\",\"@id\":\"https:\\\/\\\/www.joseph-wresinski.org\\\/fr\\\/notre-combat-est-ne-dun-refus-et-dun-defi\\\/#article\",\"isPartOf\":{\"@id\":\"https:\\\/\\\/www.joseph-wresinski.org\\\/fr\\\/notre-combat-est-ne-dun-refus-et-dun-defi\\\/\"},\"author\":{\"name\":\"Jean Tonglet\",\"@id\":\"https:\\\/\\\/www.joseph-wresinski.org\\\/fr\\\/#\\\/schema\\\/person\\\/93469e0206778753beddb73f4e07c8e0\"},\"headline\":\"Notre combat est n\u00e9 d&rsquo;un refus et d&rsquo;un d\u00e9fi.\",\"datePublished\":\"2024-03-28T11:00:44+00:00\",\"mainEntityOfPage\":{\"@id\":\"https:\\\/\\\/www.joseph-wresinski.org\\\/fr\\\/notre-combat-est-ne-dun-refus-et-dun-defi\\\/\"},\"wordCount\":526,\"commentCount\":0,\"image\":{\"@id\":\"https:\\\/\\\/www.joseph-wresinski.org\\\/fr\\\/notre-combat-est-ne-dun-refus-et-dun-defi\\\/#primaryimage\"},\"thumbnailUrl\":\"https:\\\/\\\/www.joseph-wresinski.org\\\/fr\\\/wp-content\\\/uploads\\\/sites\\\/2\\\/2024\\\/03\\\/CIJW-0070-821-052-15-05-1982-Bruxelles-25ans-du-Mouvement-1-scaled.jpg\",\"articleSection\":[\"Actualit\u00e9s\",\"Discours\",\"Ecrits\"],\"inLanguage\":\"fr-FR\",\"potentialAction\":[{\"@type\":\"CommentAction\",\"name\":\"Comment\",\"target\":[\"https:\\\/\\\/www.joseph-wresinski.org\\\/fr\\\/notre-combat-est-ne-dun-refus-et-dun-defi\\\/#respond\"]}]},{\"@type\":\"WebPage\",\"@id\":\"https:\\\/\\\/www.joseph-wresinski.org\\\/fr\\\/notre-combat-est-ne-dun-refus-et-dun-defi\\\/\",\"url\":\"https:\\\/\\\/www.joseph-wresinski.org\\\/fr\\\/notre-combat-est-ne-dun-refus-et-dun-defi\\\/\",\"name\":\"Notre combat est n\u00e9 d'un refus et d'un d\u00e9fi. - Joseph Wresinski FR\",\"isPartOf\":{\"@id\":\"https:\\\/\\\/www.joseph-wresinski.org\\\/fr\\\/#website\"},\"primaryImageOfPage\":{\"@id\":\"https:\\\/\\\/www.joseph-wresinski.org\\\/fr\\\/notre-combat-est-ne-dun-refus-et-dun-defi\\\/#primaryimage\"},\"image\":{\"@id\":\"https:\\\/\\\/www.joseph-wresinski.org\\\/fr\\\/notre-combat-est-ne-dun-refus-et-dun-defi\\\/#primaryimage\"},\"thumbnailUrl\":\"https:\\\/\\\/www.joseph-wresinski.org\\\/fr\\\/wp-content\\\/uploads\\\/sites\\\/2\\\/2024\\\/03\\\/CIJW-0070-821-052-15-05-1982-Bruxelles-25ans-du-Mouvement-1-scaled.jpg\",\"datePublished\":\"2024-03-28T11:00:44+00:00\",\"author\":{\"@id\":\"https:\\\/\\\/www.joseph-wresinski.org\\\/fr\\\/#\\\/schema\\\/person\\\/93469e0206778753beddb73f4e07c8e0\"},\"breadcrumb\":{\"@id\":\"https:\\\/\\\/www.joseph-wresinski.org\\\/fr\\\/notre-combat-est-ne-dun-refus-et-dun-defi\\\/#breadcrumb\"},\"inLanguage\":\"fr-FR\",\"potentialAction\":[{\"@type\":\"ReadAction\",\"target\":[\"https:\\\/\\\/www.joseph-wresinski.org\\\/fr\\\/notre-combat-est-ne-dun-refus-et-dun-defi\\\/\"]}]},{\"@type\":\"ImageObject\",\"inLanguage\":\"fr-FR\",\"@id\":\"https:\\\/\\\/www.joseph-wresinski.org\\\/fr\\\/notre-combat-est-ne-dun-refus-et-dun-defi\\\/#primaryimage\",\"url\":\"https:\\\/\\\/www.joseph-wresinski.org\\\/fr\\\/wp-content\\\/uploads\\\/sites\\\/2\\\/2024\\\/03\\\/CIJW-0070-821-052-15-05-1982-Bruxelles-25ans-du-Mouvement-1-scaled.jpg\",\"contentUrl\":\"https:\\\/\\\/www.joseph-wresinski.org\\\/fr\\\/wp-content\\\/uploads\\\/sites\\\/2\\\/2024\\\/03\\\/CIJW-0070-821-052-15-05-1982-Bruxelles-25ans-du-Mouvement-1-scaled.jpg\",\"width\":2560,\"height\":1710},{\"@type\":\"BreadcrumbList\",\"@id\":\"https:\\\/\\\/www.joseph-wresinski.org\\\/fr\\\/notre-combat-est-ne-dun-refus-et-dun-defi\\\/#breadcrumb\",\"itemListElement\":[{\"@type\":\"ListItem\",\"position\":1,\"name\":\"Accueil\",\"item\":\"https:\\\/\\\/www.joseph-wresinski.org\\\/fr\\\/\"},{\"@type\":\"ListItem\",\"position\":2,\"name\":\"Notre combat est n\u00e9 d&rsquo;un refus et d&rsquo;un d\u00e9fi.\"}]},{\"@type\":\"WebSite\",\"@id\":\"https:\\\/\\\/www.joseph-wresinski.org\\\/fr\\\/#website\",\"url\":\"https:\\\/\\\/www.joseph-wresinski.org\\\/fr\\\/\",\"name\":\"Joseph Wresinski FR\",\"description\":\"Un site propos\u00e9 par le centre Joseph Wresinski\",\"potentialAction\":[{\"@type\":\"SearchAction\",\"target\":{\"@type\":\"EntryPoint\",\"urlTemplate\":\"https:\\\/\\\/www.joseph-wresinski.org\\\/fr\\\/?s={search_term_string}\"},\"query-input\":{\"@type\":\"PropertyValueSpecification\",\"valueRequired\":true,\"valueName\":\"search_term_string\"}}],\"inLanguage\":\"fr-FR\"},{\"@type\":\"Person\",\"@id\":\"https:\\\/\\\/www.joseph-wresinski.org\\\/fr\\\/#\\\/schema\\\/person\\\/93469e0206778753beddb73f4e07c8e0\",\"name\":\"Jean Tonglet\",\"image\":{\"@type\":\"ImageObject\",\"inLanguage\":\"fr-FR\",\"@id\":\"https:\\\/\\\/secure.gravatar.com\\\/avatar\\\/599cfd98b536979bcebf2d6839f0c694333341f1caf7ba53413b62de5453de40?s=96&d=mm&r=g\",\"url\":\"https:\\\/\\\/secure.gravatar.com\\\/avatar\\\/599cfd98b536979bcebf2d6839f0c694333341f1caf7ba53413b62de5453de40?s=96&d=mm&r=g\",\"contentUrl\":\"https:\\\/\\\/secure.gravatar.com\\\/avatar\\\/599cfd98b536979bcebf2d6839f0c694333341f1caf7ba53413b62de5453de40?s=96&d=mm&r=g\",\"caption\":\"Jean Tonglet\"},\"url\":\"https:\\\/\\\/www.joseph-wresinski.org\\\/fr\\\/author\\\/jean\\\/\"}]}<\/script>\n<!-- \/ Yoast SEO plugin. -->","yoast_head_json":{"title":"Notre combat est n\u00e9 d'un refus et d'un d\u00e9fi. - Joseph Wresinski FR","robots":{"index":"index","follow":"follow","max-snippet":"max-snippet:-1","max-image-preview":"max-image-preview:large","max-video-preview":"max-video-preview:-1"},"canonical":"https:\/\/www.joseph-wresinski.org\/fr\/notre-combat-est-ne-dun-refus-et-dun-defi\/","og_locale":"fr_FR","og_type":"article","og_title":"Notre combat est n\u00e9 d'un refus et d'un d\u00e9fi. - Joseph Wresinski FR","og_description":"Quand en juillet 1956, nous avons rejoint les familles du Camp de Noisy leGrand, nous nous sommes jur\u00e9s que le (...) Lire la suite &rarr;","og_url":"https:\/\/www.joseph-wresinski.org\/fr\/notre-combat-est-ne-dun-refus-et-dun-defi\/","og_site_name":"Joseph Wresinski FR","article_published_time":"2024-03-28T11:00:44+00:00","og_image":[{"width":2560,"height":1710,"url":"https:\/\/www.joseph-wresinski.org\/fr\/wp-content\/uploads\/sites\/2\/2024\/03\/CIJW-0070-821-052-15-05-1982-Bruxelles-25ans-du-Mouvement-1-scaled.jpg","type":"image\/jpeg"}],"author":"Jean Tonglet","twitter_card":"summary_large_image","twitter_misc":{"\u00c9crit par":"Jean Tonglet","Dur\u00e9e de lecture estim\u00e9e":"3 minutes"},"schema":{"@context":"https:\/\/schema.org","@graph":[{"@type":"Article","@id":"https:\/\/www.joseph-wresinski.org\/fr\/notre-combat-est-ne-dun-refus-et-dun-defi\/#article","isPartOf":{"@id":"https:\/\/www.joseph-wresinski.org\/fr\/notre-combat-est-ne-dun-refus-et-dun-defi\/"},"author":{"name":"Jean Tonglet","@id":"https:\/\/www.joseph-wresinski.org\/fr\/#\/schema\/person\/93469e0206778753beddb73f4e07c8e0"},"headline":"Notre combat est n\u00e9 d&rsquo;un refus et d&rsquo;un d\u00e9fi.","datePublished":"2024-03-28T11:00:44+00:00","mainEntityOfPage":{"@id":"https:\/\/www.joseph-wresinski.org\/fr\/notre-combat-est-ne-dun-refus-et-dun-defi\/"},"wordCount":526,"commentCount":0,"image":{"@id":"https:\/\/www.joseph-wresinski.org\/fr\/notre-combat-est-ne-dun-refus-et-dun-defi\/#primaryimage"},"thumbnailUrl":"https:\/\/www.joseph-wresinski.org\/fr\/wp-content\/uploads\/sites\/2\/2024\/03\/CIJW-0070-821-052-15-05-1982-Bruxelles-25ans-du-Mouvement-1-scaled.jpg","articleSection":["Actualit\u00e9s","Discours","Ecrits"],"inLanguage":"fr-FR","potentialAction":[{"@type":"CommentAction","name":"Comment","target":["https:\/\/www.joseph-wresinski.org\/fr\/notre-combat-est-ne-dun-refus-et-dun-defi\/#respond"]}]},{"@type":"WebPage","@id":"https:\/\/www.joseph-wresinski.org\/fr\/notre-combat-est-ne-dun-refus-et-dun-defi\/","url":"https:\/\/www.joseph-wresinski.org\/fr\/notre-combat-est-ne-dun-refus-et-dun-defi\/","name":"Notre combat est n\u00e9 d'un refus et d'un d\u00e9fi. - Joseph Wresinski FR","isPartOf":{"@id":"https:\/\/www.joseph-wresinski.org\/fr\/#website"},"primaryImageOfPage":{"@id":"https:\/\/www.joseph-wresinski.org\/fr\/notre-combat-est-ne-dun-refus-et-dun-defi\/#primaryimage"},"image":{"@id":"https:\/\/www.joseph-wresinski.org\/fr\/notre-combat-est-ne-dun-refus-et-dun-defi\/#primaryimage"},"thumbnailUrl":"https:\/\/www.joseph-wresinski.org\/fr\/wp-content\/uploads\/sites\/2\/2024\/03\/CIJW-0070-821-052-15-05-1982-Bruxelles-25ans-du-Mouvement-1-scaled.jpg","datePublished":"2024-03-28T11:00:44+00:00","author":{"@id":"https:\/\/www.joseph-wresinski.org\/fr\/#\/schema\/person\/93469e0206778753beddb73f4e07c8e0"},"breadcrumb":{"@id":"https:\/\/www.joseph-wresinski.org\/fr\/notre-combat-est-ne-dun-refus-et-dun-defi\/#breadcrumb"},"inLanguage":"fr-FR","potentialAction":[{"@type":"ReadAction","target":["https:\/\/www.joseph-wresinski.org\/fr\/notre-combat-est-ne-dun-refus-et-dun-defi\/"]}]},{"@type":"ImageObject","inLanguage":"fr-FR","@id":"https:\/\/www.joseph-wresinski.org\/fr\/notre-combat-est-ne-dun-refus-et-dun-defi\/#primaryimage","url":"https:\/\/www.joseph-wresinski.org\/fr\/wp-content\/uploads\/sites\/2\/2024\/03\/CIJW-0070-821-052-15-05-1982-Bruxelles-25ans-du-Mouvement-1-scaled.jpg","contentUrl":"https:\/\/www.joseph-wresinski.org\/fr\/wp-content\/uploads\/sites\/2\/2024\/03\/CIJW-0070-821-052-15-05-1982-Bruxelles-25ans-du-Mouvement-1-scaled.jpg","width":2560,"height":1710},{"@type":"BreadcrumbList","@id":"https:\/\/www.joseph-wresinski.org\/fr\/notre-combat-est-ne-dun-refus-et-dun-defi\/#breadcrumb","itemListElement":[{"@type":"ListItem","position":1,"name":"Accueil","item":"https:\/\/www.joseph-wresinski.org\/fr\/"},{"@type":"ListItem","position":2,"name":"Notre combat est n\u00e9 d&rsquo;un refus et d&rsquo;un d\u00e9fi."}]},{"@type":"WebSite","@id":"https:\/\/www.joseph-wresinski.org\/fr\/#website","url":"https:\/\/www.joseph-wresinski.org\/fr\/","name":"Joseph Wresinski FR","description":"Un site propos\u00e9 par le centre Joseph Wresinski","potentialAction":[{"@type":"SearchAction","target":{"@type":"EntryPoint","urlTemplate":"https:\/\/www.joseph-wresinski.org\/fr\/?s={search_term_string}"},"query-input":{"@type":"PropertyValueSpecification","valueRequired":true,"valueName":"search_term_string"}}],"inLanguage":"fr-FR"},{"@type":"Person","@id":"https:\/\/www.joseph-wresinski.org\/fr\/#\/schema\/person\/93469e0206778753beddb73f4e07c8e0","name":"Jean Tonglet","image":{"@type":"ImageObject","inLanguage":"fr-FR","@id":"https:\/\/secure.gravatar.com\/avatar\/599cfd98b536979bcebf2d6839f0c694333341f1caf7ba53413b62de5453de40?s=96&d=mm&r=g","url":"https:\/\/secure.gravatar.com\/avatar\/599cfd98b536979bcebf2d6839f0c694333341f1caf7ba53413b62de5453de40?s=96&d=mm&r=g","contentUrl":"https:\/\/secure.gravatar.com\/avatar\/599cfd98b536979bcebf2d6839f0c694333341f1caf7ba53413b62de5453de40?s=96&d=mm&r=g","caption":"Jean Tonglet"},"url":"https:\/\/www.joseph-wresinski.org\/fr\/author\/jean\/"}]}},"_links":{"self":[{"href":"https:\/\/www.joseph-wresinski.org\/fr\/wp-json\/wp\/v2\/posts\/4481","targetHints":{"allow":["GET"]}}],"collection":[{"href":"https:\/\/www.joseph-wresinski.org\/fr\/wp-json\/wp\/v2\/posts"}],"about":[{"href":"https:\/\/www.joseph-wresinski.org\/fr\/wp-json\/wp\/v2\/types\/post"}],"author":[{"embeddable":true,"href":"https:\/\/www.joseph-wresinski.org\/fr\/wp-json\/wp\/v2\/users\/4"}],"replies":[{"embeddable":true,"href":"https:\/\/www.joseph-wresinski.org\/fr\/wp-json\/wp\/v2\/comments?post=4481"}],"version-history":[{"count":1,"href":"https:\/\/www.joseph-wresinski.org\/fr\/wp-json\/wp\/v2\/posts\/4481\/revisions"}],"predecessor-version":[{"id":4482,"href":"https:\/\/www.joseph-wresinski.org\/fr\/wp-json\/wp\/v2\/posts\/4481\/revisions\/4482"}],"wp:featuredmedia":[{"embeddable":true,"href":"https:\/\/www.joseph-wresinski.org\/fr\/wp-json\/wp\/v2\/media\/4480"}],"wp:attachment":[{"href":"https:\/\/www.joseph-wresinski.org\/fr\/wp-json\/wp\/v2\/media?parent=4481"}],"wp:term":[{"taxonomy":"category","embeddable":true,"href":"https:\/\/www.joseph-wresinski.org\/fr\/wp-json\/wp\/v2\/categories?post=4481"},{"taxonomy":"post_tag","embeddable":true,"href":"https:\/\/www.joseph-wresinski.org\/fr\/wp-json\/wp\/v2\/tags?post=4481"}],"curies":[{"name":"wp","href":"https:\/\/api.w.org\/{rel}","templated":true}]}}