{"id":4490,"date":"2024-04-26T15:00:14","date_gmt":"2024-04-26T13:00:14","guid":{"rendered":"https:\/\/www.joseph-wresinski.org\/fr\/?p=4490"},"modified":"2024-04-26T14:28:42","modified_gmt":"2024-04-26T12:28:42","slug":"notre-combat-politique-detruire-la-misere","status":"publish","type":"post","link":"https:\/\/www.joseph-wresinski.org\/fr\/notre-combat-politique-detruire-la-misere\/","title":{"rendered":"Notre combat politique\u00a0: d\u00e9truire la mis\u00e8re\u00a0!"},"content":{"rendered":"<p>Notre combat politique, au-del\u00e0 de nos id\u00e9ologies et de nos appartenances de classes, concerne la destruction de la condition sous-prol\u00e9tarienne.<\/p>\n<p>C\u2019est pourquoi il nous faut garder la t\u00eate froide et l\u2019esprit critique face aux sollicitations des partis politiques et de leurs appareils.<\/p>\n<p>Nous savons, et l\u2019exp\u00e9rience nous l\u2019a appris, que les sous-prol\u00e9taires ne sont pas pris en compte dans les projets de soci\u00e9t\u00e9 qui nous sont propos\u00e9s, qu\u2019aucun parti, syndicat, association, \u00e9glise, ne se propose pour objectif premier la destruction de la mis\u00e8re\u00a0; aucun n\u2019affirme la volont\u00e9 de d\u00e9truire l\u2019exclusion du Quart Monde, encore moins de profiter de son exp\u00e9rience pour b\u00e2tir une soci\u00e9t\u00e9 enfin juste, lib\u00e9ratrice et fraternelle.<\/p>\n<p>Il ne s\u2019agira donc pas seulement de demander aux partis politiques des engagements \u00e0 l\u2019occasion de la campagne \u00e9lectorale qui s\u2019ouvre (\u2026), mais de nous battre l\u00e0 o\u00f9 nous sommes pour faire reconna\u00eetre la l\u00e9gitimit\u00e9 de notre contestation de la mis\u00e8re, de cr\u00e9er et d\u2019organiser des groupes de pression qui veilleront \u00e0 ce que les \u00e9lus s\u2019engagent vis-\u00e0-vis du Quart Monde \u00e0 la destruction de sa condition et tiennent leurs promesses apr\u00e8s les \u00e9lections.<\/p>\n","protected":false},"excerpt":{"rendered":"<p>Notre combat politique, au-del\u00e0 de nos id\u00e9ologies et de nos appartenances de classes, concerne la destruction de la condition sous-prol\u00e9tarienne. (&#8230;) <a class=\"more-link\" href=\"https:\/\/www.joseph-wresinski.org\/fr\/notre-combat-politique-detruire-la-misere\/\">Lire la suite <span class=\"meta-nav\">&rarr;<\/span><\/a><\/p>\n","protected":false},"author":4,"featured_media":4491,"comment_status":"open","ping_status":"closed","sticky":false,"template":"","format":"standard","meta":{"_acf_changed":false,"ep_exclude_from_search":false,"footnotes":""},"categories":[12,49,65],"tags":[],"class_list":["post-4490","post","type-post","status-publish","format-standard","has-post-thumbnail","hentry","category-actualites","category-ecrits","category-editoriaux-et-prefaces"],"acf":[],"yoast_head":"<!-- This site is optimized with the Yoast SEO plugin v27.5 - https:\/\/yoast.com\/product\/yoast-seo-wordpress\/ -->\n<title>Notre combat politique\u00a0: d\u00e9truire la mis\u00e8re\u00a0! - Joseph Wresinski FR<\/title>\n<meta name=\"robots\" content=\"index, follow, max-snippet:-1, max-image-preview:large, max-video-preview:-1\" \/>\n<link rel=\"canonical\" href=\"https:\/\/www.joseph-wresinski.org\/fr\/notre-combat-politique-detruire-la-misere\/\" \/>\n<meta property=\"og:locale\" content=\"fr_FR\" \/>\n<meta property=\"og:type\" content=\"article\" \/>\n<meta property=\"og:title\" content=\"Notre combat politique\u00a0: d\u00e9truire la mis\u00e8re\u00a0! - Joseph Wresinski FR\" \/>\n<meta property=\"og:description\" content=\"Notre combat politique, au-del\u00e0 de nos id\u00e9ologies et de nos appartenances de classes, concerne la destruction de la condition sous-prol\u00e9tarienne. (...) Lire la suite &rarr;\" \/>\n<meta property=\"og:url\" content=\"https:\/\/www.joseph-wresinski.org\/fr\/notre-combat-politique-detruire-la-misere\/\" \/>\n<meta property=\"og:site_name\" content=\"Joseph Wresinski FR\" \/>\n<meta property=\"article:published_time\" content=\"2024-04-26T13:00:14+00:00\" \/>\n<meta property=\"og:image\" content=\"https:\/\/www.joseph-wresinski.org\/fr\/wp-content\/uploads\/sites\/2\/2024\/04\/Gabriel-Gostiaux-Les-elections-Fin-XIXeme-Musee-municipal-dAvranches.jpg\" \/>\n\t<meta property=\"og:image:width\" content=\"1600\" \/>\n\t<meta property=\"og:image:height\" content=\"1200\" \/>\n\t<meta property=\"og:image:type\" content=\"image\/jpeg\" \/>\n<meta name=\"author\" content=\"Jean Tonglet\" \/>\n<meta name=\"twitter:card\" content=\"summary_large_image\" \/>\n<meta name=\"twitter:label1\" content=\"\u00c9crit par\" \/>\n\t<meta name=\"twitter:data1\" content=\"Jean Tonglet\" \/>\n\t<meta name=\"twitter:label2\" content=\"Dur\u00e9e de lecture estim\u00e9e\" \/>\n\t<meta name=\"twitter:data2\" content=\"2 minutes\" \/>\n<script type=\"application\/ld+json\" class=\"yoast-schema-graph\">{\"@context\":\"https:\\\/\\\/schema.org\",\"@graph\":[{\"@type\":\"Article\",\"@id\":\"https:\\\/\\\/www.joseph-wresinski.org\\\/fr\\\/notre-combat-politique-detruire-la-misere\\\/#article\",\"isPartOf\":{\"@id\":\"https:\\\/\\\/www.joseph-wresinski.org\\\/fr\\\/notre-combat-politique-detruire-la-misere\\\/\"},\"author\":{\"name\":\"Jean Tonglet\",\"@id\":\"https:\\\/\\\/www.joseph-wresinski.org\\\/fr\\\/#\\\/schema\\\/person\\\/93469e0206778753beddb73f4e07c8e0\"},\"headline\":\"Notre combat politique\u00a0: d\u00e9truire la mis\u00e8re\u00a0!\",\"datePublished\":\"2024-04-26T13:00:14+00:00\",\"mainEntityOfPage\":{\"@id\":\"https:\\\/\\\/www.joseph-wresinski.org\\\/fr\\\/notre-combat-politique-detruire-la-misere\\\/\"},\"wordCount\":218,\"commentCount\":0,\"image\":{\"@id\":\"https:\\\/\\\/www.joseph-wresinski.org\\\/fr\\\/notre-combat-politique-detruire-la-misere\\\/#primaryimage\"},\"thumbnailUrl\":\"https:\\\/\\\/www.joseph-wresinski.org\\\/fr\\\/wp-content\\\/uploads\\\/sites\\\/2\\\/2024\\\/04\\\/Gabriel-Gostiaux-Les-elections-Fin-XIXeme-Musee-municipal-dAvranches.jpg\",\"articleSection\":[\"Actualit\u00e9s\",\"Ecrits\",\"Editoriaux et pr\u00e9faces\"],\"inLanguage\":\"fr-FR\",\"potentialAction\":[{\"@type\":\"CommentAction\",\"name\":\"Comment\",\"target\":[\"https:\\\/\\\/www.joseph-wresinski.org\\\/fr\\\/notre-combat-politique-detruire-la-misere\\\/#respond\"]}]},{\"@type\":\"WebPage\",\"@id\":\"https:\\\/\\\/www.joseph-wresinski.org\\\/fr\\\/notre-combat-politique-detruire-la-misere\\\/\",\"url\":\"https:\\\/\\\/www.joseph-wresinski.org\\\/fr\\\/notre-combat-politique-detruire-la-misere\\\/\",\"name\":\"Notre combat politique\u00a0: d\u00e9truire la mis\u00e8re\u00a0! - Joseph Wresinski FR\",\"isPartOf\":{\"@id\":\"https:\\\/\\\/www.joseph-wresinski.org\\\/fr\\\/#website\"},\"primaryImageOfPage\":{\"@id\":\"https:\\\/\\\/www.joseph-wresinski.org\\\/fr\\\/notre-combat-politique-detruire-la-misere\\\/#primaryimage\"},\"image\":{\"@id\":\"https:\\\/\\\/www.joseph-wresinski.org\\\/fr\\\/notre-combat-politique-detruire-la-misere\\\/#primaryimage\"},\"thumbnailUrl\":\"https:\\\/\\\/www.joseph-wresinski.org\\\/fr\\\/wp-content\\\/uploads\\\/sites\\\/2\\\/2024\\\/04\\\/Gabriel-Gostiaux-Les-elections-Fin-XIXeme-Musee-municipal-dAvranches.jpg\",\"datePublished\":\"2024-04-26T13:00:14+00:00\",\"author\":{\"@id\":\"https:\\\/\\\/www.joseph-wresinski.org\\\/fr\\\/#\\\/schema\\\/person\\\/93469e0206778753beddb73f4e07c8e0\"},\"breadcrumb\":{\"@id\":\"https:\\\/\\\/www.joseph-wresinski.org\\\/fr\\\/notre-combat-politique-detruire-la-misere\\\/#breadcrumb\"},\"inLanguage\":\"fr-FR\",\"potentialAction\":[{\"@type\":\"ReadAction\",\"target\":[\"https:\\\/\\\/www.joseph-wresinski.org\\\/fr\\\/notre-combat-politique-detruire-la-misere\\\/\"]}]},{\"@type\":\"ImageObject\",\"inLanguage\":\"fr-FR\",\"@id\":\"https:\\\/\\\/www.joseph-wresinski.org\\\/fr\\\/notre-combat-politique-detruire-la-misere\\\/#primaryimage\",\"url\":\"https:\\\/\\\/www.joseph-wresinski.org\\\/fr\\\/wp-content\\\/uploads\\\/sites\\\/2\\\/2024\\\/04\\\/Gabriel-Gostiaux-Les-elections-Fin-XIXeme-Musee-municipal-dAvranches.jpg\",\"contentUrl\":\"https:\\\/\\\/www.joseph-wresinski.org\\\/fr\\\/wp-content\\\/uploads\\\/sites\\\/2\\\/2024\\\/04\\\/Gabriel-Gostiaux-Les-elections-Fin-XIXeme-Musee-municipal-dAvranches.jpg\",\"width\":1600,\"height\":1200},{\"@type\":\"BreadcrumbList\",\"@id\":\"https:\\\/\\\/www.joseph-wresinski.org\\\/fr\\\/notre-combat-politique-detruire-la-misere\\\/#breadcrumb\",\"itemListElement\":[{\"@type\":\"ListItem\",\"position\":1,\"name\":\"Accueil\",\"item\":\"https:\\\/\\\/www.joseph-wresinski.org\\\/fr\\\/\"},{\"@type\":\"ListItem\",\"position\":2,\"name\":\"Notre combat politique\u00a0: d\u00e9truire la mis\u00e8re\u00a0!\"}]},{\"@type\":\"WebSite\",\"@id\":\"https:\\\/\\\/www.joseph-wresinski.org\\\/fr\\\/#website\",\"url\":\"https:\\\/\\\/www.joseph-wresinski.org\\\/fr\\\/\",\"name\":\"Joseph Wresinski FR\",\"description\":\"Un site propos\u00e9 par le centre Joseph Wresinski\",\"potentialAction\":[{\"@type\":\"SearchAction\",\"target\":{\"@type\":\"EntryPoint\",\"urlTemplate\":\"https:\\\/\\\/www.joseph-wresinski.org\\\/fr\\\/?s={search_term_string}\"},\"query-input\":{\"@type\":\"PropertyValueSpecification\",\"valueRequired\":true,\"valueName\":\"search_term_string\"}}],\"inLanguage\":\"fr-FR\"},{\"@type\":\"Person\",\"@id\":\"https:\\\/\\\/www.joseph-wresinski.org\\\/fr\\\/#\\\/schema\\\/person\\\/93469e0206778753beddb73f4e07c8e0\",\"name\":\"Jean Tonglet\",\"image\":{\"@type\":\"ImageObject\",\"inLanguage\":\"fr-FR\",\"@id\":\"https:\\\/\\\/secure.gravatar.com\\\/avatar\\\/599cfd98b536979bcebf2d6839f0c694333341f1caf7ba53413b62de5453de40?s=96&d=mm&r=g\",\"url\":\"https:\\\/\\\/secure.gravatar.com\\\/avatar\\\/599cfd98b536979bcebf2d6839f0c694333341f1caf7ba53413b62de5453de40?s=96&d=mm&r=g\",\"contentUrl\":\"https:\\\/\\\/secure.gravatar.com\\\/avatar\\\/599cfd98b536979bcebf2d6839f0c694333341f1caf7ba53413b62de5453de40?s=96&d=mm&r=g\",\"caption\":\"Jean Tonglet\"},\"url\":\"https:\\\/\\\/www.joseph-wresinski.org\\\/fr\\\/author\\\/jean\\\/\"}]}<\/script>\n<!-- \/ Yoast SEO plugin. -->","yoast_head_json":{"title":"Notre combat politique\u00a0: d\u00e9truire la mis\u00e8re\u00a0! - Joseph Wresinski FR","robots":{"index":"index","follow":"follow","max-snippet":"max-snippet:-1","max-image-preview":"max-image-preview:large","max-video-preview":"max-video-preview:-1"},"canonical":"https:\/\/www.joseph-wresinski.org\/fr\/notre-combat-politique-detruire-la-misere\/","og_locale":"fr_FR","og_type":"article","og_title":"Notre combat politique\u00a0: d\u00e9truire la mis\u00e8re\u00a0! - Joseph Wresinski FR","og_description":"Notre combat politique, au-del\u00e0 de nos id\u00e9ologies et de nos appartenances de classes, concerne la destruction de la condition sous-prol\u00e9tarienne. (...) Lire la suite &rarr;","og_url":"https:\/\/www.joseph-wresinski.org\/fr\/notre-combat-politique-detruire-la-misere\/","og_site_name":"Joseph Wresinski FR","article_published_time":"2024-04-26T13:00:14+00:00","og_image":[{"width":1600,"height":1200,"url":"https:\/\/www.joseph-wresinski.org\/fr\/wp-content\/uploads\/sites\/2\/2024\/04\/Gabriel-Gostiaux-Les-elections-Fin-XIXeme-Musee-municipal-dAvranches.jpg","type":"image\/jpeg"}],"author":"Jean Tonglet","twitter_card":"summary_large_image","twitter_misc":{"\u00c9crit par":"Jean Tonglet","Dur\u00e9e de lecture estim\u00e9e":"2 minutes"},"schema":{"@context":"https:\/\/schema.org","@graph":[{"@type":"Article","@id":"https:\/\/www.joseph-wresinski.org\/fr\/notre-combat-politique-detruire-la-misere\/#article","isPartOf":{"@id":"https:\/\/www.joseph-wresinski.org\/fr\/notre-combat-politique-detruire-la-misere\/"},"author":{"name":"Jean Tonglet","@id":"https:\/\/www.joseph-wresinski.org\/fr\/#\/schema\/person\/93469e0206778753beddb73f4e07c8e0"},"headline":"Notre combat politique\u00a0: d\u00e9truire la mis\u00e8re\u00a0!","datePublished":"2024-04-26T13:00:14+00:00","mainEntityOfPage":{"@id":"https:\/\/www.joseph-wresinski.org\/fr\/notre-combat-politique-detruire-la-misere\/"},"wordCount":218,"commentCount":0,"image":{"@id":"https:\/\/www.joseph-wresinski.org\/fr\/notre-combat-politique-detruire-la-misere\/#primaryimage"},"thumbnailUrl":"https:\/\/www.joseph-wresinski.org\/fr\/wp-content\/uploads\/sites\/2\/2024\/04\/Gabriel-Gostiaux-Les-elections-Fin-XIXeme-Musee-municipal-dAvranches.jpg","articleSection":["Actualit\u00e9s","Ecrits","Editoriaux et pr\u00e9faces"],"inLanguage":"fr-FR","potentialAction":[{"@type":"CommentAction","name":"Comment","target":["https:\/\/www.joseph-wresinski.org\/fr\/notre-combat-politique-detruire-la-misere\/#respond"]}]},{"@type":"WebPage","@id":"https:\/\/www.joseph-wresinski.org\/fr\/notre-combat-politique-detruire-la-misere\/","url":"https:\/\/www.joseph-wresinski.org\/fr\/notre-combat-politique-detruire-la-misere\/","name":"Notre combat politique\u00a0: d\u00e9truire la mis\u00e8re\u00a0! - Joseph Wresinski FR","isPartOf":{"@id":"https:\/\/www.joseph-wresinski.org\/fr\/#website"},"primaryImageOfPage":{"@id":"https:\/\/www.joseph-wresinski.org\/fr\/notre-combat-politique-detruire-la-misere\/#primaryimage"},"image":{"@id":"https:\/\/www.joseph-wresinski.org\/fr\/notre-combat-politique-detruire-la-misere\/#primaryimage"},"thumbnailUrl":"https:\/\/www.joseph-wresinski.org\/fr\/wp-content\/uploads\/sites\/2\/2024\/04\/Gabriel-Gostiaux-Les-elections-Fin-XIXeme-Musee-municipal-dAvranches.jpg","datePublished":"2024-04-26T13:00:14+00:00","author":{"@id":"https:\/\/www.joseph-wresinski.org\/fr\/#\/schema\/person\/93469e0206778753beddb73f4e07c8e0"},"breadcrumb":{"@id":"https:\/\/www.joseph-wresinski.org\/fr\/notre-combat-politique-detruire-la-misere\/#breadcrumb"},"inLanguage":"fr-FR","potentialAction":[{"@type":"ReadAction","target":["https:\/\/www.joseph-wresinski.org\/fr\/notre-combat-politique-detruire-la-misere\/"]}]},{"@type":"ImageObject","inLanguage":"fr-FR","@id":"https:\/\/www.joseph-wresinski.org\/fr\/notre-combat-politique-detruire-la-misere\/#primaryimage","url":"https:\/\/www.joseph-wresinski.org\/fr\/wp-content\/uploads\/sites\/2\/2024\/04\/Gabriel-Gostiaux-Les-elections-Fin-XIXeme-Musee-municipal-dAvranches.jpg","contentUrl":"https:\/\/www.joseph-wresinski.org\/fr\/wp-content\/uploads\/sites\/2\/2024\/04\/Gabriel-Gostiaux-Les-elections-Fin-XIXeme-Musee-municipal-dAvranches.jpg","width":1600,"height":1200},{"@type":"BreadcrumbList","@id":"https:\/\/www.joseph-wresinski.org\/fr\/notre-combat-politique-detruire-la-misere\/#breadcrumb","itemListElement":[{"@type":"ListItem","position":1,"name":"Accueil","item":"https:\/\/www.joseph-wresinski.org\/fr\/"},{"@type":"ListItem","position":2,"name":"Notre combat politique\u00a0: d\u00e9truire la mis\u00e8re\u00a0!"}]},{"@type":"WebSite","@id":"https:\/\/www.joseph-wresinski.org\/fr\/#website","url":"https:\/\/www.joseph-wresinski.org\/fr\/","name":"Joseph Wresinski FR","description":"Un site propos\u00e9 par le centre Joseph Wresinski","potentialAction":[{"@type":"SearchAction","target":{"@type":"EntryPoint","urlTemplate":"https:\/\/www.joseph-wresinski.org\/fr\/?s={search_term_string}"},"query-input":{"@type":"PropertyValueSpecification","valueRequired":true,"valueName":"search_term_string"}}],"inLanguage":"fr-FR"},{"@type":"Person","@id":"https:\/\/www.joseph-wresinski.org\/fr\/#\/schema\/person\/93469e0206778753beddb73f4e07c8e0","name":"Jean Tonglet","image":{"@type":"ImageObject","inLanguage":"fr-FR","@id":"https:\/\/secure.gravatar.com\/avatar\/599cfd98b536979bcebf2d6839f0c694333341f1caf7ba53413b62de5453de40?s=96&d=mm&r=g","url":"https:\/\/secure.gravatar.com\/avatar\/599cfd98b536979bcebf2d6839f0c694333341f1caf7ba53413b62de5453de40?s=96&d=mm&r=g","contentUrl":"https:\/\/secure.gravatar.com\/avatar\/599cfd98b536979bcebf2d6839f0c694333341f1caf7ba53413b62de5453de40?s=96&d=mm&r=g","caption":"Jean Tonglet"},"url":"https:\/\/www.joseph-wresinski.org\/fr\/author\/jean\/"}]}},"_links":{"self":[{"href":"https:\/\/www.joseph-wresinski.org\/fr\/wp-json\/wp\/v2\/posts\/4490","targetHints":{"allow":["GET"]}}],"collection":[{"href":"https:\/\/www.joseph-wresinski.org\/fr\/wp-json\/wp\/v2\/posts"}],"about":[{"href":"https:\/\/www.joseph-wresinski.org\/fr\/wp-json\/wp\/v2\/types\/post"}],"author":[{"embeddable":true,"href":"https:\/\/www.joseph-wresinski.org\/fr\/wp-json\/wp\/v2\/users\/4"}],"replies":[{"embeddable":true,"href":"https:\/\/www.joseph-wresinski.org\/fr\/wp-json\/wp\/v2\/comments?post=4490"}],"version-history":[{"count":1,"href":"https:\/\/www.joseph-wresinski.org\/fr\/wp-json\/wp\/v2\/posts\/4490\/revisions"}],"predecessor-version":[{"id":4492,"href":"https:\/\/www.joseph-wresinski.org\/fr\/wp-json\/wp\/v2\/posts\/4490\/revisions\/4492"}],"wp:featuredmedia":[{"embeddable":true,"href":"https:\/\/www.joseph-wresinski.org\/fr\/wp-json\/wp\/v2\/media\/4491"}],"wp:attachment":[{"href":"https:\/\/www.joseph-wresinski.org\/fr\/wp-json\/wp\/v2\/media?parent=4490"}],"wp:term":[{"taxonomy":"category","embeddable":true,"href":"https:\/\/www.joseph-wresinski.org\/fr\/wp-json\/wp\/v2\/categories?post=4490"},{"taxonomy":"post_tag","embeddable":true,"href":"https:\/\/www.joseph-wresinski.org\/fr\/wp-json\/wp\/v2\/tags?post=4490"}],"curies":[{"name":"wp","href":"https:\/\/api.w.org\/{rel}","templated":true}]}}