{"id":4564,"date":"2024-09-28T00:00:42","date_gmt":"2024-09-27T22:00:42","guid":{"rendered":"https:\/\/www.joseph-wresinski.org\/fr\/?p=4564"},"modified":"2024-09-27T14:19:44","modified_gmt":"2024-09-27T12:19:44","slug":"le-mouvement-sest-fonde-sur-un-acte-de-foi","status":"publish","type":"post","link":"https:\/\/www.joseph-wresinski.org\/fr\/le-mouvement-sest-fonde-sur-un-acte-de-foi\/","title":{"rendered":"Le Mouvement s\u2019est fond\u00e9 sur un acte de foi."},"content":{"rendered":"<p>Le Mouvement s\u2019est cr\u00e9\u00e9 sur un acte de foi. Ses cr\u00e9ateurs croient que\u00a0;<\/p>\n<p>-l\u2019homme trouve en soi l\u2019essence de sa valeur, donc de sa dignit\u00e9 et de son honneur\u00a0; quel que soit son mode de vie, de pens\u00e9s, ses limites et ses fautes, l\u2019homme demeure valable et intact. Il est l\u2019unique importance \u00e0 laquelle tout est d\u00fb. L\u2019exp\u00e9rience leur a donn\u00e9 la conviction que l\u2019homme, m\u00eame si parfois les apparences sont contraires, ne renonce jamais \u00e0 ce qui le fait authentiquement homme et qu\u2019il aspire, au plus profond de lui, \u00e0 la justice, \u00e0 la v\u00e9rit\u00e9, \u00e0 l\u2019amour\u00a0; enfin, ils croient que l\u2019homme, si mal trait\u00e9, si mal aim\u00e9 soit-il, ne renonce jamais \u00e0 faire partie de la communaut\u00e9 humaine, ni \u00e0 \u00eatre reconnu par celle-ci. (\u2026)<\/p>\n<p>Or si tout homme porte en soi sa valeur inali\u00e9nable, il a besoin de son groupe pour s\u2019accomplir. Son avenir autant que son pr\u00e9sent l\u2019obligent \u00e0 trouver dans sa communaut\u00e9 les pouvoirs et les opportunit\u00e9s qui lui permettent d\u2019aller jusqu\u2019au bout de lui-m\u00eame.<\/p>\n<p>On comprend alors pourquoi le Mouvement ne peut concevoir le pauvre comme un \u00eatre isol\u00e9, condamn\u00e9 \u00e0 poursuivre sa mont\u00e9e en solitaire. Sa politique sera de le faire toujours et en tous les cas, reconna\u00eetre par sa communaut\u00e9. Celle-ci doit d\u2019autre part attendre de lui qu\u2019il se reconnaisse solidaire de chacun de ses membres et qu\u2019il participe \u00e0 ses desseins et \u00e0 son d\u00e9veloppement.<\/p>\n<p>Car ce n\u2019est qu\u2019en devenant artisan de la promotion de sa communaut\u00e9 que celle-ci l\u2019entra\u00eenera dans son ascension sociale, politique, syndicale et religieuse. C\u2019est \u00e0 travers elle qu\u2019il acquerra les pouvoirs qui lui permettront d\u2019atteindre son plein \u00e9panouissement humain.<\/p>\n","protected":false},"excerpt":{"rendered":"<p>Le Mouvement s\u2019est cr\u00e9\u00e9 sur un acte de foi. Ses cr\u00e9ateurs croient que\u00a0; -l\u2019homme trouve en soi l\u2019essence de sa (&#8230;) <a class=\"more-link\" href=\"https:\/\/www.joseph-wresinski.org\/fr\/le-mouvement-sest-fonde-sur-un-acte-de-foi\/\">Lire la suite <span class=\"meta-nav\">&rarr;<\/span><\/a><\/p>\n","protected":false},"author":4,"featured_media":4563,"comment_status":"open","ping_status":"closed","sticky":false,"template":"","format":"standard","meta":{"_acf_changed":false,"ep_exclude_from_search":false,"footnotes":""},"categories":[12,49,65],"tags":[],"class_list":["post-4564","post","type-post","status-publish","format-standard","has-post-thumbnail","hentry","category-actualites","category-ecrits","category-editoriaux-et-prefaces"],"acf":[],"yoast_head":"<!-- This site is optimized with the Yoast SEO plugin v27.5 - https:\/\/yoast.com\/product\/yoast-seo-wordpress\/ -->\n<title>Le Mouvement s\u2019est fond\u00e9 sur un acte de foi. - Joseph Wresinski FR<\/title>\n<meta name=\"robots\" content=\"index, follow, max-snippet:-1, max-image-preview:large, max-video-preview:-1\" \/>\n<link rel=\"canonical\" href=\"https:\/\/www.joseph-wresinski.org\/fr\/le-mouvement-sest-fonde-sur-un-acte-de-foi\/\" \/>\n<meta property=\"og:locale\" content=\"fr_FR\" \/>\n<meta property=\"og:type\" content=\"article\" \/>\n<meta property=\"og:title\" content=\"Le Mouvement s\u2019est fond\u00e9 sur un acte de foi. - Joseph Wresinski FR\" \/>\n<meta property=\"og:description\" content=\"Le Mouvement s\u2019est cr\u00e9\u00e9 sur un acte de foi. Ses cr\u00e9ateurs croient que\u00a0; -l\u2019homme trouve en soi l\u2019essence de sa (...) Lire la suite &rarr;\" \/>\n<meta property=\"og:url\" content=\"https:\/\/www.joseph-wresinski.org\/fr\/le-mouvement-sest-fonde-sur-un-acte-de-foi\/\" \/>\n<meta property=\"og:site_name\" content=\"Joseph Wresinski FR\" \/>\n<meta property=\"article:published_time\" content=\"2024-09-27T22:00:42+00:00\" \/>\n<meta property=\"og:image\" content=\"https:\/\/www.joseph-wresinski.org\/fr\/wp-content\/uploads\/sites\/2\/2024\/09\/W_NOISY_1971_6801331.jpg\" \/>\n\t<meta property=\"og:image:width\" content=\"1407\" \/>\n\t<meta property=\"og:image:height\" content=\"1160\" \/>\n\t<meta property=\"og:image:type\" content=\"image\/jpeg\" \/>\n<meta name=\"author\" content=\"Jean Tonglet\" \/>\n<meta name=\"twitter:card\" content=\"summary_large_image\" \/>\n<meta name=\"twitter:label1\" content=\"\u00c9crit par\" \/>\n\t<meta name=\"twitter:data1\" content=\"Jean Tonglet\" \/>\n\t<meta name=\"twitter:label2\" content=\"Dur\u00e9e de lecture estim\u00e9e\" \/>\n\t<meta name=\"twitter:data2\" content=\"2 minutes\" \/>\n<script type=\"application\/ld+json\" class=\"yoast-schema-graph\">{\"@context\":\"https:\\\/\\\/schema.org\",\"@graph\":[{\"@type\":\"Article\",\"@id\":\"https:\\\/\\\/www.joseph-wresinski.org\\\/fr\\\/le-mouvement-sest-fonde-sur-un-acte-de-foi\\\/#article\",\"isPartOf\":{\"@id\":\"https:\\\/\\\/www.joseph-wresinski.org\\\/fr\\\/le-mouvement-sest-fonde-sur-un-acte-de-foi\\\/\"},\"author\":{\"name\":\"Jean Tonglet\",\"@id\":\"https:\\\/\\\/www.joseph-wresinski.org\\\/fr\\\/#\\\/schema\\\/person\\\/93469e0206778753beddb73f4e07c8e0\"},\"headline\":\"Le Mouvement s\u2019est fond\u00e9 sur un acte de foi.\",\"datePublished\":\"2024-09-27T22:00:42+00:00\",\"mainEntityOfPage\":{\"@id\":\"https:\\\/\\\/www.joseph-wresinski.org\\\/fr\\\/le-mouvement-sest-fonde-sur-un-acte-de-foi\\\/\"},\"wordCount\":306,\"commentCount\":0,\"image\":{\"@id\":\"https:\\\/\\\/www.joseph-wresinski.org\\\/fr\\\/le-mouvement-sest-fonde-sur-un-acte-de-foi\\\/#primaryimage\"},\"thumbnailUrl\":\"https:\\\/\\\/www.joseph-wresinski.org\\\/fr\\\/wp-content\\\/uploads\\\/sites\\\/2\\\/2024\\\/09\\\/W_NOISY_1971_6801331.jpg\",\"articleSection\":[\"Actualit\u00e9s\",\"Ecrits\",\"Editoriaux et pr\u00e9faces\"],\"inLanguage\":\"fr-FR\",\"potentialAction\":[{\"@type\":\"CommentAction\",\"name\":\"Comment\",\"target\":[\"https:\\\/\\\/www.joseph-wresinski.org\\\/fr\\\/le-mouvement-sest-fonde-sur-un-acte-de-foi\\\/#respond\"]}]},{\"@type\":\"WebPage\",\"@id\":\"https:\\\/\\\/www.joseph-wresinski.org\\\/fr\\\/le-mouvement-sest-fonde-sur-un-acte-de-foi\\\/\",\"url\":\"https:\\\/\\\/www.joseph-wresinski.org\\\/fr\\\/le-mouvement-sest-fonde-sur-un-acte-de-foi\\\/\",\"name\":\"Le Mouvement s\u2019est fond\u00e9 sur un acte de foi. - Joseph Wresinski FR\",\"isPartOf\":{\"@id\":\"https:\\\/\\\/www.joseph-wresinski.org\\\/fr\\\/#website\"},\"primaryImageOfPage\":{\"@id\":\"https:\\\/\\\/www.joseph-wresinski.org\\\/fr\\\/le-mouvement-sest-fonde-sur-un-acte-de-foi\\\/#primaryimage\"},\"image\":{\"@id\":\"https:\\\/\\\/www.joseph-wresinski.org\\\/fr\\\/le-mouvement-sest-fonde-sur-un-acte-de-foi\\\/#primaryimage\"},\"thumbnailUrl\":\"https:\\\/\\\/www.joseph-wresinski.org\\\/fr\\\/wp-content\\\/uploads\\\/sites\\\/2\\\/2024\\\/09\\\/W_NOISY_1971_6801331.jpg\",\"datePublished\":\"2024-09-27T22:00:42+00:00\",\"author\":{\"@id\":\"https:\\\/\\\/www.joseph-wresinski.org\\\/fr\\\/#\\\/schema\\\/person\\\/93469e0206778753beddb73f4e07c8e0\"},\"breadcrumb\":{\"@id\":\"https:\\\/\\\/www.joseph-wresinski.org\\\/fr\\\/le-mouvement-sest-fonde-sur-un-acte-de-foi\\\/#breadcrumb\"},\"inLanguage\":\"fr-FR\",\"potentialAction\":[{\"@type\":\"ReadAction\",\"target\":[\"https:\\\/\\\/www.joseph-wresinski.org\\\/fr\\\/le-mouvement-sest-fonde-sur-un-acte-de-foi\\\/\"]}]},{\"@type\":\"ImageObject\",\"inLanguage\":\"fr-FR\",\"@id\":\"https:\\\/\\\/www.joseph-wresinski.org\\\/fr\\\/le-mouvement-sest-fonde-sur-un-acte-de-foi\\\/#primaryimage\",\"url\":\"https:\\\/\\\/www.joseph-wresinski.org\\\/fr\\\/wp-content\\\/uploads\\\/sites\\\/2\\\/2024\\\/09\\\/W_NOISY_1971_6801331.jpg\",\"contentUrl\":\"https:\\\/\\\/www.joseph-wresinski.org\\\/fr\\\/wp-content\\\/uploads\\\/sites\\\/2\\\/2024\\\/09\\\/W_NOISY_1971_6801331.jpg\",\"width\":1407,\"height\":1160},{\"@type\":\"BreadcrumbList\",\"@id\":\"https:\\\/\\\/www.joseph-wresinski.org\\\/fr\\\/le-mouvement-sest-fonde-sur-un-acte-de-foi\\\/#breadcrumb\",\"itemListElement\":[{\"@type\":\"ListItem\",\"position\":1,\"name\":\"Accueil\",\"item\":\"https:\\\/\\\/www.joseph-wresinski.org\\\/fr\\\/\"},{\"@type\":\"ListItem\",\"position\":2,\"name\":\"Le Mouvement s\u2019est fond\u00e9 sur un acte de foi.\"}]},{\"@type\":\"WebSite\",\"@id\":\"https:\\\/\\\/www.joseph-wresinski.org\\\/fr\\\/#website\",\"url\":\"https:\\\/\\\/www.joseph-wresinski.org\\\/fr\\\/\",\"name\":\"Joseph Wresinski FR\",\"description\":\"Un site propos\u00e9 par le centre Joseph Wresinski\",\"potentialAction\":[{\"@type\":\"SearchAction\",\"target\":{\"@type\":\"EntryPoint\",\"urlTemplate\":\"https:\\\/\\\/www.joseph-wresinski.org\\\/fr\\\/?s={search_term_string}\"},\"query-input\":{\"@type\":\"PropertyValueSpecification\",\"valueRequired\":true,\"valueName\":\"search_term_string\"}}],\"inLanguage\":\"fr-FR\"},{\"@type\":\"Person\",\"@id\":\"https:\\\/\\\/www.joseph-wresinski.org\\\/fr\\\/#\\\/schema\\\/person\\\/93469e0206778753beddb73f4e07c8e0\",\"name\":\"Jean Tonglet\",\"image\":{\"@type\":\"ImageObject\",\"inLanguage\":\"fr-FR\",\"@id\":\"https:\\\/\\\/secure.gravatar.com\\\/avatar\\\/599cfd98b536979bcebf2d6839f0c694333341f1caf7ba53413b62de5453de40?s=96&d=mm&r=g\",\"url\":\"https:\\\/\\\/secure.gravatar.com\\\/avatar\\\/599cfd98b536979bcebf2d6839f0c694333341f1caf7ba53413b62de5453de40?s=96&d=mm&r=g\",\"contentUrl\":\"https:\\\/\\\/secure.gravatar.com\\\/avatar\\\/599cfd98b536979bcebf2d6839f0c694333341f1caf7ba53413b62de5453de40?s=96&d=mm&r=g\",\"caption\":\"Jean Tonglet\"},\"url\":\"https:\\\/\\\/www.joseph-wresinski.org\\\/fr\\\/author\\\/jean\\\/\"}]}<\/script>\n<!-- \/ Yoast SEO plugin. -->","yoast_head_json":{"title":"Le Mouvement s\u2019est fond\u00e9 sur un acte de foi. - Joseph Wresinski FR","robots":{"index":"index","follow":"follow","max-snippet":"max-snippet:-1","max-image-preview":"max-image-preview:large","max-video-preview":"max-video-preview:-1"},"canonical":"https:\/\/www.joseph-wresinski.org\/fr\/le-mouvement-sest-fonde-sur-un-acte-de-foi\/","og_locale":"fr_FR","og_type":"article","og_title":"Le Mouvement s\u2019est fond\u00e9 sur un acte de foi. - Joseph Wresinski FR","og_description":"Le Mouvement s\u2019est cr\u00e9\u00e9 sur un acte de foi. Ses cr\u00e9ateurs croient que\u00a0; -l\u2019homme trouve en soi l\u2019essence de sa (...) Lire la suite &rarr;","og_url":"https:\/\/www.joseph-wresinski.org\/fr\/le-mouvement-sest-fonde-sur-un-acte-de-foi\/","og_site_name":"Joseph Wresinski FR","article_published_time":"2024-09-27T22:00:42+00:00","og_image":[{"width":1407,"height":1160,"url":"https:\/\/www.joseph-wresinski.org\/fr\/wp-content\/uploads\/sites\/2\/2024\/09\/W_NOISY_1971_6801331.jpg","type":"image\/jpeg"}],"author":"Jean Tonglet","twitter_card":"summary_large_image","twitter_misc":{"\u00c9crit par":"Jean Tonglet","Dur\u00e9e de lecture estim\u00e9e":"2 minutes"},"schema":{"@context":"https:\/\/schema.org","@graph":[{"@type":"Article","@id":"https:\/\/www.joseph-wresinski.org\/fr\/le-mouvement-sest-fonde-sur-un-acte-de-foi\/#article","isPartOf":{"@id":"https:\/\/www.joseph-wresinski.org\/fr\/le-mouvement-sest-fonde-sur-un-acte-de-foi\/"},"author":{"name":"Jean Tonglet","@id":"https:\/\/www.joseph-wresinski.org\/fr\/#\/schema\/person\/93469e0206778753beddb73f4e07c8e0"},"headline":"Le Mouvement s\u2019est fond\u00e9 sur un acte de foi.","datePublished":"2024-09-27T22:00:42+00:00","mainEntityOfPage":{"@id":"https:\/\/www.joseph-wresinski.org\/fr\/le-mouvement-sest-fonde-sur-un-acte-de-foi\/"},"wordCount":306,"commentCount":0,"image":{"@id":"https:\/\/www.joseph-wresinski.org\/fr\/le-mouvement-sest-fonde-sur-un-acte-de-foi\/#primaryimage"},"thumbnailUrl":"https:\/\/www.joseph-wresinski.org\/fr\/wp-content\/uploads\/sites\/2\/2024\/09\/W_NOISY_1971_6801331.jpg","articleSection":["Actualit\u00e9s","Ecrits","Editoriaux et pr\u00e9faces"],"inLanguage":"fr-FR","potentialAction":[{"@type":"CommentAction","name":"Comment","target":["https:\/\/www.joseph-wresinski.org\/fr\/le-mouvement-sest-fonde-sur-un-acte-de-foi\/#respond"]}]},{"@type":"WebPage","@id":"https:\/\/www.joseph-wresinski.org\/fr\/le-mouvement-sest-fonde-sur-un-acte-de-foi\/","url":"https:\/\/www.joseph-wresinski.org\/fr\/le-mouvement-sest-fonde-sur-un-acte-de-foi\/","name":"Le Mouvement s\u2019est fond\u00e9 sur un acte de foi. - Joseph Wresinski FR","isPartOf":{"@id":"https:\/\/www.joseph-wresinski.org\/fr\/#website"},"primaryImageOfPage":{"@id":"https:\/\/www.joseph-wresinski.org\/fr\/le-mouvement-sest-fonde-sur-un-acte-de-foi\/#primaryimage"},"image":{"@id":"https:\/\/www.joseph-wresinski.org\/fr\/le-mouvement-sest-fonde-sur-un-acte-de-foi\/#primaryimage"},"thumbnailUrl":"https:\/\/www.joseph-wresinski.org\/fr\/wp-content\/uploads\/sites\/2\/2024\/09\/W_NOISY_1971_6801331.jpg","datePublished":"2024-09-27T22:00:42+00:00","author":{"@id":"https:\/\/www.joseph-wresinski.org\/fr\/#\/schema\/person\/93469e0206778753beddb73f4e07c8e0"},"breadcrumb":{"@id":"https:\/\/www.joseph-wresinski.org\/fr\/le-mouvement-sest-fonde-sur-un-acte-de-foi\/#breadcrumb"},"inLanguage":"fr-FR","potentialAction":[{"@type":"ReadAction","target":["https:\/\/www.joseph-wresinski.org\/fr\/le-mouvement-sest-fonde-sur-un-acte-de-foi\/"]}]},{"@type":"ImageObject","inLanguage":"fr-FR","@id":"https:\/\/www.joseph-wresinski.org\/fr\/le-mouvement-sest-fonde-sur-un-acte-de-foi\/#primaryimage","url":"https:\/\/www.joseph-wresinski.org\/fr\/wp-content\/uploads\/sites\/2\/2024\/09\/W_NOISY_1971_6801331.jpg","contentUrl":"https:\/\/www.joseph-wresinski.org\/fr\/wp-content\/uploads\/sites\/2\/2024\/09\/W_NOISY_1971_6801331.jpg","width":1407,"height":1160},{"@type":"BreadcrumbList","@id":"https:\/\/www.joseph-wresinski.org\/fr\/le-mouvement-sest-fonde-sur-un-acte-de-foi\/#breadcrumb","itemListElement":[{"@type":"ListItem","position":1,"name":"Accueil","item":"https:\/\/www.joseph-wresinski.org\/fr\/"},{"@type":"ListItem","position":2,"name":"Le Mouvement s\u2019est fond\u00e9 sur un acte de foi."}]},{"@type":"WebSite","@id":"https:\/\/www.joseph-wresinski.org\/fr\/#website","url":"https:\/\/www.joseph-wresinski.org\/fr\/","name":"Joseph Wresinski FR","description":"Un site propos\u00e9 par le centre Joseph Wresinski","potentialAction":[{"@type":"SearchAction","target":{"@type":"EntryPoint","urlTemplate":"https:\/\/www.joseph-wresinski.org\/fr\/?s={search_term_string}"},"query-input":{"@type":"PropertyValueSpecification","valueRequired":true,"valueName":"search_term_string"}}],"inLanguage":"fr-FR"},{"@type":"Person","@id":"https:\/\/www.joseph-wresinski.org\/fr\/#\/schema\/person\/93469e0206778753beddb73f4e07c8e0","name":"Jean Tonglet","image":{"@type":"ImageObject","inLanguage":"fr-FR","@id":"https:\/\/secure.gravatar.com\/avatar\/599cfd98b536979bcebf2d6839f0c694333341f1caf7ba53413b62de5453de40?s=96&d=mm&r=g","url":"https:\/\/secure.gravatar.com\/avatar\/599cfd98b536979bcebf2d6839f0c694333341f1caf7ba53413b62de5453de40?s=96&d=mm&r=g","contentUrl":"https:\/\/secure.gravatar.com\/avatar\/599cfd98b536979bcebf2d6839f0c694333341f1caf7ba53413b62de5453de40?s=96&d=mm&r=g","caption":"Jean Tonglet"},"url":"https:\/\/www.joseph-wresinski.org\/fr\/author\/jean\/"}]}},"_links":{"self":[{"href":"https:\/\/www.joseph-wresinski.org\/fr\/wp-json\/wp\/v2\/posts\/4564","targetHints":{"allow":["GET"]}}],"collection":[{"href":"https:\/\/www.joseph-wresinski.org\/fr\/wp-json\/wp\/v2\/posts"}],"about":[{"href":"https:\/\/www.joseph-wresinski.org\/fr\/wp-json\/wp\/v2\/types\/post"}],"author":[{"embeddable":true,"href":"https:\/\/www.joseph-wresinski.org\/fr\/wp-json\/wp\/v2\/users\/4"}],"replies":[{"embeddable":true,"href":"https:\/\/www.joseph-wresinski.org\/fr\/wp-json\/wp\/v2\/comments?post=4564"}],"version-history":[{"count":1,"href":"https:\/\/www.joseph-wresinski.org\/fr\/wp-json\/wp\/v2\/posts\/4564\/revisions"}],"predecessor-version":[{"id":4565,"href":"https:\/\/www.joseph-wresinski.org\/fr\/wp-json\/wp\/v2\/posts\/4564\/revisions\/4565"}],"wp:featuredmedia":[{"embeddable":true,"href":"https:\/\/www.joseph-wresinski.org\/fr\/wp-json\/wp\/v2\/media\/4563"}],"wp:attachment":[{"href":"https:\/\/www.joseph-wresinski.org\/fr\/wp-json\/wp\/v2\/media?parent=4564"}],"wp:term":[{"taxonomy":"category","embeddable":true,"href":"https:\/\/www.joseph-wresinski.org\/fr\/wp-json\/wp\/v2\/categories?post=4564"},{"taxonomy":"post_tag","embeddable":true,"href":"https:\/\/www.joseph-wresinski.org\/fr\/wp-json\/wp\/v2\/tags?post=4564"}],"curies":[{"name":"wp","href":"https:\/\/api.w.org\/{rel}","templated":true}]}}