{"id":4577,"date":"2024-11-20T00:00:38","date_gmt":"2024-11-19T23:00:38","guid":{"rendered":"https:\/\/www.joseph-wresinski.org\/fr\/?p=4577"},"modified":"2024-11-21T11:35:34","modified_gmt":"2024-11-21T10:35:34","slug":"que-vivent-les-enfants-dont-les-familles-sont-enfermees-dans-la-misere","status":"publish","type":"post","link":"https:\/\/www.joseph-wresinski.org\/fr\/que-vivent-les-enfants-dont-les-familles-sont-enfermees-dans-la-misere\/","title":{"rendered":"Que vivent les enfants dont les familles sont enferm\u00e9es dans la mis\u00e8re\u00a0?"},"content":{"rendered":"<p>(\u2026) Que deviennent les enfants dans ce milieu exclu, comment ressentent-ils leur \u00e9tat de mis\u00e8re ? Peter Townsend, grand sp\u00e9cialiste anglais de la pauvret\u00e9, dans un livre r\u00e9cent, accusait le monde d&rsquo;avoir \u00ab\u00a0d\u00e9clar\u00e9 la guerre aux enfants\u00a0\u00bb. L&rsquo;expression est provocante. Cette accusation concerne-t-elle aussi la France, la Belgique aujourd&rsquo;hui ? S&rsquo;il est \u00e9vident que nous n&rsquo;avons pas d\u00e9clar\u00e9 la guerre aux enfants, nous allons voir que certains d&rsquo;entre eux nous posent malgr\u00e9 tout la question de savoir ce que nous leur voulons.<\/p>\n<p><b>Le travail des enfants<\/b><\/p>\n<p>D&rsquo;abord, dans un monde qui refuse le travail aux adultes les plus d\u00e9favoris\u00e9s, voil\u00e0 que les enfants, eux, sont contraints de travailler pour contribuer \u00e0 la survie de la famille. Le travail des enfants dans les pays les plus riches du monde, est-ce croyable\u00a0? Henriette, l&rsquo;a\u00een\u00e9e de six enfants, est lev\u00e9e \u00e0 cinq heures du matin. \u00ab\u00a0Je me l\u00e8ve en m\u00eame temps que maman, dit-elle, parce qu&rsquo;il faut que je reste \u00e9veill\u00e9e pour envoyer tous les fr\u00e8res et soeurs \u00e0 l&rsquo;\u00e9cole.\u00a0\u00bb Roni, lui, r\u00e9colte le cuivre sur les d\u00e9charges, par tous les temps, pour aider son p\u00e8re en ch\u00f4mage. Jo\u00ebl erre sur les chantiers, toujours \u00e0 la recherche d&rsquo;un outil oubli\u00e9, de quelque mat\u00e9riel dont son p\u00e8re pourrait tirer profit. Un autre enfant fait les livraisons d&rsquo;un commer\u00e7ant, le soir, apr\u00e8s la classe. Il rentre tard, \u00e9puis\u00e9 d&rsquo;avoir pouss\u00e9 une bicyclette trop grande, trop lourde pour lui. Ses camarades, eux, le soir, glissent des prospectus dans les bo\u00eetes aux lettres. Afin de survivre, Lucien et son p\u00e8re, \u00e0 la saison, vont cueillir d\u00e8s trois heures du matin, \u00e0 des kilom\u00e8tres de chez eux, des jonquilles qu&rsquo;ils revendront sur le bord de la route. Dans une cit\u00e9 de la r\u00e9gion parisienne, des enfants et leur m\u00e8re font des travaux de sous-traitance \u00e0 la maison. Ils d\u00e9corent des objets en plastique avec une peinture toxique\u00a0: \u00ab\u00a0Quand on l&rsquo;a fait une heure, disent-ils, on a mal \u00e0 la t\u00eate.\u00a0\u00bb L&rsquo;un d&rsquo;eux, douze ans, nous confie\u00a0: \u00ab\u00a0D&rsquo;abord, moi, je suis oblig\u00e9 de faire \u00e7a pour manger, c&rsquo;est normal, parce qu&rsquo;autrement, je ne gagne pas ma vie, hein\u00a0?\u00a0\u00bb<\/p>\n<p>Tous ces enfants portent un poids de responsabilit\u00e9 et d&rsquo;angoisse qui les privent de leur enfance et de leur jeunesse.<\/p>\n<p><b>\u00ab\u00a0Ma maison, ce n&rsquo;est pas une maison.\u00a0\u00bb<\/b><\/p>\n<p>Ils sont aussi tr\u00e8s conscients de l&rsquo;habitat d\u00e9shumanisant qui est leur lot. Leur exp\u00e9rience, leurs r\u00eaves en disent long \u00e0 ce sujet. Ecoutons-les.<\/p>\n<p>\u00ab\u00a0Il faudrait qu&rsquo;il y ait un point d&rsquo;eau sur le terrain.\u00a0\u00bb \u00ab\u00a0Je voudrais habiter un quartier calme, propre, avec des grandes cuisines et pas d&rsquo;\u00e9critures sur les murs des escaliers.\u00a0\u00bb \u00ab\u00a0Ce serait bien si on habitait quelque part o\u00f9 maman pourrait chanter\u00a0! Tu sais, elle aime bien chanter, ma m\u00e8re\u00a0!\u00a0\u00bb \u00ab\u00a0Mon arri\u00e8re-grand-m\u00e8re, elle habitait dans un bidonville, ma grand-m\u00e8re, dans une caravane.\u00a0\u00bb \u00ab\u00a0Si on a des meubles \u00e0 payer et qu&rsquo;on peut pas payer, il y a un monsieur qui vient et puis il les enl\u00e8ve. Chez nous, il ne reste que des caisses.\u00a0\u00bb \u00ab\u00a0La maison que je voudrais habiter, elle serait bleue. Tu sais, des fois, les maisons, elles sont grises\u00a0\u00bb \u00ab\u00a0Ma maison, ce n&rsquo;est pas une maison, il n&rsquo;y a pas de porte\u00a0\u00bb&#8230;<\/p>\n<p><b>\u00ab\u00a0A l&rsquo;\u00e9cole, je ne savais pas apprendre.\u00a0\u00bb<\/b><\/p>\n<p>Les soucis, le rejet, l&rsquo;humiliation emp\u00eachent les enfants d&rsquo;apprendre \u00e0 l&rsquo;\u00e9cole\u00a0: ils font partie de ceux qui sont orient\u00e9s vers l&rsquo;enseignement sp\u00e9cial, de ceux qui atteignent \u00e0 peine et ne d\u00e9passent jamais l&rsquo;enseignement technique professionnel. Ils sont les laiss\u00e9s-pour-compte qui passent leur scolarit\u00e9 dans les fili\u00e8res marginales de l&rsquo;\u00e9ducation nationale. Tout comme la plupart de leurs parents, ils n&rsquo;arrivent m\u00eame pas \u00e0 une v\u00e9ritable ma\u00eetrise de l&rsquo;\u00e9criture et de la lecture.<\/p>\n<p>Le plus grave est sans doute que l&rsquo;\u00e9cole n&rsquo;aide pas l&rsquo;enfant du Quart Monde \u00e0 comprendre ce qu&rsquo;il est, ce qu&rsquo;il vit, ni par cons\u00e9quent \u00e0 le partager avec d&rsquo;autres. Le savoir qu&rsquo;on y dispense recouvre une autre r\u00e9alit\u00e9 de vie que la sienne. Il y est condamn\u00e9 \u00e0 la honte\u00a0: honte de son corps, de ses v\u00eatements, de son quartier, honte de sentir que ses parents sont m\u00e9pris\u00e9s, honte de la diff\u00e9rence \u00e9norme qui le s\u00e9pare des autres. \u00ab\u00a0Quand tu ne sais pas lire, tout le monde rigole&#8230;\u00a0\u00bb \u00ab\u00a0A l&rsquo;\u00e9cole, je ne savais pas apprendre, j&rsquo;avais trop dans la t\u00eate\u00a0; tout le temps je pensais \u00e0 la maison, \u00e0 ma m\u00e8re, \u00e0 mes fr\u00e8res, et si jamais on n&rsquo;a plus de maison\u00a0?\u00a0\u00bb Et Valentin de nous dire\u00a0: \u00ab\u00a0Je suis le derri\u00e8re des autres\u00a0; le ma\u00eetre il n&rsquo;y peut rien, il me voit pas\u00a0!\u00a0\u00bb<\/p>\n<p>Mais le pire sera la fa\u00e7on dont seront trait\u00e9s les siens\u00a0: \u00ab\u00a0Tu n&rsquo;y arriveras pas\u00a0; de toute fa\u00e7on, dans ta famille, vous \u00eates tous des bons \u00e0 rien\u00a0!\u00a0\u00bb A cet enfant, il ne reste qu&rsquo;\u00e0 se r\u00e9fugier dans l&rsquo;enfermement ou dans la violence, en souhaitant\u00a0: \u00ab\u00a0Vivement que je parte de l&rsquo;\u00e9cole pour travailler et donner de l&rsquo;argent \u00e0 ma m\u00e8re.\u00a0\u00bb<\/p>\n","protected":false},"excerpt":{"rendered":"<p>(\u2026) Que deviennent les enfants dans ce milieu exclu, comment ressentent-ils leur \u00e9tat de mis\u00e8re ? Peter Townsend, grand sp\u00e9cialiste (&#8230;) <a class=\"more-link\" href=\"https:\/\/www.joseph-wresinski.org\/fr\/que-vivent-les-enfants-dont-les-familles-sont-enfermees-dans-la-misere\/\">Lire la suite <span class=\"meta-nav\">&rarr;<\/span><\/a><\/p>\n","protected":false},"author":4,"featured_media":4580,"comment_status":"open","ping_status":"closed","sticky":false,"template":"","format":"standard","meta":{"_acf_changed":false,"ep_exclude_from_search":false,"footnotes":""},"categories":[12,63,49],"tags":[],"class_list":["post-4577","post","type-post","status-publish","format-standard","has-post-thumbnail","hentry","category-actualites","category-conferences-publiques","category-ecrits"],"acf":[],"yoast_head":"<!-- This site is optimized with the Yoast SEO plugin v27.5 - https:\/\/yoast.com\/product\/yoast-seo-wordpress\/ -->\n<title>Que vivent les enfants dont les familles sont enferm\u00e9es dans la mis\u00e8re\u00a0? - Joseph Wresinski FR<\/title>\n<meta name=\"robots\" content=\"index, follow, max-snippet:-1, max-image-preview:large, max-video-preview:-1\" \/>\n<link rel=\"canonical\" href=\"https:\/\/www.joseph-wresinski.org\/fr\/que-vivent-les-enfants-dont-les-familles-sont-enfermees-dans-la-misere\/\" \/>\n<meta property=\"og:locale\" content=\"fr_FR\" \/>\n<meta property=\"og:type\" content=\"article\" \/>\n<meta property=\"og:title\" content=\"Que vivent les enfants dont les familles sont enferm\u00e9es dans la mis\u00e8re\u00a0? - Joseph Wresinski FR\" \/>\n<meta property=\"og:description\" content=\"(\u2026) Que deviennent les enfants dans ce milieu exclu, comment ressentent-ils leur \u00e9tat de mis\u00e8re ? Peter Townsend, grand sp\u00e9cialiste (...) Lire la suite &rarr;\" \/>\n<meta property=\"og:url\" content=\"https:\/\/www.joseph-wresinski.org\/fr\/que-vivent-les-enfants-dont-les-familles-sont-enfermees-dans-la-misere\/\" \/>\n<meta property=\"og:site_name\" content=\"Joseph Wresinski FR\" \/>\n<meta property=\"article:published_time\" content=\"2024-11-19T23:00:38+00:00\" \/>\n<meta property=\"article:modified_time\" content=\"2024-11-21T10:35:34+00:00\" \/>\n<meta property=\"og:image\" content=\"https:\/\/www.joseph-wresinski.org\/fr\/wp-content\/uploads\/sites\/2\/2024\/11\/lob2_bashkirtseff_001f.jpg\" \/>\n\t<meta property=\"og:image:width\" content=\"1229\" \/>\n\t<meta property=\"og:image:height\" content=\"1400\" \/>\n\t<meta property=\"og:image:type\" content=\"image\/jpeg\" \/>\n<meta name=\"author\" content=\"Jean Tonglet\" \/>\n<meta name=\"twitter:card\" content=\"summary_large_image\" \/>\n<meta name=\"twitter:label1\" content=\"\u00c9crit par\" \/>\n\t<meta name=\"twitter:data1\" content=\"Jean Tonglet\" \/>\n\t<meta name=\"twitter:label2\" content=\"Dur\u00e9e de lecture estim\u00e9e\" \/>\n\t<meta name=\"twitter:data2\" content=\"5 minutes\" \/>\n<script type=\"application\/ld+json\" class=\"yoast-schema-graph\">{\"@context\":\"https:\\\/\\\/schema.org\",\"@graph\":[{\"@type\":\"Article\",\"@id\":\"https:\\\/\\\/www.joseph-wresinski.org\\\/fr\\\/que-vivent-les-enfants-dont-les-familles-sont-enfermees-dans-la-misere\\\/#article\",\"isPartOf\":{\"@id\":\"https:\\\/\\\/www.joseph-wresinski.org\\\/fr\\\/que-vivent-les-enfants-dont-les-familles-sont-enfermees-dans-la-misere\\\/\"},\"author\":{\"name\":\"Jean Tonglet\",\"@id\":\"https:\\\/\\\/www.joseph-wresinski.org\\\/fr\\\/#\\\/schema\\\/person\\\/93469e0206778753beddb73f4e07c8e0\"},\"headline\":\"Que vivent les enfants dont les familles sont enferm\u00e9es dans la mis\u00e8re\u00a0?\",\"datePublished\":\"2024-11-19T23:00:38+00:00\",\"dateModified\":\"2024-11-21T10:35:34+00:00\",\"mainEntityOfPage\":{\"@id\":\"https:\\\/\\\/www.joseph-wresinski.org\\\/fr\\\/que-vivent-les-enfants-dont-les-familles-sont-enfermees-dans-la-misere\\\/\"},\"wordCount\":915,\"commentCount\":0,\"image\":{\"@id\":\"https:\\\/\\\/www.joseph-wresinski.org\\\/fr\\\/que-vivent-les-enfants-dont-les-familles-sont-enfermees-dans-la-misere\\\/#primaryimage\"},\"thumbnailUrl\":\"https:\\\/\\\/www.joseph-wresinski.org\\\/fr\\\/wp-content\\\/uploads\\\/sites\\\/2\\\/2024\\\/11\\\/lob2_bashkirtseff_001f.jpg\",\"articleSection\":[\"Actualit\u00e9s\",\"Conf\u00e9rences publiques\",\"Ecrits\"],\"inLanguage\":\"fr-FR\",\"potentialAction\":[{\"@type\":\"CommentAction\",\"name\":\"Comment\",\"target\":[\"https:\\\/\\\/www.joseph-wresinski.org\\\/fr\\\/que-vivent-les-enfants-dont-les-familles-sont-enfermees-dans-la-misere\\\/#respond\"]}]},{\"@type\":\"WebPage\",\"@id\":\"https:\\\/\\\/www.joseph-wresinski.org\\\/fr\\\/que-vivent-les-enfants-dont-les-familles-sont-enfermees-dans-la-misere\\\/\",\"url\":\"https:\\\/\\\/www.joseph-wresinski.org\\\/fr\\\/que-vivent-les-enfants-dont-les-familles-sont-enfermees-dans-la-misere\\\/\",\"name\":\"Que vivent les enfants dont les familles sont enferm\u00e9es dans la mis\u00e8re\u00a0? - Joseph Wresinski FR\",\"isPartOf\":{\"@id\":\"https:\\\/\\\/www.joseph-wresinski.org\\\/fr\\\/#website\"},\"primaryImageOfPage\":{\"@id\":\"https:\\\/\\\/www.joseph-wresinski.org\\\/fr\\\/que-vivent-les-enfants-dont-les-familles-sont-enfermees-dans-la-misere\\\/#primaryimage\"},\"image\":{\"@id\":\"https:\\\/\\\/www.joseph-wresinski.org\\\/fr\\\/que-vivent-les-enfants-dont-les-familles-sont-enfermees-dans-la-misere\\\/#primaryimage\"},\"thumbnailUrl\":\"https:\\\/\\\/www.joseph-wresinski.org\\\/fr\\\/wp-content\\\/uploads\\\/sites\\\/2\\\/2024\\\/11\\\/lob2_bashkirtseff_001f.jpg\",\"datePublished\":\"2024-11-19T23:00:38+00:00\",\"dateModified\":\"2024-11-21T10:35:34+00:00\",\"author\":{\"@id\":\"https:\\\/\\\/www.joseph-wresinski.org\\\/fr\\\/#\\\/schema\\\/person\\\/93469e0206778753beddb73f4e07c8e0\"},\"breadcrumb\":{\"@id\":\"https:\\\/\\\/www.joseph-wresinski.org\\\/fr\\\/que-vivent-les-enfants-dont-les-familles-sont-enfermees-dans-la-misere\\\/#breadcrumb\"},\"inLanguage\":\"fr-FR\",\"potentialAction\":[{\"@type\":\"ReadAction\",\"target\":[\"https:\\\/\\\/www.joseph-wresinski.org\\\/fr\\\/que-vivent-les-enfants-dont-les-familles-sont-enfermees-dans-la-misere\\\/\"]}]},{\"@type\":\"ImageObject\",\"inLanguage\":\"fr-FR\",\"@id\":\"https:\\\/\\\/www.joseph-wresinski.org\\\/fr\\\/que-vivent-les-enfants-dont-les-familles-sont-enfermees-dans-la-misere\\\/#primaryimage\",\"url\":\"https:\\\/\\\/www.joseph-wresinski.org\\\/fr\\\/wp-content\\\/uploads\\\/sites\\\/2\\\/2024\\\/11\\\/lob2_bashkirtseff_001f.jpg\",\"contentUrl\":\"https:\\\/\\\/www.joseph-wresinski.org\\\/fr\\\/wp-content\\\/uploads\\\/sites\\\/2\\\/2024\\\/11\\\/lob2_bashkirtseff_001f.jpg\",\"width\":1229,\"height\":1400},{\"@type\":\"BreadcrumbList\",\"@id\":\"https:\\\/\\\/www.joseph-wresinski.org\\\/fr\\\/que-vivent-les-enfants-dont-les-familles-sont-enfermees-dans-la-misere\\\/#breadcrumb\",\"itemListElement\":[{\"@type\":\"ListItem\",\"position\":1,\"name\":\"Accueil\",\"item\":\"https:\\\/\\\/www.joseph-wresinski.org\\\/fr\\\/\"},{\"@type\":\"ListItem\",\"position\":2,\"name\":\"Que vivent les enfants dont les familles sont enferm\u00e9es dans la mis\u00e8re\u00a0?\"}]},{\"@type\":\"WebSite\",\"@id\":\"https:\\\/\\\/www.joseph-wresinski.org\\\/fr\\\/#website\",\"url\":\"https:\\\/\\\/www.joseph-wresinski.org\\\/fr\\\/\",\"name\":\"Joseph Wresinski FR\",\"description\":\"Un site propos\u00e9 par le centre Joseph Wresinski\",\"potentialAction\":[{\"@type\":\"SearchAction\",\"target\":{\"@type\":\"EntryPoint\",\"urlTemplate\":\"https:\\\/\\\/www.joseph-wresinski.org\\\/fr\\\/?s={search_term_string}\"},\"query-input\":{\"@type\":\"PropertyValueSpecification\",\"valueRequired\":true,\"valueName\":\"search_term_string\"}}],\"inLanguage\":\"fr-FR\"},{\"@type\":\"Person\",\"@id\":\"https:\\\/\\\/www.joseph-wresinski.org\\\/fr\\\/#\\\/schema\\\/person\\\/93469e0206778753beddb73f4e07c8e0\",\"name\":\"Jean Tonglet\",\"image\":{\"@type\":\"ImageObject\",\"inLanguage\":\"fr-FR\",\"@id\":\"https:\\\/\\\/secure.gravatar.com\\\/avatar\\\/599cfd98b536979bcebf2d6839f0c694333341f1caf7ba53413b62de5453de40?s=96&d=mm&r=g\",\"url\":\"https:\\\/\\\/secure.gravatar.com\\\/avatar\\\/599cfd98b536979bcebf2d6839f0c694333341f1caf7ba53413b62de5453de40?s=96&d=mm&r=g\",\"contentUrl\":\"https:\\\/\\\/secure.gravatar.com\\\/avatar\\\/599cfd98b536979bcebf2d6839f0c694333341f1caf7ba53413b62de5453de40?s=96&d=mm&r=g\",\"caption\":\"Jean Tonglet\"},\"url\":\"https:\\\/\\\/www.joseph-wresinski.org\\\/fr\\\/author\\\/jean\\\/\"}]}<\/script>\n<!-- \/ Yoast SEO plugin. -->","yoast_head_json":{"title":"Que vivent les enfants dont les familles sont enferm\u00e9es dans la mis\u00e8re\u00a0? - Joseph Wresinski FR","robots":{"index":"index","follow":"follow","max-snippet":"max-snippet:-1","max-image-preview":"max-image-preview:large","max-video-preview":"max-video-preview:-1"},"canonical":"https:\/\/www.joseph-wresinski.org\/fr\/que-vivent-les-enfants-dont-les-familles-sont-enfermees-dans-la-misere\/","og_locale":"fr_FR","og_type":"article","og_title":"Que vivent les enfants dont les familles sont enferm\u00e9es dans la mis\u00e8re\u00a0? - Joseph Wresinski FR","og_description":"(\u2026) Que deviennent les enfants dans ce milieu exclu, comment ressentent-ils leur \u00e9tat de mis\u00e8re ? Peter Townsend, grand sp\u00e9cialiste (...) Lire la suite &rarr;","og_url":"https:\/\/www.joseph-wresinski.org\/fr\/que-vivent-les-enfants-dont-les-familles-sont-enfermees-dans-la-misere\/","og_site_name":"Joseph Wresinski FR","article_published_time":"2024-11-19T23:00:38+00:00","article_modified_time":"2024-11-21T10:35:34+00:00","og_image":[{"width":1229,"height":1400,"url":"https:\/\/www.joseph-wresinski.org\/fr\/wp-content\/uploads\/sites\/2\/2024\/11\/lob2_bashkirtseff_001f.jpg","type":"image\/jpeg"}],"author":"Jean Tonglet","twitter_card":"summary_large_image","twitter_misc":{"\u00c9crit par":"Jean Tonglet","Dur\u00e9e de lecture estim\u00e9e":"5 minutes"},"schema":{"@context":"https:\/\/schema.org","@graph":[{"@type":"Article","@id":"https:\/\/www.joseph-wresinski.org\/fr\/que-vivent-les-enfants-dont-les-familles-sont-enfermees-dans-la-misere\/#article","isPartOf":{"@id":"https:\/\/www.joseph-wresinski.org\/fr\/que-vivent-les-enfants-dont-les-familles-sont-enfermees-dans-la-misere\/"},"author":{"name":"Jean Tonglet","@id":"https:\/\/www.joseph-wresinski.org\/fr\/#\/schema\/person\/93469e0206778753beddb73f4e07c8e0"},"headline":"Que vivent les enfants dont les familles sont enferm\u00e9es dans la mis\u00e8re\u00a0?","datePublished":"2024-11-19T23:00:38+00:00","dateModified":"2024-11-21T10:35:34+00:00","mainEntityOfPage":{"@id":"https:\/\/www.joseph-wresinski.org\/fr\/que-vivent-les-enfants-dont-les-familles-sont-enfermees-dans-la-misere\/"},"wordCount":915,"commentCount":0,"image":{"@id":"https:\/\/www.joseph-wresinski.org\/fr\/que-vivent-les-enfants-dont-les-familles-sont-enfermees-dans-la-misere\/#primaryimage"},"thumbnailUrl":"https:\/\/www.joseph-wresinski.org\/fr\/wp-content\/uploads\/sites\/2\/2024\/11\/lob2_bashkirtseff_001f.jpg","articleSection":["Actualit\u00e9s","Conf\u00e9rences publiques","Ecrits"],"inLanguage":"fr-FR","potentialAction":[{"@type":"CommentAction","name":"Comment","target":["https:\/\/www.joseph-wresinski.org\/fr\/que-vivent-les-enfants-dont-les-familles-sont-enfermees-dans-la-misere\/#respond"]}]},{"@type":"WebPage","@id":"https:\/\/www.joseph-wresinski.org\/fr\/que-vivent-les-enfants-dont-les-familles-sont-enfermees-dans-la-misere\/","url":"https:\/\/www.joseph-wresinski.org\/fr\/que-vivent-les-enfants-dont-les-familles-sont-enfermees-dans-la-misere\/","name":"Que vivent les enfants dont les familles sont enferm\u00e9es dans la mis\u00e8re\u00a0? - Joseph Wresinski FR","isPartOf":{"@id":"https:\/\/www.joseph-wresinski.org\/fr\/#website"},"primaryImageOfPage":{"@id":"https:\/\/www.joseph-wresinski.org\/fr\/que-vivent-les-enfants-dont-les-familles-sont-enfermees-dans-la-misere\/#primaryimage"},"image":{"@id":"https:\/\/www.joseph-wresinski.org\/fr\/que-vivent-les-enfants-dont-les-familles-sont-enfermees-dans-la-misere\/#primaryimage"},"thumbnailUrl":"https:\/\/www.joseph-wresinski.org\/fr\/wp-content\/uploads\/sites\/2\/2024\/11\/lob2_bashkirtseff_001f.jpg","datePublished":"2024-11-19T23:00:38+00:00","dateModified":"2024-11-21T10:35:34+00:00","author":{"@id":"https:\/\/www.joseph-wresinski.org\/fr\/#\/schema\/person\/93469e0206778753beddb73f4e07c8e0"},"breadcrumb":{"@id":"https:\/\/www.joseph-wresinski.org\/fr\/que-vivent-les-enfants-dont-les-familles-sont-enfermees-dans-la-misere\/#breadcrumb"},"inLanguage":"fr-FR","potentialAction":[{"@type":"ReadAction","target":["https:\/\/www.joseph-wresinski.org\/fr\/que-vivent-les-enfants-dont-les-familles-sont-enfermees-dans-la-misere\/"]}]},{"@type":"ImageObject","inLanguage":"fr-FR","@id":"https:\/\/www.joseph-wresinski.org\/fr\/que-vivent-les-enfants-dont-les-familles-sont-enfermees-dans-la-misere\/#primaryimage","url":"https:\/\/www.joseph-wresinski.org\/fr\/wp-content\/uploads\/sites\/2\/2024\/11\/lob2_bashkirtseff_001f.jpg","contentUrl":"https:\/\/www.joseph-wresinski.org\/fr\/wp-content\/uploads\/sites\/2\/2024\/11\/lob2_bashkirtseff_001f.jpg","width":1229,"height":1400},{"@type":"BreadcrumbList","@id":"https:\/\/www.joseph-wresinski.org\/fr\/que-vivent-les-enfants-dont-les-familles-sont-enfermees-dans-la-misere\/#breadcrumb","itemListElement":[{"@type":"ListItem","position":1,"name":"Accueil","item":"https:\/\/www.joseph-wresinski.org\/fr\/"},{"@type":"ListItem","position":2,"name":"Que vivent les enfants dont les familles sont enferm\u00e9es dans la mis\u00e8re\u00a0?"}]},{"@type":"WebSite","@id":"https:\/\/www.joseph-wresinski.org\/fr\/#website","url":"https:\/\/www.joseph-wresinski.org\/fr\/","name":"Joseph Wresinski FR","description":"Un site propos\u00e9 par le centre Joseph Wresinski","potentialAction":[{"@type":"SearchAction","target":{"@type":"EntryPoint","urlTemplate":"https:\/\/www.joseph-wresinski.org\/fr\/?s={search_term_string}"},"query-input":{"@type":"PropertyValueSpecification","valueRequired":true,"valueName":"search_term_string"}}],"inLanguage":"fr-FR"},{"@type":"Person","@id":"https:\/\/www.joseph-wresinski.org\/fr\/#\/schema\/person\/93469e0206778753beddb73f4e07c8e0","name":"Jean Tonglet","image":{"@type":"ImageObject","inLanguage":"fr-FR","@id":"https:\/\/secure.gravatar.com\/avatar\/599cfd98b536979bcebf2d6839f0c694333341f1caf7ba53413b62de5453de40?s=96&d=mm&r=g","url":"https:\/\/secure.gravatar.com\/avatar\/599cfd98b536979bcebf2d6839f0c694333341f1caf7ba53413b62de5453de40?s=96&d=mm&r=g","contentUrl":"https:\/\/secure.gravatar.com\/avatar\/599cfd98b536979bcebf2d6839f0c694333341f1caf7ba53413b62de5453de40?s=96&d=mm&r=g","caption":"Jean Tonglet"},"url":"https:\/\/www.joseph-wresinski.org\/fr\/author\/jean\/"}]}},"_links":{"self":[{"href":"https:\/\/www.joseph-wresinski.org\/fr\/wp-json\/wp\/v2\/posts\/4577","targetHints":{"allow":["GET"]}}],"collection":[{"href":"https:\/\/www.joseph-wresinski.org\/fr\/wp-json\/wp\/v2\/posts"}],"about":[{"href":"https:\/\/www.joseph-wresinski.org\/fr\/wp-json\/wp\/v2\/types\/post"}],"author":[{"embeddable":true,"href":"https:\/\/www.joseph-wresinski.org\/fr\/wp-json\/wp\/v2\/users\/4"}],"replies":[{"embeddable":true,"href":"https:\/\/www.joseph-wresinski.org\/fr\/wp-json\/wp\/v2\/comments?post=4577"}],"version-history":[{"count":2,"href":"https:\/\/www.joseph-wresinski.org\/fr\/wp-json\/wp\/v2\/posts\/4577\/revisions"}],"predecessor-version":[{"id":4581,"href":"https:\/\/www.joseph-wresinski.org\/fr\/wp-json\/wp\/v2\/posts\/4577\/revisions\/4581"}],"wp:featuredmedia":[{"embeddable":true,"href":"https:\/\/www.joseph-wresinski.org\/fr\/wp-json\/wp\/v2\/media\/4580"}],"wp:attachment":[{"href":"https:\/\/www.joseph-wresinski.org\/fr\/wp-json\/wp\/v2\/media?parent=4577"}],"wp:term":[{"taxonomy":"category","embeddable":true,"href":"https:\/\/www.joseph-wresinski.org\/fr\/wp-json\/wp\/v2\/categories?post=4577"},{"taxonomy":"post_tag","embeddable":true,"href":"https:\/\/www.joseph-wresinski.org\/fr\/wp-json\/wp\/v2\/tags?post=4577"}],"curies":[{"name":"wp","href":"https:\/\/api.w.org\/{rel}","templated":true}]}}