{"id":966,"date":"2016-10-21T11:27:10","date_gmt":"2016-10-21T09:27:10","guid":{"rendered":"http:\/\/www.joseph-wresinski.org\/fr\/?p=966"},"modified":"2016-12-19T12:54:29","modified_gmt":"2016-12-19T11:54:29","slug":"on-sera-respecte-on-sait-parler","status":"publish","type":"post","link":"https:\/\/www.joseph-wresinski.org\/fr\/on-sera-respecte-on-sait-parler\/","title":{"rendered":"On sera respect\u00e9 si on sait parler&#8230;"},"content":{"rendered":"<p>\u00ab\u00a0C&rsquo;est \u00e7a qu&rsquo;il faut qu&rsquo;on se mette dans la t\u00eate: \u00e0 savoir que d\u00e9sormais il faut que l&rsquo;on soit respect\u00e9. Et on sera respect\u00e9 si on sait parler.<\/p>\n<figure class=\"video-embed\" style=\"width:474px;height:356px;max-width: 100%;\" onclick=\"this.outerHTML='&lt;iframe title=&quot;On sera respect&eacute;s si on sait parler - ATD Quart Monde&quot; width=&quot;474&quot; height=&quot;356&quot; src=&quot;https:\/\/www.youtube.com\/embed\/LTLXJQZ-M2A?feature=oembed&amp;autoplay=1&quot; frameborder=&quot;0&quot; allow=&quot;accelerometer; autoplay; clipboard-write; encrypted-media; gyroscope; picture-in-picture; web-share&quot; referrerpolicy=&quot;strict-origin-when-cross-origin&quot; allowfullscreen&gt;&lt;\/iframe&gt;'\"><img decoding=\"async\" src=\"https:\/\/i.ytimg.com\/vi\/LTLXJQZ-M2A\/hqdefault.jpg\" title=\"On sera respect\u00e9s si on sait parler - ATD Quart Monde\" class=\"video-thumbnail\"><img decoding=\"async\" src=\"https:\/\/www.joseph-wresinski.org\/fr\/wp-content\/themes\/ATDJW\/images\/play_video.png\" class=\"video-play\"><figcaption>\n<h1>Play with YouTube<\/h1>\n<p>By clicking the video, you accept that YouTube places cookies on your computer.<\/p>\n<\/figcaption><\/figure>\n<p>&nbsp;<\/p>\n<p>Et si on sait parler on sera reconnus comme des partenaires sociaux, et si on est reconnus comme des partenaires sociaux alors non seulement on d\u00e9fendra nos droits mais on d\u00e9fendra les droits de tout le monde. Et si nous sommes des partenaires sociaux, nous serons comme des syndicats, nous serons comme des associations familiales, et bien nous pourrons et bien obliger le pays \u00e0 changer.\u00a0\u00bb<\/p>\n<p>Universit\u00e9 populaire Quart Monde, Paris, 1982<\/p>\n","protected":false},"excerpt":{"rendered":"<p>\u00ab\u00a0C&rsquo;est \u00e7a qu&rsquo;il faut qu&rsquo;on se mette dans la t\u00eate: \u00e0 savoir que d\u00e9sormais il faut que l&rsquo;on soit respect\u00e9. (&#8230;) <a class=\"more-link\" href=\"https:\/\/www.joseph-wresinski.org\/fr\/on-sera-respecte-on-sait-parler\/\">Lire la suite <span class=\"meta-nav\">&rarr;<\/span><\/a><\/p>\n","protected":false},"author":4,"featured_media":975,"comment_status":"open","ping_status":"open","sticky":false,"template":"","format":"standard","meta":{"_acf_changed":false,"ep_exclude_from_search":false,"footnotes":""},"categories":[50],"tags":[],"class_list":["post-966","post","type-post","status-publish","format-standard","has-post-thumbnail","hentry","category-videos"],"acf":[],"yoast_head":"<!-- This site is optimized with the Yoast SEO plugin v27.5 - https:\/\/yoast.com\/product\/yoast-seo-wordpress\/ -->\n<title>On sera respect\u00e9 si on sait parler... - Joseph Wresinski FR<\/title>\n<meta name=\"robots\" content=\"index, follow, max-snippet:-1, max-image-preview:large, max-video-preview:-1\" \/>\n<link rel=\"canonical\" href=\"https:\/\/www.joseph-wresinski.org\/fr\/on-sera-respecte-on-sait-parler\/\" \/>\n<meta property=\"og:locale\" content=\"fr_FR\" \/>\n<meta property=\"og:type\" content=\"article\" \/>\n<meta property=\"og:title\" content=\"On sera respect\u00e9 si on sait parler... - Joseph Wresinski FR\" \/>\n<meta property=\"og:description\" content=\"\u00ab\u00a0C&rsquo;est \u00e7a qu&rsquo;il faut qu&rsquo;on se mette dans la t\u00eate: \u00e0 savoir que d\u00e9sormais il faut que l&rsquo;on soit respect\u00e9. (...) Lire la suite &rarr;\" \/>\n<meta property=\"og:url\" content=\"https:\/\/www.joseph-wresinski.org\/fr\/on-sera-respecte-on-sait-parler\/\" \/>\n<meta property=\"og:site_name\" content=\"Joseph Wresinski FR\" \/>\n<meta property=\"article:published_time\" content=\"2016-10-21T09:27:10+00:00\" \/>\n<meta property=\"article:modified_time\" content=\"2016-12-19T11:54:29+00:00\" \/>\n<meta property=\"og:image\" content=\"https:\/\/www.joseph-wresinski.org\/fr\/wp-content\/uploads\/sites\/2\/2016\/10\/UP_22_12_1987.jpg\" \/>\n\t<meta property=\"og:image:width\" content=\"1297\" \/>\n\t<meta property=\"og:image:height\" content=\"845\" \/>\n\t<meta property=\"og:image:type\" content=\"image\/jpeg\" \/>\n<meta name=\"author\" content=\"Jean Tonglet\" \/>\n<meta name=\"twitter:card\" content=\"summary_large_image\" \/>\n<meta name=\"twitter:label1\" content=\"\u00c9crit par\" \/>\n\t<meta name=\"twitter:data1\" content=\"Jean Tonglet\" \/>\n\t<meta name=\"twitter:label2\" content=\"Dur\u00e9e de lecture estim\u00e9e\" \/>\n\t<meta name=\"twitter:data2\" content=\"1 minute\" \/>\n<script type=\"application\/ld+json\" class=\"yoast-schema-graph\">{\"@context\":\"https:\\\/\\\/schema.org\",\"@graph\":[{\"@type\":\"Article\",\"@id\":\"https:\\\/\\\/www.joseph-wresinski.org\\\/fr\\\/on-sera-respecte-on-sait-parler\\\/#article\",\"isPartOf\":{\"@id\":\"https:\\\/\\\/www.joseph-wresinski.org\\\/fr\\\/on-sera-respecte-on-sait-parler\\\/\"},\"author\":{\"name\":\"Jean Tonglet\",\"@id\":\"https:\\\/\\\/www.joseph-wresinski.org\\\/fr\\\/#\\\/schema\\\/person\\\/93469e0206778753beddb73f4e07c8e0\"},\"headline\":\"On sera respect\u00e9 si on sait parler&#8230;\",\"datePublished\":\"2016-10-21T09:27:10+00:00\",\"dateModified\":\"2016-12-19T11:54:29+00:00\",\"mainEntityOfPage\":{\"@id\":\"https:\\\/\\\/www.joseph-wresinski.org\\\/fr\\\/on-sera-respecte-on-sait-parler\\\/\"},\"wordCount\":123,\"commentCount\":0,\"image\":{\"@id\":\"https:\\\/\\\/www.joseph-wresinski.org\\\/fr\\\/on-sera-respecte-on-sait-parler\\\/#primaryimage\"},\"thumbnailUrl\":\"https:\\\/\\\/www.joseph-wresinski.org\\\/fr\\\/wp-content\\\/uploads\\\/sites\\\/2\\\/2016\\\/10\\\/UP_22_12_1987.jpg\",\"articleSection\":[\"Videos\"],\"inLanguage\":\"fr-FR\",\"potentialAction\":[{\"@type\":\"CommentAction\",\"name\":\"Comment\",\"target\":[\"https:\\\/\\\/www.joseph-wresinski.org\\\/fr\\\/on-sera-respecte-on-sait-parler\\\/#respond\"]}]},{\"@type\":\"WebPage\",\"@id\":\"https:\\\/\\\/www.joseph-wresinski.org\\\/fr\\\/on-sera-respecte-on-sait-parler\\\/\",\"url\":\"https:\\\/\\\/www.joseph-wresinski.org\\\/fr\\\/on-sera-respecte-on-sait-parler\\\/\",\"name\":\"On sera respect\u00e9 si on sait parler... - Joseph Wresinski FR\",\"isPartOf\":{\"@id\":\"https:\\\/\\\/www.joseph-wresinski.org\\\/fr\\\/#website\"},\"primaryImageOfPage\":{\"@id\":\"https:\\\/\\\/www.joseph-wresinski.org\\\/fr\\\/on-sera-respecte-on-sait-parler\\\/#primaryimage\"},\"image\":{\"@id\":\"https:\\\/\\\/www.joseph-wresinski.org\\\/fr\\\/on-sera-respecte-on-sait-parler\\\/#primaryimage\"},\"thumbnailUrl\":\"https:\\\/\\\/www.joseph-wresinski.org\\\/fr\\\/wp-content\\\/uploads\\\/sites\\\/2\\\/2016\\\/10\\\/UP_22_12_1987.jpg\",\"datePublished\":\"2016-10-21T09:27:10+00:00\",\"dateModified\":\"2016-12-19T11:54:29+00:00\",\"author\":{\"@id\":\"https:\\\/\\\/www.joseph-wresinski.org\\\/fr\\\/#\\\/schema\\\/person\\\/93469e0206778753beddb73f4e07c8e0\"},\"breadcrumb\":{\"@id\":\"https:\\\/\\\/www.joseph-wresinski.org\\\/fr\\\/on-sera-respecte-on-sait-parler\\\/#breadcrumb\"},\"inLanguage\":\"fr-FR\",\"potentialAction\":[{\"@type\":\"ReadAction\",\"target\":[\"https:\\\/\\\/www.joseph-wresinski.org\\\/fr\\\/on-sera-respecte-on-sait-parler\\\/\"]}]},{\"@type\":\"ImageObject\",\"inLanguage\":\"fr-FR\",\"@id\":\"https:\\\/\\\/www.joseph-wresinski.org\\\/fr\\\/on-sera-respecte-on-sait-parler\\\/#primaryimage\",\"url\":\"https:\\\/\\\/www.joseph-wresinski.org\\\/fr\\\/wp-content\\\/uploads\\\/sites\\\/2\\\/2016\\\/10\\\/UP_22_12_1987.jpg\",\"contentUrl\":\"https:\\\/\\\/www.joseph-wresinski.org\\\/fr\\\/wp-content\\\/uploads\\\/sites\\\/2\\\/2016\\\/10\\\/UP_22_12_1987.jpg\",\"width\":1297,\"height\":845},{\"@type\":\"BreadcrumbList\",\"@id\":\"https:\\\/\\\/www.joseph-wresinski.org\\\/fr\\\/on-sera-respecte-on-sait-parler\\\/#breadcrumb\",\"itemListElement\":[{\"@type\":\"ListItem\",\"position\":1,\"name\":\"Accueil\",\"item\":\"https:\\\/\\\/www.joseph-wresinski.org\\\/fr\\\/\"},{\"@type\":\"ListItem\",\"position\":2,\"name\":\"On sera respect\u00e9 si on sait parler&#8230;\"}]},{\"@type\":\"WebSite\",\"@id\":\"https:\\\/\\\/www.joseph-wresinski.org\\\/fr\\\/#website\",\"url\":\"https:\\\/\\\/www.joseph-wresinski.org\\\/fr\\\/\",\"name\":\"Joseph Wresinski FR\",\"description\":\"Un site propos\u00e9 par le centre Joseph Wresinski\",\"potentialAction\":[{\"@type\":\"SearchAction\",\"target\":{\"@type\":\"EntryPoint\",\"urlTemplate\":\"https:\\\/\\\/www.joseph-wresinski.org\\\/fr\\\/?s={search_term_string}\"},\"query-input\":{\"@type\":\"PropertyValueSpecification\",\"valueRequired\":true,\"valueName\":\"search_term_string\"}}],\"inLanguage\":\"fr-FR\"},{\"@type\":\"Person\",\"@id\":\"https:\\\/\\\/www.joseph-wresinski.org\\\/fr\\\/#\\\/schema\\\/person\\\/93469e0206778753beddb73f4e07c8e0\",\"name\":\"Jean Tonglet\",\"image\":{\"@type\":\"ImageObject\",\"inLanguage\":\"fr-FR\",\"@id\":\"https:\\\/\\\/secure.gravatar.com\\\/avatar\\\/599cfd98b536979bcebf2d6839f0c694333341f1caf7ba53413b62de5453de40?s=96&d=mm&r=g\",\"url\":\"https:\\\/\\\/secure.gravatar.com\\\/avatar\\\/599cfd98b536979bcebf2d6839f0c694333341f1caf7ba53413b62de5453de40?s=96&d=mm&r=g\",\"contentUrl\":\"https:\\\/\\\/secure.gravatar.com\\\/avatar\\\/599cfd98b536979bcebf2d6839f0c694333341f1caf7ba53413b62de5453de40?s=96&d=mm&r=g\",\"caption\":\"Jean Tonglet\"},\"url\":\"https:\\\/\\\/www.joseph-wresinski.org\\\/fr\\\/author\\\/jean\\\/\"}]}<\/script>\n<!-- \/ Yoast SEO plugin. -->","yoast_head_json":{"title":"On sera respect\u00e9 si on sait parler... - Joseph Wresinski FR","robots":{"index":"index","follow":"follow","max-snippet":"max-snippet:-1","max-image-preview":"max-image-preview:large","max-video-preview":"max-video-preview:-1"},"canonical":"https:\/\/www.joseph-wresinski.org\/fr\/on-sera-respecte-on-sait-parler\/","og_locale":"fr_FR","og_type":"article","og_title":"On sera respect\u00e9 si on sait parler... - Joseph Wresinski FR","og_description":"\u00ab\u00a0C&rsquo;est \u00e7a qu&rsquo;il faut qu&rsquo;on se mette dans la t\u00eate: \u00e0 savoir que d\u00e9sormais il faut que l&rsquo;on soit respect\u00e9. (...) Lire la suite &rarr;","og_url":"https:\/\/www.joseph-wresinski.org\/fr\/on-sera-respecte-on-sait-parler\/","og_site_name":"Joseph Wresinski FR","article_published_time":"2016-10-21T09:27:10+00:00","article_modified_time":"2016-12-19T11:54:29+00:00","og_image":[{"width":1297,"height":845,"url":"https:\/\/www.joseph-wresinski.org\/fr\/wp-content\/uploads\/sites\/2\/2016\/10\/UP_22_12_1987.jpg","type":"image\/jpeg"}],"author":"Jean Tonglet","twitter_card":"summary_large_image","twitter_misc":{"\u00c9crit par":"Jean Tonglet","Dur\u00e9e de lecture estim\u00e9e":"1 minute"},"schema":{"@context":"https:\/\/schema.org","@graph":[{"@type":"Article","@id":"https:\/\/www.joseph-wresinski.org\/fr\/on-sera-respecte-on-sait-parler\/#article","isPartOf":{"@id":"https:\/\/www.joseph-wresinski.org\/fr\/on-sera-respecte-on-sait-parler\/"},"author":{"name":"Jean Tonglet","@id":"https:\/\/www.joseph-wresinski.org\/fr\/#\/schema\/person\/93469e0206778753beddb73f4e07c8e0"},"headline":"On sera respect\u00e9 si on sait parler&#8230;","datePublished":"2016-10-21T09:27:10+00:00","dateModified":"2016-12-19T11:54:29+00:00","mainEntityOfPage":{"@id":"https:\/\/www.joseph-wresinski.org\/fr\/on-sera-respecte-on-sait-parler\/"},"wordCount":123,"commentCount":0,"image":{"@id":"https:\/\/www.joseph-wresinski.org\/fr\/on-sera-respecte-on-sait-parler\/#primaryimage"},"thumbnailUrl":"https:\/\/www.joseph-wresinski.org\/fr\/wp-content\/uploads\/sites\/2\/2016\/10\/UP_22_12_1987.jpg","articleSection":["Videos"],"inLanguage":"fr-FR","potentialAction":[{"@type":"CommentAction","name":"Comment","target":["https:\/\/www.joseph-wresinski.org\/fr\/on-sera-respecte-on-sait-parler\/#respond"]}]},{"@type":"WebPage","@id":"https:\/\/www.joseph-wresinski.org\/fr\/on-sera-respecte-on-sait-parler\/","url":"https:\/\/www.joseph-wresinski.org\/fr\/on-sera-respecte-on-sait-parler\/","name":"On sera respect\u00e9 si on sait parler... - Joseph Wresinski FR","isPartOf":{"@id":"https:\/\/www.joseph-wresinski.org\/fr\/#website"},"primaryImageOfPage":{"@id":"https:\/\/www.joseph-wresinski.org\/fr\/on-sera-respecte-on-sait-parler\/#primaryimage"},"image":{"@id":"https:\/\/www.joseph-wresinski.org\/fr\/on-sera-respecte-on-sait-parler\/#primaryimage"},"thumbnailUrl":"https:\/\/www.joseph-wresinski.org\/fr\/wp-content\/uploads\/sites\/2\/2016\/10\/UP_22_12_1987.jpg","datePublished":"2016-10-21T09:27:10+00:00","dateModified":"2016-12-19T11:54:29+00:00","author":{"@id":"https:\/\/www.joseph-wresinski.org\/fr\/#\/schema\/person\/93469e0206778753beddb73f4e07c8e0"},"breadcrumb":{"@id":"https:\/\/www.joseph-wresinski.org\/fr\/on-sera-respecte-on-sait-parler\/#breadcrumb"},"inLanguage":"fr-FR","potentialAction":[{"@type":"ReadAction","target":["https:\/\/www.joseph-wresinski.org\/fr\/on-sera-respecte-on-sait-parler\/"]}]},{"@type":"ImageObject","inLanguage":"fr-FR","@id":"https:\/\/www.joseph-wresinski.org\/fr\/on-sera-respecte-on-sait-parler\/#primaryimage","url":"https:\/\/www.joseph-wresinski.org\/fr\/wp-content\/uploads\/sites\/2\/2016\/10\/UP_22_12_1987.jpg","contentUrl":"https:\/\/www.joseph-wresinski.org\/fr\/wp-content\/uploads\/sites\/2\/2016\/10\/UP_22_12_1987.jpg","width":1297,"height":845},{"@type":"BreadcrumbList","@id":"https:\/\/www.joseph-wresinski.org\/fr\/on-sera-respecte-on-sait-parler\/#breadcrumb","itemListElement":[{"@type":"ListItem","position":1,"name":"Accueil","item":"https:\/\/www.joseph-wresinski.org\/fr\/"},{"@type":"ListItem","position":2,"name":"On sera respect\u00e9 si on sait parler&#8230;"}]},{"@type":"WebSite","@id":"https:\/\/www.joseph-wresinski.org\/fr\/#website","url":"https:\/\/www.joseph-wresinski.org\/fr\/","name":"Joseph Wresinski FR","description":"Un site propos\u00e9 par le centre Joseph Wresinski","potentialAction":[{"@type":"SearchAction","target":{"@type":"EntryPoint","urlTemplate":"https:\/\/www.joseph-wresinski.org\/fr\/?s={search_term_string}"},"query-input":{"@type":"PropertyValueSpecification","valueRequired":true,"valueName":"search_term_string"}}],"inLanguage":"fr-FR"},{"@type":"Person","@id":"https:\/\/www.joseph-wresinski.org\/fr\/#\/schema\/person\/93469e0206778753beddb73f4e07c8e0","name":"Jean Tonglet","image":{"@type":"ImageObject","inLanguage":"fr-FR","@id":"https:\/\/secure.gravatar.com\/avatar\/599cfd98b536979bcebf2d6839f0c694333341f1caf7ba53413b62de5453de40?s=96&d=mm&r=g","url":"https:\/\/secure.gravatar.com\/avatar\/599cfd98b536979bcebf2d6839f0c694333341f1caf7ba53413b62de5453de40?s=96&d=mm&r=g","contentUrl":"https:\/\/secure.gravatar.com\/avatar\/599cfd98b536979bcebf2d6839f0c694333341f1caf7ba53413b62de5453de40?s=96&d=mm&r=g","caption":"Jean Tonglet"},"url":"https:\/\/www.joseph-wresinski.org\/fr\/author\/jean\/"}]}},"_links":{"self":[{"href":"https:\/\/www.joseph-wresinski.org\/fr\/wp-json\/wp\/v2\/posts\/966","targetHints":{"allow":["GET"]}}],"collection":[{"href":"https:\/\/www.joseph-wresinski.org\/fr\/wp-json\/wp\/v2\/posts"}],"about":[{"href":"https:\/\/www.joseph-wresinski.org\/fr\/wp-json\/wp\/v2\/types\/post"}],"author":[{"embeddable":true,"href":"https:\/\/www.joseph-wresinski.org\/fr\/wp-json\/wp\/v2\/users\/4"}],"replies":[{"embeddable":true,"href":"https:\/\/www.joseph-wresinski.org\/fr\/wp-json\/wp\/v2\/comments?post=966"}],"version-history":[{"count":5,"href":"https:\/\/www.joseph-wresinski.org\/fr\/wp-json\/wp\/v2\/posts\/966\/revisions"}],"predecessor-version":[{"id":1188,"href":"https:\/\/www.joseph-wresinski.org\/fr\/wp-json\/wp\/v2\/posts\/966\/revisions\/1188"}],"wp:featuredmedia":[{"embeddable":true,"href":"https:\/\/www.joseph-wresinski.org\/fr\/wp-json\/wp\/v2\/media\/975"}],"wp:attachment":[{"href":"https:\/\/www.joseph-wresinski.org\/fr\/wp-json\/wp\/v2\/media?parent=966"}],"wp:term":[{"taxonomy":"category","embeddable":true,"href":"https:\/\/www.joseph-wresinski.org\/fr\/wp-json\/wp\/v2\/categories?post=966"},{"taxonomy":"post_tag","embeddable":true,"href":"https:\/\/www.joseph-wresinski.org\/fr\/wp-json\/wp\/v2\/tags?post=966"}],"curies":[{"name":"wp","href":"https:\/\/api.w.org\/{rel}","templated":true}]}}