{"id":1654,"date":"2021-02-12T00:00:14","date_gmt":"2021-02-11T23:00:14","guid":{"rendered":"https:\/\/www.joseph-wresinski.org\/it\/?p=1654"},"modified":"2021-02-08T14:18:23","modified_gmt":"2021-02-08T13:18:23","slug":"davanti-al-mio-popolo","status":"publish","type":"post","link":"https:\/\/www.joseph-wresinski.org\/it\/davanti-al-mio-popolo\/","title":{"rendered":"Davanti al mio popolo"},"content":{"rendered":"<p>Sono arrivato il 14 luglio 1956 e su quel piazzale, detto il Castello di Francia, il sole spandeva un caldo torrido, le stradine erano deserte, non c\u2019era nessuno fuori. Davanti a quel vuoto, mi sono detto: una volta, le fonti d\u2019acqua, gli incroci delle strade, un campanile, una industria riunivano gli uomini. Qui, le famiglie sono riunite dalla miseria. Era come un\u2019ispirazione. Sapevo di non essere pi\u00f9 di fronte ad una situazione banale di povert\u00e0 relativa (come si diceva allora), di difficolt\u00e0 personali. Avevo a che fare con una miseria collettiva. Subito, ho sentito che mi trovavo davanti al mio popolo. Questo non si spiega, fu cos\u00ec.<\/p>\n<p>Da quell\u2019istante, la mia vita ha preso una svolta. Poich\u00e9 quel giorno mi sono promesso che se fossi restato, avrei fatto s\u00ec che quelle famiglie potessero salire i gradini del Vaticano, dell\u2019Eliseo, dell\u2019ONU\u2026 Quella miseria accecante che si dispiegava davanti ai miei occhi in un calore soffocante e un silenzio totale mi ha preso in trappola. In seguito, sono stato assillato dall\u2019idea che mai quel popolo sarebbe uscito dalla sua miseria, finch\u00e9 non sarebbe stato accolto, nel suo insieme, in quanto popolo, l\u00e0 dove discutevano e dibattevano gli altri uomini. Esso doveva essere l\u00e0. In eguaglianza, dovunque gli uomini parlano e decidono non solamente del presente, ma del destino dell\u2019uomo, del futuro dell\u2019umanit\u00e0.<\/p>\n<p>Il 14 luglio 1956, io ho segnato la mia sorte, anche se ho potuto aspettare fino all\u201911 novembre per istallarmi definitivamente a Noisy-le-Grand. Anche quell\u201911 novembre, mantenevo d\u2019altronde la mia antica parrocchia. Vi andavo tutti i sabati e le domeniche. Nato bambino della miseria, restato un uomo della miseria nel pi\u00f9 profondo di me, ne avevo imparato a credere tutto, a osare tutto, ma a mantenere ugualmente da qualche parte una riserva, una pera per la sete, un boccone di pane raffermo nella tasca. Non c\u2019\u00e8 nessun povero che non lo faccia. Mia madre faceva cos\u00ec: conservava sempre un paio di scarpe usate \u2013 poich\u00e9 ci facevano molta elemosina \u2013 mia madre diceva alla donatrice: \u00abMeno male che siete venuta, ne avevamo proprio bisogno\u00bb. Quando eravamo soli, le domandavo: \u00abMamma, perch\u00e9 fai queste moine?\u00bb. Mi diceva: \u00abJoseph, tu non capisci; se rifiuti quello che ti portano oggi, il giorno in cui ne avrai bisogno, avranno dato tutto altrove\u00bb. Ho mantenuto vari mesi la mia antica parrocchia, come mia madre manteneva sempre un paio di scarpe, per sicurezza.<\/p>\n","protected":false},"excerpt":{"rendered":"<p>Sono arrivato il 14 luglio 1956 e su quel piazzale, detto il Castello di Francia, il sole spandeva un caldo (&#8230;) <a class=\"more-link\" href=\"https:\/\/www.joseph-wresinski.org\/it\/davanti-al-mio-popolo\/\">Continua a leggere <span class=\"meta-nav\">&rarr;<\/span><\/a><\/p>\n","protected":false},"author":4,"featured_media":1657,"comment_status":"open","ping_status":"open","sticky":false,"template":"","format":"standard","meta":{"_acf_changed":false,"ep_exclude_from_search":false,"footnotes":""},"categories":[12,77,61],"tags":[],"class_list":["post-1654","post","type-post","status-publish","format-standard","has-post-thumbnail","hentry","category-attualita","category-estratti-di-libri","category-scritti"],"acf":[],"yoast_head":"<!-- This site is optimized with the Yoast SEO plugin v27.5 - https:\/\/yoast.com\/product\/yoast-seo-wordpress\/ -->\n<title>Davanti al mio popolo - Joseph Wresinski IT<\/title>\n<meta name=\"robots\" content=\"index, follow, max-snippet:-1, max-image-preview:large, max-video-preview:-1\" \/>\n<link rel=\"canonical\" href=\"https:\/\/www.joseph-wresinski.org\/it\/davanti-al-mio-popolo\/\" \/>\n<meta property=\"og:locale\" content=\"it_IT\" \/>\n<meta property=\"og:type\" content=\"article\" \/>\n<meta property=\"og:title\" content=\"Davanti al mio popolo - Joseph Wresinski IT\" \/>\n<meta property=\"og:description\" content=\"Sono arrivato il 14 luglio 1956 e su quel piazzale, detto il Castello di Francia, il sole spandeva un caldo (...) Continua a leggere &rarr;\" \/>\n<meta property=\"og:url\" content=\"https:\/\/www.joseph-wresinski.org\/it\/davanti-al-mio-popolo\/\" \/>\n<meta property=\"og:site_name\" content=\"Joseph Wresinski IT\" \/>\n<meta property=\"article:published_time\" content=\"2021-02-11T23:00:14+00:00\" \/>\n<meta property=\"og:image\" content=\"https:\/\/www.joseph-wresinski.org\/it\/wp-content\/uploads\/sites\/16\/2021\/02\/CIJW-0070-631-004-Noisy-le-Grand-1963-5_Reduit-580x400-1.jpg\" \/>\n\t<meta property=\"og:image:width\" content=\"580\" \/>\n\t<meta property=\"og:image:height\" content=\"400\" \/>\n\t<meta property=\"og:image:type\" content=\"image\/jpeg\" \/>\n<meta name=\"author\" content=\"Jean Tonglet\" \/>\n<meta name=\"twitter:card\" content=\"summary_large_image\" \/>\n<meta name=\"twitter:label1\" content=\"Scritto da\" \/>\n\t<meta name=\"twitter:data1\" content=\"Jean Tonglet\" \/>\n\t<meta name=\"twitter:label2\" content=\"Tempo di lettura stimato\" \/>\n\t<meta name=\"twitter:data2\" content=\"2 minuti\" \/>\n<script type=\"application\/ld+json\" class=\"yoast-schema-graph\">{\"@context\":\"https:\\\/\\\/schema.org\",\"@graph\":[{\"@type\":\"Article\",\"@id\":\"https:\\\/\\\/www.joseph-wresinski.org\\\/it\\\/davanti-al-mio-popolo\\\/#article\",\"isPartOf\":{\"@id\":\"https:\\\/\\\/www.joseph-wresinski.org\\\/it\\\/davanti-al-mio-popolo\\\/\"},\"author\":{\"name\":\"Jean Tonglet\",\"@id\":\"https:\\\/\\\/www.joseph-wresinski.org\\\/it\\\/#\\\/schema\\\/person\\\/93469e0206778753beddb73f4e07c8e0\"},\"headline\":\"Davanti al mio popolo\",\"datePublished\":\"2021-02-11T23:00:14+00:00\",\"mainEntityOfPage\":{\"@id\":\"https:\\\/\\\/www.joseph-wresinski.org\\\/it\\\/davanti-al-mio-popolo\\\/\"},\"wordCount\":405,\"commentCount\":0,\"image\":{\"@id\":\"https:\\\/\\\/www.joseph-wresinski.org\\\/it\\\/davanti-al-mio-popolo\\\/#primaryimage\"},\"thumbnailUrl\":\"https:\\\/\\\/www.joseph-wresinski.org\\\/it\\\/wp-content\\\/uploads\\\/sites\\\/16\\\/2021\\\/02\\\/CIJW-0070-631-004-Noisy-le-Grand-1963-5_Reduit-580x400-1.jpg\",\"articleSection\":[\"Attualit\u00e0\",\"Estratti di libri\",\"Scritti\"],\"inLanguage\":\"it-IT\",\"potentialAction\":[{\"@type\":\"CommentAction\",\"name\":\"Comment\",\"target\":[\"https:\\\/\\\/www.joseph-wresinski.org\\\/it\\\/davanti-al-mio-popolo\\\/#respond\"]}]},{\"@type\":\"WebPage\",\"@id\":\"https:\\\/\\\/www.joseph-wresinski.org\\\/it\\\/davanti-al-mio-popolo\\\/\",\"url\":\"https:\\\/\\\/www.joseph-wresinski.org\\\/it\\\/davanti-al-mio-popolo\\\/\",\"name\":\"Davanti al mio popolo - Joseph Wresinski IT\",\"isPartOf\":{\"@id\":\"https:\\\/\\\/www.joseph-wresinski.org\\\/it\\\/#website\"},\"primaryImageOfPage\":{\"@id\":\"https:\\\/\\\/www.joseph-wresinski.org\\\/it\\\/davanti-al-mio-popolo\\\/#primaryimage\"},\"image\":{\"@id\":\"https:\\\/\\\/www.joseph-wresinski.org\\\/it\\\/davanti-al-mio-popolo\\\/#primaryimage\"},\"thumbnailUrl\":\"https:\\\/\\\/www.joseph-wresinski.org\\\/it\\\/wp-content\\\/uploads\\\/sites\\\/16\\\/2021\\\/02\\\/CIJW-0070-631-004-Noisy-le-Grand-1963-5_Reduit-580x400-1.jpg\",\"datePublished\":\"2021-02-11T23:00:14+00:00\",\"author\":{\"@id\":\"https:\\\/\\\/www.joseph-wresinski.org\\\/it\\\/#\\\/schema\\\/person\\\/93469e0206778753beddb73f4e07c8e0\"},\"breadcrumb\":{\"@id\":\"https:\\\/\\\/www.joseph-wresinski.org\\\/it\\\/davanti-al-mio-popolo\\\/#breadcrumb\"},\"inLanguage\":\"it-IT\",\"potentialAction\":[{\"@type\":\"ReadAction\",\"target\":[\"https:\\\/\\\/www.joseph-wresinski.org\\\/it\\\/davanti-al-mio-popolo\\\/\"]}]},{\"@type\":\"ImageObject\",\"inLanguage\":\"it-IT\",\"@id\":\"https:\\\/\\\/www.joseph-wresinski.org\\\/it\\\/davanti-al-mio-popolo\\\/#primaryimage\",\"url\":\"https:\\\/\\\/www.joseph-wresinski.org\\\/it\\\/wp-content\\\/uploads\\\/sites\\\/16\\\/2021\\\/02\\\/CIJW-0070-631-004-Noisy-le-Grand-1963-5_Reduit-580x400-1.jpg\",\"contentUrl\":\"https:\\\/\\\/www.joseph-wresinski.org\\\/it\\\/wp-content\\\/uploads\\\/sites\\\/16\\\/2021\\\/02\\\/CIJW-0070-631-004-Noisy-le-Grand-1963-5_Reduit-580x400-1.jpg\",\"width\":580,\"height\":400},{\"@type\":\"BreadcrumbList\",\"@id\":\"https:\\\/\\\/www.joseph-wresinski.org\\\/it\\\/davanti-al-mio-popolo\\\/#breadcrumb\",\"itemListElement\":[{\"@type\":\"ListItem\",\"position\":1,\"name\":\"Home\",\"item\":\"https:\\\/\\\/www.joseph-wresinski.org\\\/it\\\/\"},{\"@type\":\"ListItem\",\"position\":2,\"name\":\"Davanti al mio popolo\"}]},{\"@type\":\"WebSite\",\"@id\":\"https:\\\/\\\/www.joseph-wresinski.org\\\/it\\\/#website\",\"url\":\"https:\\\/\\\/www.joseph-wresinski.org\\\/it\\\/\",\"name\":\"Joseph Wresinski IT\",\"description\":\"Un sito proposto dal centro joseph wresinski\",\"potentialAction\":[{\"@type\":\"SearchAction\",\"target\":{\"@type\":\"EntryPoint\",\"urlTemplate\":\"https:\\\/\\\/www.joseph-wresinski.org\\\/it\\\/?s={search_term_string}\"},\"query-input\":{\"@type\":\"PropertyValueSpecification\",\"valueRequired\":true,\"valueName\":\"search_term_string\"}}],\"inLanguage\":\"it-IT\"},{\"@type\":\"Person\",\"@id\":\"https:\\\/\\\/www.joseph-wresinski.org\\\/it\\\/#\\\/schema\\\/person\\\/93469e0206778753beddb73f4e07c8e0\",\"name\":\"Jean Tonglet\",\"image\":{\"@type\":\"ImageObject\",\"inLanguage\":\"it-IT\",\"@id\":\"https:\\\/\\\/secure.gravatar.com\\\/avatar\\\/599cfd98b536979bcebf2d6839f0c694333341f1caf7ba53413b62de5453de40?s=96&d=mm&r=g\",\"url\":\"https:\\\/\\\/secure.gravatar.com\\\/avatar\\\/599cfd98b536979bcebf2d6839f0c694333341f1caf7ba53413b62de5453de40?s=96&d=mm&r=g\",\"contentUrl\":\"https:\\\/\\\/secure.gravatar.com\\\/avatar\\\/599cfd98b536979bcebf2d6839f0c694333341f1caf7ba53413b62de5453de40?s=96&d=mm&r=g\",\"caption\":\"Jean Tonglet\"},\"url\":\"https:\\\/\\\/www.joseph-wresinski.org\\\/it\\\/author\\\/jean\\\/\"}]}<\/script>\n<!-- \/ Yoast SEO plugin. -->","yoast_head_json":{"title":"Davanti al mio popolo - Joseph Wresinski IT","robots":{"index":"index","follow":"follow","max-snippet":"max-snippet:-1","max-image-preview":"max-image-preview:large","max-video-preview":"max-video-preview:-1"},"canonical":"https:\/\/www.joseph-wresinski.org\/it\/davanti-al-mio-popolo\/","og_locale":"it_IT","og_type":"article","og_title":"Davanti al mio popolo - Joseph Wresinski IT","og_description":"Sono arrivato il 14 luglio 1956 e su quel piazzale, detto il Castello di Francia, il sole spandeva un caldo (...) Continua a leggere &rarr;","og_url":"https:\/\/www.joseph-wresinski.org\/it\/davanti-al-mio-popolo\/","og_site_name":"Joseph Wresinski IT","article_published_time":"2021-02-11T23:00:14+00:00","og_image":[{"width":580,"height":400,"url":"https:\/\/www.joseph-wresinski.org\/it\/wp-content\/uploads\/sites\/16\/2021\/02\/CIJW-0070-631-004-Noisy-le-Grand-1963-5_Reduit-580x400-1.jpg","type":"image\/jpeg"}],"author":"Jean Tonglet","twitter_card":"summary_large_image","twitter_misc":{"Scritto da":"Jean Tonglet","Tempo di lettura stimato":"2 minuti"},"schema":{"@context":"https:\/\/schema.org","@graph":[{"@type":"Article","@id":"https:\/\/www.joseph-wresinski.org\/it\/davanti-al-mio-popolo\/#article","isPartOf":{"@id":"https:\/\/www.joseph-wresinski.org\/it\/davanti-al-mio-popolo\/"},"author":{"name":"Jean Tonglet","@id":"https:\/\/www.joseph-wresinski.org\/it\/#\/schema\/person\/93469e0206778753beddb73f4e07c8e0"},"headline":"Davanti al mio popolo","datePublished":"2021-02-11T23:00:14+00:00","mainEntityOfPage":{"@id":"https:\/\/www.joseph-wresinski.org\/it\/davanti-al-mio-popolo\/"},"wordCount":405,"commentCount":0,"image":{"@id":"https:\/\/www.joseph-wresinski.org\/it\/davanti-al-mio-popolo\/#primaryimage"},"thumbnailUrl":"https:\/\/www.joseph-wresinski.org\/it\/wp-content\/uploads\/sites\/16\/2021\/02\/CIJW-0070-631-004-Noisy-le-Grand-1963-5_Reduit-580x400-1.jpg","articleSection":["Attualit\u00e0","Estratti di libri","Scritti"],"inLanguage":"it-IT","potentialAction":[{"@type":"CommentAction","name":"Comment","target":["https:\/\/www.joseph-wresinski.org\/it\/davanti-al-mio-popolo\/#respond"]}]},{"@type":"WebPage","@id":"https:\/\/www.joseph-wresinski.org\/it\/davanti-al-mio-popolo\/","url":"https:\/\/www.joseph-wresinski.org\/it\/davanti-al-mio-popolo\/","name":"Davanti al mio popolo - Joseph Wresinski IT","isPartOf":{"@id":"https:\/\/www.joseph-wresinski.org\/it\/#website"},"primaryImageOfPage":{"@id":"https:\/\/www.joseph-wresinski.org\/it\/davanti-al-mio-popolo\/#primaryimage"},"image":{"@id":"https:\/\/www.joseph-wresinski.org\/it\/davanti-al-mio-popolo\/#primaryimage"},"thumbnailUrl":"https:\/\/www.joseph-wresinski.org\/it\/wp-content\/uploads\/sites\/16\/2021\/02\/CIJW-0070-631-004-Noisy-le-Grand-1963-5_Reduit-580x400-1.jpg","datePublished":"2021-02-11T23:00:14+00:00","author":{"@id":"https:\/\/www.joseph-wresinski.org\/it\/#\/schema\/person\/93469e0206778753beddb73f4e07c8e0"},"breadcrumb":{"@id":"https:\/\/www.joseph-wresinski.org\/it\/davanti-al-mio-popolo\/#breadcrumb"},"inLanguage":"it-IT","potentialAction":[{"@type":"ReadAction","target":["https:\/\/www.joseph-wresinski.org\/it\/davanti-al-mio-popolo\/"]}]},{"@type":"ImageObject","inLanguage":"it-IT","@id":"https:\/\/www.joseph-wresinski.org\/it\/davanti-al-mio-popolo\/#primaryimage","url":"https:\/\/www.joseph-wresinski.org\/it\/wp-content\/uploads\/sites\/16\/2021\/02\/CIJW-0070-631-004-Noisy-le-Grand-1963-5_Reduit-580x400-1.jpg","contentUrl":"https:\/\/www.joseph-wresinski.org\/it\/wp-content\/uploads\/sites\/16\/2021\/02\/CIJW-0070-631-004-Noisy-le-Grand-1963-5_Reduit-580x400-1.jpg","width":580,"height":400},{"@type":"BreadcrumbList","@id":"https:\/\/www.joseph-wresinski.org\/it\/davanti-al-mio-popolo\/#breadcrumb","itemListElement":[{"@type":"ListItem","position":1,"name":"Home","item":"https:\/\/www.joseph-wresinski.org\/it\/"},{"@type":"ListItem","position":2,"name":"Davanti al mio popolo"}]},{"@type":"WebSite","@id":"https:\/\/www.joseph-wresinski.org\/it\/#website","url":"https:\/\/www.joseph-wresinski.org\/it\/","name":"Joseph Wresinski IT","description":"Un sito proposto dal centro joseph wresinski","potentialAction":[{"@type":"SearchAction","target":{"@type":"EntryPoint","urlTemplate":"https:\/\/www.joseph-wresinski.org\/it\/?s={search_term_string}"},"query-input":{"@type":"PropertyValueSpecification","valueRequired":true,"valueName":"search_term_string"}}],"inLanguage":"it-IT"},{"@type":"Person","@id":"https:\/\/www.joseph-wresinski.org\/it\/#\/schema\/person\/93469e0206778753beddb73f4e07c8e0","name":"Jean Tonglet","image":{"@type":"ImageObject","inLanguage":"it-IT","@id":"https:\/\/secure.gravatar.com\/avatar\/599cfd98b536979bcebf2d6839f0c694333341f1caf7ba53413b62de5453de40?s=96&d=mm&r=g","url":"https:\/\/secure.gravatar.com\/avatar\/599cfd98b536979bcebf2d6839f0c694333341f1caf7ba53413b62de5453de40?s=96&d=mm&r=g","contentUrl":"https:\/\/secure.gravatar.com\/avatar\/599cfd98b536979bcebf2d6839f0c694333341f1caf7ba53413b62de5453de40?s=96&d=mm&r=g","caption":"Jean Tonglet"},"url":"https:\/\/www.joseph-wresinski.org\/it\/author\/jean\/"}]}},"_links":{"self":[{"href":"https:\/\/www.joseph-wresinski.org\/it\/wp-json\/wp\/v2\/posts\/1654","targetHints":{"allow":["GET"]}}],"collection":[{"href":"https:\/\/www.joseph-wresinski.org\/it\/wp-json\/wp\/v2\/posts"}],"about":[{"href":"https:\/\/www.joseph-wresinski.org\/it\/wp-json\/wp\/v2\/types\/post"}],"author":[{"embeddable":true,"href":"https:\/\/www.joseph-wresinski.org\/it\/wp-json\/wp\/v2\/users\/4"}],"replies":[{"embeddable":true,"href":"https:\/\/www.joseph-wresinski.org\/it\/wp-json\/wp\/v2\/comments?post=1654"}],"version-history":[{"count":1,"href":"https:\/\/www.joseph-wresinski.org\/it\/wp-json\/wp\/v2\/posts\/1654\/revisions"}],"predecessor-version":[{"id":1655,"href":"https:\/\/www.joseph-wresinski.org\/it\/wp-json\/wp\/v2\/posts\/1654\/revisions\/1655"}],"wp:featuredmedia":[{"embeddable":true,"href":"https:\/\/www.joseph-wresinski.org\/it\/wp-json\/wp\/v2\/media\/1657"}],"wp:attachment":[{"href":"https:\/\/www.joseph-wresinski.org\/it\/wp-json\/wp\/v2\/media?parent=1654"}],"wp:term":[{"taxonomy":"category","embeddable":true,"href":"https:\/\/www.joseph-wresinski.org\/it\/wp-json\/wp\/v2\/categories?post=1654"},{"taxonomy":"post_tag","embeddable":true,"href":"https:\/\/www.joseph-wresinski.org\/it\/wp-json\/wp\/v2\/tags?post=1654"}],"curies":[{"name":"wp","href":"https:\/\/api.w.org\/{rel}","templated":true}]}}