{"id":1699,"date":"2021-05-01T00:00:45","date_gmt":"2021-04-30T22:00:45","guid":{"rendered":"https:\/\/www.joseph-wresinski.org\/it\/?p=1699"},"modified":"2021-04-28T08:48:49","modified_gmt":"2021-04-28T06:48:49","slug":"ripensare-lattivita-umana","status":"publish","type":"post","link":"https:\/\/www.joseph-wresinski.org\/it\/ripensare-lattivita-umana\/","title":{"rendered":"Ripensare l&#8217;attivit\u00e0 umana"},"content":{"rendered":"<p><em>Questo messaggio indirizzato agli Stati generali sulla disoccupazione e l\u2019impiego che si sono tenuti a Parigi il 5 e 6 marzo 1988, su iniziativa del\u00a0<\/em><a href=\"https:\/\/fr.wikipedia.org\/wiki\/Mouvement_national_des_ch\u00f4meurs_et_pr\u00e9caires\"><em>Mouvement National des Ch\u00f4meurs et des Pr\u00e9caires<\/em><\/a><em> \u2013 Movimento Nazionale dei Disoccupati e dei Precari &#8211; fu registrato da padre Joseph Wresinski prima dell&#8217;operazione da lui subita nel febbraio dello stesso anno. Dopo il suo decesso, avvenuto il 14 febbraio, gli organizzatori degli Stati Generali decisero di diffondere questo testo in occasione della seduta inaugurale.<\/em><\/p>\n<p><em>In questo periodo in cui, soprattutto a causa della pandemia del Covid 19, molte persone si sono trovate disoccupate, questo testo invita a ripensare l&#8217;attivit\u00e0 umana in modo che si possa permettere ad ogni essere umano di avere accesso al lavoro e alla dignit\u00e0 a cui ha diritto e contemporaneamente alla cultura, permettendo ad ognuno di partecipare pienamente alla vita della Nazione.<\/em><\/p>\n<p>[Didascalia: <em>La gr\u00e8ve au pays de Charleroi (Lo sciopero nel paese du Charleroi), <\/em>Robert Koehler, 1886, Deutsches Historisches Museum, Berlino]<\/p>\n<p><strong>\u00a0<\/strong><strong>I \u2013 DIRITTO AL LAVORO E DIRITTI UMANI<\/strong><\/p>\n<p><strong><em>\u00a0<\/em><\/strong>L&#8217;importanza degli Stati Generali<span id='easy-footnote-1-1699' class='easy-footnote-margin-adjust'><\/span><span class='easy-footnote'><a href='https:\/\/www.joseph-wresinski.org\/it\/ripensare-lattivita-umana\/#easy-footnote-bottom-1-1699' title=' &lt;em&gt;In Francia, il termine &amp;#8220;\u00c9tats g\u00e9n\u00e9raux&amp;#8221; viene oggi utilizzato per designare una consultazione ufficiale dei gruppi di cittadini o di organizzazioni a proposito di un particolare soggetto. In questo caso, si tratta della disoccupazione e della partecipazione delle organizzazioni di datori di lavoro e di salariati, ma pu\u00f2 anche trattare di istruzione, ambiente o altre questioni. Il nome fa riferimento agli Stati Generali che, sotto l&amp;#8217;Ancien R\u00e9gime, erano un\u2019assemblea legislativa e consultiva delle diverse classi sociali (o stati) di soggetti francesi. C\u2019era un\u2019assemblea distinta per ognuno dei tre stati (clero, nobilt\u00e0 e borghesia), che veniva convocata e sciolta dal re. Nell\u2019aprile del 1789, alcuni cittadini chiesero in vano che venissero convocati anche i rappresentanti del &amp;#8220;Quarto stato&amp;#8221;, l&amp;#8217;ordine dei poveri e dei miseri. Il termine &amp;#8220;Quarto Mondo&amp;#8221; creato dal Movimento ATD Quarto Mondo alla met\u00e0 degli anni sessanta rappresenta una moderna declinazione di quell\u2019episodio della storia della Rivoluzione francese.'><sup>1<\/sup><\/a><\/span><\/em> sulla disoccupazione e l\u2019impiego, cos\u00ec come le questioni che vi saranno dibattute, risultano evidenti. Interesseranno i lavoratori e le lavoratrici che al momento sono senza lavoro o che rischiano di perderlo. Ma soprattutto essi saranno importanti per una societ\u00e0 intera che oggi affronta la sfida di ripensare l\u2019uguaglianza riguardo al diritto al lavoro a alla partecipazione nel quadro di implementazione della totalit\u00e0 dei Diritti Umani. Tali Stati Generali avranno infatti valore di progresso nella misura in cui essi sapranno considerare le realt\u00e0 del diritto al lavoro nel contesto dell&#8217;indivisibilit\u00e0 di tutte le libert\u00e0 e tutti i Diritti Umani e del Cittadino.<\/p>\n<p>A che punto siamo riguardo a questo?<\/p>\n<p><strong>II &#8211; L&#8217;INSUFFICENZA DELLE MISURE DI SOSTEGNO SOCIALE AI DISOCCUPATI<\/strong><span id='easy-footnote-2-1699' class='easy-footnote-margin-adjust'><\/span><span class='easy-footnote'><a href='https:\/\/www.joseph-wresinski.org\/it\/ripensare-lattivita-umana\/#easy-footnote-bottom-2-1699' title='&lt;em&gt;In francese il termine &amp;#8220;traitement social du ch\u00f4mage&amp;#8221;, qui tradotto con\u00a0 &amp;#8220;misure di sostegno sociale ai disoccupati&amp;#8221;, designa l\u2019insieme delle politiche di sostegno economico e sociale per i disoccupati. Si tratta spesso di politiche passive, per opposizione alla politiche attive, il cui scopo principale \u00e8 quello di ridare lavoro ai '><sup>2<\/sup><\/a><\/span><\/em><\/p>\n<p>In una societ\u00e0 in cui guadagnarsi da vivere con il proprio lavoro era progressivamente diventato il mezzo principale \u2013 praticamente assoluto \u2013 di manifestare la propria dignit\u00e0 di persona e di cittadino, non abbiamo affatto vigilato, nel corso di diversi decenni, acciocch\u00e9 il diritto all\u2019occupazione professionale fosse concretamente garantita fino al gradino pi\u00f9 basso della scala sociale. Pi\u00f9 grave ancora \u00e8 che, ai piedi di tale scala, risultavano inoltre inaccessibili quei sistemi di sicurezza che permettevano ai disoccupati di conservare il loro stato di lavoratori e una qualche protezione per le oro famiglie. Tale mancanza di garanzie, che esisteva prima della recessione e dei grandi cambiamenti economici, ha fatto in modo che con l\u2019aumento dei casi di disoccupazione di lunga durata, in particolare fra gli uomini e le donne meno qualificati e a volte poco scolarizzati, aumentasse anche l\u2019esclusione dalla condizione di lavoratori e dai diritti acquisiti.<\/p>\n<p>Possiamo dire che oggi, essendo aumentato il numero degli interessati, le pecche della nostra applicazione dei Diritti Umani riconosciuti dalla Costituzione sono divenute pi\u00f9 evidenti e continuano a scioccare sempre pi\u00f9 persone che per decenni le avevano ignorate. Inoltre, oggi non si pu\u00f2 parlare di &#8220;sussidio alla disoccupazione&#8221;, perch\u00e9 nessun &#8220;sussidio&#8221;, sia esso ad hoc, temporaneo, messo in atto per mezzo di un &#8220;lavoro minimo&#8221; o di una formazione tecnica che non d\u00e0 accesso al mercato del lavoro n\u00e9 alla partecipazione, pu\u00f2 contribuire a ristabilire la fruizione dei diritti.<\/p>\n<p><strong>III \u2013 IL DOPPIO COMPITO DELLO STATO: GARANTIRE SIA IL DIRITTO AL LAVORO, SIA IL DIRITTO ALLA CULTURA<\/strong><\/p>\n<p>\u00c8 sempre vero che la creazione di posti di lavoro e l\u2019istituzione di mezzi di formazione professionale di una certa portata rimangono un dovere assoluto dello Stato. Non \u00e8 possibile che tale compito continui a dipendere soltanto dalla buona volont\u00e0 o dall\u2019ideologia di questo o quell\u2019altro partito politico al potere. \u00c8 necessario un consenso a livello nazionale che faccia in modo che non si faccia pi\u00f9 della disoccupazione il terreno di scontro delle forze politiche rivali che si alternano.<\/p>\n<p>Ma \u00e8 anche necessario un altro consenso da parte della nazione, per quanto riguarda la reale valorizzazione del tempo in cui i lavoratori non hanno un impiego. Funzionari, impiegati, quadri, insegnanti, lavoratori indipendenti parlano sempre di pi\u00f9 della necessit\u00e0, nella vita professionale moderna, di anni sabbatici, di tempo libero per la riqualificazione, di congedo volontario &#8230; essi rivendicano e ottengono a ragione quel tempo destinato non certo ad una maggiore formazione limitata al loro campo professionale, bens\u00ec ad un significativo ampliamento della loro formazione culturale in senso pi\u00f9 lato.<\/p>\n<p>Cos\u00ec, coloro che sono ancora in corsa per la partecipazione pi\u00f9 larga alla vita economica di domani non hanno dubbi sul fatto che un solido arricchimento culturale rappresenti per loro un\u2019esigenza fondamentale. Sfortunatamente tale mezzo, ancora pi\u00f9 necessario per i disoccupati di lunga durata, i quali sono spesso deculturizzati o troppo poco acculturati, viene a mancargli completamente. La cultura in senso lato \u00e8 ci\u00f2 di cui, generalmente, la classe operaia \u00e8 sempre stata privata: perci\u00f2 si \u00e8 dovuta fare da sola e ha dovuto uscire dalla povert\u00e0 grazie alla forza delle proprie mani e della propria organizzazione. I lavoratori che versano in condizioni di grande povert\u00e0 non hanno quella possibilit\u00e0. La cultura quindi rappresenta per loro una necessit\u00e0 e un diritto assoluti.<\/p>\n<p>Perci\u00f2, un secondo dovere inesorabile dello Stato \u00e8 quello di consolidare i diritti e la libert\u00e0 delle persone, adottando misure tali per cui il tempo di disoccupazione, laddove non pu\u00f2 essere evitato, sia trasformato in un tempo sabbatico, in un tempo in cui si possano veramente rinnovare degli interessi, in cui si possa accedere alla formazione, in cui si possano acquisire nuove tecniche ma soprattutto in cui si riesca, attraverso tutto ci\u00f2, ad acquisire una cultura universale che \u00e8 sempre mancata [ai lavoratori pi\u00f9 sfavoriti] per ottenere uno stato di uguaglianza, sia nella sfera economica che nella vita in generale.<\/p>\n<p><strong>CONCLUDENDO<\/strong><\/p>\n<p>Lottare affinch\u00e9 tutti ottengano un lavoro degno e possano avere l\u2019onore di essere considerati lavoratori degni costituisce una battaglia fondamentale. Ma ovviamente, perch\u00e9 tale battaglia fondamentale abbia successo, \u00e8 necessario allo stesso tempo lottare tenacemente affinch\u00e9 quel tempo a volte inevitabile della disoccupazione diventi un tempo sabbatico di progresso umano e culturale. Diventi il tempo della formazione in senso pi\u00f9 largo, che comprenda anche la formazione che permette la partecipazione sindacale, politica e religiosa e la creazione artistica.<\/p>\n<p>Perci\u00f2, il Movimento Internazionale ATD Quarto Mondo chiede agli Stati Generali sulla disoccupazione e l\u2019impiego<\/p>\n<p>-di pretendere per i disoccupati di lunga durata, per tutti i disoccupati e per tutti i lavoratori con un modesto livello di formazione e che sono a rischio di disoccupazione, il diritto alla cultura.<\/p>\n<p>-di pretendere che vengano adottate delle misure significative affinch\u00e9 il duplice diritto al lavoro e alla cultura vengano sanciti come irreversibili fra i doveri dello Stato.<\/p>\n<p style=\"text-align: right\">Joseph Wresinski, febbraio 1988<\/p>\n<p><a href=\"#_ftnref1\" name=\"_ftn1\"><\/a><a href=\"#_ftnref2\" name=\"_ftn2\"><\/a><\/p>\n<div id=\"ConnectiveDocSignExtentionInstalled\" data-extension-version=\"1.0.4\"><\/div>\n","protected":false},"excerpt":{"rendered":"<p>Questo messaggio indirizzato agli Stati generali sulla disoccupazione e l\u2019impiego che si sono tenuti a Parigi il 5 e 6 (&#8230;) <a class=\"more-link\" href=\"https:\/\/www.joseph-wresinski.org\/it\/ripensare-lattivita-umana\/\">Continua a leggere <span class=\"meta-nav\">&rarr;<\/span><\/a><\/p>\n","protected":false},"author":4,"featured_media":1697,"comment_status":"open","ping_status":"open","sticky":false,"template":"","format":"standard","meta":{"_acf_changed":false,"ep_exclude_from_search":false,"footnotes":""},"categories":[12,76,61],"tags":[],"class_list":["post-1699","post","type-post","status-publish","format-standard","has-post-thumbnail","hentry","category-attualita","category-discorsi","category-scritti"],"acf":[],"yoast_head":"<!-- This site is optimized with the Yoast SEO plugin v27.5 - https:\/\/yoast.com\/product\/yoast-seo-wordpress\/ -->\n<title>Ripensare l&#039;attivit\u00e0 umana - Joseph Wresinski IT<\/title>\n<meta name=\"robots\" content=\"index, follow, max-snippet:-1, max-image-preview:large, max-video-preview:-1\" \/>\n<link rel=\"canonical\" href=\"https:\/\/www.joseph-wresinski.org\/it\/ripensare-lattivita-umana\/\" \/>\n<meta property=\"og:locale\" content=\"it_IT\" \/>\n<meta property=\"og:type\" content=\"article\" \/>\n<meta property=\"og:title\" content=\"Ripensare l&#039;attivit\u00e0 umana - Joseph Wresinski IT\" \/>\n<meta property=\"og:description\" content=\"Questo messaggio indirizzato agli Stati generali sulla disoccupazione e l\u2019impiego che si sono tenuti a Parigi il 5 e 6 (...) Continua a leggere &rarr;\" \/>\n<meta property=\"og:url\" content=\"https:\/\/www.joseph-wresinski.org\/it\/ripensare-lattivita-umana\/\" \/>\n<meta property=\"og:site_name\" content=\"Joseph Wresinski IT\" \/>\n<meta property=\"article:published_time\" content=\"2021-04-30T22:00:45+00:00\" \/>\n<meta property=\"og:image\" content=\"https:\/\/www.joseph-wresinski.org\/it\/wp-content\/uploads\/sites\/16\/2021\/04\/1163px-Der_Streik-_von_Robert_Koehler.jpg\" \/>\n\t<meta property=\"og:image:width\" content=\"1163\" \/>\n\t<meta property=\"og:image:height\" content=\"720\" \/>\n\t<meta property=\"og:image:type\" content=\"image\/jpeg\" \/>\n<meta name=\"author\" content=\"Jean Tonglet\" \/>\n<meta name=\"twitter:card\" content=\"summary_large_image\" \/>\n<meta name=\"twitter:label1\" content=\"Scritto da\" \/>\n\t<meta name=\"twitter:data1\" content=\"Jean Tonglet\" \/>\n\t<meta name=\"twitter:label2\" content=\"Tempo di lettura stimato\" \/>\n\t<meta name=\"twitter:data2\" content=\"6 minuti\" \/>\n<script type=\"application\/ld+json\" class=\"yoast-schema-graph\">{\"@context\":\"https:\\\/\\\/schema.org\",\"@graph\":[{\"@type\":\"Article\",\"@id\":\"https:\\\/\\\/www.joseph-wresinski.org\\\/it\\\/ripensare-lattivita-umana\\\/#article\",\"isPartOf\":{\"@id\":\"https:\\\/\\\/www.joseph-wresinski.org\\\/it\\\/ripensare-lattivita-umana\\\/\"},\"author\":{\"name\":\"Jean Tonglet\",\"@id\":\"https:\\\/\\\/www.joseph-wresinski.org\\\/it\\\/#\\\/schema\\\/person\\\/93469e0206778753beddb73f4e07c8e0\"},\"headline\":\"Ripensare l&#8217;attivit\u00e0 umana\",\"datePublished\":\"2021-04-30T22:00:45+00:00\",\"mainEntityOfPage\":{\"@id\":\"https:\\\/\\\/www.joseph-wresinski.org\\\/it\\\/ripensare-lattivita-umana\\\/\"},\"wordCount\":1307,\"commentCount\":0,\"image\":{\"@id\":\"https:\\\/\\\/www.joseph-wresinski.org\\\/it\\\/ripensare-lattivita-umana\\\/#primaryimage\"},\"thumbnailUrl\":\"https:\\\/\\\/www.joseph-wresinski.org\\\/it\\\/wp-content\\\/uploads\\\/sites\\\/16\\\/2021\\\/04\\\/1163px-Der_Streik-_von_Robert_Koehler.jpg\",\"articleSection\":[\"Attualit\u00e0\",\"Discorsi\",\"Scritti\"],\"inLanguage\":\"it-IT\",\"potentialAction\":[{\"@type\":\"CommentAction\",\"name\":\"Comment\",\"target\":[\"https:\\\/\\\/www.joseph-wresinski.org\\\/it\\\/ripensare-lattivita-umana\\\/#respond\"]}]},{\"@type\":\"WebPage\",\"@id\":\"https:\\\/\\\/www.joseph-wresinski.org\\\/it\\\/ripensare-lattivita-umana\\\/\",\"url\":\"https:\\\/\\\/www.joseph-wresinski.org\\\/it\\\/ripensare-lattivita-umana\\\/\",\"name\":\"Ripensare l'attivit\u00e0 umana - Joseph Wresinski IT\",\"isPartOf\":{\"@id\":\"https:\\\/\\\/www.joseph-wresinski.org\\\/it\\\/#website\"},\"primaryImageOfPage\":{\"@id\":\"https:\\\/\\\/www.joseph-wresinski.org\\\/it\\\/ripensare-lattivita-umana\\\/#primaryimage\"},\"image\":{\"@id\":\"https:\\\/\\\/www.joseph-wresinski.org\\\/it\\\/ripensare-lattivita-umana\\\/#primaryimage\"},\"thumbnailUrl\":\"https:\\\/\\\/www.joseph-wresinski.org\\\/it\\\/wp-content\\\/uploads\\\/sites\\\/16\\\/2021\\\/04\\\/1163px-Der_Streik-_von_Robert_Koehler.jpg\",\"datePublished\":\"2021-04-30T22:00:45+00:00\",\"author\":{\"@id\":\"https:\\\/\\\/www.joseph-wresinski.org\\\/it\\\/#\\\/schema\\\/person\\\/93469e0206778753beddb73f4e07c8e0\"},\"breadcrumb\":{\"@id\":\"https:\\\/\\\/www.joseph-wresinski.org\\\/it\\\/ripensare-lattivita-umana\\\/#breadcrumb\"},\"inLanguage\":\"it-IT\",\"potentialAction\":[{\"@type\":\"ReadAction\",\"target\":[\"https:\\\/\\\/www.joseph-wresinski.org\\\/it\\\/ripensare-lattivita-umana\\\/\"]}]},{\"@type\":\"ImageObject\",\"inLanguage\":\"it-IT\",\"@id\":\"https:\\\/\\\/www.joseph-wresinski.org\\\/it\\\/ripensare-lattivita-umana\\\/#primaryimage\",\"url\":\"https:\\\/\\\/www.joseph-wresinski.org\\\/it\\\/wp-content\\\/uploads\\\/sites\\\/16\\\/2021\\\/04\\\/1163px-Der_Streik-_von_Robert_Koehler.jpg\",\"contentUrl\":\"https:\\\/\\\/www.joseph-wresinski.org\\\/it\\\/wp-content\\\/uploads\\\/sites\\\/16\\\/2021\\\/04\\\/1163px-Der_Streik-_von_Robert_Koehler.jpg\",\"width\":1163,\"height\":720},{\"@type\":\"BreadcrumbList\",\"@id\":\"https:\\\/\\\/www.joseph-wresinski.org\\\/it\\\/ripensare-lattivita-umana\\\/#breadcrumb\",\"itemListElement\":[{\"@type\":\"ListItem\",\"position\":1,\"name\":\"Home\",\"item\":\"https:\\\/\\\/www.joseph-wresinski.org\\\/it\\\/\"},{\"@type\":\"ListItem\",\"position\":2,\"name\":\"Ripensare l&#8217;attivit\u00e0 umana\"}]},{\"@type\":\"WebSite\",\"@id\":\"https:\\\/\\\/www.joseph-wresinski.org\\\/it\\\/#website\",\"url\":\"https:\\\/\\\/www.joseph-wresinski.org\\\/it\\\/\",\"name\":\"Joseph Wresinski IT\",\"description\":\"Un sito proposto dal centro joseph wresinski\",\"potentialAction\":[{\"@type\":\"SearchAction\",\"target\":{\"@type\":\"EntryPoint\",\"urlTemplate\":\"https:\\\/\\\/www.joseph-wresinski.org\\\/it\\\/?s={search_term_string}\"},\"query-input\":{\"@type\":\"PropertyValueSpecification\",\"valueRequired\":true,\"valueName\":\"search_term_string\"}}],\"inLanguage\":\"it-IT\"},{\"@type\":\"Person\",\"@id\":\"https:\\\/\\\/www.joseph-wresinski.org\\\/it\\\/#\\\/schema\\\/person\\\/93469e0206778753beddb73f4e07c8e0\",\"name\":\"Jean Tonglet\",\"image\":{\"@type\":\"ImageObject\",\"inLanguage\":\"it-IT\",\"@id\":\"https:\\\/\\\/secure.gravatar.com\\\/avatar\\\/599cfd98b536979bcebf2d6839f0c694333341f1caf7ba53413b62de5453de40?s=96&d=mm&r=g\",\"url\":\"https:\\\/\\\/secure.gravatar.com\\\/avatar\\\/599cfd98b536979bcebf2d6839f0c694333341f1caf7ba53413b62de5453de40?s=96&d=mm&r=g\",\"contentUrl\":\"https:\\\/\\\/secure.gravatar.com\\\/avatar\\\/599cfd98b536979bcebf2d6839f0c694333341f1caf7ba53413b62de5453de40?s=96&d=mm&r=g\",\"caption\":\"Jean Tonglet\"},\"url\":\"https:\\\/\\\/www.joseph-wresinski.org\\\/it\\\/author\\\/jean\\\/\"}]}<\/script>\n<!-- \/ Yoast SEO plugin. -->","yoast_head_json":{"title":"Ripensare l'attivit\u00e0 umana - Joseph Wresinski IT","robots":{"index":"index","follow":"follow","max-snippet":"max-snippet:-1","max-image-preview":"max-image-preview:large","max-video-preview":"max-video-preview:-1"},"canonical":"https:\/\/www.joseph-wresinski.org\/it\/ripensare-lattivita-umana\/","og_locale":"it_IT","og_type":"article","og_title":"Ripensare l'attivit\u00e0 umana - Joseph Wresinski IT","og_description":"Questo messaggio indirizzato agli Stati generali sulla disoccupazione e l\u2019impiego che si sono tenuti a Parigi il 5 e 6 (...) Continua a leggere &rarr;","og_url":"https:\/\/www.joseph-wresinski.org\/it\/ripensare-lattivita-umana\/","og_site_name":"Joseph Wresinski IT","article_published_time":"2021-04-30T22:00:45+00:00","og_image":[{"width":1163,"height":720,"url":"https:\/\/www.joseph-wresinski.org\/it\/wp-content\/uploads\/sites\/16\/2021\/04\/1163px-Der_Streik-_von_Robert_Koehler.jpg","type":"image\/jpeg"}],"author":"Jean Tonglet","twitter_card":"summary_large_image","twitter_misc":{"Scritto da":"Jean Tonglet","Tempo di lettura stimato":"6 minuti"},"schema":{"@context":"https:\/\/schema.org","@graph":[{"@type":"Article","@id":"https:\/\/www.joseph-wresinski.org\/it\/ripensare-lattivita-umana\/#article","isPartOf":{"@id":"https:\/\/www.joseph-wresinski.org\/it\/ripensare-lattivita-umana\/"},"author":{"name":"Jean Tonglet","@id":"https:\/\/www.joseph-wresinski.org\/it\/#\/schema\/person\/93469e0206778753beddb73f4e07c8e0"},"headline":"Ripensare l&#8217;attivit\u00e0 umana","datePublished":"2021-04-30T22:00:45+00:00","mainEntityOfPage":{"@id":"https:\/\/www.joseph-wresinski.org\/it\/ripensare-lattivita-umana\/"},"wordCount":1307,"commentCount":0,"image":{"@id":"https:\/\/www.joseph-wresinski.org\/it\/ripensare-lattivita-umana\/#primaryimage"},"thumbnailUrl":"https:\/\/www.joseph-wresinski.org\/it\/wp-content\/uploads\/sites\/16\/2021\/04\/1163px-Der_Streik-_von_Robert_Koehler.jpg","articleSection":["Attualit\u00e0","Discorsi","Scritti"],"inLanguage":"it-IT","potentialAction":[{"@type":"CommentAction","name":"Comment","target":["https:\/\/www.joseph-wresinski.org\/it\/ripensare-lattivita-umana\/#respond"]}]},{"@type":"WebPage","@id":"https:\/\/www.joseph-wresinski.org\/it\/ripensare-lattivita-umana\/","url":"https:\/\/www.joseph-wresinski.org\/it\/ripensare-lattivita-umana\/","name":"Ripensare l'attivit\u00e0 umana - Joseph Wresinski IT","isPartOf":{"@id":"https:\/\/www.joseph-wresinski.org\/it\/#website"},"primaryImageOfPage":{"@id":"https:\/\/www.joseph-wresinski.org\/it\/ripensare-lattivita-umana\/#primaryimage"},"image":{"@id":"https:\/\/www.joseph-wresinski.org\/it\/ripensare-lattivita-umana\/#primaryimage"},"thumbnailUrl":"https:\/\/www.joseph-wresinski.org\/it\/wp-content\/uploads\/sites\/16\/2021\/04\/1163px-Der_Streik-_von_Robert_Koehler.jpg","datePublished":"2021-04-30T22:00:45+00:00","author":{"@id":"https:\/\/www.joseph-wresinski.org\/it\/#\/schema\/person\/93469e0206778753beddb73f4e07c8e0"},"breadcrumb":{"@id":"https:\/\/www.joseph-wresinski.org\/it\/ripensare-lattivita-umana\/#breadcrumb"},"inLanguage":"it-IT","potentialAction":[{"@type":"ReadAction","target":["https:\/\/www.joseph-wresinski.org\/it\/ripensare-lattivita-umana\/"]}]},{"@type":"ImageObject","inLanguage":"it-IT","@id":"https:\/\/www.joseph-wresinski.org\/it\/ripensare-lattivita-umana\/#primaryimage","url":"https:\/\/www.joseph-wresinski.org\/it\/wp-content\/uploads\/sites\/16\/2021\/04\/1163px-Der_Streik-_von_Robert_Koehler.jpg","contentUrl":"https:\/\/www.joseph-wresinski.org\/it\/wp-content\/uploads\/sites\/16\/2021\/04\/1163px-Der_Streik-_von_Robert_Koehler.jpg","width":1163,"height":720},{"@type":"BreadcrumbList","@id":"https:\/\/www.joseph-wresinski.org\/it\/ripensare-lattivita-umana\/#breadcrumb","itemListElement":[{"@type":"ListItem","position":1,"name":"Home","item":"https:\/\/www.joseph-wresinski.org\/it\/"},{"@type":"ListItem","position":2,"name":"Ripensare l&#8217;attivit\u00e0 umana"}]},{"@type":"WebSite","@id":"https:\/\/www.joseph-wresinski.org\/it\/#website","url":"https:\/\/www.joseph-wresinski.org\/it\/","name":"Joseph Wresinski IT","description":"Un sito proposto dal centro joseph wresinski","potentialAction":[{"@type":"SearchAction","target":{"@type":"EntryPoint","urlTemplate":"https:\/\/www.joseph-wresinski.org\/it\/?s={search_term_string}"},"query-input":{"@type":"PropertyValueSpecification","valueRequired":true,"valueName":"search_term_string"}}],"inLanguage":"it-IT"},{"@type":"Person","@id":"https:\/\/www.joseph-wresinski.org\/it\/#\/schema\/person\/93469e0206778753beddb73f4e07c8e0","name":"Jean Tonglet","image":{"@type":"ImageObject","inLanguage":"it-IT","@id":"https:\/\/secure.gravatar.com\/avatar\/599cfd98b536979bcebf2d6839f0c694333341f1caf7ba53413b62de5453de40?s=96&d=mm&r=g","url":"https:\/\/secure.gravatar.com\/avatar\/599cfd98b536979bcebf2d6839f0c694333341f1caf7ba53413b62de5453de40?s=96&d=mm&r=g","contentUrl":"https:\/\/secure.gravatar.com\/avatar\/599cfd98b536979bcebf2d6839f0c694333341f1caf7ba53413b62de5453de40?s=96&d=mm&r=g","caption":"Jean Tonglet"},"url":"https:\/\/www.joseph-wresinski.org\/it\/author\/jean\/"}]}},"_links":{"self":[{"href":"https:\/\/www.joseph-wresinski.org\/it\/wp-json\/wp\/v2\/posts\/1699","targetHints":{"allow":["GET"]}}],"collection":[{"href":"https:\/\/www.joseph-wresinski.org\/it\/wp-json\/wp\/v2\/posts"}],"about":[{"href":"https:\/\/www.joseph-wresinski.org\/it\/wp-json\/wp\/v2\/types\/post"}],"author":[{"embeddable":true,"href":"https:\/\/www.joseph-wresinski.org\/it\/wp-json\/wp\/v2\/users\/4"}],"replies":[{"embeddable":true,"href":"https:\/\/www.joseph-wresinski.org\/it\/wp-json\/wp\/v2\/comments?post=1699"}],"version-history":[{"count":10,"href":"https:\/\/www.joseph-wresinski.org\/it\/wp-json\/wp\/v2\/posts\/1699\/revisions"}],"predecessor-version":[{"id":1715,"href":"https:\/\/www.joseph-wresinski.org\/it\/wp-json\/wp\/v2\/posts\/1699\/revisions\/1715"}],"wp:featuredmedia":[{"embeddable":true,"href":"https:\/\/www.joseph-wresinski.org\/it\/wp-json\/wp\/v2\/media\/1697"}],"wp:attachment":[{"href":"https:\/\/www.joseph-wresinski.org\/it\/wp-json\/wp\/v2\/media?parent=1699"}],"wp:term":[{"taxonomy":"category","embeddable":true,"href":"https:\/\/www.joseph-wresinski.org\/it\/wp-json\/wp\/v2\/categories?post=1699"},{"taxonomy":"post_tag","embeddable":true,"href":"https:\/\/www.joseph-wresinski.org\/it\/wp-json\/wp\/v2\/tags?post=1699"}],"curies":[{"name":"wp","href":"https:\/\/api.w.org\/{rel}","templated":true}]}}