{"id":1784,"date":"2021-07-20T00:00:54","date_gmt":"2021-07-19T22:00:54","guid":{"rendered":"https:\/\/www.joseph-wresinski.org\/it\/?p=1784"},"modified":"2021-09-01T11:47:58","modified_gmt":"2021-09-01T09:47:58","slug":"terzo-anno-che-non-riescono-a-partire","status":"publish","type":"post","link":"https:\/\/www.joseph-wresinski.org\/it\/terzo-anno-che-non-riescono-a-partire\/","title":{"rendered":"E&#8217; il terzo anno che non riescono a partire"},"content":{"rendered":"<p><em>Il riposo, il tempo libero, le vacanze sono pi\u00f9 che mai giustamente considerati alla stregua di attivit\u00e0 essenziali. In questo testo del 1986 Padre Joseph Wresinski ci ricorda quanto i pi\u00f9 poveri ne siano troppo spesso privati.<\/em><\/p>\n<p>Man mano che si avvicina il periodo delle vacanze, una sorte di effervescenza anima i quartieri.<\/p>\n<p>I bambini diventano pi\u00f9 nervosi, a volte anche pi\u00f9 insolenti. Sopportano con pi\u00f9 difficolt\u00e0 la scuola e i loro insuccessi.<\/p>\n<p>I genitori reclamano con maggiore insistenza un po&#8217; di riposo. \u00ab Presto arriverannno le vacanze, e avremo un po&#8217; di pace, finalmente&#8230; \u00bbe\u00a0 tra di loro dicono : \u00ab Far\u00e0 bene ai ragazzi, ne hanno bisogno, impareranno qualcosa. \u00bb<\/p>\n<p>Alcuni, fin da febbraio, mettono da parte un p\u00f2 di soldi. La maggior parte li spender\u00e0 prima: il medico da pagare, l&#8217;affitto arretrato, i debiti .<\/p>\n<p>Tutti contano sulla sovvenzione-vacanza, forse anche su un p\u00f2 di fortuna&#8230;<\/p>\n<p>Si fanno progetti : \u00ab Andremo tutti insieme, con i bambini, in una casa- famiglia, oppure dai parenti. \u00bb<\/p>\n<p>\u00ab Sar\u00e0 una svolta \u00bb, dice M. Jacket. \u00ab Vado a disintossicarmi. Andremo per un mese nella casa nello Jura, ci \u00e8 stato promesso. E dopo sar\u00e0 lavoro per davvero. \u00bb<\/p>\n<p>Ma pi\u00f9 si avvicinano le vacanze, pi\u00f9 le famiglie sono prese dalla paura.<\/p>\n<p>Quest&#8217;anno non sar\u00e0 possibile andare, ci siamo ammalati, mio padre non ha lavoro&#8230; E poi bisogna farli partire tutti : con quali soldi ?<\/p>\n<p>La gente evita l&#8217;assistente sociale, perch\u00e9 i moduli non sono stati compilati&#8230; A che servirebbe, dato che, in ogni caso, i ragazzi resteranno a casa.<\/p>\n<p>Quando i figli parlano di vacanze i grandi si innervosiscono,\u00a0 ogni pretesto \u00e8 buono\u00a0 per alzare la voce.<\/p>\n<p>I bambini rimangono in strada pi\u00f9 a lungo la sera : non tira una buona aria in casa.<\/p>\n<p>Maggio e giugno sono i mesi di pignoramenti e degli sfratti.<\/p>\n<p>\u00c8 allora che i piccoli\u00a0 le prendono e i pi\u00f9 grandi dicono : \u00ab\u00a0 La colonia \u00e8 uno schifo ! \u00bb<\/p>\n<p>Mi viene in mente la ignora Estienne. Qualche anno fa, i suoi otto bambini non potevano partire : niente soldi , niente vestiti&#8230;<\/p>\n<p>Da una settimanami evitava. Quella sera, sul tardi, mi preparavo ad andare a letto. Senza far rumore, aveva spinto la porta ed era entrata nella mia baracca. Si era seduta su una panca, la testa china, piangeva.<\/p>\n<p>Dopo qualche istante mormor\u00f2\u00a0:<\/p>\n<p>\u00ab E&#8217; il terzo anno che no riescono a partire. E il padre beve&#8230; Che diventeranno ?&#8230; \u00bb<\/p>\n<p>E noi, che non ci sogneremmo mai di lasciare nessuno dei nostri figli, potremo accettare di vivere in un mondo nel quale ai bambini del sottoproletariato \u00e8 preclusa ogni possibilit\u00e0 di diventare qualcuno ?<\/p>\n<p>&nbsp;<\/p>\n<p>&nbsp;<\/p>\n","protected":false},"excerpt":{"rendered":"<p>Il riposo, il tempo libero, le vacanze sono pi\u00f9 che mai giustamente considerati alla stregua di attivit\u00e0 essenziali. In questo (&#8230;) <a class=\"more-link\" href=\"https:\/\/www.joseph-wresinski.org\/it\/terzo-anno-che-non-riescono-a-partire\/\">Continua a leggere <span class=\"meta-nav\">&rarr;<\/span><\/a><\/p>\n","protected":false},"author":4,"featured_media":1779,"comment_status":"open","ping_status":"open","sticky":false,"template":"","format":"standard","meta":{"_acf_changed":false,"ep_exclude_from_search":false,"footnotes":""},"categories":[12,77,61],"tags":[],"class_list":["post-1784","post","type-post","status-publish","format-standard","has-post-thumbnail","hentry","category-attualita","category-estratti-di-libri","category-scritti"],"acf":[],"yoast_head":"<!-- This site is optimized with the Yoast SEO plugin v27.5 - https:\/\/yoast.com\/product\/yoast-seo-wordpress\/ -->\n<title>E&#039; il terzo anno che non riescono a partire - Joseph Wresinski IT<\/title>\n<meta name=\"robots\" content=\"index, follow, max-snippet:-1, max-image-preview:large, max-video-preview:-1\" \/>\n<link rel=\"canonical\" href=\"https:\/\/www.joseph-wresinski.org\/it\/terzo-anno-che-non-riescono-a-partire\/\" \/>\n<meta property=\"og:locale\" content=\"it_IT\" \/>\n<meta property=\"og:type\" content=\"article\" \/>\n<meta property=\"og:title\" content=\"E&#039; il terzo anno che non riescono a partire - Joseph Wresinski IT\" \/>\n<meta property=\"og:description\" content=\"Il riposo, il tempo libero, le vacanze sono pi\u00f9 che mai giustamente considerati alla stregua di attivit\u00e0 essenziali. In questo (...) Continua a leggere &rarr;\" \/>\n<meta property=\"og:url\" content=\"https:\/\/www.joseph-wresinski.org\/it\/terzo-anno-che-non-riescono-a-partire\/\" \/>\n<meta property=\"og:site_name\" content=\"Joseph Wresinski IT\" \/>\n<meta property=\"article:published_time\" content=\"2021-07-19T22:00:54+00:00\" \/>\n<meta property=\"article:modified_time\" content=\"2021-09-01T09:47:58+00:00\" \/>\n<meta property=\"og:image\" content=\"https:\/\/www.joseph-wresinski.org\/it\/wp-content\/uploads\/sites\/16\/2021\/06\/bise3.jpg\" \/>\n\t<meta property=\"og:image:width\" content=\"700\" \/>\n\t<meta property=\"og:image:height\" content=\"371\" \/>\n\t<meta property=\"og:image:type\" content=\"image\/jpeg\" \/>\n<meta name=\"author\" content=\"Jean Tonglet\" \/>\n<meta name=\"twitter:card\" content=\"summary_large_image\" \/>\n<meta name=\"twitter:label1\" content=\"Scritto da\" \/>\n\t<meta name=\"twitter:data1\" content=\"Jean Tonglet\" \/>\n\t<meta name=\"twitter:label2\" content=\"Tempo di lettura stimato\" \/>\n\t<meta name=\"twitter:data2\" content=\"2 minuti\" \/>\n<script type=\"application\/ld+json\" class=\"yoast-schema-graph\">{\"@context\":\"https:\\\/\\\/schema.org\",\"@graph\":[{\"@type\":\"Article\",\"@id\":\"https:\\\/\\\/www.joseph-wresinski.org\\\/it\\\/terzo-anno-che-non-riescono-a-partire\\\/#article\",\"isPartOf\":{\"@id\":\"https:\\\/\\\/www.joseph-wresinski.org\\\/it\\\/terzo-anno-che-non-riescono-a-partire\\\/\"},\"author\":{\"name\":\"Jean Tonglet\",\"@id\":\"https:\\\/\\\/www.joseph-wresinski.org\\\/it\\\/#\\\/schema\\\/person\\\/93469e0206778753beddb73f4e07c8e0\"},\"headline\":\"E&#8217; il terzo anno che non riescono a partire\",\"datePublished\":\"2021-07-19T22:00:54+00:00\",\"dateModified\":\"2021-09-01T09:47:58+00:00\",\"mainEntityOfPage\":{\"@id\":\"https:\\\/\\\/www.joseph-wresinski.org\\\/it\\\/terzo-anno-che-non-riescono-a-partire\\\/\"},\"wordCount\":428,\"commentCount\":0,\"image\":{\"@id\":\"https:\\\/\\\/www.joseph-wresinski.org\\\/it\\\/terzo-anno-che-non-riescono-a-partire\\\/#primaryimage\"},\"thumbnailUrl\":\"https:\\\/\\\/www.joseph-wresinski.org\\\/it\\\/wp-content\\\/uploads\\\/sites\\\/16\\\/2021\\\/06\\\/bise3.jpg\",\"articleSection\":[\"Attualit\u00e0\",\"Estratti di libri\",\"Scritti\"],\"inLanguage\":\"it-IT\",\"potentialAction\":[{\"@type\":\"CommentAction\",\"name\":\"Comment\",\"target\":[\"https:\\\/\\\/www.joseph-wresinski.org\\\/it\\\/terzo-anno-che-non-riescono-a-partire\\\/#respond\"]}]},{\"@type\":\"WebPage\",\"@id\":\"https:\\\/\\\/www.joseph-wresinski.org\\\/it\\\/terzo-anno-che-non-riescono-a-partire\\\/\",\"url\":\"https:\\\/\\\/www.joseph-wresinski.org\\\/it\\\/terzo-anno-che-non-riescono-a-partire\\\/\",\"name\":\"E' il terzo anno che non riescono a partire - Joseph Wresinski IT\",\"isPartOf\":{\"@id\":\"https:\\\/\\\/www.joseph-wresinski.org\\\/it\\\/#website\"},\"primaryImageOfPage\":{\"@id\":\"https:\\\/\\\/www.joseph-wresinski.org\\\/it\\\/terzo-anno-che-non-riescono-a-partire\\\/#primaryimage\"},\"image\":{\"@id\":\"https:\\\/\\\/www.joseph-wresinski.org\\\/it\\\/terzo-anno-che-non-riescono-a-partire\\\/#primaryimage\"},\"thumbnailUrl\":\"https:\\\/\\\/www.joseph-wresinski.org\\\/it\\\/wp-content\\\/uploads\\\/sites\\\/16\\\/2021\\\/06\\\/bise3.jpg\",\"datePublished\":\"2021-07-19T22:00:54+00:00\",\"dateModified\":\"2021-09-01T09:47:58+00:00\",\"author\":{\"@id\":\"https:\\\/\\\/www.joseph-wresinski.org\\\/it\\\/#\\\/schema\\\/person\\\/93469e0206778753beddb73f4e07c8e0\"},\"breadcrumb\":{\"@id\":\"https:\\\/\\\/www.joseph-wresinski.org\\\/it\\\/terzo-anno-che-non-riescono-a-partire\\\/#breadcrumb\"},\"inLanguage\":\"it-IT\",\"potentialAction\":[{\"@type\":\"ReadAction\",\"target\":[\"https:\\\/\\\/www.joseph-wresinski.org\\\/it\\\/terzo-anno-che-non-riescono-a-partire\\\/\"]}]},{\"@type\":\"ImageObject\",\"inLanguage\":\"it-IT\",\"@id\":\"https:\\\/\\\/www.joseph-wresinski.org\\\/it\\\/terzo-anno-che-non-riescono-a-partire\\\/#primaryimage\",\"url\":\"https:\\\/\\\/www.joseph-wresinski.org\\\/it\\\/wp-content\\\/uploads\\\/sites\\\/16\\\/2021\\\/06\\\/bise3.jpg\",\"contentUrl\":\"https:\\\/\\\/www.joseph-wresinski.org\\\/it\\\/wp-content\\\/uploads\\\/sites\\\/16\\\/2021\\\/06\\\/bise3.jpg\",\"width\":700,\"height\":371},{\"@type\":\"BreadcrumbList\",\"@id\":\"https:\\\/\\\/www.joseph-wresinski.org\\\/it\\\/terzo-anno-che-non-riescono-a-partire\\\/#breadcrumb\",\"itemListElement\":[{\"@type\":\"ListItem\",\"position\":1,\"name\":\"Home\",\"item\":\"https:\\\/\\\/www.joseph-wresinski.org\\\/it\\\/\"},{\"@type\":\"ListItem\",\"position\":2,\"name\":\"E&#8217; il terzo anno che non riescono a partire\"}]},{\"@type\":\"WebSite\",\"@id\":\"https:\\\/\\\/www.joseph-wresinski.org\\\/it\\\/#website\",\"url\":\"https:\\\/\\\/www.joseph-wresinski.org\\\/it\\\/\",\"name\":\"Joseph Wresinski IT\",\"description\":\"Un sito proposto dal centro joseph wresinski\",\"potentialAction\":[{\"@type\":\"SearchAction\",\"target\":{\"@type\":\"EntryPoint\",\"urlTemplate\":\"https:\\\/\\\/www.joseph-wresinski.org\\\/it\\\/?s={search_term_string}\"},\"query-input\":{\"@type\":\"PropertyValueSpecification\",\"valueRequired\":true,\"valueName\":\"search_term_string\"}}],\"inLanguage\":\"it-IT\"},{\"@type\":\"Person\",\"@id\":\"https:\\\/\\\/www.joseph-wresinski.org\\\/it\\\/#\\\/schema\\\/person\\\/93469e0206778753beddb73f4e07c8e0\",\"name\":\"Jean Tonglet\",\"image\":{\"@type\":\"ImageObject\",\"inLanguage\":\"it-IT\",\"@id\":\"https:\\\/\\\/secure.gravatar.com\\\/avatar\\\/599cfd98b536979bcebf2d6839f0c694333341f1caf7ba53413b62de5453de40?s=96&d=mm&r=g\",\"url\":\"https:\\\/\\\/secure.gravatar.com\\\/avatar\\\/599cfd98b536979bcebf2d6839f0c694333341f1caf7ba53413b62de5453de40?s=96&d=mm&r=g\",\"contentUrl\":\"https:\\\/\\\/secure.gravatar.com\\\/avatar\\\/599cfd98b536979bcebf2d6839f0c694333341f1caf7ba53413b62de5453de40?s=96&d=mm&r=g\",\"caption\":\"Jean Tonglet\"},\"url\":\"https:\\\/\\\/www.joseph-wresinski.org\\\/it\\\/author\\\/jean\\\/\"}]}<\/script>\n<!-- \/ Yoast SEO plugin. -->","yoast_head_json":{"title":"E' il terzo anno che non riescono a partire - Joseph Wresinski IT","robots":{"index":"index","follow":"follow","max-snippet":"max-snippet:-1","max-image-preview":"max-image-preview:large","max-video-preview":"max-video-preview:-1"},"canonical":"https:\/\/www.joseph-wresinski.org\/it\/terzo-anno-che-non-riescono-a-partire\/","og_locale":"it_IT","og_type":"article","og_title":"E' il terzo anno che non riescono a partire - Joseph Wresinski IT","og_description":"Il riposo, il tempo libero, le vacanze sono pi\u00f9 che mai giustamente considerati alla stregua di attivit\u00e0 essenziali. In questo (...) Continua a leggere &rarr;","og_url":"https:\/\/www.joseph-wresinski.org\/it\/terzo-anno-che-non-riescono-a-partire\/","og_site_name":"Joseph Wresinski IT","article_published_time":"2021-07-19T22:00:54+00:00","article_modified_time":"2021-09-01T09:47:58+00:00","og_image":[{"width":700,"height":371,"url":"https:\/\/www.joseph-wresinski.org\/it\/wp-content\/uploads\/sites\/16\/2021\/06\/bise3.jpg","type":"image\/jpeg"}],"author":"Jean Tonglet","twitter_card":"summary_large_image","twitter_misc":{"Scritto da":"Jean Tonglet","Tempo di lettura stimato":"2 minuti"},"schema":{"@context":"https:\/\/schema.org","@graph":[{"@type":"Article","@id":"https:\/\/www.joseph-wresinski.org\/it\/terzo-anno-che-non-riescono-a-partire\/#article","isPartOf":{"@id":"https:\/\/www.joseph-wresinski.org\/it\/terzo-anno-che-non-riescono-a-partire\/"},"author":{"name":"Jean Tonglet","@id":"https:\/\/www.joseph-wresinski.org\/it\/#\/schema\/person\/93469e0206778753beddb73f4e07c8e0"},"headline":"E&#8217; il terzo anno che non riescono a partire","datePublished":"2021-07-19T22:00:54+00:00","dateModified":"2021-09-01T09:47:58+00:00","mainEntityOfPage":{"@id":"https:\/\/www.joseph-wresinski.org\/it\/terzo-anno-che-non-riescono-a-partire\/"},"wordCount":428,"commentCount":0,"image":{"@id":"https:\/\/www.joseph-wresinski.org\/it\/terzo-anno-che-non-riescono-a-partire\/#primaryimage"},"thumbnailUrl":"https:\/\/www.joseph-wresinski.org\/it\/wp-content\/uploads\/sites\/16\/2021\/06\/bise3.jpg","articleSection":["Attualit\u00e0","Estratti di libri","Scritti"],"inLanguage":"it-IT","potentialAction":[{"@type":"CommentAction","name":"Comment","target":["https:\/\/www.joseph-wresinski.org\/it\/terzo-anno-che-non-riescono-a-partire\/#respond"]}]},{"@type":"WebPage","@id":"https:\/\/www.joseph-wresinski.org\/it\/terzo-anno-che-non-riescono-a-partire\/","url":"https:\/\/www.joseph-wresinski.org\/it\/terzo-anno-che-non-riescono-a-partire\/","name":"E' il terzo anno che non riescono a partire - Joseph Wresinski IT","isPartOf":{"@id":"https:\/\/www.joseph-wresinski.org\/it\/#website"},"primaryImageOfPage":{"@id":"https:\/\/www.joseph-wresinski.org\/it\/terzo-anno-che-non-riescono-a-partire\/#primaryimage"},"image":{"@id":"https:\/\/www.joseph-wresinski.org\/it\/terzo-anno-che-non-riescono-a-partire\/#primaryimage"},"thumbnailUrl":"https:\/\/www.joseph-wresinski.org\/it\/wp-content\/uploads\/sites\/16\/2021\/06\/bise3.jpg","datePublished":"2021-07-19T22:00:54+00:00","dateModified":"2021-09-01T09:47:58+00:00","author":{"@id":"https:\/\/www.joseph-wresinski.org\/it\/#\/schema\/person\/93469e0206778753beddb73f4e07c8e0"},"breadcrumb":{"@id":"https:\/\/www.joseph-wresinski.org\/it\/terzo-anno-che-non-riescono-a-partire\/#breadcrumb"},"inLanguage":"it-IT","potentialAction":[{"@type":"ReadAction","target":["https:\/\/www.joseph-wresinski.org\/it\/terzo-anno-che-non-riescono-a-partire\/"]}]},{"@type":"ImageObject","inLanguage":"it-IT","@id":"https:\/\/www.joseph-wresinski.org\/it\/terzo-anno-che-non-riescono-a-partire\/#primaryimage","url":"https:\/\/www.joseph-wresinski.org\/it\/wp-content\/uploads\/sites\/16\/2021\/06\/bise3.jpg","contentUrl":"https:\/\/www.joseph-wresinski.org\/it\/wp-content\/uploads\/sites\/16\/2021\/06\/bise3.jpg","width":700,"height":371},{"@type":"BreadcrumbList","@id":"https:\/\/www.joseph-wresinski.org\/it\/terzo-anno-che-non-riescono-a-partire\/#breadcrumb","itemListElement":[{"@type":"ListItem","position":1,"name":"Home","item":"https:\/\/www.joseph-wresinski.org\/it\/"},{"@type":"ListItem","position":2,"name":"E&#8217; il terzo anno che non riescono a partire"}]},{"@type":"WebSite","@id":"https:\/\/www.joseph-wresinski.org\/it\/#website","url":"https:\/\/www.joseph-wresinski.org\/it\/","name":"Joseph Wresinski IT","description":"Un sito proposto dal centro joseph wresinski","potentialAction":[{"@type":"SearchAction","target":{"@type":"EntryPoint","urlTemplate":"https:\/\/www.joseph-wresinski.org\/it\/?s={search_term_string}"},"query-input":{"@type":"PropertyValueSpecification","valueRequired":true,"valueName":"search_term_string"}}],"inLanguage":"it-IT"},{"@type":"Person","@id":"https:\/\/www.joseph-wresinski.org\/it\/#\/schema\/person\/93469e0206778753beddb73f4e07c8e0","name":"Jean Tonglet","image":{"@type":"ImageObject","inLanguage":"it-IT","@id":"https:\/\/secure.gravatar.com\/avatar\/599cfd98b536979bcebf2d6839f0c694333341f1caf7ba53413b62de5453de40?s=96&d=mm&r=g","url":"https:\/\/secure.gravatar.com\/avatar\/599cfd98b536979bcebf2d6839f0c694333341f1caf7ba53413b62de5453de40?s=96&d=mm&r=g","contentUrl":"https:\/\/secure.gravatar.com\/avatar\/599cfd98b536979bcebf2d6839f0c694333341f1caf7ba53413b62de5453de40?s=96&d=mm&r=g","caption":"Jean Tonglet"},"url":"https:\/\/www.joseph-wresinski.org\/it\/author\/jean\/"}]}},"_links":{"self":[{"href":"https:\/\/www.joseph-wresinski.org\/it\/wp-json\/wp\/v2\/posts\/1784","targetHints":{"allow":["GET"]}}],"collection":[{"href":"https:\/\/www.joseph-wresinski.org\/it\/wp-json\/wp\/v2\/posts"}],"about":[{"href":"https:\/\/www.joseph-wresinski.org\/it\/wp-json\/wp\/v2\/types\/post"}],"author":[{"embeddable":true,"href":"https:\/\/www.joseph-wresinski.org\/it\/wp-json\/wp\/v2\/users\/4"}],"replies":[{"embeddable":true,"href":"https:\/\/www.joseph-wresinski.org\/it\/wp-json\/wp\/v2\/comments?post=1784"}],"version-history":[{"count":6,"href":"https:\/\/www.joseph-wresinski.org\/it\/wp-json\/wp\/v2\/posts\/1784\/revisions"}],"predecessor-version":[{"id":1808,"href":"https:\/\/www.joseph-wresinski.org\/it\/wp-json\/wp\/v2\/posts\/1784\/revisions\/1808"}],"wp:featuredmedia":[{"embeddable":true,"href":"https:\/\/www.joseph-wresinski.org\/it\/wp-json\/wp\/v2\/media\/1779"}],"wp:attachment":[{"href":"https:\/\/www.joseph-wresinski.org\/it\/wp-json\/wp\/v2\/media?parent=1784"}],"wp:term":[{"taxonomy":"category","embeddable":true,"href":"https:\/\/www.joseph-wresinski.org\/it\/wp-json\/wp\/v2\/categories?post=1784"},{"taxonomy":"post_tag","embeddable":true,"href":"https:\/\/www.joseph-wresinski.org\/it\/wp-json\/wp\/v2\/tags?post=1784"}],"curies":[{"name":"wp","href":"https:\/\/api.w.org\/{rel}","templated":true}]}}