{"id":1906,"date":"2022-02-14T00:00:02","date_gmt":"2022-02-13T23:00:02","guid":{"rendered":"https:\/\/www.joseph-wresinski.org\/it\/?p=1906"},"modified":"2022-02-14T10:51:05","modified_gmt":"2022-02-14T09:51:05","slug":"la-speranza-condivisa-dallintera-umanita","status":"publish","type":"post","link":"https:\/\/www.joseph-wresinski.org\/it\/la-speranza-condivisa-dallintera-umanita\/","title":{"rendered":"La speranza condivisa dall\u2019intera umanit\u00e0"},"content":{"rendered":"<p>Quando sono arrivato al campo di Noisy-le-Grand, ho incontrato l\u00ec delle famiglie simbolo del fallimento, delle famiglie che portavano le parole sofferenza e miseria impresse a fuoco sul cuore.<\/p>\n<p>Pensavo di immergermi tra la gente come tutti i sacerdoti dell\u2019epoca. Desideravo vivere con le persone , fra le persone per essere come un lievito, come un piccolo seme che germoglia lentamente. Un seme annaffiato dalle lacrime delle persone, ma anche riscaldato dall\u2019amore, l&#8217;amore delle famiglie. Era quello che sognavo di fare, e che faccio tutt\u2019ora.<\/p>\n<p>A poco a poco sono diventato, mio malgrado, un personaggio pubblico, ma mi rimane la grande gioia di essere in mezzo alle famiglie, perch\u00e9 si sente che fra noi e loro accade sempre qualcosa. Ieri sera ero presso una comunit\u00e0 cattolica a quindici chilometri da Dakar e ascoltavo alcuni uomini e alcune donne che erano l\u00ec radunati; poi loro hanno ascoltato me parlare e mi dicevo: \u00e8 straordinario come siamo simili, come siamo simili anche a quelle famiglie di Noisy-le-Grand, a quelle famiglie di New York o di Nuova Delhi, a tutte quelle famiglie che conosco e che incontro in giro per il mondo.<\/p>\n<p>In realt\u00e0, noi siamo tutti effettivamente fatti della stessa pasta, e condividiamo la medesima speranza e il medesimo bisogno che l\u2019amore faccia battere forte i cuori delle persone affinch\u00e9 le cose cambino.<\/p>\n<p>Il mio vescovo mi ha mandato ad incontrare il mondo della miseria e io vi ho incontrato il mondo della speranza, il mondo dell\u2019amore e cos\u00ec ho condiviso con quegli uomini, quelle donne, quei bambini tutta la mia vita di uomo e di sacerdote. Bisogna avere profondo rispetto per coloro che soffrono e non bisogna mai imporre loro il proprio Dio. Quelle famiglie sanno benissimo che sono un sacerdote, lo hanno scoperto. Sanno anche che il mio pi\u00f9 grande desiderio non \u00e8 quello di convertirli, ma di proporre loro il contatto con Dio. Di portare loro non necessariamente la parola, perch\u00e9 la parola pu\u00f2 essere strumentalizzata, ma semplicemente la presenza di un uomo, di un uomo che ha voluto portare con s\u00e9 dei volontari che sono semplicemente l\u00ec, in quel luogo, perch\u00e9 la miseria per loro \u00e8 insopportabile.<\/p>\n<p>Attraverso questo rifiuto della miseria, i volontari si uniscono al rifiuto delle famiglie che vivono quella miseria. Ma vorrei puntualizzare che non \u00e8 soltanto un rifiuto che ci accomuna, ma soprattutto la grande speranza che le cose un giorno cambieranno, che non possono non cambiare.<\/p>\n<p>Un giorno un ragazzino mi ha detto: &#8220;Sai, quello che bisognerebbe fare sarebbe che i ricchi venissero ad abitare nelle nostre case solo per qualche giorno e che noi andassimo ad abitare nelle loro. Poi noi gli renderemmo le loro case e sono sicuro che dopo loro non riuscirebbero pi\u00f9 ad accettare che noi, i poveri, viviamo in queste condizioni.&#8221;<\/p>\n<p>Secondo me la cosa pi\u00f9 importante \u00e8 che delle donne e degli omini possano dire al mondo, e soprattutto ai credenti, quale che sia la loro fede religiosa: &#8220;Voi ci imponete questa vita, voi accettate la vita che noi facciamo e noi diciamo a voi: ecco quello che viviamo. Ecco quella miseria che \u00e8 la nostra miseria. Quella miseria che noi rifiutiamo, anche voi dovete rifiutarla insieme a noi. Non potete continuare a pregare un Dio che viene sistematicamente offeso dalla vita che siamo costretti a fare, dalla sofferenza indescrivibile che noi viviamo tutti i giorni, in ogni istante della nostra vita. La sofferenza che viviamo non deriva dalla mancanza di pane, anche se \u00e8 importante avere il pane: noi parliamo della sofferenza che deriva dalla vergogna nella quale ci vedete sprofondare&#8221;.<\/p>\n<p>Durante tutti questi anni, le famiglie hanno spesso detto, sia ai volontari che a me: &#8220;Avete fatto delle cose, per noi, che noi non avevamo neanche in mente, perch\u00e9 non ci interessavano granch\u00e9: biblioteche, asili, gruppi famiglia, luoghi di preghiera. Noi avevamo fame, ma comunque voi ci avete dato qualcosa di essenziale, ci avete ridato la dignit\u00e0. Quando poi ci riflettiamo, capiamo che avevate ragione. Perch\u00e9 rendendoci la nostra dignit\u00e0, ci avete restituito il futuro, e restituendoci il futuro ci avete ridato il coraggio di dire no. Ci avete dato il coraggio di proclamare quel no senza rabbia, ma dicendo: questo \u00e8 ci\u00f2 che noi soffriamo, veramente potete accettarlo ?&#8221;<\/p>\n","protected":false},"excerpt":{"rendered":"<p>Quando sono arrivato al campo di Noisy-le-Grand, ho incontrato l\u00ec delle famiglie simbolo del fallimento, delle famiglie che portavano le (&#8230;) <a class=\"more-link\" href=\"https:\/\/www.joseph-wresinski.org\/it\/la-speranza-condivisa-dallintera-umanita\/\">Continua a leggere <span class=\"meta-nav\">&rarr;<\/span><\/a><\/p>\n","protected":false},"author":4,"featured_media":1907,"comment_status":"open","ping_status":"open","sticky":false,"template":"","format":"standard","meta":{"_acf_changed":false,"ep_exclude_from_search":false,"footnotes":""},"categories":[12,80,61],"tags":[],"class_list":["post-1906","post","type-post","status-publish","format-standard","has-post-thumbnail","hentry","category-attualita","category-interviste","category-scritti"],"acf":[],"yoast_head":"<!-- This site is optimized with the Yoast SEO plugin v27.5 - https:\/\/yoast.com\/product\/yoast-seo-wordpress\/ -->\n<title>La speranza condivisa dall\u2019intera umanit\u00e0 - Joseph Wresinski IT<\/title>\n<meta name=\"robots\" content=\"index, follow, max-snippet:-1, max-image-preview:large, max-video-preview:-1\" \/>\n<link rel=\"canonical\" href=\"https:\/\/www.joseph-wresinski.org\/it\/la-speranza-condivisa-dallintera-umanita\/\" \/>\n<meta property=\"og:locale\" content=\"it_IT\" \/>\n<meta property=\"og:type\" content=\"article\" \/>\n<meta property=\"og:title\" content=\"La speranza condivisa dall\u2019intera umanit\u00e0 - Joseph Wresinski IT\" \/>\n<meta property=\"og:description\" content=\"Quando sono arrivato al campo di Noisy-le-Grand, ho incontrato l\u00ec delle famiglie simbolo del fallimento, delle famiglie che portavano le (...) Continua a leggere &rarr;\" \/>\n<meta property=\"og:url\" content=\"https:\/\/www.joseph-wresinski.org\/it\/la-speranza-condivisa-dallintera-umanita\/\" \/>\n<meta property=\"og:site_name\" content=\"Joseph Wresinski IT\" \/>\n<meta property=\"article:published_time\" content=\"2022-02-13T23:00:02+00:00\" \/>\n<meta property=\"article:modified_time\" content=\"2022-02-14T09:51:05+00:00\" \/>\n<meta property=\"og:image\" content=\"https:\/\/www.joseph-wresinski.org\/it\/wp-content\/uploads\/sites\/16\/2022\/02\/2021-02-11-PEPs-ArtSi-CJW-Dessin_MDeWilde-AR0200601002-3-545x400-1.jpg\" \/>\n\t<meta property=\"og:image:width\" content=\"545\" \/>\n\t<meta property=\"og:image:height\" content=\"400\" \/>\n\t<meta property=\"og:image:type\" content=\"image\/jpeg\" \/>\n<meta name=\"author\" content=\"Jean Tonglet\" \/>\n<meta name=\"twitter:card\" content=\"summary_large_image\" \/>\n<meta name=\"twitter:label1\" content=\"Scritto da\" \/>\n\t<meta name=\"twitter:data1\" content=\"Jean Tonglet\" \/>\n\t<meta name=\"twitter:label2\" content=\"Tempo di lettura stimato\" \/>\n\t<meta name=\"twitter:data2\" content=\"4 minuti\" \/>\n<script type=\"application\/ld+json\" class=\"yoast-schema-graph\">{\"@context\":\"https:\\\/\\\/schema.org\",\"@graph\":[{\"@type\":\"Article\",\"@id\":\"https:\\\/\\\/www.joseph-wresinski.org\\\/it\\\/la-speranza-condivisa-dallintera-umanita\\\/#article\",\"isPartOf\":{\"@id\":\"https:\\\/\\\/www.joseph-wresinski.org\\\/it\\\/la-speranza-condivisa-dallintera-umanita\\\/\"},\"author\":{\"name\":\"Jean Tonglet\",\"@id\":\"https:\\\/\\\/www.joseph-wresinski.org\\\/it\\\/#\\\/schema\\\/person\\\/93469e0206778753beddb73f4e07c8e0\"},\"headline\":\"La speranza condivisa dall\u2019intera umanit\u00e0\",\"datePublished\":\"2022-02-13T23:00:02+00:00\",\"dateModified\":\"2022-02-14T09:51:05+00:00\",\"mainEntityOfPage\":{\"@id\":\"https:\\\/\\\/www.joseph-wresinski.org\\\/it\\\/la-speranza-condivisa-dallintera-umanita\\\/\"},\"wordCount\":708,\"commentCount\":0,\"image\":{\"@id\":\"https:\\\/\\\/www.joseph-wresinski.org\\\/it\\\/la-speranza-condivisa-dallintera-umanita\\\/#primaryimage\"},\"thumbnailUrl\":\"https:\\\/\\\/www.joseph-wresinski.org\\\/it\\\/wp-content\\\/uploads\\\/sites\\\/16\\\/2022\\\/02\\\/2021-02-11-PEPs-ArtSi-CJW-Dessin_MDeWilde-AR0200601002-3-545x400-1.jpg\",\"articleSection\":[\"Attualit\u00e0\",\"Interviste\",\"Scritti\"],\"inLanguage\":\"it-IT\",\"potentialAction\":[{\"@type\":\"CommentAction\",\"name\":\"Comment\",\"target\":[\"https:\\\/\\\/www.joseph-wresinski.org\\\/it\\\/la-speranza-condivisa-dallintera-umanita\\\/#respond\"]}]},{\"@type\":\"WebPage\",\"@id\":\"https:\\\/\\\/www.joseph-wresinski.org\\\/it\\\/la-speranza-condivisa-dallintera-umanita\\\/\",\"url\":\"https:\\\/\\\/www.joseph-wresinski.org\\\/it\\\/la-speranza-condivisa-dallintera-umanita\\\/\",\"name\":\"La speranza condivisa dall\u2019intera umanit\u00e0 - Joseph Wresinski IT\",\"isPartOf\":{\"@id\":\"https:\\\/\\\/www.joseph-wresinski.org\\\/it\\\/#website\"},\"primaryImageOfPage\":{\"@id\":\"https:\\\/\\\/www.joseph-wresinski.org\\\/it\\\/la-speranza-condivisa-dallintera-umanita\\\/#primaryimage\"},\"image\":{\"@id\":\"https:\\\/\\\/www.joseph-wresinski.org\\\/it\\\/la-speranza-condivisa-dallintera-umanita\\\/#primaryimage\"},\"thumbnailUrl\":\"https:\\\/\\\/www.joseph-wresinski.org\\\/it\\\/wp-content\\\/uploads\\\/sites\\\/16\\\/2022\\\/02\\\/2021-02-11-PEPs-ArtSi-CJW-Dessin_MDeWilde-AR0200601002-3-545x400-1.jpg\",\"datePublished\":\"2022-02-13T23:00:02+00:00\",\"dateModified\":\"2022-02-14T09:51:05+00:00\",\"author\":{\"@id\":\"https:\\\/\\\/www.joseph-wresinski.org\\\/it\\\/#\\\/schema\\\/person\\\/93469e0206778753beddb73f4e07c8e0\"},\"breadcrumb\":{\"@id\":\"https:\\\/\\\/www.joseph-wresinski.org\\\/it\\\/la-speranza-condivisa-dallintera-umanita\\\/#breadcrumb\"},\"inLanguage\":\"it-IT\",\"potentialAction\":[{\"@type\":\"ReadAction\",\"target\":[\"https:\\\/\\\/www.joseph-wresinski.org\\\/it\\\/la-speranza-condivisa-dallintera-umanita\\\/\"]}]},{\"@type\":\"ImageObject\",\"inLanguage\":\"it-IT\",\"@id\":\"https:\\\/\\\/www.joseph-wresinski.org\\\/it\\\/la-speranza-condivisa-dallintera-umanita\\\/#primaryimage\",\"url\":\"https:\\\/\\\/www.joseph-wresinski.org\\\/it\\\/wp-content\\\/uploads\\\/sites\\\/16\\\/2022\\\/02\\\/2021-02-11-PEPs-ArtSi-CJW-Dessin_MDeWilde-AR0200601002-3-545x400-1.jpg\",\"contentUrl\":\"https:\\\/\\\/www.joseph-wresinski.org\\\/it\\\/wp-content\\\/uploads\\\/sites\\\/16\\\/2022\\\/02\\\/2021-02-11-PEPs-ArtSi-CJW-Dessin_MDeWilde-AR0200601002-3-545x400-1.jpg\",\"width\":545,\"height\":400},{\"@type\":\"BreadcrumbList\",\"@id\":\"https:\\\/\\\/www.joseph-wresinski.org\\\/it\\\/la-speranza-condivisa-dallintera-umanita\\\/#breadcrumb\",\"itemListElement\":[{\"@type\":\"ListItem\",\"position\":1,\"name\":\"Home\",\"item\":\"https:\\\/\\\/www.joseph-wresinski.org\\\/it\\\/\"},{\"@type\":\"ListItem\",\"position\":2,\"name\":\"La speranza condivisa dall\u2019intera umanit\u00e0\"}]},{\"@type\":\"WebSite\",\"@id\":\"https:\\\/\\\/www.joseph-wresinski.org\\\/it\\\/#website\",\"url\":\"https:\\\/\\\/www.joseph-wresinski.org\\\/it\\\/\",\"name\":\"Joseph Wresinski IT\",\"description\":\"Un sito proposto dal centro joseph wresinski\",\"potentialAction\":[{\"@type\":\"SearchAction\",\"target\":{\"@type\":\"EntryPoint\",\"urlTemplate\":\"https:\\\/\\\/www.joseph-wresinski.org\\\/it\\\/?s={search_term_string}\"},\"query-input\":{\"@type\":\"PropertyValueSpecification\",\"valueRequired\":true,\"valueName\":\"search_term_string\"}}],\"inLanguage\":\"it-IT\"},{\"@type\":\"Person\",\"@id\":\"https:\\\/\\\/www.joseph-wresinski.org\\\/it\\\/#\\\/schema\\\/person\\\/93469e0206778753beddb73f4e07c8e0\",\"name\":\"Jean Tonglet\",\"image\":{\"@type\":\"ImageObject\",\"inLanguage\":\"it-IT\",\"@id\":\"https:\\\/\\\/secure.gravatar.com\\\/avatar\\\/599cfd98b536979bcebf2d6839f0c694333341f1caf7ba53413b62de5453de40?s=96&d=mm&r=g\",\"url\":\"https:\\\/\\\/secure.gravatar.com\\\/avatar\\\/599cfd98b536979bcebf2d6839f0c694333341f1caf7ba53413b62de5453de40?s=96&d=mm&r=g\",\"contentUrl\":\"https:\\\/\\\/secure.gravatar.com\\\/avatar\\\/599cfd98b536979bcebf2d6839f0c694333341f1caf7ba53413b62de5453de40?s=96&d=mm&r=g\",\"caption\":\"Jean Tonglet\"},\"url\":\"https:\\\/\\\/www.joseph-wresinski.org\\\/it\\\/author\\\/jean\\\/\"}]}<\/script>\n<!-- \/ Yoast SEO plugin. -->","yoast_head_json":{"title":"La speranza condivisa dall\u2019intera umanit\u00e0 - Joseph Wresinski IT","robots":{"index":"index","follow":"follow","max-snippet":"max-snippet:-1","max-image-preview":"max-image-preview:large","max-video-preview":"max-video-preview:-1"},"canonical":"https:\/\/www.joseph-wresinski.org\/it\/la-speranza-condivisa-dallintera-umanita\/","og_locale":"it_IT","og_type":"article","og_title":"La speranza condivisa dall\u2019intera umanit\u00e0 - Joseph Wresinski IT","og_description":"Quando sono arrivato al campo di Noisy-le-Grand, ho incontrato l\u00ec delle famiglie simbolo del fallimento, delle famiglie che portavano le (...) Continua a leggere &rarr;","og_url":"https:\/\/www.joseph-wresinski.org\/it\/la-speranza-condivisa-dallintera-umanita\/","og_site_name":"Joseph Wresinski IT","article_published_time":"2022-02-13T23:00:02+00:00","article_modified_time":"2022-02-14T09:51:05+00:00","og_image":[{"width":545,"height":400,"url":"https:\/\/www.joseph-wresinski.org\/it\/wp-content\/uploads\/sites\/16\/2022\/02\/2021-02-11-PEPs-ArtSi-CJW-Dessin_MDeWilde-AR0200601002-3-545x400-1.jpg","type":"image\/jpeg"}],"author":"Jean Tonglet","twitter_card":"summary_large_image","twitter_misc":{"Scritto da":"Jean Tonglet","Tempo di lettura stimato":"4 minuti"},"schema":{"@context":"https:\/\/schema.org","@graph":[{"@type":"Article","@id":"https:\/\/www.joseph-wresinski.org\/it\/la-speranza-condivisa-dallintera-umanita\/#article","isPartOf":{"@id":"https:\/\/www.joseph-wresinski.org\/it\/la-speranza-condivisa-dallintera-umanita\/"},"author":{"name":"Jean Tonglet","@id":"https:\/\/www.joseph-wresinski.org\/it\/#\/schema\/person\/93469e0206778753beddb73f4e07c8e0"},"headline":"La speranza condivisa dall\u2019intera umanit\u00e0","datePublished":"2022-02-13T23:00:02+00:00","dateModified":"2022-02-14T09:51:05+00:00","mainEntityOfPage":{"@id":"https:\/\/www.joseph-wresinski.org\/it\/la-speranza-condivisa-dallintera-umanita\/"},"wordCount":708,"commentCount":0,"image":{"@id":"https:\/\/www.joseph-wresinski.org\/it\/la-speranza-condivisa-dallintera-umanita\/#primaryimage"},"thumbnailUrl":"https:\/\/www.joseph-wresinski.org\/it\/wp-content\/uploads\/sites\/16\/2022\/02\/2021-02-11-PEPs-ArtSi-CJW-Dessin_MDeWilde-AR0200601002-3-545x400-1.jpg","articleSection":["Attualit\u00e0","Interviste","Scritti"],"inLanguage":"it-IT","potentialAction":[{"@type":"CommentAction","name":"Comment","target":["https:\/\/www.joseph-wresinski.org\/it\/la-speranza-condivisa-dallintera-umanita\/#respond"]}]},{"@type":"WebPage","@id":"https:\/\/www.joseph-wresinski.org\/it\/la-speranza-condivisa-dallintera-umanita\/","url":"https:\/\/www.joseph-wresinski.org\/it\/la-speranza-condivisa-dallintera-umanita\/","name":"La speranza condivisa dall\u2019intera umanit\u00e0 - Joseph Wresinski IT","isPartOf":{"@id":"https:\/\/www.joseph-wresinski.org\/it\/#website"},"primaryImageOfPage":{"@id":"https:\/\/www.joseph-wresinski.org\/it\/la-speranza-condivisa-dallintera-umanita\/#primaryimage"},"image":{"@id":"https:\/\/www.joseph-wresinski.org\/it\/la-speranza-condivisa-dallintera-umanita\/#primaryimage"},"thumbnailUrl":"https:\/\/www.joseph-wresinski.org\/it\/wp-content\/uploads\/sites\/16\/2022\/02\/2021-02-11-PEPs-ArtSi-CJW-Dessin_MDeWilde-AR0200601002-3-545x400-1.jpg","datePublished":"2022-02-13T23:00:02+00:00","dateModified":"2022-02-14T09:51:05+00:00","author":{"@id":"https:\/\/www.joseph-wresinski.org\/it\/#\/schema\/person\/93469e0206778753beddb73f4e07c8e0"},"breadcrumb":{"@id":"https:\/\/www.joseph-wresinski.org\/it\/la-speranza-condivisa-dallintera-umanita\/#breadcrumb"},"inLanguage":"it-IT","potentialAction":[{"@type":"ReadAction","target":["https:\/\/www.joseph-wresinski.org\/it\/la-speranza-condivisa-dallintera-umanita\/"]}]},{"@type":"ImageObject","inLanguage":"it-IT","@id":"https:\/\/www.joseph-wresinski.org\/it\/la-speranza-condivisa-dallintera-umanita\/#primaryimage","url":"https:\/\/www.joseph-wresinski.org\/it\/wp-content\/uploads\/sites\/16\/2022\/02\/2021-02-11-PEPs-ArtSi-CJW-Dessin_MDeWilde-AR0200601002-3-545x400-1.jpg","contentUrl":"https:\/\/www.joseph-wresinski.org\/it\/wp-content\/uploads\/sites\/16\/2022\/02\/2021-02-11-PEPs-ArtSi-CJW-Dessin_MDeWilde-AR0200601002-3-545x400-1.jpg","width":545,"height":400},{"@type":"BreadcrumbList","@id":"https:\/\/www.joseph-wresinski.org\/it\/la-speranza-condivisa-dallintera-umanita\/#breadcrumb","itemListElement":[{"@type":"ListItem","position":1,"name":"Home","item":"https:\/\/www.joseph-wresinski.org\/it\/"},{"@type":"ListItem","position":2,"name":"La speranza condivisa dall\u2019intera umanit\u00e0"}]},{"@type":"WebSite","@id":"https:\/\/www.joseph-wresinski.org\/it\/#website","url":"https:\/\/www.joseph-wresinski.org\/it\/","name":"Joseph Wresinski IT","description":"Un sito proposto dal centro joseph wresinski","potentialAction":[{"@type":"SearchAction","target":{"@type":"EntryPoint","urlTemplate":"https:\/\/www.joseph-wresinski.org\/it\/?s={search_term_string}"},"query-input":{"@type":"PropertyValueSpecification","valueRequired":true,"valueName":"search_term_string"}}],"inLanguage":"it-IT"},{"@type":"Person","@id":"https:\/\/www.joseph-wresinski.org\/it\/#\/schema\/person\/93469e0206778753beddb73f4e07c8e0","name":"Jean Tonglet","image":{"@type":"ImageObject","inLanguage":"it-IT","@id":"https:\/\/secure.gravatar.com\/avatar\/599cfd98b536979bcebf2d6839f0c694333341f1caf7ba53413b62de5453de40?s=96&d=mm&r=g","url":"https:\/\/secure.gravatar.com\/avatar\/599cfd98b536979bcebf2d6839f0c694333341f1caf7ba53413b62de5453de40?s=96&d=mm&r=g","contentUrl":"https:\/\/secure.gravatar.com\/avatar\/599cfd98b536979bcebf2d6839f0c694333341f1caf7ba53413b62de5453de40?s=96&d=mm&r=g","caption":"Jean Tonglet"},"url":"https:\/\/www.joseph-wresinski.org\/it\/author\/jean\/"}]}},"_links":{"self":[{"href":"https:\/\/www.joseph-wresinski.org\/it\/wp-json\/wp\/v2\/posts\/1906","targetHints":{"allow":["GET"]}}],"collection":[{"href":"https:\/\/www.joseph-wresinski.org\/it\/wp-json\/wp\/v2\/posts"}],"about":[{"href":"https:\/\/www.joseph-wresinski.org\/it\/wp-json\/wp\/v2\/types\/post"}],"author":[{"embeddable":true,"href":"https:\/\/www.joseph-wresinski.org\/it\/wp-json\/wp\/v2\/users\/4"}],"replies":[{"embeddable":true,"href":"https:\/\/www.joseph-wresinski.org\/it\/wp-json\/wp\/v2\/comments?post=1906"}],"version-history":[{"count":2,"href":"https:\/\/www.joseph-wresinski.org\/it\/wp-json\/wp\/v2\/posts\/1906\/revisions"}],"predecessor-version":[{"id":1913,"href":"https:\/\/www.joseph-wresinski.org\/it\/wp-json\/wp\/v2\/posts\/1906\/revisions\/1913"}],"wp:featuredmedia":[{"embeddable":true,"href":"https:\/\/www.joseph-wresinski.org\/it\/wp-json\/wp\/v2\/media\/1907"}],"wp:attachment":[{"href":"https:\/\/www.joseph-wresinski.org\/it\/wp-json\/wp\/v2\/media?parent=1906"}],"wp:term":[{"taxonomy":"category","embeddable":true,"href":"https:\/\/www.joseph-wresinski.org\/it\/wp-json\/wp\/v2\/categories?post=1906"},{"taxonomy":"post_tag","embeddable":true,"href":"https:\/\/www.joseph-wresinski.org\/it\/wp-json\/wp\/v2\/tags?post=1906"}],"curies":[{"name":"wp","href":"https:\/\/api.w.org\/{rel}","templated":true}]}}