{"id":1966,"date":"2022-07-10T00:00:44","date_gmt":"2022-07-09T22:00:44","guid":{"rendered":"https:\/\/www.joseph-wresinski.org\/it\/?p=1966"},"modified":"2022-07-12T16:26:48","modified_gmt":"2022-07-12T14:26:48","slug":"il-diritto-alle-vacanze-uno-dei-diritti-umani","status":"publish","type":"post","link":"https:\/\/www.joseph-wresinski.org\/it\/il-diritto-alle-vacanze-uno-dei-diritti-umani\/","title":{"rendered":"Il diritto alle vacanze, uno dei diritti umani"},"content":{"rendered":"<p>Era il 1959. Erano pi\u00f9 di due anni che ero al campo di Noisy-le-Grand. Ero sfinito; le mie notti erano cariche di angoscia e di paura. Le cose andavano male, per le famiglie. Quell\u2019inverno era stato molto freddo. Alcuni bambini erano stati portati via ai loro genitori che non erano pi\u00f9 in grado di nutrirli. La maggior parte di essi non aveva potuto andare a scuola perch\u00e9 mancavano le classi per accoglierli e anche perch\u00e9 loro non avevano scarpe.<\/p>\n<p>Era arrivata l\u2019estate. Centinaia di bambini non avevano potuto essere accolti dai centri di vacanza svizzeri, belgi o francesi. I neonati si disidratavano e venivano portati all\u2019ospedale.<\/p>\n<p>Non mi davo pace, disperato come ero davanti a tanta miseria e a cos\u00ec pochi mezzi per combatterla. Alcuni amici mi offrirono ospitalit\u00e0 in Svizzera per qualche settimana. Sarei fuggito da quell\u2019inferno quotidiano, avrei ritrovato le forze. E sarei tornato ad immergermi nella miseria pi\u00f9 vitale e pi\u00f9 fiducioso nel futuro delle famiglie.<\/p>\n<p>Ne ho parlato con loro: alcune erano felici e mi incoraggiavano: \u00ab Lei \u00e8 troppo stanco. Lei non ce la fa, con noi, \u00e8 troppo dura\u00bb. Alcuni pensavano: \u00ab \u00c8 una scusa, poi non torna\u00bb. Si trattava anche di gelosia. \u00ab Noi, da tre anni che siamo qui, non siamo mai neanche andati al municipio di Noisy \u00bb.<\/p>\n<p>\u00ab Vacanze ? I miei bambini non sono stati accettati dagli svizzeri. Non potevamo pagare\u00bb.<\/p>\n<p>Insomma, i sentimenti erano molteplici. Scoprivo, in quella estate del 1959, che le vacanze erano cosa da ricchi. A volte, qualcuno me lo diceva: \u00ab \u00c8 fortunato ad andare in Svizzera\u00bb. Altri me lo facevano capire : \u00ab Buon per Lei, sar\u00e0 meno arrabbiato \u00bb.<\/p>\n<p>Quindi, il 12 luglio ho lasciato il campo per andare alla Gare de Lyon. Ma non ho mai avuto il coraggio di salire sul treno. Sono tornato sui miei passi, rientrando alla bidonville la sera stessa.<\/p>\n<p>Andare in vacanza, in quel periodo, lasciandomi dietro 252 famiglie, pi\u00f9 di un migliaio di bambini dei 1.200 che non andavano mai in vacanza, non potevo proprio.<\/p>\n<p>Fu in quell\u2019estate del 1959 che, a mani nude, senza l\u2019incoraggiamento di altri volontari, \u00a0decisi di creare delle case-vacanze in cui potevano essere accolte le famiglie e dove esse stesse avrebbero potuto accoglierne delle altre. (\u2026)<\/p>\n<p>Le famiglie dovevano avere una via di fuga, un rifugio dove recuperare le forze, dove ritrovare l\u2019amore fra genitori e figli, dove ritrovare l\u2019amicizia fra vicini. Un posto sempre aperto, pronto ad accogliere, in qualsiasi momento dell\u2019anno , una, due famiglie in difficolt\u00e0, sull\u2019orlo del precipizio. Erano questi i progetti che avevo in quell\u2019estate del 1959.<\/p>\n<p style=\"text-align: center\">***<\/p>\n<p>Nel 1966 venne acquistata una casa in rue Cossoneau a Noisy-le-Grand; l\u2019anno successivo, ci venne donata La\u00a0 Crausa a Treyvaux in Svizzera. Nel 1973 avemmo la possibilit\u00e0 di acquistare la fattoria di Wijhe, nei Paesi Bassi, poi nel 1978 la Bise, a Arbois, nel Jura francese. Infine, nel 1980, ricevemmo Brendam, in Scozia.<\/p>\n<p>Cos\u00ec, grazie al coraggio dei volontari, le famiglie pi\u00f9 povere d\u2019Europa avevano ottenuto dei posti in cui poter trascorrere delle vacanze, le loro vacanze. Finalmente avrebbero potuto trovare pace, sole, natura, risate e gioia. Finiva per loro la vita da prigionieri, rinchiusi nella miseria, imprigionati nella vita quotidiana, senza nessun\u2019altra prospettiva, giorno dopo giorno, se non quella di ritrovare i muri grigi dei quartieri, la loro stessa fatica e l\u2019angoscia dei vicini; basta con il sovraffollamento, il nervosismo e le crisi, per qualche settimana. Finalmente ci si poteva amare, esprimersi stima reciproca, parlare insieme con calma, fare progetti, tornare ad essere s\u00e9 stessi e farsi delle amicizie.<\/p>\n<p>Ma, anche se dopo una decina d\u2019anni, finalmente, venivano aperte le prime case-vacanze, non avevamo ottenuto niente. Riempirsi il cuore e lo spirito, bersi il sole, condividerlo e tuffarcisi dentro, riscoprire la natura ed amarla, rimane cosa da ecologisti, da veri turisti, e non da povera gente.<\/p>\n<p>La natura per tutti, il mare, la montagna per tutti era stato il sogno dei sostenitori dei Diritti della Persona, non certo quello delle diverse amministrazioni, fossero esse britanniche, olandesi, francesi o svizzere.<\/p>\n<p>Perci\u00f2 quelle case-vacanze, con il loro patrimonio di amicizia che vi si condivide, non vengono supportate dai poteri pubblici: il diritto che i bambini hanno di poter conoscere gli alberi, le pecore, le mucche, di scoprire altri orizzonti, \u00e8 un diritto negato ai bambini della miseria. (\u2026)<\/p>\n<p>\u00c8 un fatto. Il diritto delle famiglie pi\u00f9 povere al relax, al cambiar aria, ad un periodo di libert\u00e0 e di rinascita, nel 1984, dopo 25 anni di lotte e battaglie, non viene riconosciuto.<\/p>\n<p>I tempi sembrano troppo difficili, oggi, per pensare alle vacanze, per offrire, ai genitori e ai bambini delle famiglie pi\u00f9 provate e pi\u00f9 abusate dalla vita, la possibilit\u00e0 di pensare che essi sono esseri umani, esseri che hanno il diritto di riflettere, ridere, giocare, provare meraviglia, in una parola, di essere persone.<\/p>\n<p>La maggior parte delle famiglie, nei nostri paesi, continua a prendersi almeno una settimana o due per staccare dalla quotidianit\u00e0 sempre gravata di preoccupazioni. Ma alcuni di noi riescono a dire che i disoccupati sono in vacanza tutto l\u2019anno e che sarebbe indecente pagargli dei giorni di riposo e di svago. \u00abSe sono stanchi, sono stanchi di fare niente\u00bb. Cos\u2019\u00e8, leggerezza, ironia? Il lavoratore che non ha lavoro non \u00e8 forse affaticato, scoraggiato, disperato pi\u00f9 di chiunque altro?<\/p>\n<p>Il diritto alle vacanze \u00e8 il diritto di essere persone. Non archiviate questo documento senza promettere a voi stessi di lottare affinch\u00e9 tutte le famiglie, ricche o povere che siano, abbiano finalmente la possibilit\u00e0 di dimenticare la vita quotidiana per qualche settimana per ritrovare la propria umanit\u00e0.<\/p>\n","protected":false},"excerpt":{"rendered":"<p>Era il 1959. Erano pi\u00f9 di due anni che ero al campo di Noisy-le-Grand. Ero sfinito; le mie notti erano (&#8230;) <a class=\"more-link\" href=\"https:\/\/www.joseph-wresinski.org\/it\/il-diritto-alle-vacanze-uno-dei-diritti-umani\/\">Continua a leggere <span class=\"meta-nav\">&rarr;<\/span><\/a><\/p>\n","protected":false},"author":4,"featured_media":1965,"comment_status":"open","ping_status":"open","sticky":false,"template":"","format":"standard","meta":{"_acf_changed":false,"ep_exclude_from_search":false,"footnotes":""},"categories":[12,78,61],"tags":[],"class_list":["post-1966","post","type-post","status-publish","format-standard","has-post-thumbnail","hentry","category-attualita","category-editoriali-e-prefazioni","category-scritti"],"acf":[],"yoast_head":"<!-- This site is optimized with the Yoast SEO plugin v27.5 - https:\/\/yoast.com\/product\/yoast-seo-wordpress\/ -->\n<title>Il diritto alle vacanze, uno dei diritti umani - Joseph Wresinski IT<\/title>\n<meta name=\"robots\" content=\"index, follow, max-snippet:-1, max-image-preview:large, max-video-preview:-1\" \/>\n<link rel=\"canonical\" href=\"https:\/\/www.joseph-wresinski.org\/it\/il-diritto-alle-vacanze-uno-dei-diritti-umani\/\" \/>\n<meta property=\"og:locale\" content=\"it_IT\" \/>\n<meta property=\"og:type\" content=\"article\" \/>\n<meta property=\"og:title\" content=\"Il diritto alle vacanze, uno dei diritti umani - Joseph Wresinski IT\" \/>\n<meta property=\"og:description\" content=\"Era il 1959. Erano pi\u00f9 di due anni che ero al campo di Noisy-le-Grand. Ero sfinito; le mie notti erano (...) Continua a leggere &rarr;\" \/>\n<meta property=\"og:url\" content=\"https:\/\/www.joseph-wresinski.org\/it\/il-diritto-alle-vacanze-uno-dei-diritti-umani\/\" \/>\n<meta property=\"og:site_name\" content=\"Joseph Wresinski IT\" \/>\n<meta property=\"article:published_time\" content=\"2022-07-09T22:00:44+00:00\" \/>\n<meta property=\"article:modified_time\" content=\"2022-07-12T14:26:48+00:00\" \/>\n<meta property=\"og:image\" content=\"https:\/\/www.joseph-wresinski.org\/it\/wp-content\/uploads\/sites\/16\/2022\/07\/Brooklyn_Museum_-_Bathers_-_Edward_Henry_Potthast_-_overall.jpg\" \/>\n\t<meta property=\"og:image:width\" content=\"760\" \/>\n\t<meta property=\"og:image:height\" content=\"599\" \/>\n\t<meta property=\"og:image:type\" content=\"image\/jpeg\" \/>\n<meta name=\"author\" content=\"Jean Tonglet\" \/>\n<meta name=\"twitter:card\" content=\"summary_large_image\" \/>\n<meta name=\"twitter:label1\" content=\"Scritto da\" \/>\n\t<meta name=\"twitter:data1\" content=\"Jean Tonglet\" \/>\n\t<meta name=\"twitter:label2\" content=\"Tempo di lettura stimato\" \/>\n\t<meta name=\"twitter:data2\" content=\"5 minuti\" \/>\n<script type=\"application\/ld+json\" class=\"yoast-schema-graph\">{\"@context\":\"https:\\\/\\\/schema.org\",\"@graph\":[{\"@type\":\"Article\",\"@id\":\"https:\\\/\\\/www.joseph-wresinski.org\\\/it\\\/il-diritto-alle-vacanze-uno-dei-diritti-umani\\\/#article\",\"isPartOf\":{\"@id\":\"https:\\\/\\\/www.joseph-wresinski.org\\\/it\\\/il-diritto-alle-vacanze-uno-dei-diritti-umani\\\/\"},\"author\":{\"name\":\"Jean Tonglet\",\"@id\":\"https:\\\/\\\/www.joseph-wresinski.org\\\/it\\\/#\\\/schema\\\/person\\\/93469e0206778753beddb73f4e07c8e0\"},\"headline\":\"Il diritto alle vacanze, uno dei diritti umani\",\"datePublished\":\"2022-07-09T22:00:44+00:00\",\"dateModified\":\"2022-07-12T14:26:48+00:00\",\"mainEntityOfPage\":{\"@id\":\"https:\\\/\\\/www.joseph-wresinski.org\\\/it\\\/il-diritto-alle-vacanze-uno-dei-diritti-umani\\\/\"},\"wordCount\":921,\"commentCount\":0,\"image\":{\"@id\":\"https:\\\/\\\/www.joseph-wresinski.org\\\/it\\\/il-diritto-alle-vacanze-uno-dei-diritti-umani\\\/#primaryimage\"},\"thumbnailUrl\":\"https:\\\/\\\/www.joseph-wresinski.org\\\/it\\\/wp-content\\\/uploads\\\/sites\\\/16\\\/2022\\\/07\\\/Brooklyn_Museum_-_Bathers_-_Edward_Henry_Potthast_-_overall.jpg\",\"articleSection\":[\"Attualit\u00e0\",\"Editoriali e prefazioni\",\"Scritti\"],\"inLanguage\":\"it-IT\",\"potentialAction\":[{\"@type\":\"CommentAction\",\"name\":\"Comment\",\"target\":[\"https:\\\/\\\/www.joseph-wresinski.org\\\/it\\\/il-diritto-alle-vacanze-uno-dei-diritti-umani\\\/#respond\"]}]},{\"@type\":\"WebPage\",\"@id\":\"https:\\\/\\\/www.joseph-wresinski.org\\\/it\\\/il-diritto-alle-vacanze-uno-dei-diritti-umani\\\/\",\"url\":\"https:\\\/\\\/www.joseph-wresinski.org\\\/it\\\/il-diritto-alle-vacanze-uno-dei-diritti-umani\\\/\",\"name\":\"Il diritto alle vacanze, uno dei diritti umani - Joseph Wresinski IT\",\"isPartOf\":{\"@id\":\"https:\\\/\\\/www.joseph-wresinski.org\\\/it\\\/#website\"},\"primaryImageOfPage\":{\"@id\":\"https:\\\/\\\/www.joseph-wresinski.org\\\/it\\\/il-diritto-alle-vacanze-uno-dei-diritti-umani\\\/#primaryimage\"},\"image\":{\"@id\":\"https:\\\/\\\/www.joseph-wresinski.org\\\/it\\\/il-diritto-alle-vacanze-uno-dei-diritti-umani\\\/#primaryimage\"},\"thumbnailUrl\":\"https:\\\/\\\/www.joseph-wresinski.org\\\/it\\\/wp-content\\\/uploads\\\/sites\\\/16\\\/2022\\\/07\\\/Brooklyn_Museum_-_Bathers_-_Edward_Henry_Potthast_-_overall.jpg\",\"datePublished\":\"2022-07-09T22:00:44+00:00\",\"dateModified\":\"2022-07-12T14:26:48+00:00\",\"author\":{\"@id\":\"https:\\\/\\\/www.joseph-wresinski.org\\\/it\\\/#\\\/schema\\\/person\\\/93469e0206778753beddb73f4e07c8e0\"},\"breadcrumb\":{\"@id\":\"https:\\\/\\\/www.joseph-wresinski.org\\\/it\\\/il-diritto-alle-vacanze-uno-dei-diritti-umani\\\/#breadcrumb\"},\"inLanguage\":\"it-IT\",\"potentialAction\":[{\"@type\":\"ReadAction\",\"target\":[\"https:\\\/\\\/www.joseph-wresinski.org\\\/it\\\/il-diritto-alle-vacanze-uno-dei-diritti-umani\\\/\"]}]},{\"@type\":\"ImageObject\",\"inLanguage\":\"it-IT\",\"@id\":\"https:\\\/\\\/www.joseph-wresinski.org\\\/it\\\/il-diritto-alle-vacanze-uno-dei-diritti-umani\\\/#primaryimage\",\"url\":\"https:\\\/\\\/www.joseph-wresinski.org\\\/it\\\/wp-content\\\/uploads\\\/sites\\\/16\\\/2022\\\/07\\\/Brooklyn_Museum_-_Bathers_-_Edward_Henry_Potthast_-_overall.jpg\",\"contentUrl\":\"https:\\\/\\\/www.joseph-wresinski.org\\\/it\\\/wp-content\\\/uploads\\\/sites\\\/16\\\/2022\\\/07\\\/Brooklyn_Museum_-_Bathers_-_Edward_Henry_Potthast_-_overall.jpg\",\"width\":760,\"height\":599},{\"@type\":\"BreadcrumbList\",\"@id\":\"https:\\\/\\\/www.joseph-wresinski.org\\\/it\\\/il-diritto-alle-vacanze-uno-dei-diritti-umani\\\/#breadcrumb\",\"itemListElement\":[{\"@type\":\"ListItem\",\"position\":1,\"name\":\"Home\",\"item\":\"https:\\\/\\\/www.joseph-wresinski.org\\\/it\\\/\"},{\"@type\":\"ListItem\",\"position\":2,\"name\":\"Il diritto alle vacanze, uno dei diritti umani\"}]},{\"@type\":\"WebSite\",\"@id\":\"https:\\\/\\\/www.joseph-wresinski.org\\\/it\\\/#website\",\"url\":\"https:\\\/\\\/www.joseph-wresinski.org\\\/it\\\/\",\"name\":\"Joseph Wresinski IT\",\"description\":\"Un sito proposto dal centro joseph wresinski\",\"potentialAction\":[{\"@type\":\"SearchAction\",\"target\":{\"@type\":\"EntryPoint\",\"urlTemplate\":\"https:\\\/\\\/www.joseph-wresinski.org\\\/it\\\/?s={search_term_string}\"},\"query-input\":{\"@type\":\"PropertyValueSpecification\",\"valueRequired\":true,\"valueName\":\"search_term_string\"}}],\"inLanguage\":\"it-IT\"},{\"@type\":\"Person\",\"@id\":\"https:\\\/\\\/www.joseph-wresinski.org\\\/it\\\/#\\\/schema\\\/person\\\/93469e0206778753beddb73f4e07c8e0\",\"name\":\"Jean Tonglet\",\"image\":{\"@type\":\"ImageObject\",\"inLanguage\":\"it-IT\",\"@id\":\"https:\\\/\\\/secure.gravatar.com\\\/avatar\\\/599cfd98b536979bcebf2d6839f0c694333341f1caf7ba53413b62de5453de40?s=96&d=mm&r=g\",\"url\":\"https:\\\/\\\/secure.gravatar.com\\\/avatar\\\/599cfd98b536979bcebf2d6839f0c694333341f1caf7ba53413b62de5453de40?s=96&d=mm&r=g\",\"contentUrl\":\"https:\\\/\\\/secure.gravatar.com\\\/avatar\\\/599cfd98b536979bcebf2d6839f0c694333341f1caf7ba53413b62de5453de40?s=96&d=mm&r=g\",\"caption\":\"Jean Tonglet\"},\"url\":\"https:\\\/\\\/www.joseph-wresinski.org\\\/it\\\/author\\\/jean\\\/\"}]}<\/script>\n<!-- \/ Yoast SEO plugin. -->","yoast_head_json":{"title":"Il diritto alle vacanze, uno dei diritti umani - Joseph Wresinski IT","robots":{"index":"index","follow":"follow","max-snippet":"max-snippet:-1","max-image-preview":"max-image-preview:large","max-video-preview":"max-video-preview:-1"},"canonical":"https:\/\/www.joseph-wresinski.org\/it\/il-diritto-alle-vacanze-uno-dei-diritti-umani\/","og_locale":"it_IT","og_type":"article","og_title":"Il diritto alle vacanze, uno dei diritti umani - Joseph Wresinski IT","og_description":"Era il 1959. Erano pi\u00f9 di due anni che ero al campo di Noisy-le-Grand. Ero sfinito; le mie notti erano (...) Continua a leggere &rarr;","og_url":"https:\/\/www.joseph-wresinski.org\/it\/il-diritto-alle-vacanze-uno-dei-diritti-umani\/","og_site_name":"Joseph Wresinski IT","article_published_time":"2022-07-09T22:00:44+00:00","article_modified_time":"2022-07-12T14:26:48+00:00","og_image":[{"width":760,"height":599,"url":"https:\/\/www.joseph-wresinski.org\/it\/wp-content\/uploads\/sites\/16\/2022\/07\/Brooklyn_Museum_-_Bathers_-_Edward_Henry_Potthast_-_overall.jpg","type":"image\/jpeg"}],"author":"Jean Tonglet","twitter_card":"summary_large_image","twitter_misc":{"Scritto da":"Jean Tonglet","Tempo di lettura stimato":"5 minuti"},"schema":{"@context":"https:\/\/schema.org","@graph":[{"@type":"Article","@id":"https:\/\/www.joseph-wresinski.org\/it\/il-diritto-alle-vacanze-uno-dei-diritti-umani\/#article","isPartOf":{"@id":"https:\/\/www.joseph-wresinski.org\/it\/il-diritto-alle-vacanze-uno-dei-diritti-umani\/"},"author":{"name":"Jean Tonglet","@id":"https:\/\/www.joseph-wresinski.org\/it\/#\/schema\/person\/93469e0206778753beddb73f4e07c8e0"},"headline":"Il diritto alle vacanze, uno dei diritti umani","datePublished":"2022-07-09T22:00:44+00:00","dateModified":"2022-07-12T14:26:48+00:00","mainEntityOfPage":{"@id":"https:\/\/www.joseph-wresinski.org\/it\/il-diritto-alle-vacanze-uno-dei-diritti-umani\/"},"wordCount":921,"commentCount":0,"image":{"@id":"https:\/\/www.joseph-wresinski.org\/it\/il-diritto-alle-vacanze-uno-dei-diritti-umani\/#primaryimage"},"thumbnailUrl":"https:\/\/www.joseph-wresinski.org\/it\/wp-content\/uploads\/sites\/16\/2022\/07\/Brooklyn_Museum_-_Bathers_-_Edward_Henry_Potthast_-_overall.jpg","articleSection":["Attualit\u00e0","Editoriali e prefazioni","Scritti"],"inLanguage":"it-IT","potentialAction":[{"@type":"CommentAction","name":"Comment","target":["https:\/\/www.joseph-wresinski.org\/it\/il-diritto-alle-vacanze-uno-dei-diritti-umani\/#respond"]}]},{"@type":"WebPage","@id":"https:\/\/www.joseph-wresinski.org\/it\/il-diritto-alle-vacanze-uno-dei-diritti-umani\/","url":"https:\/\/www.joseph-wresinski.org\/it\/il-diritto-alle-vacanze-uno-dei-diritti-umani\/","name":"Il diritto alle vacanze, uno dei diritti umani - Joseph Wresinski IT","isPartOf":{"@id":"https:\/\/www.joseph-wresinski.org\/it\/#website"},"primaryImageOfPage":{"@id":"https:\/\/www.joseph-wresinski.org\/it\/il-diritto-alle-vacanze-uno-dei-diritti-umani\/#primaryimage"},"image":{"@id":"https:\/\/www.joseph-wresinski.org\/it\/il-diritto-alle-vacanze-uno-dei-diritti-umani\/#primaryimage"},"thumbnailUrl":"https:\/\/www.joseph-wresinski.org\/it\/wp-content\/uploads\/sites\/16\/2022\/07\/Brooklyn_Museum_-_Bathers_-_Edward_Henry_Potthast_-_overall.jpg","datePublished":"2022-07-09T22:00:44+00:00","dateModified":"2022-07-12T14:26:48+00:00","author":{"@id":"https:\/\/www.joseph-wresinski.org\/it\/#\/schema\/person\/93469e0206778753beddb73f4e07c8e0"},"breadcrumb":{"@id":"https:\/\/www.joseph-wresinski.org\/it\/il-diritto-alle-vacanze-uno-dei-diritti-umani\/#breadcrumb"},"inLanguage":"it-IT","potentialAction":[{"@type":"ReadAction","target":["https:\/\/www.joseph-wresinski.org\/it\/il-diritto-alle-vacanze-uno-dei-diritti-umani\/"]}]},{"@type":"ImageObject","inLanguage":"it-IT","@id":"https:\/\/www.joseph-wresinski.org\/it\/il-diritto-alle-vacanze-uno-dei-diritti-umani\/#primaryimage","url":"https:\/\/www.joseph-wresinski.org\/it\/wp-content\/uploads\/sites\/16\/2022\/07\/Brooklyn_Museum_-_Bathers_-_Edward_Henry_Potthast_-_overall.jpg","contentUrl":"https:\/\/www.joseph-wresinski.org\/it\/wp-content\/uploads\/sites\/16\/2022\/07\/Brooklyn_Museum_-_Bathers_-_Edward_Henry_Potthast_-_overall.jpg","width":760,"height":599},{"@type":"BreadcrumbList","@id":"https:\/\/www.joseph-wresinski.org\/it\/il-diritto-alle-vacanze-uno-dei-diritti-umani\/#breadcrumb","itemListElement":[{"@type":"ListItem","position":1,"name":"Home","item":"https:\/\/www.joseph-wresinski.org\/it\/"},{"@type":"ListItem","position":2,"name":"Il diritto alle vacanze, uno dei diritti umani"}]},{"@type":"WebSite","@id":"https:\/\/www.joseph-wresinski.org\/it\/#website","url":"https:\/\/www.joseph-wresinski.org\/it\/","name":"Joseph Wresinski IT","description":"Un sito proposto dal centro joseph wresinski","potentialAction":[{"@type":"SearchAction","target":{"@type":"EntryPoint","urlTemplate":"https:\/\/www.joseph-wresinski.org\/it\/?s={search_term_string}"},"query-input":{"@type":"PropertyValueSpecification","valueRequired":true,"valueName":"search_term_string"}}],"inLanguage":"it-IT"},{"@type":"Person","@id":"https:\/\/www.joseph-wresinski.org\/it\/#\/schema\/person\/93469e0206778753beddb73f4e07c8e0","name":"Jean Tonglet","image":{"@type":"ImageObject","inLanguage":"it-IT","@id":"https:\/\/secure.gravatar.com\/avatar\/599cfd98b536979bcebf2d6839f0c694333341f1caf7ba53413b62de5453de40?s=96&d=mm&r=g","url":"https:\/\/secure.gravatar.com\/avatar\/599cfd98b536979bcebf2d6839f0c694333341f1caf7ba53413b62de5453de40?s=96&d=mm&r=g","contentUrl":"https:\/\/secure.gravatar.com\/avatar\/599cfd98b536979bcebf2d6839f0c694333341f1caf7ba53413b62de5453de40?s=96&d=mm&r=g","caption":"Jean Tonglet"},"url":"https:\/\/www.joseph-wresinski.org\/it\/author\/jean\/"}]}},"_links":{"self":[{"href":"https:\/\/www.joseph-wresinski.org\/it\/wp-json\/wp\/v2\/posts\/1966","targetHints":{"allow":["GET"]}}],"collection":[{"href":"https:\/\/www.joseph-wresinski.org\/it\/wp-json\/wp\/v2\/posts"}],"about":[{"href":"https:\/\/www.joseph-wresinski.org\/it\/wp-json\/wp\/v2\/types\/post"}],"author":[{"embeddable":true,"href":"https:\/\/www.joseph-wresinski.org\/it\/wp-json\/wp\/v2\/users\/4"}],"replies":[{"embeddable":true,"href":"https:\/\/www.joseph-wresinski.org\/it\/wp-json\/wp\/v2\/comments?post=1966"}],"version-history":[{"count":1,"href":"https:\/\/www.joseph-wresinski.org\/it\/wp-json\/wp\/v2\/posts\/1966\/revisions"}],"predecessor-version":[{"id":1967,"href":"https:\/\/www.joseph-wresinski.org\/it\/wp-json\/wp\/v2\/posts\/1966\/revisions\/1967"}],"wp:featuredmedia":[{"embeddable":true,"href":"https:\/\/www.joseph-wresinski.org\/it\/wp-json\/wp\/v2\/media\/1965"}],"wp:attachment":[{"href":"https:\/\/www.joseph-wresinski.org\/it\/wp-json\/wp\/v2\/media?parent=1966"}],"wp:term":[{"taxonomy":"category","embeddable":true,"href":"https:\/\/www.joseph-wresinski.org\/it\/wp-json\/wp\/v2\/categories?post=1966"},{"taxonomy":"post_tag","embeddable":true,"href":"https:\/\/www.joseph-wresinski.org\/it\/wp-json\/wp\/v2\/tags?post=1966"}],"curies":[{"name":"wp","href":"https:\/\/api.w.org\/{rel}","templated":true}]}}