{"id":2158,"date":"2024-03-28T00:00:45","date_gmt":"2024-03-27T23:00:45","guid":{"rendered":"https:\/\/www.joseph-wresinski.org\/it\/?p=2158"},"modified":"2024-03-27T17:06:29","modified_gmt":"2024-03-27T16:06:29","slug":"la-nostra-lotta-e-nata-da-un-rifiuto-e-da-una-sfida","status":"publish","type":"post","link":"https:\/\/www.joseph-wresinski.org\/it\/la-nostra-lotta-e-nata-da-un-rifiuto-e-da-una-sfida\/","title":{"rendered":"La nostra lotta \u00e8 nata da un rifiuto e da una sfida."},"content":{"rendered":"<p>Quando nel luglio 1956 abbiamo raggiunto le famiglie del Campo di Noisy le Grand, abbiamo giurato a noi stessi che il tempo dell\u2019ingiustizia era finito, che era cominciato il tempo della giustizia.<\/p>\n<p>La nostra lotta \u00e8 nata da quel rifiuto: mai pi\u00f9 la vergogna e la miseria, mai pi\u00f9 l\u2019ossessione del vagare, mai pi\u00f9 l\u2019umiliazione dell\u2019ignoranza, mai pi\u00f9 l\u2019oppressione sociale.<\/p>\n<p>E la nostra lotta \u00e8 nata da una sfida: quella di riunire le persone meno abbienti in un movimento, Quarto Mondo, affinch\u00e9 anch\u2019esse potessero difendere i Diritti della Persona. Dalla sfida di fare di quelle stesse persone che erano escluse i promotori di quegli stessi diritti dai quali erano stati cos\u00ec a lungo privati; di fare dei senza-voce i porta-voce della giustizia, della libert\u00e0 e della fraternit\u00e0. La nostra lotta \u00e8 nata dalla sfida di fare degli oppressi, degli inferiori disprezzati, i garanti della democrazia; di far riconoscere la loro esperienza come benefica e indispensabile nel processo di costruzione di una societ\u00e0 che elimina ogni tipo di esclusione e ogni tipo di miseria.<\/p>\n<p>Ma questa sfida \u00e8 stata raccolta? Quella vera democrazia che non lascia da parte nessun cittadino, che unisce tutti i cittadini in un unico stesso afflato di giustizia, che d\u00e0 la priorit\u00e0 ai pi\u00f9 sfavoriti, a coloro che sono logorati di generazione in generazione dalla precariet\u00e0, quella democrazia sta per nascere? Punta all\u2019orizzonte di questa fine di secolo?<\/p>\n<p>Questo dipender\u00e0 dai poteri politici e sociali, economici, culturali e religiosi, ma questo dipender\u00e0 prima di tutto dalla volont\u00e0 di ogni cittadino. Perch\u00e9 \u00e8 la determinazione dei cittadini che porter\u00e0 i poteri a prendere in considerazione i diritti dei pi\u00f9 poveri.<\/p>\n<p>Il compito di tutti i poteri \u00e8 quello di non lasciar languire la giustizia, di riprendere e coordinare gli sforzi dei cittadini, di sottoscrivere l\u2019affidabilit\u00e0 della loro causa, di realizzare ci\u00f2 per cui le persone lottano. Ora, i pi\u00f9 poveri stanno lottando e migliaia di cittadini si sono uniti a loro e lottano con loro. Perch\u00e9 noi possiamo rivolgerci ai poteri, a tutti i poteri con completa fiducia e in tutta libert\u00e0: per far valere i diritti dei pi\u00f9 poveri, affinch\u00e9 la priorit\u00e0 delle priorit\u00e0 diventi infine la distruzione radicale della miseria e dell\u2019esclusione.<\/p>\n<p>Il tempo stringe. Bisogna impedire che la recessione, l&#8217;inflazione, la disoccupazione diventino degli alibi, dei pretesti per rimandare a domani il destino dei pi\u00f9 poveri. Ci\u00f2 equivarrebbe a caricare sulle loro spalle, una volta di pi\u00f9, tutto il peso della crisi, a dare la priorit\u00e0 ai meno poveri, togliendo alle famiglie pi\u00f9 povere il poco che, magari, avevano ottenuto. Ci\u00f2 equivarrebbe a concedere loro meno lavoro, meno alloggi, meno scolarizzazione e a ridurre ulteriormente le loro gi\u00e0 esigue possibilit\u00e0 di far valere la loro dignit\u00e0.<\/p>\n<p>&nbsp;<\/p>\n","protected":false},"excerpt":{"rendered":"<p>Quando nel luglio 1956 abbiamo raggiunto le famiglie del Campo di Noisy le Grand, abbiamo giurato a noi stessi che (&#8230;) <a class=\"more-link\" href=\"https:\/\/www.joseph-wresinski.org\/it\/la-nostra-lotta-e-nata-da-un-rifiuto-e-da-una-sfida\/\">Continua a leggere <span class=\"meta-nav\">&rarr;<\/span><\/a><\/p>\n","protected":false},"author":4,"featured_media":2156,"comment_status":"open","ping_status":"open","sticky":false,"template":"","format":"standard","meta":{"_acf_changed":false,"ep_exclude_from_search":false,"footnotes":""},"categories":[12,76,61],"tags":[],"class_list":["post-2158","post","type-post","status-publish","format-standard","has-post-thumbnail","hentry","category-attualita","category-discorsi","category-scritti"],"acf":[],"yoast_head":"<!-- This site is optimized with the Yoast SEO plugin v27.5 - https:\/\/yoast.com\/product\/yoast-seo-wordpress\/ -->\n<title>La nostra lotta \u00e8 nata da un rifiuto e da una sfida. - Joseph Wresinski IT<\/title>\n<meta name=\"robots\" content=\"index, follow, max-snippet:-1, max-image-preview:large, max-video-preview:-1\" \/>\n<link rel=\"canonical\" href=\"https:\/\/www.joseph-wresinski.org\/it\/la-nostra-lotta-e-nata-da-un-rifiuto-e-da-una-sfida\/\" \/>\n<meta property=\"og:locale\" content=\"it_IT\" \/>\n<meta property=\"og:type\" content=\"article\" \/>\n<meta property=\"og:title\" content=\"La nostra lotta \u00e8 nata da un rifiuto e da una sfida. - Joseph Wresinski IT\" \/>\n<meta property=\"og:description\" content=\"Quando nel luglio 1956 abbiamo raggiunto le famiglie del Campo di Noisy le Grand, abbiamo giurato a noi stessi che (...) Continua a leggere &rarr;\" \/>\n<meta property=\"og:url\" content=\"https:\/\/www.joseph-wresinski.org\/it\/la-nostra-lotta-e-nata-da-un-rifiuto-e-da-una-sfida\/\" \/>\n<meta property=\"og:site_name\" content=\"Joseph Wresinski IT\" \/>\n<meta property=\"article:published_time\" content=\"2024-03-27T23:00:45+00:00\" \/>\n<meta property=\"og:image\" content=\"https:\/\/www.joseph-wresinski.org\/it\/wp-content\/uploads\/sites\/16\/2024\/03\/CIJW-0070-821-052-15-05-1982-Bruxelles-25ans-du-Mouvement-1-scaled.jpg\" \/>\n\t<meta property=\"og:image:width\" content=\"2560\" \/>\n\t<meta property=\"og:image:height\" content=\"1710\" \/>\n\t<meta property=\"og:image:type\" content=\"image\/jpeg\" \/>\n<meta name=\"author\" content=\"Jean Tonglet\" \/>\n<meta name=\"twitter:card\" content=\"summary_large_image\" \/>\n<meta name=\"twitter:label1\" content=\"Scritto da\" \/>\n\t<meta name=\"twitter:data1\" content=\"Jean Tonglet\" \/>\n\t<meta name=\"twitter:label2\" content=\"Tempo di lettura stimato\" \/>\n\t<meta name=\"twitter:data2\" content=\"3 minuti\" \/>\n<script type=\"application\/ld+json\" class=\"yoast-schema-graph\">{\"@context\":\"https:\\\/\\\/schema.org\",\"@graph\":[{\"@type\":\"Article\",\"@id\":\"https:\\\/\\\/www.joseph-wresinski.org\\\/it\\\/la-nostra-lotta-e-nata-da-un-rifiuto-e-da-una-sfida\\\/#article\",\"isPartOf\":{\"@id\":\"https:\\\/\\\/www.joseph-wresinski.org\\\/it\\\/la-nostra-lotta-e-nata-da-un-rifiuto-e-da-una-sfida\\\/\"},\"author\":{\"name\":\"Jean Tonglet\",\"@id\":\"https:\\\/\\\/www.joseph-wresinski.org\\\/it\\\/#\\\/schema\\\/person\\\/93469e0206778753beddb73f4e07c8e0\"},\"headline\":\"La nostra lotta \u00e8 nata da un rifiuto e da una sfida.\",\"datePublished\":\"2024-03-27T23:00:45+00:00\",\"mainEntityOfPage\":{\"@id\":\"https:\\\/\\\/www.joseph-wresinski.org\\\/it\\\/la-nostra-lotta-e-nata-da-un-rifiuto-e-da-una-sfida\\\/\"},\"wordCount\":466,\"commentCount\":0,\"image\":{\"@id\":\"https:\\\/\\\/www.joseph-wresinski.org\\\/it\\\/la-nostra-lotta-e-nata-da-un-rifiuto-e-da-una-sfida\\\/#primaryimage\"},\"thumbnailUrl\":\"https:\\\/\\\/www.joseph-wresinski.org\\\/it\\\/wp-content\\\/uploads\\\/sites\\\/16\\\/2024\\\/03\\\/CIJW-0070-821-052-15-05-1982-Bruxelles-25ans-du-Mouvement-1-scaled.jpg\",\"articleSection\":[\"Attualit\u00e0\",\"Discorsi\",\"Scritti\"],\"inLanguage\":\"it-IT\",\"potentialAction\":[{\"@type\":\"CommentAction\",\"name\":\"Comment\",\"target\":[\"https:\\\/\\\/www.joseph-wresinski.org\\\/it\\\/la-nostra-lotta-e-nata-da-un-rifiuto-e-da-una-sfida\\\/#respond\"]}]},{\"@type\":\"WebPage\",\"@id\":\"https:\\\/\\\/www.joseph-wresinski.org\\\/it\\\/la-nostra-lotta-e-nata-da-un-rifiuto-e-da-una-sfida\\\/\",\"url\":\"https:\\\/\\\/www.joseph-wresinski.org\\\/it\\\/la-nostra-lotta-e-nata-da-un-rifiuto-e-da-una-sfida\\\/\",\"name\":\"La nostra lotta \u00e8 nata da un rifiuto e da una sfida. - Joseph Wresinski IT\",\"isPartOf\":{\"@id\":\"https:\\\/\\\/www.joseph-wresinski.org\\\/it\\\/#website\"},\"primaryImageOfPage\":{\"@id\":\"https:\\\/\\\/www.joseph-wresinski.org\\\/it\\\/la-nostra-lotta-e-nata-da-un-rifiuto-e-da-una-sfida\\\/#primaryimage\"},\"image\":{\"@id\":\"https:\\\/\\\/www.joseph-wresinski.org\\\/it\\\/la-nostra-lotta-e-nata-da-un-rifiuto-e-da-una-sfida\\\/#primaryimage\"},\"thumbnailUrl\":\"https:\\\/\\\/www.joseph-wresinski.org\\\/it\\\/wp-content\\\/uploads\\\/sites\\\/16\\\/2024\\\/03\\\/CIJW-0070-821-052-15-05-1982-Bruxelles-25ans-du-Mouvement-1-scaled.jpg\",\"datePublished\":\"2024-03-27T23:00:45+00:00\",\"author\":{\"@id\":\"https:\\\/\\\/www.joseph-wresinski.org\\\/it\\\/#\\\/schema\\\/person\\\/93469e0206778753beddb73f4e07c8e0\"},\"breadcrumb\":{\"@id\":\"https:\\\/\\\/www.joseph-wresinski.org\\\/it\\\/la-nostra-lotta-e-nata-da-un-rifiuto-e-da-una-sfida\\\/#breadcrumb\"},\"inLanguage\":\"it-IT\",\"potentialAction\":[{\"@type\":\"ReadAction\",\"target\":[\"https:\\\/\\\/www.joseph-wresinski.org\\\/it\\\/la-nostra-lotta-e-nata-da-un-rifiuto-e-da-una-sfida\\\/\"]}]},{\"@type\":\"ImageObject\",\"inLanguage\":\"it-IT\",\"@id\":\"https:\\\/\\\/www.joseph-wresinski.org\\\/it\\\/la-nostra-lotta-e-nata-da-un-rifiuto-e-da-una-sfida\\\/#primaryimage\",\"url\":\"https:\\\/\\\/www.joseph-wresinski.org\\\/it\\\/wp-content\\\/uploads\\\/sites\\\/16\\\/2024\\\/03\\\/CIJW-0070-821-052-15-05-1982-Bruxelles-25ans-du-Mouvement-1-scaled.jpg\",\"contentUrl\":\"https:\\\/\\\/www.joseph-wresinski.org\\\/it\\\/wp-content\\\/uploads\\\/sites\\\/16\\\/2024\\\/03\\\/CIJW-0070-821-052-15-05-1982-Bruxelles-25ans-du-Mouvement-1-scaled.jpg\",\"width\":2560,\"height\":1710},{\"@type\":\"BreadcrumbList\",\"@id\":\"https:\\\/\\\/www.joseph-wresinski.org\\\/it\\\/la-nostra-lotta-e-nata-da-un-rifiuto-e-da-una-sfida\\\/#breadcrumb\",\"itemListElement\":[{\"@type\":\"ListItem\",\"position\":1,\"name\":\"Home\",\"item\":\"https:\\\/\\\/www.joseph-wresinski.org\\\/it\\\/\"},{\"@type\":\"ListItem\",\"position\":2,\"name\":\"La nostra lotta \u00e8 nata da un rifiuto e da una sfida.\"}]},{\"@type\":\"WebSite\",\"@id\":\"https:\\\/\\\/www.joseph-wresinski.org\\\/it\\\/#website\",\"url\":\"https:\\\/\\\/www.joseph-wresinski.org\\\/it\\\/\",\"name\":\"Joseph Wresinski IT\",\"description\":\"Un sito proposto dal centro joseph wresinski\",\"potentialAction\":[{\"@type\":\"SearchAction\",\"target\":{\"@type\":\"EntryPoint\",\"urlTemplate\":\"https:\\\/\\\/www.joseph-wresinski.org\\\/it\\\/?s={search_term_string}\"},\"query-input\":{\"@type\":\"PropertyValueSpecification\",\"valueRequired\":true,\"valueName\":\"search_term_string\"}}],\"inLanguage\":\"it-IT\"},{\"@type\":\"Person\",\"@id\":\"https:\\\/\\\/www.joseph-wresinski.org\\\/it\\\/#\\\/schema\\\/person\\\/93469e0206778753beddb73f4e07c8e0\",\"name\":\"Jean Tonglet\",\"image\":{\"@type\":\"ImageObject\",\"inLanguage\":\"it-IT\",\"@id\":\"https:\\\/\\\/secure.gravatar.com\\\/avatar\\\/599cfd98b536979bcebf2d6839f0c694333341f1caf7ba53413b62de5453de40?s=96&d=mm&r=g\",\"url\":\"https:\\\/\\\/secure.gravatar.com\\\/avatar\\\/599cfd98b536979bcebf2d6839f0c694333341f1caf7ba53413b62de5453de40?s=96&d=mm&r=g\",\"contentUrl\":\"https:\\\/\\\/secure.gravatar.com\\\/avatar\\\/599cfd98b536979bcebf2d6839f0c694333341f1caf7ba53413b62de5453de40?s=96&d=mm&r=g\",\"caption\":\"Jean Tonglet\"},\"url\":\"https:\\\/\\\/www.joseph-wresinski.org\\\/it\\\/author\\\/jean\\\/\"}]}<\/script>\n<!-- \/ Yoast SEO plugin. -->","yoast_head_json":{"title":"La nostra lotta \u00e8 nata da un rifiuto e da una sfida. - Joseph Wresinski IT","robots":{"index":"index","follow":"follow","max-snippet":"max-snippet:-1","max-image-preview":"max-image-preview:large","max-video-preview":"max-video-preview:-1"},"canonical":"https:\/\/www.joseph-wresinski.org\/it\/la-nostra-lotta-e-nata-da-un-rifiuto-e-da-una-sfida\/","og_locale":"it_IT","og_type":"article","og_title":"La nostra lotta \u00e8 nata da un rifiuto e da una sfida. - Joseph Wresinski IT","og_description":"Quando nel luglio 1956 abbiamo raggiunto le famiglie del Campo di Noisy le Grand, abbiamo giurato a noi stessi che (...) Continua a leggere &rarr;","og_url":"https:\/\/www.joseph-wresinski.org\/it\/la-nostra-lotta-e-nata-da-un-rifiuto-e-da-una-sfida\/","og_site_name":"Joseph Wresinski IT","article_published_time":"2024-03-27T23:00:45+00:00","og_image":[{"width":2560,"height":1710,"url":"https:\/\/www.joseph-wresinski.org\/it\/wp-content\/uploads\/sites\/16\/2024\/03\/CIJW-0070-821-052-15-05-1982-Bruxelles-25ans-du-Mouvement-1-scaled.jpg","type":"image\/jpeg"}],"author":"Jean Tonglet","twitter_card":"summary_large_image","twitter_misc":{"Scritto da":"Jean Tonglet","Tempo di lettura stimato":"3 minuti"},"schema":{"@context":"https:\/\/schema.org","@graph":[{"@type":"Article","@id":"https:\/\/www.joseph-wresinski.org\/it\/la-nostra-lotta-e-nata-da-un-rifiuto-e-da-una-sfida\/#article","isPartOf":{"@id":"https:\/\/www.joseph-wresinski.org\/it\/la-nostra-lotta-e-nata-da-un-rifiuto-e-da-una-sfida\/"},"author":{"name":"Jean Tonglet","@id":"https:\/\/www.joseph-wresinski.org\/it\/#\/schema\/person\/93469e0206778753beddb73f4e07c8e0"},"headline":"La nostra lotta \u00e8 nata da un rifiuto e da una sfida.","datePublished":"2024-03-27T23:00:45+00:00","mainEntityOfPage":{"@id":"https:\/\/www.joseph-wresinski.org\/it\/la-nostra-lotta-e-nata-da-un-rifiuto-e-da-una-sfida\/"},"wordCount":466,"commentCount":0,"image":{"@id":"https:\/\/www.joseph-wresinski.org\/it\/la-nostra-lotta-e-nata-da-un-rifiuto-e-da-una-sfida\/#primaryimage"},"thumbnailUrl":"https:\/\/www.joseph-wresinski.org\/it\/wp-content\/uploads\/sites\/16\/2024\/03\/CIJW-0070-821-052-15-05-1982-Bruxelles-25ans-du-Mouvement-1-scaled.jpg","articleSection":["Attualit\u00e0","Discorsi","Scritti"],"inLanguage":"it-IT","potentialAction":[{"@type":"CommentAction","name":"Comment","target":["https:\/\/www.joseph-wresinski.org\/it\/la-nostra-lotta-e-nata-da-un-rifiuto-e-da-una-sfida\/#respond"]}]},{"@type":"WebPage","@id":"https:\/\/www.joseph-wresinski.org\/it\/la-nostra-lotta-e-nata-da-un-rifiuto-e-da-una-sfida\/","url":"https:\/\/www.joseph-wresinski.org\/it\/la-nostra-lotta-e-nata-da-un-rifiuto-e-da-una-sfida\/","name":"La nostra lotta \u00e8 nata da un rifiuto e da una sfida. - Joseph Wresinski IT","isPartOf":{"@id":"https:\/\/www.joseph-wresinski.org\/it\/#website"},"primaryImageOfPage":{"@id":"https:\/\/www.joseph-wresinski.org\/it\/la-nostra-lotta-e-nata-da-un-rifiuto-e-da-una-sfida\/#primaryimage"},"image":{"@id":"https:\/\/www.joseph-wresinski.org\/it\/la-nostra-lotta-e-nata-da-un-rifiuto-e-da-una-sfida\/#primaryimage"},"thumbnailUrl":"https:\/\/www.joseph-wresinski.org\/it\/wp-content\/uploads\/sites\/16\/2024\/03\/CIJW-0070-821-052-15-05-1982-Bruxelles-25ans-du-Mouvement-1-scaled.jpg","datePublished":"2024-03-27T23:00:45+00:00","author":{"@id":"https:\/\/www.joseph-wresinski.org\/it\/#\/schema\/person\/93469e0206778753beddb73f4e07c8e0"},"breadcrumb":{"@id":"https:\/\/www.joseph-wresinski.org\/it\/la-nostra-lotta-e-nata-da-un-rifiuto-e-da-una-sfida\/#breadcrumb"},"inLanguage":"it-IT","potentialAction":[{"@type":"ReadAction","target":["https:\/\/www.joseph-wresinski.org\/it\/la-nostra-lotta-e-nata-da-un-rifiuto-e-da-una-sfida\/"]}]},{"@type":"ImageObject","inLanguage":"it-IT","@id":"https:\/\/www.joseph-wresinski.org\/it\/la-nostra-lotta-e-nata-da-un-rifiuto-e-da-una-sfida\/#primaryimage","url":"https:\/\/www.joseph-wresinski.org\/it\/wp-content\/uploads\/sites\/16\/2024\/03\/CIJW-0070-821-052-15-05-1982-Bruxelles-25ans-du-Mouvement-1-scaled.jpg","contentUrl":"https:\/\/www.joseph-wresinski.org\/it\/wp-content\/uploads\/sites\/16\/2024\/03\/CIJW-0070-821-052-15-05-1982-Bruxelles-25ans-du-Mouvement-1-scaled.jpg","width":2560,"height":1710},{"@type":"BreadcrumbList","@id":"https:\/\/www.joseph-wresinski.org\/it\/la-nostra-lotta-e-nata-da-un-rifiuto-e-da-una-sfida\/#breadcrumb","itemListElement":[{"@type":"ListItem","position":1,"name":"Home","item":"https:\/\/www.joseph-wresinski.org\/it\/"},{"@type":"ListItem","position":2,"name":"La nostra lotta \u00e8 nata da un rifiuto e da una sfida."}]},{"@type":"WebSite","@id":"https:\/\/www.joseph-wresinski.org\/it\/#website","url":"https:\/\/www.joseph-wresinski.org\/it\/","name":"Joseph Wresinski IT","description":"Un sito proposto dal centro joseph wresinski","potentialAction":[{"@type":"SearchAction","target":{"@type":"EntryPoint","urlTemplate":"https:\/\/www.joseph-wresinski.org\/it\/?s={search_term_string}"},"query-input":{"@type":"PropertyValueSpecification","valueRequired":true,"valueName":"search_term_string"}}],"inLanguage":"it-IT"},{"@type":"Person","@id":"https:\/\/www.joseph-wresinski.org\/it\/#\/schema\/person\/93469e0206778753beddb73f4e07c8e0","name":"Jean Tonglet","image":{"@type":"ImageObject","inLanguage":"it-IT","@id":"https:\/\/secure.gravatar.com\/avatar\/599cfd98b536979bcebf2d6839f0c694333341f1caf7ba53413b62de5453de40?s=96&d=mm&r=g","url":"https:\/\/secure.gravatar.com\/avatar\/599cfd98b536979bcebf2d6839f0c694333341f1caf7ba53413b62de5453de40?s=96&d=mm&r=g","contentUrl":"https:\/\/secure.gravatar.com\/avatar\/599cfd98b536979bcebf2d6839f0c694333341f1caf7ba53413b62de5453de40?s=96&d=mm&r=g","caption":"Jean Tonglet"},"url":"https:\/\/www.joseph-wresinski.org\/it\/author\/jean\/"}]}},"_links":{"self":[{"href":"https:\/\/www.joseph-wresinski.org\/it\/wp-json\/wp\/v2\/posts\/2158","targetHints":{"allow":["GET"]}}],"collection":[{"href":"https:\/\/www.joseph-wresinski.org\/it\/wp-json\/wp\/v2\/posts"}],"about":[{"href":"https:\/\/www.joseph-wresinski.org\/it\/wp-json\/wp\/v2\/types\/post"}],"author":[{"embeddable":true,"href":"https:\/\/www.joseph-wresinski.org\/it\/wp-json\/wp\/v2\/users\/4"}],"replies":[{"embeddable":true,"href":"https:\/\/www.joseph-wresinski.org\/it\/wp-json\/wp\/v2\/comments?post=2158"}],"version-history":[{"count":2,"href":"https:\/\/www.joseph-wresinski.org\/it\/wp-json\/wp\/v2\/posts\/2158\/revisions"}],"predecessor-version":[{"id":2160,"href":"https:\/\/www.joseph-wresinski.org\/it\/wp-json\/wp\/v2\/posts\/2158\/revisions\/2160"}],"wp:featuredmedia":[{"embeddable":true,"href":"https:\/\/www.joseph-wresinski.org\/it\/wp-json\/wp\/v2\/media\/2156"}],"wp:attachment":[{"href":"https:\/\/www.joseph-wresinski.org\/it\/wp-json\/wp\/v2\/media?parent=2158"}],"wp:term":[{"taxonomy":"category","embeddable":true,"href":"https:\/\/www.joseph-wresinski.org\/it\/wp-json\/wp\/v2\/categories?post=2158"},{"taxonomy":"post_tag","embeddable":true,"href":"https:\/\/www.joseph-wresinski.org\/it\/wp-json\/wp\/v2\/tags?post=2158"}],"curies":[{"name":"wp","href":"https:\/\/api.w.org\/{rel}","templated":true}]}}